{"id":15085,"date":"2026-03-24T11:59:14","date_gmt":"2026-03-24T11:59:14","guid":{"rendered":"https:\/\/comarcas.csm.org.pt\/faro\/?p=15085"},"modified":"2026-03-24T14:24:14","modified_gmt":"2026-03-24T14:24:14","slug":"processo-538-26-0t8far","status":"publish","type":"post","link":"https:\/\/comarcas.csm.org.pt\/faro\/blog\/2026\/03\/24\/processo-538-26-0t8far\/","title":{"rendered":"Processo: 538\/26.0T8FAR"},"content":{"rendered":"\t\t<div data-elementor-type=\"wp-post\" data-elementor-id=\"15085\" class=\"elementor elementor-15085\" data-elementor-post-type=\"post\">\n\t\t\t\t<div class=\"elementor-element elementor-element-b9eb6fe e-flex e-con-boxed e-con e-parent\" data-id=\"b9eb6fe\" data-element_type=\"container\">\n\t\t\t\t\t<div class=\"e-con-inner\">\n\t\t\t\t<div class=\"elementor-element elementor-element-ee62445 elementor-widget elementor-widget-text-editor\" data-id=\"ee62445\" data-element_type=\"widget\" data-widget_type=\"text-editor.default\">\n\t\t\t\t<div class=\"elementor-widget-container\">\n\t\t\t\t\t\t\t\t\t<h4 style=\"text-align: center\"><strong>COMUNICADO \u00e0 IMPRENSA<\/strong><\/h4><h5 style=\"text-align: center\"><span style=\"color: #993300\"><strong>Tribunal Judicial da Comarca de Faro, Ju\u00edzo de Instru\u00e7\u00e3o Criminal de Faro &#8211; Juiz 2\u00a0 &#8211; <\/strong><strong>Processo: 538\/26.0T8FAR<\/strong><\/span><\/h5><p>\u00a0<\/p><p>Face \u00e0 repercuss\u00e3o e ao interesse p\u00fablico suscitado, d\u00e1-se a conhecer que, na sequ\u00eancia do interrogat\u00f3rio judicial realizado ao arguido que se encontrava detido:<\/p><ol><li><span style=\"letter-spacing: 0.3px\">Foi fortemente indiciada a pr\u00e1tica por este, em co-autoria material e concurso efectivo, dos seguintes crimes:<br \/>&#8211; um crime de sequestro agravado, previsto e punido pelos artigos 26.\u00ba e 158.\u00ba, n.\u00bas 1 e 2, al\u00ednea a), do C\u00f3digo Penal;<br \/>&#8211; um crime de roubo agravado, previsto e punido pelos artigos 26.\u00ba e 210.\u00ba, n.\u00bas 1 e 2, al\u00ednea b), por refer\u00eancia ao disposto no artigo 204.\u00ba, n.\u00bas 1, al\u00ednea e), 2, al\u00edneas a) e e), do C\u00f3digo Penal;<br \/>e\u00a0<br \/>&#8211; um crime de abuso de cart\u00e3o agravado, previsto e pun\u00edvel pelos artigos 26.\u00ba e 255.\u00ba, n.\u00ba 1, al\u00ednea b), e n.\u00ba 5, al\u00ednea a), do C\u00f3digo Penal.\u00a0<\/span><\/li><li>Foi aplicada ao arguido a medida de coac\u00e7\u00e3o de pris\u00e3o preventiva, por se considerem verificados os perigos de fuga, de perturba\u00e7\u00e3o do inqu\u00e9rito, continua\u00e7\u00e3o da actividade criminosa e perturba\u00e7\u00e3o grave da ordem e da tranquilidade p\u00fablicas.<\/li><li>Os factos encontram-se em investiga\u00e7\u00e3o pelo Minist\u00e9rio P\u00fablico, coadjuvado pelos \u00f3rg\u00e3os de pol\u00edcia criminal.<\/li><\/ol><p>Faro, 24 de mar\u00e7o de 2026<br \/><br \/>O Juiz Presidente da Comarca de Faro<br \/>Juiz Desembargador <strong><em>Paulo Belo<\/em><\/strong><\/p>\t\t\t\t\t\t\t\t<\/div>\n\t\t\t\t<\/div>\n\t\t\t\t\t<\/div>\n\t\t\t\t<\/div>\n\t\t\t\t<\/div>\n\t\t","protected":false},"excerpt":{"rendered":"<p>COMUNICADO \u00e0 IMPRENSA Tribunal Judicial da Comarca de Faro, Ju\u00edzo de Instru\u00e7\u00e3o Criminal de Faro &#8211; Juiz 2\u00a0 &#8211; Processo: 538\/26.0T8FAR \u00a0 Face \u00e0 repercuss\u00e3o e ao interesse p\u00fablico suscitado, d\u00e1-se a conhecer que, na&#8230;<\/p>\n","protected":false},"author":35,"featured_media":0,"comment_status":"closed","ping_status":"open","sticky":false,"template":"","format":"standard","meta":{"_tbt_post_transparent":"","_tbt_post_title":"","_tbt_post_layout":"","_tbt_post_sidebar_id":"","_tbt_post_content_style":"","_tbt_post_vertical_padding":"","_tbt_post_feature":"","_tbt_post_feature_position":"","_tbt_post_header":false,"_tbt_post_footer":false},"categories":[62,61],"tags":[],"class_list":["post-15085","post","type-post","status-publish","format-standard","hentry","category-acordaos-sentencas-decisoes","category-comunicado-a-imprensa"],"yoast_head":"<!-- This site is optimized with the Yoast SEO plugin v25.6 - https:\/\/yoast.com\/wordpress\/plugins\/seo\/ -->\n<title>Processo: 538\/26.0T8FAR - Tribunal Judicial da Comarca de Faro<\/title>\n<meta name=\"robots\" content=\"index, follow, max-snippet:-1, max-image-preview:large, max-video-preview:-1\" \/>\n<link rel=\"canonical\" href=\"https:\/\/comarcas.csm.org.pt\/faro\/blog\/2026\/03\/24\/processo-538-26-0t8far\/\" \/>\n<meta property=\"og:locale\" content=\"pt_PT\" \/>\n<meta property=\"og:type\" content=\"article\" \/>\n<meta property=\"og:title\" content=\"Processo: 538\/26.0T8FAR - Tribunal Judicial da Comarca de Faro\" \/>\n<meta property=\"og:description\" content=\"COMUNICADO \u00e0 IMPRENSA Tribunal Judicial da Comarca de Faro, Ju\u00edzo de Instru\u00e7\u00e3o Criminal de Faro &#8211; Juiz 2\u00a0 &#8211; Processo: 538\/26.0T8FAR \u00a0 Face \u00e0 repercuss\u00e3o e ao interesse p\u00fablico suscitado, d\u00e1-se a conhecer que, na...\" \/>\n<meta property=\"og:url\" content=\"https:\/\/comarcas.csm.org.pt\/faro\/blog\/2026\/03\/24\/processo-538-26-0t8far\/\" \/>\n<meta property=\"og:site_name\" content=\"Tribunal Judicial da Comarca de Faro\" \/>\n<meta property=\"article:published_time\" content=\"2026-03-24T11:59:14+00:00\" \/>\n<meta property=\"article:modified_time\" content=\"2026-03-24T14:24:14+00:00\" \/>\n<meta name=\"author\" content=\"luiscavaco\" \/>\n<meta name=\"twitter:card\" content=\"summary_large_image\" \/>\n<meta name=\"twitter:label1\" content=\"Escrito por\" \/>\n\t<meta name=\"twitter:data1\" content=\"luiscavaco\" \/>\n\t<meta name=\"twitter:label2\" content=\"Tempo estimado de leitura\" \/>\n\t<meta name=\"twitter:data2\" content=\"2 minutos\" \/>\n<script type=\"application\/ld+json\" class=\"yoast-schema-graph\">{\"@context\":\"https:\/\/schema.org\",\"@graph\":[{\"@type\":\"Article\",\"@id\":\"https:\/\/comarcas.csm.org.pt\/faro\/blog\/2026\/03\/24\/processo-538-26-0t8far\/#article\",\"isPartOf\":{\"@id\":\"https:\/\/comarcas.csm.org.pt\/faro\/blog\/2026\/03\/24\/processo-538-26-0t8far\/\"},\"author\":{\"name\":\"luiscavaco\",\"@id\":\"https:\/\/comarcas.csm.org.pt\/faro\/#\/schema\/person\/53c61e95f719966782db29b16ea04607\"},\"headline\":\"Processo: 538\/26.0T8FAR\",\"datePublished\":\"2026-03-24T11:59:14+00:00\",\"dateModified\":\"2026-03-24T14:24:14+00:00\",\"mainEntityOfPage\":{\"@id\":\"https:\/\/comarcas.csm.org.pt\/faro\/blog\/2026\/03\/24\/processo-538-26-0t8far\/\"},\"wordCount\":238,\"publisher\":{\"@id\":\"https:\/\/comarcas.csm.org.pt\/faro\/#organization\"},\"articleSection\":[\"Ac\u00f3rd\u00e3os\/Senten\u00e7as\/Decis\u00f5es\",\"Comunicado \u00e0 Imprensa\"],\"inLanguage\":\"pt-PT\"},{\"@type\":\"WebPage\",\"@id\":\"https:\/\/comarcas.csm.org.pt\/faro\/blog\/2026\/03\/24\/processo-538-26-0t8far\/\",\"url\":\"https:\/\/comarcas.csm.org.pt\/faro\/blog\/2026\/03\/24\/processo-538-26-0t8far\/\",\"name\":\"Processo: 538\/26.0T8FAR - Tribunal Judicial da Comarca de Faro\",\"isPartOf\":{\"@id\":\"https:\/\/comarcas.csm.org.pt\/faro\/#website\"},\"datePublished\":\"2026-03-24T11:59:14+00:00\",\"dateModified\":\"2026-03-24T14:24:14+00:00\",\"breadcrumb\":{\"@id\":\"https:\/\/comarcas.csm.org.pt\/faro\/blog\/2026\/03\/24\/processo-538-26-0t8far\/#breadcrumb\"},\"inLanguage\":\"pt-PT\",\"potentialAction\":[{\"@type\":\"ReadAction\",\"target\":[\"https:\/\/comarcas.csm.org.pt\/faro\/blog\/2026\/03\/24\/processo-538-26-0t8far\/\"]}]},{\"@type\":\"BreadcrumbList\",\"@id\":\"https:\/\/comarcas.csm.org.pt\/faro\/blog\/2026\/03\/24\/processo-538-26-0t8far\/#breadcrumb\",\"itemListElement\":[{\"@type\":\"ListItem\",\"position\":1,\"name\":\"In\u00edcio\",\"item\":\"https:\/\/comarcas.csm.org.pt\/faro\/\"},{\"@type\":\"ListItem\",\"position\":2,\"name\":\"Processo: 538\/26.0T8FAR\"}]},{\"@type\":\"WebSite\",\"@id\":\"https:\/\/comarcas.csm.org.pt\/faro\/#website\",\"url\":\"https:\/\/comarcas.csm.org.pt\/faro\/\",\"name\":\"Tribunal Judicial da Comarca de Faro\",\"description\":\"Tribunal Judicial da Comarca de Faro\",\"publisher\":{\"@id\":\"https:\/\/comarcas.csm.org.pt\/faro\/#organization\"},\"potentialAction\":[{\"@type\":\"SearchAction\",\"target\":{\"@type\":\"EntryPoint\",\"urlTemplate\":\"https:\/\/comarcas.csm.org.pt\/faro\/?s={search_term_string}\"},\"query-input\":{\"@type\":\"PropertyValueSpecification\",\"valueRequired\":true,\"valueName\":\"search_term_string\"}}],\"inLanguage\":\"pt-PT\"},{\"@type\":\"Organization\",\"@id\":\"https:\/\/comarcas.csm.org.pt\/faro\/#organization\",\"name\":\"Tribunal Judicial da Comarca de Faro\",\"url\":\"https:\/\/comarcas.csm.org.pt\/faro\/\",\"logo\":{\"@type\":\"ImageObject\",\"inLanguage\":\"pt-PT\",\"@id\":\"https:\/\/comarcas.csm.org.pt\/faro\/#\/schema\/logo\/image\/\",\"url\":\"https:\/\/comarcas.csm.org.pt\/faro\/wp-content\/uploads\/sites\/14\/2024\/11\/Faro_positivo-horizontal.png\",\"contentUrl\":\"https:\/\/comarcas.csm.org.pt\/faro\/wp-content\/uploads\/sites\/14\/2024\/11\/Faro_positivo-horizontal.png\",\"width\":4304,\"height\":1186,\"caption\":\"Tribunal Judicial da Comarca de Faro\"},\"image\":{\"@id\":\"https:\/\/comarcas.csm.org.pt\/faro\/#\/schema\/logo\/image\/\"}},{\"@type\":\"Person\",\"@id\":\"https:\/\/comarcas.csm.org.pt\/faro\/#\/schema\/person\/53c61e95f719966782db29b16ea04607\",\"name\":\"luiscavaco\",\"image\":{\"@type\":\"ImageObject\",\"inLanguage\":\"pt-PT\",\"@id\":\"https:\/\/comarcas.csm.org.pt\/faro\/#\/schema\/person\/image\/\",\"url\":\"https:\/\/secure.gravatar.com\/avatar\/60b83e20a25dc9b5937d390e97c1a9d01f2eab2887362eb1fe9c9529c797211b?s=96&d=mm&r=g\",\"contentUrl\":\"https:\/\/secure.gravatar.com\/avatar\/60b83e20a25dc9b5937d390e97c1a9d01f2eab2887362eb1fe9c9529c797211b?s=96&d=mm&r=g\",\"caption\":\"luiscavaco\"},\"url\":\"https:\/\/comarcas.csm.org.pt\/faro\/blog\/author\/luiscavaco\/\"}]}<\/script>\n<!-- \/ Yoast SEO plugin. -->","yoast_head_json":{"title":"Processo: 538\/26.0T8FAR - Tribunal Judicial da Comarca de Faro","robots":{"index":"index","follow":"follow","max-snippet":"max-snippet:-1","max-image-preview":"max-image-preview:large","max-video-preview":"max-video-preview:-1"},"canonical":"https:\/\/comarcas.csm.org.pt\/faro\/blog\/2026\/03\/24\/processo-538-26-0t8far\/","og_locale":"pt_PT","og_type":"article","og_title":"Processo: 538\/26.0T8FAR - Tribunal Judicial da Comarca de Faro","og_description":"COMUNICADO \u00e0 IMPRENSA Tribunal Judicial da Comarca de Faro, Ju\u00edzo de Instru\u00e7\u00e3o Criminal de Faro &#8211; Juiz 2\u00a0 &#8211; Processo: 538\/26.0T8FAR \u00a0 Face \u00e0 repercuss\u00e3o e ao interesse p\u00fablico suscitado, d\u00e1-se a conhecer que, na...","og_url":"https:\/\/comarcas.csm.org.pt\/faro\/blog\/2026\/03\/24\/processo-538-26-0t8far\/","og_site_name":"Tribunal Judicial da Comarca de Faro","article_published_time":"2026-03-24T11:59:14+00:00","article_modified_time":"2026-03-24T14:24:14+00:00","author":"luiscavaco","twitter_card":"summary_large_image","twitter_misc":{"Escrito por":"luiscavaco","Tempo estimado de leitura":"2 minutos"},"schema":{"@context":"https:\/\/schema.org","@graph":[{"@type":"Article","@id":"https:\/\/comarcas.csm.org.pt\/faro\/blog\/2026\/03\/24\/processo-538-26-0t8far\/#article","isPartOf":{"@id":"https:\/\/comarcas.csm.org.pt\/faro\/blog\/2026\/03\/24\/processo-538-26-0t8far\/"},"author":{"name":"luiscavaco","@id":"https:\/\/comarcas.csm.org.pt\/faro\/#\/schema\/person\/53c61e95f719966782db29b16ea04607"},"headline":"Processo: 538\/26.0T8FAR","datePublished":"2026-03-24T11:59:14+00:00","dateModified":"2026-03-24T14:24:14+00:00","mainEntityOfPage":{"@id":"https:\/\/comarcas.csm.org.pt\/faro\/blog\/2026\/03\/24\/processo-538-26-0t8far\/"},"wordCount":238,"publisher":{"@id":"https:\/\/comarcas.csm.org.pt\/faro\/#organization"},"articleSection":["Ac\u00f3rd\u00e3os\/Senten\u00e7as\/Decis\u00f5es","Comunicado \u00e0 Imprensa"],"inLanguage":"pt-PT"},{"@type":"WebPage","@id":"https:\/\/comarcas.csm.org.pt\/faro\/blog\/2026\/03\/24\/processo-538-26-0t8far\/","url":"https:\/\/comarcas.csm.org.pt\/faro\/blog\/2026\/03\/24\/processo-538-26-0t8far\/","name":"Processo: 538\/26.0T8FAR - Tribunal Judicial da Comarca de Faro","isPartOf":{"@id":"https:\/\/comarcas.csm.org.pt\/faro\/#website"},"datePublished":"2026-03-24T11:59:14+00:00","dateModified":"2026-03-24T14:24:14+00:00","breadcrumb":{"@id":"https:\/\/comarcas.csm.org.pt\/faro\/blog\/2026\/03\/24\/processo-538-26-0t8far\/#breadcrumb"},"inLanguage":"pt-PT","potentialAction":[{"@type":"ReadAction","target":["https:\/\/comarcas.csm.org.pt\/faro\/blog\/2026\/03\/24\/processo-538-26-0t8far\/"]}]},{"@type":"BreadcrumbList","@id":"https:\/\/comarcas.csm.org.pt\/faro\/blog\/2026\/03\/24\/processo-538-26-0t8far\/#breadcrumb","itemListElement":[{"@type":"ListItem","position":1,"name":"In\u00edcio","item":"https:\/\/comarcas.csm.org.pt\/faro\/"},{"@type":"ListItem","position":2,"name":"Processo: 538\/26.0T8FAR"}]},{"@type":"WebSite","@id":"https:\/\/comarcas.csm.org.pt\/faro\/#website","url":"https:\/\/comarcas.csm.org.pt\/faro\/","name":"Tribunal Judicial da Comarca de Faro","description":"Tribunal Judicial da Comarca de Faro","publisher":{"@id":"https:\/\/comarcas.csm.org.pt\/faro\/#organization"},"potentialAction":[{"@type":"SearchAction","target":{"@type":"EntryPoint","urlTemplate":"https:\/\/comarcas.csm.org.pt\/faro\/?s={search_term_string}"},"query-input":{"@type":"PropertyValueSpecification","valueRequired":true,"valueName":"search_term_string"}}],"inLanguage":"pt-PT"},{"@type":"Organization","@id":"https:\/\/comarcas.csm.org.pt\/faro\/#organization","name":"Tribunal Judicial da Comarca de Faro","url":"https:\/\/comarcas.csm.org.pt\/faro\/","logo":{"@type":"ImageObject","inLanguage":"pt-PT","@id":"https:\/\/comarcas.csm.org.pt\/faro\/#\/schema\/logo\/image\/","url":"https:\/\/comarcas.csm.org.pt\/faro\/wp-content\/uploads\/sites\/14\/2024\/11\/Faro_positivo-horizontal.png","contentUrl":"https:\/\/comarcas.csm.org.pt\/faro\/wp-content\/uploads\/sites\/14\/2024\/11\/Faro_positivo-horizontal.png","width":4304,"height":1186,"caption":"Tribunal Judicial da Comarca de Faro"},"image":{"@id":"https:\/\/comarcas.csm.org.pt\/faro\/#\/schema\/logo\/image\/"}},{"@type":"Person","@id":"https:\/\/comarcas.csm.org.pt\/faro\/#\/schema\/person\/53c61e95f719966782db29b16ea04607","name":"luiscavaco","image":{"@type":"ImageObject","inLanguage":"pt-PT","@id":"https:\/\/comarcas.csm.org.pt\/faro\/#\/schema\/person\/image\/","url":"https:\/\/secure.gravatar.com\/avatar\/60b83e20a25dc9b5937d390e97c1a9d01f2eab2887362eb1fe9c9529c797211b?s=96&d=mm&r=g","contentUrl":"https:\/\/secure.gravatar.com\/avatar\/60b83e20a25dc9b5937d390e97c1a9d01f2eab2887362eb1fe9c9529c797211b?s=96&d=mm&r=g","caption":"luiscavaco"},"url":"https:\/\/comarcas.csm.org.pt\/faro\/blog\/author\/luiscavaco\/"}]}},"_links":{"self":[{"href":"https:\/\/comarcas.csm.org.pt\/faro\/wp-json\/wp\/v2\/posts\/15085","targetHints":{"allow":["GET"]}}],"collection":[{"href":"https:\/\/comarcas.csm.org.pt\/faro\/wp-json\/wp\/v2\/posts"}],"about":[{"href":"https:\/\/comarcas.csm.org.pt\/faro\/wp-json\/wp\/v2\/types\/post"}],"author":[{"embeddable":true,"href":"https:\/\/comarcas.csm.org.pt\/faro\/wp-json\/wp\/v2\/users\/35"}],"replies":[{"embeddable":true,"href":"https:\/\/comarcas.csm.org.pt\/faro\/wp-json\/wp\/v2\/comments?post=15085"}],"version-history":[{"count":25,"href":"https:\/\/comarcas.csm.org.pt\/faro\/wp-json\/wp\/v2\/posts\/15085\/revisions"}],"predecessor-version":[{"id":15127,"href":"https:\/\/comarcas.csm.org.pt\/faro\/wp-json\/wp\/v2\/posts\/15085\/revisions\/15127"}],"wp:attachment":[{"href":"https:\/\/comarcas.csm.org.pt\/faro\/wp-json\/wp\/v2\/media?parent=15085"}],"wp:term":[{"taxonomy":"category","embeddable":true,"href":"https:\/\/comarcas.csm.org.pt\/faro\/wp-json\/wp\/v2\/categories?post=15085"},{"taxonomy":"post_tag","embeddable":true,"href":"https:\/\/comarcas.csm.org.pt\/faro\/wp-json\/wp\/v2\/tags?post=15085"}],"curies":[{"name":"wp","href":"https:\/\/api.w.org\/{rel}","templated":true}]}}