{"id":12087,"date":"2025-05-23T11:44:09","date_gmt":"2025-05-23T11:44:09","guid":{"rendered":"https:\/\/comarcas.csm.org.pt\/leiria\/?p=12087"},"modified":"2025-05-27T15:12:11","modified_gmt":"2025-05-27T15:12:11","slug":"barriga-de-aluguer-e-casal-julgados-em-leiria-por-trafico-de-pessoas-e-falsificacao","status":"publish","type":"post","link":"https:\/\/comarcas.csm.org.pt\/leiria\/blog\/2025\/05\/23\/barriga-de-aluguer-e-casal-julgados-em-leiria-por-trafico-de-pessoas-e-falsificacao\/","title":{"rendered":"Barriga de aluguer e casal julgados em Leiria por tr\u00e1fico de pessoas e falsifica\u00e7\u00e3o"},"content":{"rendered":"\n<p>Ag\u00eancia Lusa<\/p>\n\n\n\n<p><a href=\"https:\/\/observador.pt\/2025\/01\/03\/barriga-de-aluguer-e-casal-julgados-em-leiria-por-trafico-de-pessoas-e-falsificacao\/\">In, &#8220;Observador&#8221;, 03 jan. 2025, 15:30 <\/a><\/p>\n\n\n\n<p><\/p>\n\n\n\n<p>Mulher gr\u00e1vida ter-se-\u00e1 deslocado do Brasil para Portugal para ter um beb\u00e9, que viria a ser registrado ilegalmente. Um dos arguidos, que pretendia ser pai, pagou todas as despesas da gr\u00e1vida.<\/p>\n\n\n\n<figure class=\"wp-block-image size-full\"><img fetchpriority=\"high\" decoding=\"async\" width=\"709\" height=\"398\" src=\"https:\/\/comarcas.csm.org.pt\/leiria\/wp-content\/uploads\/sites\/16\/2025\/05\/image.jpeg\" alt=\"\" class=\"wp-image-12088\" srcset=\"https:\/\/comarcas.csm.org.pt\/leiria\/wp-content\/uploads\/sites\/16\/2025\/05\/image.jpeg 709w, https:\/\/comarcas.csm.org.pt\/leiria\/wp-content\/uploads\/sites\/16\/2025\/05\/image-300x168.jpeg 300w\" sizes=\"(max-width: 709px) 100vw, 709px\" \/><\/figure>\n\n\n\n<p>Uma mulher e um casal v\u00e3o ser julgados em Leiria acusados de tr\u00e1fico de pessoas e falsifica\u00e7\u00e3o de documento, num caso em que aquela&nbsp;<strong>se deslocou a Portugal para ter um beb\u00e9, depois registado falsamente<\/strong>.<\/p>\n\n\n\n<p>No despacho de acusa\u00e7\u00e3o a que a ag\u00eancia Lusa teve acesso, l\u00ea-se que&nbsp;<strong>um dos arguidos<\/strong>, de 49 anos,&nbsp;<strong>\u201cplaneando ser pai&nbsp;<\/strong>de um beb\u00e9 do sexo masculino,&nbsp;<strong>manteve conversa\u00e7\u00f5es com v\u00e1rias mulheres gr\u00e1vidas\u201d<\/strong>&nbsp;brasileiras em grupos no Facebook, Telegram e WhatsApp.<\/p>\n\n\n\n<p>Segundo o Minist\u00e9rio P\u00fablico (MP), nas conversas o&nbsp;<strong>arguido \u201cexplicava o que era necess\u00e1rio para tais mulheres virem para Portugal\u201d<\/strong>, onde o parto seria realizado,&nbsp;<strong>para que \u201cpassasse a constar como pai de um menino<\/strong>&nbsp;e pudesse viver com um beb\u00e9 como se de pai e filho se tratassem\u201d.<\/p>\n\n\n\n<p>O MP sustentou que o arguido contava com a ajuda de uma amiga residente no Brasil (foi determinada extra\u00e7\u00e3o de certid\u00e3o para envio \u00e0s autoridades deste pa\u00eds, para continua\u00e7\u00e3o do procedimento criminal contra esta), que \u201cauxiliava tais mulheres de acordo com as indica\u00e7\u00f5es\u201d daquele, sobretudo a n\u00edvel financeiro.<\/p>\n\n\n\n<p>Num desses grupos, com o nome \u201cbarrigas de aluguer\u201d, o arguido, no primeiro trimestre de 2022, conheceu uma mulher com quem passou a manter conversas pelo WhatsApp.<\/p>\n\n\n\n<p>A mulher \u201cencontrava-se gr\u00e1vida, gravidez que foi ocultada a todos os seus familiares e amigos\u201d, e j\u00e1 era m\u00e3e de dois menores que n\u00e3o viviam consigo, tendo um deles sido entregue a pais adotivos, referiu o despacho.<\/p>\n\n\n\n<p><strong>Ambos \u201cplanearam a viagem desta para Portugal\u201d, para que o beb\u00e9 aqui nascesse e onde passaria a viver com o arguido e o companheiro deste.<\/strong><\/p>\n\n\n\n<p>Para tal, o arguido, \u201cmuitas vezes atrav\u00e9s de transfer\u00eancias banc\u00e1rias da conta da amiga\u201d,&nbsp;<strong>pagou todas as despesas da gr\u00e1vida<\/strong>, incluindo \u201co passaporte e as viagens para outras cidades, para conseguir rapidamente o passaporte e a entrevista, necess\u00e1rios para a vinda a Portugal\u201d.<\/p>\n\n\n\n<p><strong>Em junho de 2022, a mulher, gr\u00e1vida de cerca de 35 semanas, viajou para Portugal<\/strong>, onde ficou hospedada na casa do casal.<\/p>\n\n\n\n<p>Com a chegada da mulher, o arguido fez \u201co pedido do certificado de direito \u00e0 assist\u00eancia m\u00e9dica\u201d, no \u00e2mbito de um acordo entre os dois pa\u00edses, \u201cpara que cidad\u00e3os brasileiros possam ser atendidos no Servi\u00e7o Nacional de Sa\u00fade\u201d.<\/p>\n\n\n\n<p><strong>O beb\u00e9 nasceu em julho, no hospital de Leiria<\/strong>, e o&nbsp;<strong>arguido registou a crian\u00e7a no registo civil como seu filho<\/strong>, \u201cpassando a constar do assento de nascimento o nome do pai\u201d e \u201co nome dos av\u00f3s paternos\u201d.<\/p>\n\n\n\n<p><strong>No mesmo m\u00eas, o rec\u00e9m-nascido foi acolhido numa casa de acolhimento tempor\u00e1rio, no \u00e2mbito de um processo judicial de promo\u00e7\u00e3o e prote\u00e7\u00e3o de menores.<\/strong><\/p>\n\n\n\n<p>O despacho do MP, datado de janeiro de 2024, adiantou que o&nbsp;<strong>arguido fez visitas semanais ao beb\u00e9 na casa de acolhimento com supervis\u00e3o t\u00e9cnica, mas a m\u00e3e n\u00e3o o fez<\/strong>, nem contactou a institui\u00e7\u00e3o. Regressou sozinha ao seu pa\u00eds no m\u00eas seguinte com bilhete de avi\u00e3o comprado pelo arguido.<\/p>\n\n\n\n<p>\u201c<strong>Todos os arguidos atuaram de forma livre, deliberada e consciente<\/strong>, partilhando o acordo criminoso de vontades para a entrega do rec\u00e9m-nascido\u201d ao casal, com o objetivo de \u201cficar \u00e0 guarda e cuidados\u201d deste em Portugal, defendeu o MP.<\/p>\n\n\n\n<p>Em troca, foram pagas \u00e0 arguida \u201ctodas as suas despesas m\u00e9dicas e hospitalares com a gravidez e com o parto, bem como a viagem de ida e volta do Brasil para Lisboa e respetiva documenta\u00e7\u00e3o da mesma e a estadia e alimenta\u00e7\u00e3o em Portugal durante cerca de dois meses\u201d.<\/p>\n\n\n\n<p>Al\u00e9m de tais despesas, o casal, que n\u00e3o estava inscrito como candidato a ado\u00e7\u00e3o,&nbsp;<strong>pagou ainda \u00e0 mulher \u201cuma compensa\u00e7\u00e3o monet\u00e1ria\u201d<\/strong>&nbsp;que o MP n\u00e3o quantifica.<\/p>\n\n\n\n<p>Para o MP, os arguidos agiram com o \u201cobjetivo de concretizarem a perfilha\u00e7\u00e3o e obterem assim a concretiza\u00e7\u00e3o dos seus desejos de paternidade, ludibriando o registo civil\u201d.<\/p>\n\n\n\n<p>Os arguidos est\u00e3o acusados dos crimes de tr\u00e1fico de pessoas e de falsifica\u00e7\u00e3o ou contrafa\u00e7\u00e3o de documento.<\/p>\n\n\n\n<p>O julgamento, por um tribunal coletivo, est\u00e1 previsto iniciar na&nbsp;<strong>quarta-feira<\/strong>, no&nbsp;<strong>Tribunal Judicial de Leiria<\/strong>.<\/p>\n\n\n\n<p><\/p>\n","protected":false},"excerpt":{"rendered":"<p>Ag\u00eancia Lusa In, &#8220;Observador&#8221;, 03 jan. 2025, 15:30 Mulher gr\u00e1vida ter-se-\u00e1 deslocado do Brasil para Portugal para ter um beb\u00e9, que viria a ser registrado ilegalmente. Um dos arguidos, que pretendia ser pai, pagou todas&#8230;<\/p>\n","protected":false},"author":16,"featured_media":12088,"comment_status":"closed","ping_status":"open","sticky":false,"template":"","format":"standard","meta":{"_tbt_post_transparent":"","_tbt_post_title":"","_tbt_post_layout":"","_tbt_post_sidebar_id":"","_tbt_post_content_style":"","_tbt_post_vertical_padding":"","_tbt_post_feature":"","_tbt_post_feature_position":"","_tbt_post_header":false,"_tbt_post_footer":false},"categories":[1,5],"tags":[],"class_list":["post-12087","post","type-post","status-publish","format-standard","has-post-thumbnail","hentry","category-geral","category-noticias"],"yoast_head":"<!-- This site is optimized with the Yoast SEO plugin v25.6 - https:\/\/yoast.com\/wordpress\/plugins\/seo\/ -->\n<title>Barriga de aluguer e casal julgados em Leiria por tr\u00e1fico de pessoas e falsifica\u00e7\u00e3o - Tribunal Judicial da Comarca de Leiria<\/title>\n<meta name=\"robots\" content=\"index, follow, max-snippet:-1, max-image-preview:large, max-video-preview:-1\" \/>\n<link rel=\"canonical\" href=\"https:\/\/comarcas.csm.org.pt\/leiria\/blog\/2025\/05\/23\/barriga-de-aluguer-e-casal-julgados-em-leiria-por-trafico-de-pessoas-e-falsificacao\/\" \/>\n<meta property=\"og:locale\" content=\"pt_PT\" \/>\n<meta property=\"og:type\" content=\"article\" \/>\n<meta property=\"og:title\" content=\"Barriga de aluguer e casal julgados em Leiria por tr\u00e1fico de pessoas e falsifica\u00e7\u00e3o - Tribunal Judicial da Comarca de Leiria\" \/>\n<meta property=\"og:description\" content=\"Ag\u00eancia Lusa In, &#8220;Observador&#8221;, 03 jan. 2025, 15:30 Mulher gr\u00e1vida ter-se-\u00e1 deslocado do Brasil para Portugal para ter um beb\u00e9, que viria a ser registrado ilegalmente. Um dos arguidos, que pretendia ser pai, pagou todas...\" \/>\n<meta property=\"og:url\" content=\"https:\/\/comarcas.csm.org.pt\/leiria\/blog\/2025\/05\/23\/barriga-de-aluguer-e-casal-julgados-em-leiria-por-trafico-de-pessoas-e-falsificacao\/\" \/>\n<meta property=\"og:site_name\" content=\"Tribunal Judicial da Comarca de Leiria\" \/>\n<meta property=\"article:published_time\" content=\"2025-05-23T11:44:09+00:00\" \/>\n<meta property=\"article:modified_time\" content=\"2025-05-27T15:12:11+00:00\" \/>\n<meta property=\"og:image\" content=\"https:\/\/comarcas.csm.org.pt\/leiria\/wp-content\/uploads\/sites\/16\/2025\/05\/image.jpeg\" \/>\n\t<meta property=\"og:image:width\" content=\"709\" \/>\n\t<meta property=\"og:image:height\" content=\"398\" \/>\n\t<meta property=\"og:image:type\" content=\"image\/jpeg\" \/>\n<meta name=\"author\" content=\"leiria\" \/>\n<meta name=\"twitter:card\" content=\"summary_large_image\" \/>\n<meta name=\"twitter:label1\" content=\"Escrito por\" \/>\n\t<meta name=\"twitter:data1\" content=\"leiria\" \/>\n\t<meta name=\"twitter:label2\" content=\"Tempo estimado de leitura\" \/>\n\t<meta name=\"twitter:data2\" content=\"5 minutos\" \/>\n<script type=\"application\/ld+json\" class=\"yoast-schema-graph\">{\"@context\":\"https:\/\/schema.org\",\"@graph\":[{\"@type\":\"Article\",\"@id\":\"https:\/\/comarcas.csm.org.pt\/leiria\/blog\/2025\/05\/23\/barriga-de-aluguer-e-casal-julgados-em-leiria-por-trafico-de-pessoas-e-falsificacao\/#article\",\"isPartOf\":{\"@id\":\"https:\/\/comarcas.csm.org.pt\/leiria\/blog\/2025\/05\/23\/barriga-de-aluguer-e-casal-julgados-em-leiria-por-trafico-de-pessoas-e-falsificacao\/\"},\"author\":{\"name\":\"leiria\",\"@id\":\"https:\/\/comarcas.csm.org.pt\/leiria\/#\/schema\/person\/9057b6fbd670d5a2e931712cd357d806\"},\"headline\":\"Barriga de aluguer e casal julgados em Leiria por tr\u00e1fico de pessoas e falsifica\u00e7\u00e3o\",\"datePublished\":\"2025-05-23T11:44:09+00:00\",\"dateModified\":\"2025-05-27T15:12:11+00:00\",\"mainEntityOfPage\":{\"@id\":\"https:\/\/comarcas.csm.org.pt\/leiria\/blog\/2025\/05\/23\/barriga-de-aluguer-e-casal-julgados-em-leiria-por-trafico-de-pessoas-e-falsificacao\/\"},\"wordCount\":777,\"publisher\":{\"@id\":\"https:\/\/comarcas.csm.org.pt\/leiria\/#organization\"},\"image\":{\"@id\":\"https:\/\/comarcas.csm.org.pt\/leiria\/blog\/2025\/05\/23\/barriga-de-aluguer-e-casal-julgados-em-leiria-por-trafico-de-pessoas-e-falsificacao\/#primaryimage\"},\"thumbnailUrl\":\"https:\/\/comarcas.csm.org.pt\/leiria\/wp-content\/uploads\/sites\/16\/2025\/05\/image.jpeg\",\"articleSection\":[\"Geral\",\"Not\u00edcias\"],\"inLanguage\":\"pt-PT\"},{\"@type\":\"WebPage\",\"@id\":\"https:\/\/comarcas.csm.org.pt\/leiria\/blog\/2025\/05\/23\/barriga-de-aluguer-e-casal-julgados-em-leiria-por-trafico-de-pessoas-e-falsificacao\/\",\"url\":\"https:\/\/comarcas.csm.org.pt\/leiria\/blog\/2025\/05\/23\/barriga-de-aluguer-e-casal-julgados-em-leiria-por-trafico-de-pessoas-e-falsificacao\/\",\"name\":\"Barriga de aluguer e casal julgados em Leiria por tr\u00e1fico de pessoas e falsifica\u00e7\u00e3o - Tribunal Judicial da Comarca de Leiria\",\"isPartOf\":{\"@id\":\"https:\/\/comarcas.csm.org.pt\/leiria\/#website\"},\"primaryImageOfPage\":{\"@id\":\"https:\/\/comarcas.csm.org.pt\/leiria\/blog\/2025\/05\/23\/barriga-de-aluguer-e-casal-julgados-em-leiria-por-trafico-de-pessoas-e-falsificacao\/#primaryimage\"},\"image\":{\"@id\":\"https:\/\/comarcas.csm.org.pt\/leiria\/blog\/2025\/05\/23\/barriga-de-aluguer-e-casal-julgados-em-leiria-por-trafico-de-pessoas-e-falsificacao\/#primaryimage\"},\"thumbnailUrl\":\"https:\/\/comarcas.csm.org.pt\/leiria\/wp-content\/uploads\/sites\/16\/2025\/05\/image.jpeg\",\"datePublished\":\"2025-05-23T11:44:09+00:00\",\"dateModified\":\"2025-05-27T15:12:11+00:00\",\"breadcrumb\":{\"@id\":\"https:\/\/comarcas.csm.org.pt\/leiria\/blog\/2025\/05\/23\/barriga-de-aluguer-e-casal-julgados-em-leiria-por-trafico-de-pessoas-e-falsificacao\/#breadcrumb\"},\"inLanguage\":\"pt-PT\",\"potentialAction\":[{\"@type\":\"ReadAction\",\"target\":[\"https:\/\/comarcas.csm.org.pt\/leiria\/blog\/2025\/05\/23\/barriga-de-aluguer-e-casal-julgados-em-leiria-por-trafico-de-pessoas-e-falsificacao\/\"]}]},{\"@type\":\"ImageObject\",\"inLanguage\":\"pt-PT\",\"@id\":\"https:\/\/comarcas.csm.org.pt\/leiria\/blog\/2025\/05\/23\/barriga-de-aluguer-e-casal-julgados-em-leiria-por-trafico-de-pessoas-e-falsificacao\/#primaryimage\",\"url\":\"https:\/\/comarcas.csm.org.pt\/leiria\/wp-content\/uploads\/sites\/16\/2025\/05\/image.jpeg\",\"contentUrl\":\"https:\/\/comarcas.csm.org.pt\/leiria\/wp-content\/uploads\/sites\/16\/2025\/05\/image.jpeg\",\"width\":709,\"height\":398},{\"@type\":\"BreadcrumbList\",\"@id\":\"https:\/\/comarcas.csm.org.pt\/leiria\/blog\/2025\/05\/23\/barriga-de-aluguer-e-casal-julgados-em-leiria-por-trafico-de-pessoas-e-falsificacao\/#breadcrumb\",\"itemListElement\":[{\"@type\":\"ListItem\",\"position\":1,\"name\":\"In\u00edcio\",\"item\":\"https:\/\/comarcas.csm.org.pt\/leiria\/\"},{\"@type\":\"ListItem\",\"position\":2,\"name\":\"Barriga de aluguer e casal julgados em Leiria por tr\u00e1fico de pessoas e falsifica\u00e7\u00e3o\"}]},{\"@type\":\"WebSite\",\"@id\":\"https:\/\/comarcas.csm.org.pt\/leiria\/#website\",\"url\":\"https:\/\/comarcas.csm.org.pt\/leiria\/\",\"name\":\"Tribunal Judicial da Comarca de Leiria\",\"description\":\"Tribunal Judicial da Comarca de Aveiro\",\"publisher\":{\"@id\":\"https:\/\/comarcas.csm.org.pt\/leiria\/#organization\"},\"potentialAction\":[{\"@type\":\"SearchAction\",\"target\":{\"@type\":\"EntryPoint\",\"urlTemplate\":\"https:\/\/comarcas.csm.org.pt\/leiria\/?s={search_term_string}\"},\"query-input\":{\"@type\":\"PropertyValueSpecification\",\"valueRequired\":true,\"valueName\":\"search_term_string\"}}],\"inLanguage\":\"pt-PT\"},{\"@type\":\"Organization\",\"@id\":\"https:\/\/comarcas.csm.org.pt\/leiria\/#organization\",\"name\":\"Tribunal Judicial da Comarca de Leiria\",\"url\":\"https:\/\/comarcas.csm.org.pt\/leiria\/\",\"logo\":{\"@type\":\"ImageObject\",\"inLanguage\":\"pt-PT\",\"@id\":\"https:\/\/comarcas.csm.org.pt\/leiria\/#\/schema\/logo\/image\/\",\"url\":\"https:\/\/comarcas.csm.org.pt\/leiria\/wp-content\/uploads\/sites\/16\/2024\/11\/Leiria_positivo-horizontal.png\",\"contentUrl\":\"https:\/\/comarcas.csm.org.pt\/leiria\/wp-content\/uploads\/sites\/16\/2024\/11\/Leiria_positivo-horizontal.png\",\"width\":5088,\"height\":890,\"caption\":\"Tribunal Judicial da Comarca de Leiria\"},\"image\":{\"@id\":\"https:\/\/comarcas.csm.org.pt\/leiria\/#\/schema\/logo\/image\/\"}},{\"@type\":\"Person\",\"@id\":\"https:\/\/comarcas.csm.org.pt\/leiria\/#\/schema\/person\/9057b6fbd670d5a2e931712cd357d806\",\"name\":\"leiria\",\"image\":{\"@type\":\"ImageObject\",\"inLanguage\":\"pt-PT\",\"@id\":\"https:\/\/comarcas.csm.org.pt\/leiria\/#\/schema\/person\/image\/\",\"url\":\"https:\/\/secure.gravatar.com\/avatar\/399a72a2630b07d71a4e0167744303361d26ed8a993be2c5686bbe5ff44b469f?s=96&d=mm&r=g\",\"contentUrl\":\"https:\/\/secure.gravatar.com\/avatar\/399a72a2630b07d71a4e0167744303361d26ed8a993be2c5686bbe5ff44b469f?s=96&d=mm&r=g\",\"caption\":\"leiria\"},\"url\":\"https:\/\/comarcas.csm.org.pt\/leiria\/blog\/author\/leiria\/\"}]}<\/script>\n<!-- \/ Yoast SEO plugin. -->","yoast_head_json":{"title":"Barriga de aluguer e casal julgados em Leiria por tr\u00e1fico de pessoas e falsifica\u00e7\u00e3o - Tribunal Judicial da Comarca de Leiria","robots":{"index":"index","follow":"follow","max-snippet":"max-snippet:-1","max-image-preview":"max-image-preview:large","max-video-preview":"max-video-preview:-1"},"canonical":"https:\/\/comarcas.csm.org.pt\/leiria\/blog\/2025\/05\/23\/barriga-de-aluguer-e-casal-julgados-em-leiria-por-trafico-de-pessoas-e-falsificacao\/","og_locale":"pt_PT","og_type":"article","og_title":"Barriga de aluguer e casal julgados em Leiria por tr\u00e1fico de pessoas e falsifica\u00e7\u00e3o - Tribunal Judicial da Comarca de Leiria","og_description":"Ag\u00eancia Lusa In, &#8220;Observador&#8221;, 03 jan. 2025, 15:30 Mulher gr\u00e1vida ter-se-\u00e1 deslocado do Brasil para Portugal para ter um beb\u00e9, que viria a ser registrado ilegalmente. Um dos arguidos, que pretendia ser pai, pagou todas...","og_url":"https:\/\/comarcas.csm.org.pt\/leiria\/blog\/2025\/05\/23\/barriga-de-aluguer-e-casal-julgados-em-leiria-por-trafico-de-pessoas-e-falsificacao\/","og_site_name":"Tribunal Judicial da Comarca de Leiria","article_published_time":"2025-05-23T11:44:09+00:00","article_modified_time":"2025-05-27T15:12:11+00:00","og_image":[{"width":709,"height":398,"url":"https:\/\/comarcas.csm.org.pt\/leiria\/wp-content\/uploads\/sites\/16\/2025\/05\/image.jpeg","type":"image\/jpeg"}],"author":"leiria","twitter_card":"summary_large_image","twitter_misc":{"Escrito por":"leiria","Tempo estimado de leitura":"5 minutos"},"schema":{"@context":"https:\/\/schema.org","@graph":[{"@type":"Article","@id":"https:\/\/comarcas.csm.org.pt\/leiria\/blog\/2025\/05\/23\/barriga-de-aluguer-e-casal-julgados-em-leiria-por-trafico-de-pessoas-e-falsificacao\/#article","isPartOf":{"@id":"https:\/\/comarcas.csm.org.pt\/leiria\/blog\/2025\/05\/23\/barriga-de-aluguer-e-casal-julgados-em-leiria-por-trafico-de-pessoas-e-falsificacao\/"},"author":{"name":"leiria","@id":"https:\/\/comarcas.csm.org.pt\/leiria\/#\/schema\/person\/9057b6fbd670d5a2e931712cd357d806"},"headline":"Barriga de aluguer e casal julgados em Leiria por tr\u00e1fico de pessoas e falsifica\u00e7\u00e3o","datePublished":"2025-05-23T11:44:09+00:00","dateModified":"2025-05-27T15:12:11+00:00","mainEntityOfPage":{"@id":"https:\/\/comarcas.csm.org.pt\/leiria\/blog\/2025\/05\/23\/barriga-de-aluguer-e-casal-julgados-em-leiria-por-trafico-de-pessoas-e-falsificacao\/"},"wordCount":777,"publisher":{"@id":"https:\/\/comarcas.csm.org.pt\/leiria\/#organization"},"image":{"@id":"https:\/\/comarcas.csm.org.pt\/leiria\/blog\/2025\/05\/23\/barriga-de-aluguer-e-casal-julgados-em-leiria-por-trafico-de-pessoas-e-falsificacao\/#primaryimage"},"thumbnailUrl":"https:\/\/comarcas.csm.org.pt\/leiria\/wp-content\/uploads\/sites\/16\/2025\/05\/image.jpeg","articleSection":["Geral","Not\u00edcias"],"inLanguage":"pt-PT"},{"@type":"WebPage","@id":"https:\/\/comarcas.csm.org.pt\/leiria\/blog\/2025\/05\/23\/barriga-de-aluguer-e-casal-julgados-em-leiria-por-trafico-de-pessoas-e-falsificacao\/","url":"https:\/\/comarcas.csm.org.pt\/leiria\/blog\/2025\/05\/23\/barriga-de-aluguer-e-casal-julgados-em-leiria-por-trafico-de-pessoas-e-falsificacao\/","name":"Barriga de aluguer e casal julgados em Leiria por tr\u00e1fico de pessoas e falsifica\u00e7\u00e3o - Tribunal Judicial da Comarca de Leiria","isPartOf":{"@id":"https:\/\/comarcas.csm.org.pt\/leiria\/#website"},"primaryImageOfPage":{"@id":"https:\/\/comarcas.csm.org.pt\/leiria\/blog\/2025\/05\/23\/barriga-de-aluguer-e-casal-julgados-em-leiria-por-trafico-de-pessoas-e-falsificacao\/#primaryimage"},"image":{"@id":"https:\/\/comarcas.csm.org.pt\/leiria\/blog\/2025\/05\/23\/barriga-de-aluguer-e-casal-julgados-em-leiria-por-trafico-de-pessoas-e-falsificacao\/#primaryimage"},"thumbnailUrl":"https:\/\/comarcas.csm.org.pt\/leiria\/wp-content\/uploads\/sites\/16\/2025\/05\/image.jpeg","datePublished":"2025-05-23T11:44:09+00:00","dateModified":"2025-05-27T15:12:11+00:00","breadcrumb":{"@id":"https:\/\/comarcas.csm.org.pt\/leiria\/blog\/2025\/05\/23\/barriga-de-aluguer-e-casal-julgados-em-leiria-por-trafico-de-pessoas-e-falsificacao\/#breadcrumb"},"inLanguage":"pt-PT","potentialAction":[{"@type":"ReadAction","target":["https:\/\/comarcas.csm.org.pt\/leiria\/blog\/2025\/05\/23\/barriga-de-aluguer-e-casal-julgados-em-leiria-por-trafico-de-pessoas-e-falsificacao\/"]}]},{"@type":"ImageObject","inLanguage":"pt-PT","@id":"https:\/\/comarcas.csm.org.pt\/leiria\/blog\/2025\/05\/23\/barriga-de-aluguer-e-casal-julgados-em-leiria-por-trafico-de-pessoas-e-falsificacao\/#primaryimage","url":"https:\/\/comarcas.csm.org.pt\/leiria\/wp-content\/uploads\/sites\/16\/2025\/05\/image.jpeg","contentUrl":"https:\/\/comarcas.csm.org.pt\/leiria\/wp-content\/uploads\/sites\/16\/2025\/05\/image.jpeg","width":709,"height":398},{"@type":"BreadcrumbList","@id":"https:\/\/comarcas.csm.org.pt\/leiria\/blog\/2025\/05\/23\/barriga-de-aluguer-e-casal-julgados-em-leiria-por-trafico-de-pessoas-e-falsificacao\/#breadcrumb","itemListElement":[{"@type":"ListItem","position":1,"name":"In\u00edcio","item":"https:\/\/comarcas.csm.org.pt\/leiria\/"},{"@type":"ListItem","position":2,"name":"Barriga de aluguer e casal julgados em Leiria por tr\u00e1fico de pessoas e falsifica\u00e7\u00e3o"}]},{"@type":"WebSite","@id":"https:\/\/comarcas.csm.org.pt\/leiria\/#website","url":"https:\/\/comarcas.csm.org.pt\/leiria\/","name":"Tribunal Judicial da Comarca de Leiria","description":"Tribunal Judicial da Comarca de Aveiro","publisher":{"@id":"https:\/\/comarcas.csm.org.pt\/leiria\/#organization"},"potentialAction":[{"@type":"SearchAction","target":{"@type":"EntryPoint","urlTemplate":"https:\/\/comarcas.csm.org.pt\/leiria\/?s={search_term_string}"},"query-input":{"@type":"PropertyValueSpecification","valueRequired":true,"valueName":"search_term_string"}}],"inLanguage":"pt-PT"},{"@type":"Organization","@id":"https:\/\/comarcas.csm.org.pt\/leiria\/#organization","name":"Tribunal Judicial da Comarca de Leiria","url":"https:\/\/comarcas.csm.org.pt\/leiria\/","logo":{"@type":"ImageObject","inLanguage":"pt-PT","@id":"https:\/\/comarcas.csm.org.pt\/leiria\/#\/schema\/logo\/image\/","url":"https:\/\/comarcas.csm.org.pt\/leiria\/wp-content\/uploads\/sites\/16\/2024\/11\/Leiria_positivo-horizontal.png","contentUrl":"https:\/\/comarcas.csm.org.pt\/leiria\/wp-content\/uploads\/sites\/16\/2024\/11\/Leiria_positivo-horizontal.png","width":5088,"height":890,"caption":"Tribunal Judicial da Comarca de Leiria"},"image":{"@id":"https:\/\/comarcas.csm.org.pt\/leiria\/#\/schema\/logo\/image\/"}},{"@type":"Person","@id":"https:\/\/comarcas.csm.org.pt\/leiria\/#\/schema\/person\/9057b6fbd670d5a2e931712cd357d806","name":"leiria","image":{"@type":"ImageObject","inLanguage":"pt-PT","@id":"https:\/\/comarcas.csm.org.pt\/leiria\/#\/schema\/person\/image\/","url":"https:\/\/secure.gravatar.com\/avatar\/399a72a2630b07d71a4e0167744303361d26ed8a993be2c5686bbe5ff44b469f?s=96&d=mm&r=g","contentUrl":"https:\/\/secure.gravatar.com\/avatar\/399a72a2630b07d71a4e0167744303361d26ed8a993be2c5686bbe5ff44b469f?s=96&d=mm&r=g","caption":"leiria"},"url":"https:\/\/comarcas.csm.org.pt\/leiria\/blog\/author\/leiria\/"}]}},"_links":{"self":[{"href":"https:\/\/comarcas.csm.org.pt\/leiria\/wp-json\/wp\/v2\/posts\/12087","targetHints":{"allow":["GET"]}}],"collection":[{"href":"https:\/\/comarcas.csm.org.pt\/leiria\/wp-json\/wp\/v2\/posts"}],"about":[{"href":"https:\/\/comarcas.csm.org.pt\/leiria\/wp-json\/wp\/v2\/types\/post"}],"author":[{"embeddable":true,"href":"https:\/\/comarcas.csm.org.pt\/leiria\/wp-json\/wp\/v2\/users\/16"}],"replies":[{"embeddable":true,"href":"https:\/\/comarcas.csm.org.pt\/leiria\/wp-json\/wp\/v2\/comments?post=12087"}],"version-history":[{"count":2,"href":"https:\/\/comarcas.csm.org.pt\/leiria\/wp-json\/wp\/v2\/posts\/12087\/revisions"}],"predecessor-version":[{"id":12090,"href":"https:\/\/comarcas.csm.org.pt\/leiria\/wp-json\/wp\/v2\/posts\/12087\/revisions\/12090"}],"wp:featuredmedia":[{"embeddable":true,"href":"https:\/\/comarcas.csm.org.pt\/leiria\/wp-json\/wp\/v2\/media\/12088"}],"wp:attachment":[{"href":"https:\/\/comarcas.csm.org.pt\/leiria\/wp-json\/wp\/v2\/media?parent=12087"}],"wp:term":[{"taxonomy":"category","embeddable":true,"href":"https:\/\/comarcas.csm.org.pt\/leiria\/wp-json\/wp\/v2\/categories?post=12087"},{"taxonomy":"post_tag","embeddable":true,"href":"https:\/\/comarcas.csm.org.pt\/leiria\/wp-json\/wp\/v2\/tags?post=12087"}],"curies":[{"name":"wp","href":"https:\/\/api.w.org\/{rel}","templated":true}]}}