{"id":12112,"date":"2025-05-23T14:22:27","date_gmt":"2025-05-23T14:22:27","guid":{"rendered":"https:\/\/comarcas.csm.org.pt\/leiria\/?p=12112"},"modified":"2025-05-27T15:13:30","modified_gmt":"2025-05-27T15:13:30","slug":"tribunal-de-leiria-adia-sem-nova-data-julgamento-de-barriga-de-aluguer-e-casal","status":"publish","type":"post","link":"https:\/\/comarcas.csm.org.pt\/leiria\/blog\/2025\/05\/23\/tribunal-de-leiria-adia-sem-nova-data-julgamento-de-barriga-de-aluguer-e-casal\/","title":{"rendered":"Tribunal de Leiria adia sem nova data julgamento de barriga de aluguer e casal"},"content":{"rendered":"\n<p><strong><a href=\"https:\/\/www.cmjornal.pt\/portugal\/detalhe\/tribunal-de-leiria-adia-sem-nova-data-julgamento-de-barriga-de-aluguer-e-casal\">In \u201cCorreio da manh\u00e3\u201d, 8 de janeiro de 2025<\/a><\/strong><\/p>\n\n\n\n<p>Ag\u00eancia Lusa<\/p>\n\n\n\n<p>Um dos arguidos planeava &#8220;ser pai de um beb\u00e9 do sexo masculino&#8221; e &#8220;manteve conversa\u00e7\u00f5es com v\u00e1rias mulheres gr\u00e1vidas&#8221; em grupos na Internet.<\/p>\n\n\n\n<p>O Tribunal de Leiria adiou esta quarta-feira &#8216;sine die&#8217; o julgamento de uma mulher e de um casal acusados de tr\u00e1fico de pessoas e falsifica\u00e7\u00e3o de documento, num caso em que aquela se deslocou a Portugal para ter um beb\u00e9.<\/p>\n\n\n\n<p>&#8220;(&#8230;) Entendemos n\u00e3o se verificar as condi\u00e7\u00f5es necess\u00e1rias para a realiza\u00e7\u00e3o da audi\u00eancia de julgamento, pelo que adiamos a mesma &#8216;sine die'&#8221;, afirmou o presidente do coletivo de ju\u00edzes.<\/p>\n\n\n\n<p>Antes, o magistrado judicial informou que o Minist\u00e9rio P\u00fablico (MP) requereu a separa\u00e7\u00e3o de processos quanto \u00e0 arguida, que prestou termo de identidade e resid\u00eancia (TIR) sem qualquer validade.<\/p>\n\n\n\n<p>O advogado Adelino Granja, defensor de um dos arguidos, considerou que \u00e9 de &#8220;manifesta relev\u00e2ncia a participa\u00e7\u00e3o da arguida&#8221;, uma &#8220;das partes principais deste processo&#8221;, notando ainda que esta n\u00e3o foi notificada da acusa\u00e7\u00e3o, nem da data de julgamento.<\/p>\n\n\n\n<p>Adelino Granja considerou mesmo a presen\u00e7a em julgamento da mulher como imprescind\u00edvel, tendo a sua posi\u00e7\u00e3o sido subscrita pela advogada do outro arguido.<\/p>\n\n\n\n<p>J\u00e1 a caus\u00eddica que defende a mulher referiu que esta n\u00e3o foi notificada, pese embora ter prestado TIR.<\/p>\n\n\n\n<p>O tribunal coletivo entendeu &#8220;n\u00e3o se verificar os fundamentos necess\u00e1rios para que haja uma separa\u00e7\u00e3o de processos relativamente \u00e0 arguida&#8221;, determinando que se oficie \u00e0 Embaixada do Brasil em Portugal a morada daquela.<\/p>\n\n\n\n<p>Segundo o despacho de acusa\u00e7\u00e3o, um dos arguidos, &#8220;planeando ser pai de um beb\u00e9 do sexo masculino, manteve conversa\u00e7\u00f5es com v\u00e1rias mulheres gr\u00e1vidas&#8221; brasileiras em grupos no Facebook, Telegram e WhatsApp.<\/p>\n\n\n\n<p>O MP relatou que nas conversas o arguido &#8220;explicava o que era necess\u00e1rio para tais mulheres virem para Portugal&#8221;, onde o parto seria realizado, para que &#8220;passasse a constar como pai de um menino e pudesse viver com um beb\u00e9 como se de pai e filho se tratassem&#8221;.<\/p>\n\n\n\n<p>De acordo com o MP, o arguido contava com a ajuda de uma amiga residente no Brasil, que &#8220;auxiliava tais mulheres de acordo com as indica\u00e7\u00f5es&#8221; daquele, sobretudo a n\u00edvel financeiro.<\/p>\n\n\n\n<p>Num desses grupos, com o nome &#8220;barrigas de aluguer&#8221;, o arguido, no primeiro trimestre de 2022, conheceu uma mulher gr\u00e1vida com quem passou a manter conversas pelo WhatsApp.<\/p>\n\n\n\n<p>Ambos &#8220;planearam a viagem desta para Portugal&#8221;, para que o beb\u00e9 aqui nascesse e onde passaria a viver com o arguido e o companheiro deste.<\/p>\n\n\n\n<p>Para tal, o arguido, &#8220;muitas vezes atrav\u00e9s de transfer\u00eancias banc\u00e1rias da conta da amiga&#8221;, pagou todas as despesas da gr\u00e1vida, incluindo &#8220;o passaporte e as viagens para outras cidades, para conseguir rapidamente o passaporte e a entrevista, necess\u00e1rios para a vinda a Portugal&#8221;.<\/p>\n\n\n\n<p>Em junho de 2022, a mulher, gr\u00e1vida de cerca de 35 semanas, viajou para Portugal, onde ficou hospedada na casa do casal.<\/p>\n\n\n\n<p>Com a chegada da mulher, o arguido fez &#8220;o pedido do certificado de direito \u00e0 assist\u00eancia m\u00e9dica&#8221;, no \u00e2mbito de um acordo entre os dois pa\u00edses, &#8220;para que cidad\u00e3os brasileiros possam ser atendidos no Servi\u00e7o Nacional de Sa\u00fade&#8221;.<\/p>\n\n\n\n<p>O beb\u00e9 nasceu em julho, no hospital de Leiria, e o arguido registou a crian\u00e7a no registo civil como seu filho, &#8220;passando a constar do assento de nascimento o nome do pai&#8221; e &#8220;o nome dos av\u00f3s paternos&#8221;.<\/p>\n\n\n\n<p>No mesmo m\u00eas, o rec\u00e9m-nascido foi acolhido numa casa de acolhimento tempor\u00e1rio, no \u00e2mbito de um processo judicial de promo\u00e7\u00e3o e prote\u00e7\u00e3o de menores.<\/p>\n\n\n\n<p>O despacho do MP adiantou que o arguido fez visitas semanais ao beb\u00e9 na casa de acolhimento com supervis\u00e3o t\u00e9cnica, mas a m\u00e3e n\u00e3o o fez, nem contactou a institui\u00e7\u00e3o. Regressou sozinha ao seu pa\u00eds no m\u00eas seguinte com bilhete de avi\u00e3o comprado pelo arguido.<\/p>\n\n\n\n<p>&#8220;Todos os arguidos atuaram de forma livre, deliberada e consciente, partilhando o acordo criminoso de vontades para a entrega do rec\u00e9m-nascido&#8221; ao casal, com o objetivo de &#8220;ficar \u00e0 guarda e cuidados&#8221; deste em Portugal, defendeu o MP.<\/p>\n\n\n\n<p>Em troca, foram pagas \u00e0 arguida &#8220;todas as suas despesas m\u00e9dicas e hospitalares com a gravidez e com o parto, bem como a viagem de ida e volta do Brasil para Lisboa e respetiva documenta\u00e7\u00e3o da mesma e a estadia e alimenta\u00e7\u00e3o em Portugal durante cerca de dois meses&#8221;.<\/p>\n\n\n\n<p>Al\u00e9m de tais despesas, o casal, que n\u00e3o estava inscrito como candidato a ado\u00e7\u00e3o, pagou ainda \u00e0 mulher &#8220;uma compensa\u00e7\u00e3o monet\u00e1ria&#8221; que o MP n\u00e3o quantifica.<\/p>\n\n\n\n<p>Os arguidos est\u00e3o acusados dos crimes de tr\u00e1fico de pessoas e de falsifica\u00e7\u00e3o ou contrafa\u00e7\u00e3o de documento.<\/p>\n\n\n\n<p><\/p>\n","protected":false},"excerpt":{"rendered":"<p>In \u201cCorreio da manh\u00e3\u201d, 8 de janeiro de 2025 Ag\u00eancia Lusa Um dos arguidos planeava &#8220;ser pai de um beb\u00e9 do sexo masculino&#8221; e &#8220;manteve conversa\u00e7\u00f5es com v\u00e1rias mulheres gr\u00e1vidas&#8221; em grupos na Internet. O&#8230;<\/p>\n","protected":false},"author":16,"featured_media":0,"comment_status":"closed","ping_status":"open","sticky":false,"template":"","format":"standard","meta":{"_tbt_post_transparent":"","_tbt_post_title":"","_tbt_post_layout":"","_tbt_post_sidebar_id":"","_tbt_post_content_style":"","_tbt_post_vertical_padding":"","_tbt_post_feature":"","_tbt_post_feature_position":"","_tbt_post_header":false,"_tbt_post_footer":false},"categories":[1,5],"tags":[],"class_list":["post-12112","post","type-post","status-publish","format-standard","hentry","category-geral","category-noticias"],"yoast_head":"<!-- This site is optimized with the Yoast SEO plugin v25.6 - https:\/\/yoast.com\/wordpress\/plugins\/seo\/ -->\n<title>Tribunal de Leiria adia sem nova data julgamento de barriga de aluguer e casal - Tribunal Judicial da Comarca de Leiria<\/title>\n<meta name=\"robots\" content=\"index, follow, max-snippet:-1, max-image-preview:large, max-video-preview:-1\" \/>\n<link rel=\"canonical\" href=\"https:\/\/comarcas.csm.org.pt\/leiria\/blog\/2025\/05\/23\/tribunal-de-leiria-adia-sem-nova-data-julgamento-de-barriga-de-aluguer-e-casal\/\" \/>\n<meta property=\"og:locale\" content=\"pt_PT\" \/>\n<meta property=\"og:type\" content=\"article\" \/>\n<meta property=\"og:title\" content=\"Tribunal de Leiria adia sem nova data julgamento de barriga de aluguer e casal - Tribunal Judicial da Comarca de Leiria\" \/>\n<meta property=\"og:description\" content=\"In \u201cCorreio da manh\u00e3\u201d, 8 de janeiro de 2025 Ag\u00eancia Lusa Um dos arguidos planeava &#8220;ser pai de um beb\u00e9 do sexo masculino&#8221; e &#8220;manteve conversa\u00e7\u00f5es com v\u00e1rias mulheres gr\u00e1vidas&#8221; em grupos na Internet. O...\" \/>\n<meta property=\"og:url\" content=\"https:\/\/comarcas.csm.org.pt\/leiria\/blog\/2025\/05\/23\/tribunal-de-leiria-adia-sem-nova-data-julgamento-de-barriga-de-aluguer-e-casal\/\" \/>\n<meta property=\"og:site_name\" content=\"Tribunal Judicial da Comarca de Leiria\" \/>\n<meta property=\"article:published_time\" content=\"2025-05-23T14:22:27+00:00\" \/>\n<meta property=\"article:modified_time\" content=\"2025-05-27T15:13:30+00:00\" \/>\n<meta name=\"author\" content=\"leiria\" \/>\n<meta name=\"twitter:card\" content=\"summary_large_image\" \/>\n<meta name=\"twitter:label1\" content=\"Escrito por\" \/>\n\t<meta name=\"twitter:data1\" content=\"leiria\" \/>\n<script type=\"application\/ld+json\" class=\"yoast-schema-graph\">{\"@context\":\"https:\/\/schema.org\",\"@graph\":[{\"@type\":\"Article\",\"@id\":\"https:\/\/comarcas.csm.org.pt\/leiria\/blog\/2025\/05\/23\/tribunal-de-leiria-adia-sem-nova-data-julgamento-de-barriga-de-aluguer-e-casal\/#article\",\"isPartOf\":{\"@id\":\"https:\/\/comarcas.csm.org.pt\/leiria\/blog\/2025\/05\/23\/tribunal-de-leiria-adia-sem-nova-data-julgamento-de-barriga-de-aluguer-e-casal\/\"},\"author\":{\"name\":\"leiria\",\"@id\":\"https:\/\/comarcas.csm.org.pt\/leiria\/#\/schema\/person\/9057b6fbd670d5a2e931712cd357d806\"},\"headline\":\"Tribunal de Leiria adia sem nova data julgamento de barriga de aluguer e casal\",\"datePublished\":\"2025-05-23T14:22:27+00:00\",\"dateModified\":\"2025-05-27T15:13:30+00:00\",\"mainEntityOfPage\":{\"@id\":\"https:\/\/comarcas.csm.org.pt\/leiria\/blog\/2025\/05\/23\/tribunal-de-leiria-adia-sem-nova-data-julgamento-de-barriga-de-aluguer-e-casal\/\"},\"wordCount\":825,\"publisher\":{\"@id\":\"https:\/\/comarcas.csm.org.pt\/leiria\/#organization\"},\"articleSection\":[\"Geral\",\"Not\u00edcias\"],\"inLanguage\":\"pt-PT\"},{\"@type\":\"WebPage\",\"@id\":\"https:\/\/comarcas.csm.org.pt\/leiria\/blog\/2025\/05\/23\/tribunal-de-leiria-adia-sem-nova-data-julgamento-de-barriga-de-aluguer-e-casal\/\",\"url\":\"https:\/\/comarcas.csm.org.pt\/leiria\/blog\/2025\/05\/23\/tribunal-de-leiria-adia-sem-nova-data-julgamento-de-barriga-de-aluguer-e-casal\/\",\"name\":\"Tribunal de Leiria adia sem nova data julgamento de barriga de aluguer e casal - Tribunal Judicial da Comarca de Leiria\",\"isPartOf\":{\"@id\":\"https:\/\/comarcas.csm.org.pt\/leiria\/#website\"},\"datePublished\":\"2025-05-23T14:22:27+00:00\",\"dateModified\":\"2025-05-27T15:13:30+00:00\",\"breadcrumb\":{\"@id\":\"https:\/\/comarcas.csm.org.pt\/leiria\/blog\/2025\/05\/23\/tribunal-de-leiria-adia-sem-nova-data-julgamento-de-barriga-de-aluguer-e-casal\/#breadcrumb\"},\"inLanguage\":\"pt-PT\",\"potentialAction\":[{\"@type\":\"ReadAction\",\"target\":[\"https:\/\/comarcas.csm.org.pt\/leiria\/blog\/2025\/05\/23\/tribunal-de-leiria-adia-sem-nova-data-julgamento-de-barriga-de-aluguer-e-casal\/\"]}]},{\"@type\":\"BreadcrumbList\",\"@id\":\"https:\/\/comarcas.csm.org.pt\/leiria\/blog\/2025\/05\/23\/tribunal-de-leiria-adia-sem-nova-data-julgamento-de-barriga-de-aluguer-e-casal\/#breadcrumb\",\"itemListElement\":[{\"@type\":\"ListItem\",\"position\":1,\"name\":\"In\u00edcio\",\"item\":\"https:\/\/comarcas.csm.org.pt\/leiria\/\"},{\"@type\":\"ListItem\",\"position\":2,\"name\":\"Tribunal de Leiria adia sem nova data julgamento de barriga de aluguer e casal\"}]},{\"@type\":\"WebSite\",\"@id\":\"https:\/\/comarcas.csm.org.pt\/leiria\/#website\",\"url\":\"https:\/\/comarcas.csm.org.pt\/leiria\/\",\"name\":\"Tribunal Judicial da Comarca de Leiria\",\"description\":\"Tribunal Judicial da Comarca de Aveiro\",\"publisher\":{\"@id\":\"https:\/\/comarcas.csm.org.pt\/leiria\/#organization\"},\"potentialAction\":[{\"@type\":\"SearchAction\",\"target\":{\"@type\":\"EntryPoint\",\"urlTemplate\":\"https:\/\/comarcas.csm.org.pt\/leiria\/?s={search_term_string}\"},\"query-input\":{\"@type\":\"PropertyValueSpecification\",\"valueRequired\":true,\"valueName\":\"search_term_string\"}}],\"inLanguage\":\"pt-PT\"},{\"@type\":\"Organization\",\"@id\":\"https:\/\/comarcas.csm.org.pt\/leiria\/#organization\",\"name\":\"Tribunal Judicial da Comarca de Leiria\",\"url\":\"https:\/\/comarcas.csm.org.pt\/leiria\/\",\"logo\":{\"@type\":\"ImageObject\",\"inLanguage\":\"pt-PT\",\"@id\":\"https:\/\/comarcas.csm.org.pt\/leiria\/#\/schema\/logo\/image\/\",\"url\":\"https:\/\/comarcas.csm.org.pt\/leiria\/wp-content\/uploads\/sites\/16\/2024\/11\/Leiria_positivo-horizontal.png\",\"contentUrl\":\"https:\/\/comarcas.csm.org.pt\/leiria\/wp-content\/uploads\/sites\/16\/2024\/11\/Leiria_positivo-horizontal.png\",\"width\":5088,\"height\":890,\"caption\":\"Tribunal Judicial da Comarca de Leiria\"},\"image\":{\"@id\":\"https:\/\/comarcas.csm.org.pt\/leiria\/#\/schema\/logo\/image\/\"}},{\"@type\":\"Person\",\"@id\":\"https:\/\/comarcas.csm.org.pt\/leiria\/#\/schema\/person\/9057b6fbd670d5a2e931712cd357d806\",\"name\":\"leiria\",\"image\":{\"@type\":\"ImageObject\",\"inLanguage\":\"pt-PT\",\"@id\":\"https:\/\/comarcas.csm.org.pt\/leiria\/#\/schema\/person\/image\/\",\"url\":\"https:\/\/secure.gravatar.com\/avatar\/399a72a2630b07d71a4e0167744303361d26ed8a993be2c5686bbe5ff44b469f?s=96&d=mm&r=g\",\"contentUrl\":\"https:\/\/secure.gravatar.com\/avatar\/399a72a2630b07d71a4e0167744303361d26ed8a993be2c5686bbe5ff44b469f?s=96&d=mm&r=g\",\"caption\":\"leiria\"},\"url\":\"https:\/\/comarcas.csm.org.pt\/leiria\/blog\/author\/leiria\/\"}]}<\/script>\n<!-- \/ Yoast SEO plugin. -->","yoast_head_json":{"title":"Tribunal de Leiria adia sem nova data julgamento de barriga de aluguer e casal - Tribunal Judicial da Comarca de Leiria","robots":{"index":"index","follow":"follow","max-snippet":"max-snippet:-1","max-image-preview":"max-image-preview:large","max-video-preview":"max-video-preview:-1"},"canonical":"https:\/\/comarcas.csm.org.pt\/leiria\/blog\/2025\/05\/23\/tribunal-de-leiria-adia-sem-nova-data-julgamento-de-barriga-de-aluguer-e-casal\/","og_locale":"pt_PT","og_type":"article","og_title":"Tribunal de Leiria adia sem nova data julgamento de barriga de aluguer e casal - Tribunal Judicial da Comarca de Leiria","og_description":"In \u201cCorreio da manh\u00e3\u201d, 8 de janeiro de 2025 Ag\u00eancia Lusa Um dos arguidos planeava &#8220;ser pai de um beb\u00e9 do sexo masculino&#8221; e &#8220;manteve conversa\u00e7\u00f5es com v\u00e1rias mulheres gr\u00e1vidas&#8221; em grupos na Internet. O...","og_url":"https:\/\/comarcas.csm.org.pt\/leiria\/blog\/2025\/05\/23\/tribunal-de-leiria-adia-sem-nova-data-julgamento-de-barriga-de-aluguer-e-casal\/","og_site_name":"Tribunal Judicial da Comarca de Leiria","article_published_time":"2025-05-23T14:22:27+00:00","article_modified_time":"2025-05-27T15:13:30+00:00","author":"leiria","twitter_card":"summary_large_image","twitter_misc":{"Escrito por":"leiria"},"schema":{"@context":"https:\/\/schema.org","@graph":[{"@type":"Article","@id":"https:\/\/comarcas.csm.org.pt\/leiria\/blog\/2025\/05\/23\/tribunal-de-leiria-adia-sem-nova-data-julgamento-de-barriga-de-aluguer-e-casal\/#article","isPartOf":{"@id":"https:\/\/comarcas.csm.org.pt\/leiria\/blog\/2025\/05\/23\/tribunal-de-leiria-adia-sem-nova-data-julgamento-de-barriga-de-aluguer-e-casal\/"},"author":{"name":"leiria","@id":"https:\/\/comarcas.csm.org.pt\/leiria\/#\/schema\/person\/9057b6fbd670d5a2e931712cd357d806"},"headline":"Tribunal de Leiria adia sem nova data julgamento de barriga de aluguer e casal","datePublished":"2025-05-23T14:22:27+00:00","dateModified":"2025-05-27T15:13:30+00:00","mainEntityOfPage":{"@id":"https:\/\/comarcas.csm.org.pt\/leiria\/blog\/2025\/05\/23\/tribunal-de-leiria-adia-sem-nova-data-julgamento-de-barriga-de-aluguer-e-casal\/"},"wordCount":825,"publisher":{"@id":"https:\/\/comarcas.csm.org.pt\/leiria\/#organization"},"articleSection":["Geral","Not\u00edcias"],"inLanguage":"pt-PT"},{"@type":"WebPage","@id":"https:\/\/comarcas.csm.org.pt\/leiria\/blog\/2025\/05\/23\/tribunal-de-leiria-adia-sem-nova-data-julgamento-de-barriga-de-aluguer-e-casal\/","url":"https:\/\/comarcas.csm.org.pt\/leiria\/blog\/2025\/05\/23\/tribunal-de-leiria-adia-sem-nova-data-julgamento-de-barriga-de-aluguer-e-casal\/","name":"Tribunal de Leiria adia sem nova data julgamento de barriga de aluguer e casal - Tribunal Judicial da Comarca de Leiria","isPartOf":{"@id":"https:\/\/comarcas.csm.org.pt\/leiria\/#website"},"datePublished":"2025-05-23T14:22:27+00:00","dateModified":"2025-05-27T15:13:30+00:00","breadcrumb":{"@id":"https:\/\/comarcas.csm.org.pt\/leiria\/blog\/2025\/05\/23\/tribunal-de-leiria-adia-sem-nova-data-julgamento-de-barriga-de-aluguer-e-casal\/#breadcrumb"},"inLanguage":"pt-PT","potentialAction":[{"@type":"ReadAction","target":["https:\/\/comarcas.csm.org.pt\/leiria\/blog\/2025\/05\/23\/tribunal-de-leiria-adia-sem-nova-data-julgamento-de-barriga-de-aluguer-e-casal\/"]}]},{"@type":"BreadcrumbList","@id":"https:\/\/comarcas.csm.org.pt\/leiria\/blog\/2025\/05\/23\/tribunal-de-leiria-adia-sem-nova-data-julgamento-de-barriga-de-aluguer-e-casal\/#breadcrumb","itemListElement":[{"@type":"ListItem","position":1,"name":"In\u00edcio","item":"https:\/\/comarcas.csm.org.pt\/leiria\/"},{"@type":"ListItem","position":2,"name":"Tribunal de Leiria adia sem nova data julgamento de barriga de aluguer e casal"}]},{"@type":"WebSite","@id":"https:\/\/comarcas.csm.org.pt\/leiria\/#website","url":"https:\/\/comarcas.csm.org.pt\/leiria\/","name":"Tribunal Judicial da Comarca de Leiria","description":"Tribunal Judicial da Comarca de Aveiro","publisher":{"@id":"https:\/\/comarcas.csm.org.pt\/leiria\/#organization"},"potentialAction":[{"@type":"SearchAction","target":{"@type":"EntryPoint","urlTemplate":"https:\/\/comarcas.csm.org.pt\/leiria\/?s={search_term_string}"},"query-input":{"@type":"PropertyValueSpecification","valueRequired":true,"valueName":"search_term_string"}}],"inLanguage":"pt-PT"},{"@type":"Organization","@id":"https:\/\/comarcas.csm.org.pt\/leiria\/#organization","name":"Tribunal Judicial da Comarca de Leiria","url":"https:\/\/comarcas.csm.org.pt\/leiria\/","logo":{"@type":"ImageObject","inLanguage":"pt-PT","@id":"https:\/\/comarcas.csm.org.pt\/leiria\/#\/schema\/logo\/image\/","url":"https:\/\/comarcas.csm.org.pt\/leiria\/wp-content\/uploads\/sites\/16\/2024\/11\/Leiria_positivo-horizontal.png","contentUrl":"https:\/\/comarcas.csm.org.pt\/leiria\/wp-content\/uploads\/sites\/16\/2024\/11\/Leiria_positivo-horizontal.png","width":5088,"height":890,"caption":"Tribunal Judicial da Comarca de Leiria"},"image":{"@id":"https:\/\/comarcas.csm.org.pt\/leiria\/#\/schema\/logo\/image\/"}},{"@type":"Person","@id":"https:\/\/comarcas.csm.org.pt\/leiria\/#\/schema\/person\/9057b6fbd670d5a2e931712cd357d806","name":"leiria","image":{"@type":"ImageObject","inLanguage":"pt-PT","@id":"https:\/\/comarcas.csm.org.pt\/leiria\/#\/schema\/person\/image\/","url":"https:\/\/secure.gravatar.com\/avatar\/399a72a2630b07d71a4e0167744303361d26ed8a993be2c5686bbe5ff44b469f?s=96&d=mm&r=g","contentUrl":"https:\/\/secure.gravatar.com\/avatar\/399a72a2630b07d71a4e0167744303361d26ed8a993be2c5686bbe5ff44b469f?s=96&d=mm&r=g","caption":"leiria"},"url":"https:\/\/comarcas.csm.org.pt\/leiria\/blog\/author\/leiria\/"}]}},"_links":{"self":[{"href":"https:\/\/comarcas.csm.org.pt\/leiria\/wp-json\/wp\/v2\/posts\/12112","targetHints":{"allow":["GET"]}}],"collection":[{"href":"https:\/\/comarcas.csm.org.pt\/leiria\/wp-json\/wp\/v2\/posts"}],"about":[{"href":"https:\/\/comarcas.csm.org.pt\/leiria\/wp-json\/wp\/v2\/types\/post"}],"author":[{"embeddable":true,"href":"https:\/\/comarcas.csm.org.pt\/leiria\/wp-json\/wp\/v2\/users\/16"}],"replies":[{"embeddable":true,"href":"https:\/\/comarcas.csm.org.pt\/leiria\/wp-json\/wp\/v2\/comments?post=12112"}],"version-history":[{"count":2,"href":"https:\/\/comarcas.csm.org.pt\/leiria\/wp-json\/wp\/v2\/posts\/12112\/revisions"}],"predecessor-version":[{"id":12114,"href":"https:\/\/comarcas.csm.org.pt\/leiria\/wp-json\/wp\/v2\/posts\/12112\/revisions\/12114"}],"wp:attachment":[{"href":"https:\/\/comarcas.csm.org.pt\/leiria\/wp-json\/wp\/v2\/media?parent=12112"}],"wp:term":[{"taxonomy":"category","embeddable":true,"href":"https:\/\/comarcas.csm.org.pt\/leiria\/wp-json\/wp\/v2\/categories?post=12112"},{"taxonomy":"post_tag","embeddable":true,"href":"https:\/\/comarcas.csm.org.pt\/leiria\/wp-json\/wp\/v2\/tags?post=12112"}],"curies":[{"name":"wp","href":"https:\/\/api.w.org\/{rel}","templated":true}]}}