{"id":12127,"date":"2025-05-23T15:06:24","date_gmt":"2025-05-23T15:06:24","guid":{"rendered":"https:\/\/comarcas.csm.org.pt\/leiria\/?p=12127"},"modified":"2025-05-27T15:13:59","modified_gmt":"2025-05-27T15:13:59","slug":"tribunal-de-leiria-condena-a-prisao-um-homem-que-se-apropriou-de-375-mil-euros-de-duas-empresas","status":"publish","type":"post","link":"https:\/\/comarcas.csm.org.pt\/leiria\/blog\/2025\/05\/23\/tribunal-de-leiria-condena-a-prisao-um-homem-que-se-apropriou-de-375-mil-euros-de-duas-empresas\/","title":{"rendered":"Tribunal de Leiria condena a pris\u00e3o um homem que se apropriou de 375 mil euros de duas\u00a0empresas"},"content":{"rendered":"\n<p><strong><a href=\"https:\/\/observador.pt\/2025\/02\/13\/tribunal-de-leiria-condena-a-prisao-um-homem-que-se-apropriou-de-375-mil-euros-de-duas-empresas\/\">In \u201cObservador\u201d, 13 de fevereiro de 2025<\/a><\/strong><\/p>\n\n\n\n<p><strong>Ag\u00eancia Lusa<\/strong><\/p>\n\n\n\n<p>Homem foi condenado na pena \u00fanica de cinco anos e seis meses de pris\u00e3o e a indemnizar uma empresa em 160 mil e outra em 215.479,46 euros, por se ter apropriado de dinheiro destas organiza\u00e7\u00f5es.<\/p>\n\n\n\n<p>O Tribunal Judicial de Leiria condenou a pris\u00e3o um homem que transferiu para si, familiares e amigos e fez pagamentos ao Estado com dinheiro de duas empresas que \u201ccaiu\u201d numa conta banc\u00e1ria da sua sociedade.<\/p>\n\n\n\n<p>O arguido, de 47 anos, foi condenado por branqueamento (quatro anos de pris\u00e3o), dois crimes de falsifica\u00e7\u00e3o de documento (um ano de pris\u00e3o por cada um) e burla qualificada na forma tentada (dois anos de pris\u00e3o).<\/p>\n\n\n\n<p>Em c\u00famulo jur\u00eddico, o&nbsp;<strong>homem foi condenado na pena \u00fanica de cinco anos e seis meses de pris\u00e3o,<\/strong>&nbsp;tendo ainda sido condenado a indemnizar uma empresa em 160 mil euros e outra em 215.479,46 euros.<\/p>\n\n\n\n<p><strong>O homem, empres\u00e1rio, foi tamb\u00e9m condenado a pagar ao Estado 375.479,46 euros,<\/strong>&nbsp;\u201ccorrespondente \u00e0 vantagem obtida com a pr\u00e1tica do crime de branqueamento\u201d.<\/p>\n\n\n\n<p>Segundo o ac\u00f3rd\u00e3o, datado de quarta-feira e ao qual a ag\u00eancia Lusa teve esta quinta-feira acesso, o arguido constituiu uma sociedade em setembro de 2013, cuja matr\u00edcula foi cancelada em abril de 2022, na sequ\u00eancia da sua declara\u00e7\u00e3o de insolv\u00eancia. A ger\u00eancia da sociedade pertenceu sempre ao arguido.<\/p>\n\n\n\n<p>Nos factos provados, l\u00ea-se que, em outubro de 2018, pessoas cuja identidade se desconhece acederam a mensagens de correio eletr\u00f3nico trocadas entre duas empresas, tendo criado um endere\u00e7o de \u2019email\u2019 similar a um verdadeiro utilizado por um colaborador de uma delas.<\/p>\n\n\n\n<p>Uma das empresas recebeu depois&nbsp;<em>emails<\/em>&nbsp;informando que a conta banc\u00e1ria anteriormente indicada para pagamento estaria incorreta, pelo que o pagamento devido pela compra de uma m\u00e1quina deveria ser feito para outra conta. Esta titulada pela sociedade do arguido.<\/p>\n\n\n\n<p>\u201cApesar de saber que o dinheiro transferido n\u00e3o era devido\u201d \u00e0 sua sociedade, o arguido fez transfer\u00eancias, levantamentos e pagamentos.<\/p>\n\n\n\n<p>O&nbsp;<strong>tribunal coletivo deu ainda como provado outra situa\u00e7\u00e3o id\u00eantica a esta<\/strong>, tamb\u00e9m em outubro de 2018, atrav\u00e9s da \u201cintromiss\u00e3o em comunica\u00e7\u00f5es eletr\u00f3nicas e do engano causado\u201d.<\/p>\n","protected":false},"excerpt":{"rendered":"<p>In \u201cObservador\u201d, 13 de fevereiro de 2025 Ag\u00eancia Lusa Homem foi condenado na pena \u00fanica de cinco anos e seis meses de pris\u00e3o e a indemnizar uma empresa em 160 mil e outra em 215.479,46&#8230;<\/p>\n","protected":false},"author":16,"featured_media":0,"comment_status":"closed","ping_status":"open","sticky":false,"template":"","format":"standard","meta":{"_tbt_post_transparent":"","_tbt_post_title":"","_tbt_post_layout":"","_tbt_post_sidebar_id":"","_tbt_post_content_style":"","_tbt_post_vertical_padding":"","_tbt_post_feature":"","_tbt_post_feature_position":"","_tbt_post_header":false,"_tbt_post_footer":false},"categories":[1,5],"tags":[],"class_list":["post-12127","post","type-post","status-publish","format-standard","hentry","category-geral","category-noticias"],"yoast_head":"<!-- This site is optimized with the Yoast SEO plugin v25.6 - https:\/\/yoast.com\/wordpress\/plugins\/seo\/ -->\n<title>Tribunal de Leiria condena a pris\u00e3o um homem que se apropriou de 375 mil euros de duas\u00a0empresas - Tribunal Judicial da Comarca de Leiria<\/title>\n<meta name=\"robots\" content=\"index, follow, max-snippet:-1, max-image-preview:large, max-video-preview:-1\" \/>\n<link rel=\"canonical\" href=\"https:\/\/comarcas.csm.org.pt\/leiria\/blog\/2025\/05\/23\/tribunal-de-leiria-condena-a-prisao-um-homem-que-se-apropriou-de-375-mil-euros-de-duas-empresas\/\" \/>\n<meta property=\"og:locale\" content=\"pt_PT\" \/>\n<meta property=\"og:type\" content=\"article\" \/>\n<meta property=\"og:title\" content=\"Tribunal de Leiria condena a pris\u00e3o um homem que se apropriou de 375 mil euros de duas\u00a0empresas - Tribunal Judicial da Comarca de Leiria\" \/>\n<meta property=\"og:description\" content=\"In \u201cObservador\u201d, 13 de fevereiro de 2025 Ag\u00eancia Lusa Homem foi condenado na pena \u00fanica de cinco anos e seis meses de pris\u00e3o e a indemnizar uma empresa em 160 mil e outra em 215.479,46...\" \/>\n<meta property=\"og:url\" content=\"https:\/\/comarcas.csm.org.pt\/leiria\/blog\/2025\/05\/23\/tribunal-de-leiria-condena-a-prisao-um-homem-que-se-apropriou-de-375-mil-euros-de-duas-empresas\/\" \/>\n<meta property=\"og:site_name\" content=\"Tribunal Judicial da Comarca de Leiria\" \/>\n<meta property=\"article:published_time\" content=\"2025-05-23T15:06:24+00:00\" \/>\n<meta property=\"article:modified_time\" content=\"2025-05-27T15:13:59+00:00\" \/>\n<meta name=\"author\" content=\"leiria\" \/>\n<meta name=\"twitter:card\" content=\"summary_large_image\" \/>\n<meta name=\"twitter:label1\" content=\"Escrito por\" \/>\n\t<meta name=\"twitter:data1\" content=\"leiria\" \/>\n\t<meta name=\"twitter:label2\" content=\"Tempo estimado de leitura\" \/>\n\t<meta name=\"twitter:data2\" content=\"2 minutos\" \/>\n<script type=\"application\/ld+json\" class=\"yoast-schema-graph\">{\"@context\":\"https:\/\/schema.org\",\"@graph\":[{\"@type\":\"Article\",\"@id\":\"https:\/\/comarcas.csm.org.pt\/leiria\/blog\/2025\/05\/23\/tribunal-de-leiria-condena-a-prisao-um-homem-que-se-apropriou-de-375-mil-euros-de-duas-empresas\/#article\",\"isPartOf\":{\"@id\":\"https:\/\/comarcas.csm.org.pt\/leiria\/blog\/2025\/05\/23\/tribunal-de-leiria-condena-a-prisao-um-homem-que-se-apropriou-de-375-mil-euros-de-duas-empresas\/\"},\"author\":{\"name\":\"leiria\",\"@id\":\"https:\/\/comarcas.csm.org.pt\/leiria\/#\/schema\/person\/9057b6fbd670d5a2e931712cd357d806\"},\"headline\":\"Tribunal de Leiria condena a pris\u00e3o um homem que se apropriou de 375 mil euros de duas\u00a0empresas\",\"datePublished\":\"2025-05-23T15:06:24+00:00\",\"dateModified\":\"2025-05-27T15:13:59+00:00\",\"mainEntityOfPage\":{\"@id\":\"https:\/\/comarcas.csm.org.pt\/leiria\/blog\/2025\/05\/23\/tribunal-de-leiria-condena-a-prisao-um-homem-que-se-apropriou-de-375-mil-euros-de-duas-empresas\/\"},\"wordCount\":395,\"publisher\":{\"@id\":\"https:\/\/comarcas.csm.org.pt\/leiria\/#organization\"},\"articleSection\":[\"Geral\",\"Not\u00edcias\"],\"inLanguage\":\"pt-PT\"},{\"@type\":\"WebPage\",\"@id\":\"https:\/\/comarcas.csm.org.pt\/leiria\/blog\/2025\/05\/23\/tribunal-de-leiria-condena-a-prisao-um-homem-que-se-apropriou-de-375-mil-euros-de-duas-empresas\/\",\"url\":\"https:\/\/comarcas.csm.org.pt\/leiria\/blog\/2025\/05\/23\/tribunal-de-leiria-condena-a-prisao-um-homem-que-se-apropriou-de-375-mil-euros-de-duas-empresas\/\",\"name\":\"Tribunal de Leiria condena a pris\u00e3o um homem que se apropriou de 375 mil euros de duas\u00a0empresas - Tribunal Judicial da Comarca de Leiria\",\"isPartOf\":{\"@id\":\"https:\/\/comarcas.csm.org.pt\/leiria\/#website\"},\"datePublished\":\"2025-05-23T15:06:24+00:00\",\"dateModified\":\"2025-05-27T15:13:59+00:00\",\"breadcrumb\":{\"@id\":\"https:\/\/comarcas.csm.org.pt\/leiria\/blog\/2025\/05\/23\/tribunal-de-leiria-condena-a-prisao-um-homem-que-se-apropriou-de-375-mil-euros-de-duas-empresas\/#breadcrumb\"},\"inLanguage\":\"pt-PT\",\"potentialAction\":[{\"@type\":\"ReadAction\",\"target\":[\"https:\/\/comarcas.csm.org.pt\/leiria\/blog\/2025\/05\/23\/tribunal-de-leiria-condena-a-prisao-um-homem-que-se-apropriou-de-375-mil-euros-de-duas-empresas\/\"]}]},{\"@type\":\"BreadcrumbList\",\"@id\":\"https:\/\/comarcas.csm.org.pt\/leiria\/blog\/2025\/05\/23\/tribunal-de-leiria-condena-a-prisao-um-homem-que-se-apropriou-de-375-mil-euros-de-duas-empresas\/#breadcrumb\",\"itemListElement\":[{\"@type\":\"ListItem\",\"position\":1,\"name\":\"In\u00edcio\",\"item\":\"https:\/\/comarcas.csm.org.pt\/leiria\/\"},{\"@type\":\"ListItem\",\"position\":2,\"name\":\"Tribunal de Leiria condena a pris\u00e3o um homem que se apropriou de 375 mil euros de duas\u00a0empresas\"}]},{\"@type\":\"WebSite\",\"@id\":\"https:\/\/comarcas.csm.org.pt\/leiria\/#website\",\"url\":\"https:\/\/comarcas.csm.org.pt\/leiria\/\",\"name\":\"Tribunal Judicial da Comarca de Leiria\",\"description\":\"Tribunal Judicial da Comarca de Aveiro\",\"publisher\":{\"@id\":\"https:\/\/comarcas.csm.org.pt\/leiria\/#organization\"},\"potentialAction\":[{\"@type\":\"SearchAction\",\"target\":{\"@type\":\"EntryPoint\",\"urlTemplate\":\"https:\/\/comarcas.csm.org.pt\/leiria\/?s={search_term_string}\"},\"query-input\":{\"@type\":\"PropertyValueSpecification\",\"valueRequired\":true,\"valueName\":\"search_term_string\"}}],\"inLanguage\":\"pt-PT\"},{\"@type\":\"Organization\",\"@id\":\"https:\/\/comarcas.csm.org.pt\/leiria\/#organization\",\"name\":\"Tribunal Judicial da Comarca de Leiria\",\"url\":\"https:\/\/comarcas.csm.org.pt\/leiria\/\",\"logo\":{\"@type\":\"ImageObject\",\"inLanguage\":\"pt-PT\",\"@id\":\"https:\/\/comarcas.csm.org.pt\/leiria\/#\/schema\/logo\/image\/\",\"url\":\"https:\/\/comarcas.csm.org.pt\/leiria\/wp-content\/uploads\/sites\/16\/2024\/11\/Leiria_positivo-horizontal.png\",\"contentUrl\":\"https:\/\/comarcas.csm.org.pt\/leiria\/wp-content\/uploads\/sites\/16\/2024\/11\/Leiria_positivo-horizontal.png\",\"width\":5088,\"height\":890,\"caption\":\"Tribunal Judicial da Comarca de Leiria\"},\"image\":{\"@id\":\"https:\/\/comarcas.csm.org.pt\/leiria\/#\/schema\/logo\/image\/\"}},{\"@type\":\"Person\",\"@id\":\"https:\/\/comarcas.csm.org.pt\/leiria\/#\/schema\/person\/9057b6fbd670d5a2e931712cd357d806\",\"name\":\"leiria\",\"image\":{\"@type\":\"ImageObject\",\"inLanguage\":\"pt-PT\",\"@id\":\"https:\/\/comarcas.csm.org.pt\/leiria\/#\/schema\/person\/image\/\",\"url\":\"https:\/\/secure.gravatar.com\/avatar\/399a72a2630b07d71a4e0167744303361d26ed8a993be2c5686bbe5ff44b469f?s=96&d=mm&r=g\",\"contentUrl\":\"https:\/\/secure.gravatar.com\/avatar\/399a72a2630b07d71a4e0167744303361d26ed8a993be2c5686bbe5ff44b469f?s=96&d=mm&r=g\",\"caption\":\"leiria\"},\"url\":\"https:\/\/comarcas.csm.org.pt\/leiria\/blog\/author\/leiria\/\"}]}<\/script>\n<!-- \/ Yoast SEO plugin. -->","yoast_head_json":{"title":"Tribunal de Leiria condena a pris\u00e3o um homem que se apropriou de 375 mil euros de duas\u00a0empresas - Tribunal Judicial da Comarca de Leiria","robots":{"index":"index","follow":"follow","max-snippet":"max-snippet:-1","max-image-preview":"max-image-preview:large","max-video-preview":"max-video-preview:-1"},"canonical":"https:\/\/comarcas.csm.org.pt\/leiria\/blog\/2025\/05\/23\/tribunal-de-leiria-condena-a-prisao-um-homem-que-se-apropriou-de-375-mil-euros-de-duas-empresas\/","og_locale":"pt_PT","og_type":"article","og_title":"Tribunal de Leiria condena a pris\u00e3o um homem que se apropriou de 375 mil euros de duas\u00a0empresas - Tribunal Judicial da Comarca de Leiria","og_description":"In \u201cObservador\u201d, 13 de fevereiro de 2025 Ag\u00eancia Lusa Homem foi condenado na pena \u00fanica de cinco anos e seis meses de pris\u00e3o e a indemnizar uma empresa em 160 mil e outra em 215.479,46...","og_url":"https:\/\/comarcas.csm.org.pt\/leiria\/blog\/2025\/05\/23\/tribunal-de-leiria-condena-a-prisao-um-homem-que-se-apropriou-de-375-mil-euros-de-duas-empresas\/","og_site_name":"Tribunal Judicial da Comarca de Leiria","article_published_time":"2025-05-23T15:06:24+00:00","article_modified_time":"2025-05-27T15:13:59+00:00","author":"leiria","twitter_card":"summary_large_image","twitter_misc":{"Escrito por":"leiria","Tempo estimado de leitura":"2 minutos"},"schema":{"@context":"https:\/\/schema.org","@graph":[{"@type":"Article","@id":"https:\/\/comarcas.csm.org.pt\/leiria\/blog\/2025\/05\/23\/tribunal-de-leiria-condena-a-prisao-um-homem-que-se-apropriou-de-375-mil-euros-de-duas-empresas\/#article","isPartOf":{"@id":"https:\/\/comarcas.csm.org.pt\/leiria\/blog\/2025\/05\/23\/tribunal-de-leiria-condena-a-prisao-um-homem-que-se-apropriou-de-375-mil-euros-de-duas-empresas\/"},"author":{"name":"leiria","@id":"https:\/\/comarcas.csm.org.pt\/leiria\/#\/schema\/person\/9057b6fbd670d5a2e931712cd357d806"},"headline":"Tribunal de Leiria condena a pris\u00e3o um homem que se apropriou de 375 mil euros de duas\u00a0empresas","datePublished":"2025-05-23T15:06:24+00:00","dateModified":"2025-05-27T15:13:59+00:00","mainEntityOfPage":{"@id":"https:\/\/comarcas.csm.org.pt\/leiria\/blog\/2025\/05\/23\/tribunal-de-leiria-condena-a-prisao-um-homem-que-se-apropriou-de-375-mil-euros-de-duas-empresas\/"},"wordCount":395,"publisher":{"@id":"https:\/\/comarcas.csm.org.pt\/leiria\/#organization"},"articleSection":["Geral","Not\u00edcias"],"inLanguage":"pt-PT"},{"@type":"WebPage","@id":"https:\/\/comarcas.csm.org.pt\/leiria\/blog\/2025\/05\/23\/tribunal-de-leiria-condena-a-prisao-um-homem-que-se-apropriou-de-375-mil-euros-de-duas-empresas\/","url":"https:\/\/comarcas.csm.org.pt\/leiria\/blog\/2025\/05\/23\/tribunal-de-leiria-condena-a-prisao-um-homem-que-se-apropriou-de-375-mil-euros-de-duas-empresas\/","name":"Tribunal de Leiria condena a pris\u00e3o um homem que se apropriou de 375 mil euros de duas\u00a0empresas - Tribunal Judicial da Comarca de Leiria","isPartOf":{"@id":"https:\/\/comarcas.csm.org.pt\/leiria\/#website"},"datePublished":"2025-05-23T15:06:24+00:00","dateModified":"2025-05-27T15:13:59+00:00","breadcrumb":{"@id":"https:\/\/comarcas.csm.org.pt\/leiria\/blog\/2025\/05\/23\/tribunal-de-leiria-condena-a-prisao-um-homem-que-se-apropriou-de-375-mil-euros-de-duas-empresas\/#breadcrumb"},"inLanguage":"pt-PT","potentialAction":[{"@type":"ReadAction","target":["https:\/\/comarcas.csm.org.pt\/leiria\/blog\/2025\/05\/23\/tribunal-de-leiria-condena-a-prisao-um-homem-que-se-apropriou-de-375-mil-euros-de-duas-empresas\/"]}]},{"@type":"BreadcrumbList","@id":"https:\/\/comarcas.csm.org.pt\/leiria\/blog\/2025\/05\/23\/tribunal-de-leiria-condena-a-prisao-um-homem-que-se-apropriou-de-375-mil-euros-de-duas-empresas\/#breadcrumb","itemListElement":[{"@type":"ListItem","position":1,"name":"In\u00edcio","item":"https:\/\/comarcas.csm.org.pt\/leiria\/"},{"@type":"ListItem","position":2,"name":"Tribunal de Leiria condena a pris\u00e3o um homem que se apropriou de 375 mil euros de duas\u00a0empresas"}]},{"@type":"WebSite","@id":"https:\/\/comarcas.csm.org.pt\/leiria\/#website","url":"https:\/\/comarcas.csm.org.pt\/leiria\/","name":"Tribunal Judicial da Comarca de Leiria","description":"Tribunal Judicial da Comarca de Aveiro","publisher":{"@id":"https:\/\/comarcas.csm.org.pt\/leiria\/#organization"},"potentialAction":[{"@type":"SearchAction","target":{"@type":"EntryPoint","urlTemplate":"https:\/\/comarcas.csm.org.pt\/leiria\/?s={search_term_string}"},"query-input":{"@type":"PropertyValueSpecification","valueRequired":true,"valueName":"search_term_string"}}],"inLanguage":"pt-PT"},{"@type":"Organization","@id":"https:\/\/comarcas.csm.org.pt\/leiria\/#organization","name":"Tribunal Judicial da Comarca de Leiria","url":"https:\/\/comarcas.csm.org.pt\/leiria\/","logo":{"@type":"ImageObject","inLanguage":"pt-PT","@id":"https:\/\/comarcas.csm.org.pt\/leiria\/#\/schema\/logo\/image\/","url":"https:\/\/comarcas.csm.org.pt\/leiria\/wp-content\/uploads\/sites\/16\/2024\/11\/Leiria_positivo-horizontal.png","contentUrl":"https:\/\/comarcas.csm.org.pt\/leiria\/wp-content\/uploads\/sites\/16\/2024\/11\/Leiria_positivo-horizontal.png","width":5088,"height":890,"caption":"Tribunal Judicial da Comarca de Leiria"},"image":{"@id":"https:\/\/comarcas.csm.org.pt\/leiria\/#\/schema\/logo\/image\/"}},{"@type":"Person","@id":"https:\/\/comarcas.csm.org.pt\/leiria\/#\/schema\/person\/9057b6fbd670d5a2e931712cd357d806","name":"leiria","image":{"@type":"ImageObject","inLanguage":"pt-PT","@id":"https:\/\/comarcas.csm.org.pt\/leiria\/#\/schema\/person\/image\/","url":"https:\/\/secure.gravatar.com\/avatar\/399a72a2630b07d71a4e0167744303361d26ed8a993be2c5686bbe5ff44b469f?s=96&d=mm&r=g","contentUrl":"https:\/\/secure.gravatar.com\/avatar\/399a72a2630b07d71a4e0167744303361d26ed8a993be2c5686bbe5ff44b469f?s=96&d=mm&r=g","caption":"leiria"},"url":"https:\/\/comarcas.csm.org.pt\/leiria\/blog\/author\/leiria\/"}]}},"_links":{"self":[{"href":"https:\/\/comarcas.csm.org.pt\/leiria\/wp-json\/wp\/v2\/posts\/12127","targetHints":{"allow":["GET"]}}],"collection":[{"href":"https:\/\/comarcas.csm.org.pt\/leiria\/wp-json\/wp\/v2\/posts"}],"about":[{"href":"https:\/\/comarcas.csm.org.pt\/leiria\/wp-json\/wp\/v2\/types\/post"}],"author":[{"embeddable":true,"href":"https:\/\/comarcas.csm.org.pt\/leiria\/wp-json\/wp\/v2\/users\/16"}],"replies":[{"embeddable":true,"href":"https:\/\/comarcas.csm.org.pt\/leiria\/wp-json\/wp\/v2\/comments?post=12127"}],"version-history":[{"count":1,"href":"https:\/\/comarcas.csm.org.pt\/leiria\/wp-json\/wp\/v2\/posts\/12127\/revisions"}],"predecessor-version":[{"id":12128,"href":"https:\/\/comarcas.csm.org.pt\/leiria\/wp-json\/wp\/v2\/posts\/12127\/revisions\/12128"}],"wp:attachment":[{"href":"https:\/\/comarcas.csm.org.pt\/leiria\/wp-json\/wp\/v2\/media?parent=12127"}],"wp:term":[{"taxonomy":"category","embeddable":true,"href":"https:\/\/comarcas.csm.org.pt\/leiria\/wp-json\/wp\/v2\/categories?post=12127"},{"taxonomy":"post_tag","embeddable":true,"href":"https:\/\/comarcas.csm.org.pt\/leiria\/wp-json\/wp\/v2\/tags?post=12127"}],"curies":[{"name":"wp","href":"https:\/\/api.w.org\/{rel}","templated":true}]}}