{"id":12133,"date":"2025-05-23T15:31:05","date_gmt":"2025-05-23T15:31:05","guid":{"rendered":"https:\/\/comarcas.csm.org.pt\/leiria\/?p=12133"},"modified":"2025-05-27T15:14:38","modified_gmt":"2025-05-27T15:14:38","slug":"comarca-alerta-para-situacoes-de-inseguranca-no-palacio-da-justica-de-leiria","status":"publish","type":"post","link":"https:\/\/comarcas.csm.org.pt\/leiria\/blog\/2025\/05\/23\/comarca-alerta-para-situacoes-de-inseguranca-no-palacio-da-justica-de-leiria\/","title":{"rendered":"Comarca alerta para situa\u00e7\u00f5es de inseguran\u00e7a no Pal\u00e1cio da Justi\u00e7a de Leiria"},"content":{"rendered":"\n<p><strong><a href=\"https:\/\/www.rtp.pt\/noticias\/pais\/comarca-alerta-para-situacoes-de-inseguranca-no-palacio-da-justica-de-leiria_n1635031\">RTP Not\u00edcias, 17 de fevereiro de 2025<\/a><\/strong><\/p>\n\n\n\n<p><strong>Ag\u00eancia Lusa<\/strong><\/p>\n\n\n\n<p>O relat\u00f3rio anual de 2024 do Tribunal Judicial da Comarca de Leiria alerta para situa\u00e7\u00f5es de inseguran\u00e7a em rela\u00e7\u00e3o a magistrados, funcion\u00e1rios e utentes do Pal\u00e1cio da Justi\u00e7a de Leiria, e considera essencial presen\u00e7a policial permanente.<\/p>\n\n\n\n<p>&#8220;Continua a entender-se ser essencial a presen\u00e7a policial, em perman\u00eancia, no edif\u00edcio do Pal\u00e1cio de Justi\u00e7a de Leiria&#8221;, onde t\u00eam ocorrido algumas situa\u00e7\u00f5es de inseguran\u00e7a, quer em rela\u00e7\u00e3o a magistrados, por exemplo na leitura de ac\u00f3rd\u00e3os, quer a funcion\u00e1rios que a\u00ed trabalham e \u00e0s pessoas que ali se deslocam, l\u00ea-se no relat\u00f3rio, assinado pela ju\u00edza presidente da Comarca, Teresa Oliveira.<\/p>\n\n\n\n<p>O documento, com parecer positivo do Conselho Consultivo e aprovado pelo Conselho de Gest\u00e3o da Comarca de Leiria, na sexta-feira, refere que, em 21 de julho de 2023, o Pal\u00e1cio da Justi\u00e7a de Leiria, &#8220;onde decorrem todos os interrogat\u00f3rios judiciais da compet\u00eancia da Comarca e se realizam os julgamentos respeitantes aos crimes mais graves e mais violentos&#8221;, deixou de ter policiamento da Pol\u00edcia de Seguran\u00e7a P\u00fablica.<\/p>\n\n\n\n<p>Segundo o relat\u00f3rio, a aus\u00eancia de policiamento, &#8220;aliada \u00e0 falta de condi\u00e7\u00f5es de seguran\u00e7a do pr\u00f3prio edif\u00edcio&#8221;, sem sistema de videovigil\u00e2ncia, &#8220;completamente sobrelotado e claramente insuficiente para albergar todos os servi\u00e7os que ali funcionam&#8221;, gera diariamente &#8220;profunda preocupa\u00e7\u00e3o quanto \u00e0 seguran\u00e7a (vida e integridade f\u00edsica), n\u00e3o apenas de quem nele trabalha, mas tamb\u00e9m de todos os utentes dos seus servi\u00e7os&#8221;.<\/p>\n\n\n\n<p>Por outro lado, o Pal\u00e1cio da Justi\u00e7a de Leiria, onde funcionam os ju\u00edzos Central Criminal, Instru\u00e7\u00e3o Criminal, Local Criminal, os servi\u00e7os do Minist\u00e9rio P\u00fablico e a Unidade Central e do Servi\u00e7o Externo, &#8220;h\u00e1 muito que se encontra sobrelotado&#8221;, al\u00e9m de que &#8220;apresenta problemas de infiltra\u00e7\u00f5es, a necessitar de obras de repara\u00e7\u00e3o e de manuten\u00e7\u00e3o da cobertura, da responsabilidade do IGFEJ [Instituto de Gest\u00e3o Financeira e Equipamentos da Justi\u00e7a]&#8221;.<\/p>\n\n\n\n<p>Esta entidade tamb\u00e9m tem a compet\u00eancia das obras para suprimir &#8220;as barreiras arquitet\u00f3nicas existentes nos balc\u00f5es de atendimento e nas salas de audi\u00eancia&#8221;.<\/p>\n\n\n\n<p>Sobrelota\u00e7\u00e3o, infiltra\u00e7\u00f5es ou falta de acessibilidades s\u00e3o problemas igualmente diagnosticados noutros edif\u00edcios da Comarca, que abrange o distrito de Leiria, assim como aus\u00eancia de sistemas de dete\u00e7\u00e3o de inc\u00eandios ou climatiza\u00e7\u00e3o ou p\u00f3rticos detetores de metais.<\/p>\n\n\n\n<p>Situa\u00e7\u00f5es como estas foram identificadas noutros relat\u00f3rios anuais.<\/p>\n\n\n\n<p>No caso das acessibilidades, o relat\u00f3rio lembra que o Minist\u00e9rio da Justi\u00e7a e o IGFEJ, numa a\u00e7\u00e3o movida pela Associa\u00e7\u00e3o Salvador, foram condenados, em novembro de 2024, a &#8220;adotar os comportamentos necess\u00e1rios ao cumprimento das normas t\u00e9cnicas de acessibilidade&#8221; em v\u00e1rios tribunais da cidade.<\/p>\n\n\n\n<p>&#8220;Aguarda-se a a\u00e7\u00e3o, por parte do IGFEJ, no sentido de (&#8230;) proceder ao levantamento das obras a realizar para cabal cumprimento&#8221; da senten\u00e7a.<\/p>\n\n\n\n<p>Neste aspeto, nota que t\u00eam sido transmitidas e formalizadas &#8220;reclama\u00e7\u00f5es de utentes e\/ou advogados quanto \u00e0s dificuldades &#8211; ou mesmo impossibilidade &#8211; de acesso ao interior do edif\u00edcio em que se encontra instalado o Ju\u00edzo Local C\u00edvel de Leiria&#8221; (antigo BNU).<\/p>\n\n\n\n<p>Em mat\u00e9ria de instala\u00e7\u00f5es, entre as v\u00e1rias iniciativas que a Comarca de Leiria se compromete diligenciar, est\u00e1, especificamente no caso da cidade de Leiria, a constru\u00e7\u00e3o de um novo Pal\u00e1cio da Justi\u00e7a, contemplado no plano plurianual de investimentos na \u00e1rea da justi\u00e7a 2023-2027.<\/p>\n\n\n\n<p>Em setembro de 2023, o Governo, liderado pelo socialista Ant\u00f3nio Costa, aprovou, num Conselho de Ministros descentralizado em Leiria, aquele plano plurianual, tendo na ocasi\u00e3o a ministra Mariana Vieira da Silva referido que o plano inclu\u00eda para o distrito de Leiria um investimento de 18 milh\u00f5es de euros, dos quais 12 milh\u00f5es de euros para o tribunal.<\/p>\n\n\n\n<p>A Comarca acrescenta n\u00e3o haver &#8220;qualquer ind\u00edcio conhecido, por parte do atual Governo, que tal venha a suceder&#8221;.<\/p>\n","protected":false},"excerpt":{"rendered":"<p>RTP Not\u00edcias, 17 de fevereiro de 2025 Ag\u00eancia Lusa O relat\u00f3rio anual de 2024 do Tribunal Judicial da Comarca de Leiria alerta para situa\u00e7\u00f5es de inseguran\u00e7a em rela\u00e7\u00e3o a magistrados, funcion\u00e1rios e utentes do Pal\u00e1cio&#8230;<\/p>\n","protected":false},"author":16,"featured_media":0,"comment_status":"closed","ping_status":"open","sticky":false,"template":"","format":"standard","meta":{"_tbt_post_transparent":"","_tbt_post_title":"","_tbt_post_layout":"","_tbt_post_sidebar_id":"","_tbt_post_content_style":"","_tbt_post_vertical_padding":"","_tbt_post_feature":"","_tbt_post_feature_position":"","_tbt_post_header":false,"_tbt_post_footer":false},"categories":[1,5],"tags":[],"class_list":["post-12133","post","type-post","status-publish","format-standard","hentry","category-geral","category-noticias"],"yoast_head":"<!-- This site is optimized with the Yoast SEO plugin v25.6 - https:\/\/yoast.com\/wordpress\/plugins\/seo\/ -->\n<title>Comarca alerta para situa\u00e7\u00f5es de inseguran\u00e7a no Pal\u00e1cio da Justi\u00e7a de Leiria - Tribunal Judicial da Comarca de Leiria<\/title>\n<meta name=\"robots\" content=\"index, follow, max-snippet:-1, max-image-preview:large, max-video-preview:-1\" \/>\n<link rel=\"canonical\" href=\"https:\/\/comarcas.csm.org.pt\/leiria\/blog\/2025\/05\/23\/comarca-alerta-para-situacoes-de-inseguranca-no-palacio-da-justica-de-leiria\/\" \/>\n<meta property=\"og:locale\" content=\"pt_PT\" \/>\n<meta property=\"og:type\" content=\"article\" \/>\n<meta property=\"og:title\" content=\"Comarca alerta para situa\u00e7\u00f5es de inseguran\u00e7a no Pal\u00e1cio da Justi\u00e7a de Leiria - Tribunal Judicial da Comarca de Leiria\" \/>\n<meta property=\"og:description\" content=\"RTP Not\u00edcias, 17 de fevereiro de 2025 Ag\u00eancia Lusa O relat\u00f3rio anual de 2024 do Tribunal Judicial da Comarca de Leiria alerta para situa\u00e7\u00f5es de inseguran\u00e7a em rela\u00e7\u00e3o a magistrados, funcion\u00e1rios e utentes do Pal\u00e1cio...\" \/>\n<meta property=\"og:url\" content=\"https:\/\/comarcas.csm.org.pt\/leiria\/blog\/2025\/05\/23\/comarca-alerta-para-situacoes-de-inseguranca-no-palacio-da-justica-de-leiria\/\" \/>\n<meta property=\"og:site_name\" content=\"Tribunal Judicial da Comarca de Leiria\" \/>\n<meta property=\"article:published_time\" content=\"2025-05-23T15:31:05+00:00\" \/>\n<meta property=\"article:modified_time\" content=\"2025-05-27T15:14:38+00:00\" \/>\n<meta name=\"author\" content=\"leiria\" \/>\n<meta name=\"twitter:card\" content=\"summary_large_image\" \/>\n<meta name=\"twitter:label1\" content=\"Escrito por\" \/>\n\t<meta name=\"twitter:data1\" content=\"leiria\" \/>\n\t<meta name=\"twitter:label2\" content=\"Tempo estimado de leitura\" \/>\n\t<meta name=\"twitter:data2\" content=\"4 minutos\" \/>\n<script type=\"application\/ld+json\" class=\"yoast-schema-graph\">{\"@context\":\"https:\/\/schema.org\",\"@graph\":[{\"@type\":\"Article\",\"@id\":\"https:\/\/comarcas.csm.org.pt\/leiria\/blog\/2025\/05\/23\/comarca-alerta-para-situacoes-de-inseguranca-no-palacio-da-justica-de-leiria\/#article\",\"isPartOf\":{\"@id\":\"https:\/\/comarcas.csm.org.pt\/leiria\/blog\/2025\/05\/23\/comarca-alerta-para-situacoes-de-inseguranca-no-palacio-da-justica-de-leiria\/\"},\"author\":{\"name\":\"leiria\",\"@id\":\"https:\/\/comarcas.csm.org.pt\/leiria\/#\/schema\/person\/9057b6fbd670d5a2e931712cd357d806\"},\"headline\":\"Comarca alerta para situa\u00e7\u00f5es de inseguran\u00e7a no Pal\u00e1cio da Justi\u00e7a de Leiria\",\"datePublished\":\"2025-05-23T15:31:05+00:00\",\"dateModified\":\"2025-05-27T15:14:38+00:00\",\"mainEntityOfPage\":{\"@id\":\"https:\/\/comarcas.csm.org.pt\/leiria\/blog\/2025\/05\/23\/comarca-alerta-para-situacoes-de-inseguranca-no-palacio-da-justica-de-leiria\/\"},\"wordCount\":703,\"publisher\":{\"@id\":\"https:\/\/comarcas.csm.org.pt\/leiria\/#organization\"},\"articleSection\":[\"Geral\",\"Not\u00edcias\"],\"inLanguage\":\"pt-PT\"},{\"@type\":\"WebPage\",\"@id\":\"https:\/\/comarcas.csm.org.pt\/leiria\/blog\/2025\/05\/23\/comarca-alerta-para-situacoes-de-inseguranca-no-palacio-da-justica-de-leiria\/\",\"url\":\"https:\/\/comarcas.csm.org.pt\/leiria\/blog\/2025\/05\/23\/comarca-alerta-para-situacoes-de-inseguranca-no-palacio-da-justica-de-leiria\/\",\"name\":\"Comarca alerta para situa\u00e7\u00f5es de inseguran\u00e7a no Pal\u00e1cio da Justi\u00e7a de Leiria - Tribunal Judicial da Comarca de Leiria\",\"isPartOf\":{\"@id\":\"https:\/\/comarcas.csm.org.pt\/leiria\/#website\"},\"datePublished\":\"2025-05-23T15:31:05+00:00\",\"dateModified\":\"2025-05-27T15:14:38+00:00\",\"breadcrumb\":{\"@id\":\"https:\/\/comarcas.csm.org.pt\/leiria\/blog\/2025\/05\/23\/comarca-alerta-para-situacoes-de-inseguranca-no-palacio-da-justica-de-leiria\/#breadcrumb\"},\"inLanguage\":\"pt-PT\",\"potentialAction\":[{\"@type\":\"ReadAction\",\"target\":[\"https:\/\/comarcas.csm.org.pt\/leiria\/blog\/2025\/05\/23\/comarca-alerta-para-situacoes-de-inseguranca-no-palacio-da-justica-de-leiria\/\"]}]},{\"@type\":\"BreadcrumbList\",\"@id\":\"https:\/\/comarcas.csm.org.pt\/leiria\/blog\/2025\/05\/23\/comarca-alerta-para-situacoes-de-inseguranca-no-palacio-da-justica-de-leiria\/#breadcrumb\",\"itemListElement\":[{\"@type\":\"ListItem\",\"position\":1,\"name\":\"In\u00edcio\",\"item\":\"https:\/\/comarcas.csm.org.pt\/leiria\/\"},{\"@type\":\"ListItem\",\"position\":2,\"name\":\"Comarca alerta para situa\u00e7\u00f5es de inseguran\u00e7a no Pal\u00e1cio da Justi\u00e7a de Leiria\"}]},{\"@type\":\"WebSite\",\"@id\":\"https:\/\/comarcas.csm.org.pt\/leiria\/#website\",\"url\":\"https:\/\/comarcas.csm.org.pt\/leiria\/\",\"name\":\"Tribunal Judicial da Comarca de Leiria\",\"description\":\"Tribunal Judicial da Comarca de Aveiro\",\"publisher\":{\"@id\":\"https:\/\/comarcas.csm.org.pt\/leiria\/#organization\"},\"potentialAction\":[{\"@type\":\"SearchAction\",\"target\":{\"@type\":\"EntryPoint\",\"urlTemplate\":\"https:\/\/comarcas.csm.org.pt\/leiria\/?s={search_term_string}\"},\"query-input\":{\"@type\":\"PropertyValueSpecification\",\"valueRequired\":true,\"valueName\":\"search_term_string\"}}],\"inLanguage\":\"pt-PT\"},{\"@type\":\"Organization\",\"@id\":\"https:\/\/comarcas.csm.org.pt\/leiria\/#organization\",\"name\":\"Tribunal Judicial da Comarca de Leiria\",\"url\":\"https:\/\/comarcas.csm.org.pt\/leiria\/\",\"logo\":{\"@type\":\"ImageObject\",\"inLanguage\":\"pt-PT\",\"@id\":\"https:\/\/comarcas.csm.org.pt\/leiria\/#\/schema\/logo\/image\/\",\"url\":\"https:\/\/comarcas.csm.org.pt\/leiria\/wp-content\/uploads\/sites\/16\/2024\/11\/Leiria_positivo-horizontal.png\",\"contentUrl\":\"https:\/\/comarcas.csm.org.pt\/leiria\/wp-content\/uploads\/sites\/16\/2024\/11\/Leiria_positivo-horizontal.png\",\"width\":5088,\"height\":890,\"caption\":\"Tribunal Judicial da Comarca de Leiria\"},\"image\":{\"@id\":\"https:\/\/comarcas.csm.org.pt\/leiria\/#\/schema\/logo\/image\/\"}},{\"@type\":\"Person\",\"@id\":\"https:\/\/comarcas.csm.org.pt\/leiria\/#\/schema\/person\/9057b6fbd670d5a2e931712cd357d806\",\"name\":\"leiria\",\"image\":{\"@type\":\"ImageObject\",\"inLanguage\":\"pt-PT\",\"@id\":\"https:\/\/comarcas.csm.org.pt\/leiria\/#\/schema\/person\/image\/\",\"url\":\"https:\/\/secure.gravatar.com\/avatar\/399a72a2630b07d71a4e0167744303361d26ed8a993be2c5686bbe5ff44b469f?s=96&d=mm&r=g\",\"contentUrl\":\"https:\/\/secure.gravatar.com\/avatar\/399a72a2630b07d71a4e0167744303361d26ed8a993be2c5686bbe5ff44b469f?s=96&d=mm&r=g\",\"caption\":\"leiria\"},\"url\":\"https:\/\/comarcas.csm.org.pt\/leiria\/blog\/author\/leiria\/\"}]}<\/script>\n<!-- \/ Yoast SEO plugin. -->","yoast_head_json":{"title":"Comarca alerta para situa\u00e7\u00f5es de inseguran\u00e7a no Pal\u00e1cio da Justi\u00e7a de Leiria - Tribunal Judicial da Comarca de Leiria","robots":{"index":"index","follow":"follow","max-snippet":"max-snippet:-1","max-image-preview":"max-image-preview:large","max-video-preview":"max-video-preview:-1"},"canonical":"https:\/\/comarcas.csm.org.pt\/leiria\/blog\/2025\/05\/23\/comarca-alerta-para-situacoes-de-inseguranca-no-palacio-da-justica-de-leiria\/","og_locale":"pt_PT","og_type":"article","og_title":"Comarca alerta para situa\u00e7\u00f5es de inseguran\u00e7a no Pal\u00e1cio da Justi\u00e7a de Leiria - Tribunal Judicial da Comarca de Leiria","og_description":"RTP Not\u00edcias, 17 de fevereiro de 2025 Ag\u00eancia Lusa O relat\u00f3rio anual de 2024 do Tribunal Judicial da Comarca de Leiria alerta para situa\u00e7\u00f5es de inseguran\u00e7a em rela\u00e7\u00e3o a magistrados, funcion\u00e1rios e utentes do Pal\u00e1cio...","og_url":"https:\/\/comarcas.csm.org.pt\/leiria\/blog\/2025\/05\/23\/comarca-alerta-para-situacoes-de-inseguranca-no-palacio-da-justica-de-leiria\/","og_site_name":"Tribunal Judicial da Comarca de Leiria","article_published_time":"2025-05-23T15:31:05+00:00","article_modified_time":"2025-05-27T15:14:38+00:00","author":"leiria","twitter_card":"summary_large_image","twitter_misc":{"Escrito por":"leiria","Tempo estimado de leitura":"4 minutos"},"schema":{"@context":"https:\/\/schema.org","@graph":[{"@type":"Article","@id":"https:\/\/comarcas.csm.org.pt\/leiria\/blog\/2025\/05\/23\/comarca-alerta-para-situacoes-de-inseguranca-no-palacio-da-justica-de-leiria\/#article","isPartOf":{"@id":"https:\/\/comarcas.csm.org.pt\/leiria\/blog\/2025\/05\/23\/comarca-alerta-para-situacoes-de-inseguranca-no-palacio-da-justica-de-leiria\/"},"author":{"name":"leiria","@id":"https:\/\/comarcas.csm.org.pt\/leiria\/#\/schema\/person\/9057b6fbd670d5a2e931712cd357d806"},"headline":"Comarca alerta para situa\u00e7\u00f5es de inseguran\u00e7a no Pal\u00e1cio da Justi\u00e7a de Leiria","datePublished":"2025-05-23T15:31:05+00:00","dateModified":"2025-05-27T15:14:38+00:00","mainEntityOfPage":{"@id":"https:\/\/comarcas.csm.org.pt\/leiria\/blog\/2025\/05\/23\/comarca-alerta-para-situacoes-de-inseguranca-no-palacio-da-justica-de-leiria\/"},"wordCount":703,"publisher":{"@id":"https:\/\/comarcas.csm.org.pt\/leiria\/#organization"},"articleSection":["Geral","Not\u00edcias"],"inLanguage":"pt-PT"},{"@type":"WebPage","@id":"https:\/\/comarcas.csm.org.pt\/leiria\/blog\/2025\/05\/23\/comarca-alerta-para-situacoes-de-inseguranca-no-palacio-da-justica-de-leiria\/","url":"https:\/\/comarcas.csm.org.pt\/leiria\/blog\/2025\/05\/23\/comarca-alerta-para-situacoes-de-inseguranca-no-palacio-da-justica-de-leiria\/","name":"Comarca alerta para situa\u00e7\u00f5es de inseguran\u00e7a no Pal\u00e1cio da Justi\u00e7a de Leiria - Tribunal Judicial da Comarca de Leiria","isPartOf":{"@id":"https:\/\/comarcas.csm.org.pt\/leiria\/#website"},"datePublished":"2025-05-23T15:31:05+00:00","dateModified":"2025-05-27T15:14:38+00:00","breadcrumb":{"@id":"https:\/\/comarcas.csm.org.pt\/leiria\/blog\/2025\/05\/23\/comarca-alerta-para-situacoes-de-inseguranca-no-palacio-da-justica-de-leiria\/#breadcrumb"},"inLanguage":"pt-PT","potentialAction":[{"@type":"ReadAction","target":["https:\/\/comarcas.csm.org.pt\/leiria\/blog\/2025\/05\/23\/comarca-alerta-para-situacoes-de-inseguranca-no-palacio-da-justica-de-leiria\/"]}]},{"@type":"BreadcrumbList","@id":"https:\/\/comarcas.csm.org.pt\/leiria\/blog\/2025\/05\/23\/comarca-alerta-para-situacoes-de-inseguranca-no-palacio-da-justica-de-leiria\/#breadcrumb","itemListElement":[{"@type":"ListItem","position":1,"name":"In\u00edcio","item":"https:\/\/comarcas.csm.org.pt\/leiria\/"},{"@type":"ListItem","position":2,"name":"Comarca alerta para situa\u00e7\u00f5es de inseguran\u00e7a no Pal\u00e1cio da Justi\u00e7a de Leiria"}]},{"@type":"WebSite","@id":"https:\/\/comarcas.csm.org.pt\/leiria\/#website","url":"https:\/\/comarcas.csm.org.pt\/leiria\/","name":"Tribunal Judicial da Comarca de Leiria","description":"Tribunal Judicial da Comarca de Aveiro","publisher":{"@id":"https:\/\/comarcas.csm.org.pt\/leiria\/#organization"},"potentialAction":[{"@type":"SearchAction","target":{"@type":"EntryPoint","urlTemplate":"https:\/\/comarcas.csm.org.pt\/leiria\/?s={search_term_string}"},"query-input":{"@type":"PropertyValueSpecification","valueRequired":true,"valueName":"search_term_string"}}],"inLanguage":"pt-PT"},{"@type":"Organization","@id":"https:\/\/comarcas.csm.org.pt\/leiria\/#organization","name":"Tribunal Judicial da Comarca de Leiria","url":"https:\/\/comarcas.csm.org.pt\/leiria\/","logo":{"@type":"ImageObject","inLanguage":"pt-PT","@id":"https:\/\/comarcas.csm.org.pt\/leiria\/#\/schema\/logo\/image\/","url":"https:\/\/comarcas.csm.org.pt\/leiria\/wp-content\/uploads\/sites\/16\/2024\/11\/Leiria_positivo-horizontal.png","contentUrl":"https:\/\/comarcas.csm.org.pt\/leiria\/wp-content\/uploads\/sites\/16\/2024\/11\/Leiria_positivo-horizontal.png","width":5088,"height":890,"caption":"Tribunal Judicial da Comarca de Leiria"},"image":{"@id":"https:\/\/comarcas.csm.org.pt\/leiria\/#\/schema\/logo\/image\/"}},{"@type":"Person","@id":"https:\/\/comarcas.csm.org.pt\/leiria\/#\/schema\/person\/9057b6fbd670d5a2e931712cd357d806","name":"leiria","image":{"@type":"ImageObject","inLanguage":"pt-PT","@id":"https:\/\/comarcas.csm.org.pt\/leiria\/#\/schema\/person\/image\/","url":"https:\/\/secure.gravatar.com\/avatar\/399a72a2630b07d71a4e0167744303361d26ed8a993be2c5686bbe5ff44b469f?s=96&d=mm&r=g","contentUrl":"https:\/\/secure.gravatar.com\/avatar\/399a72a2630b07d71a4e0167744303361d26ed8a993be2c5686bbe5ff44b469f?s=96&d=mm&r=g","caption":"leiria"},"url":"https:\/\/comarcas.csm.org.pt\/leiria\/blog\/author\/leiria\/"}]}},"_links":{"self":[{"href":"https:\/\/comarcas.csm.org.pt\/leiria\/wp-json\/wp\/v2\/posts\/12133","targetHints":{"allow":["GET"]}}],"collection":[{"href":"https:\/\/comarcas.csm.org.pt\/leiria\/wp-json\/wp\/v2\/posts"}],"about":[{"href":"https:\/\/comarcas.csm.org.pt\/leiria\/wp-json\/wp\/v2\/types\/post"}],"author":[{"embeddable":true,"href":"https:\/\/comarcas.csm.org.pt\/leiria\/wp-json\/wp\/v2\/users\/16"}],"replies":[{"embeddable":true,"href":"https:\/\/comarcas.csm.org.pt\/leiria\/wp-json\/wp\/v2\/comments?post=12133"}],"version-history":[{"count":1,"href":"https:\/\/comarcas.csm.org.pt\/leiria\/wp-json\/wp\/v2\/posts\/12133\/revisions"}],"predecessor-version":[{"id":12134,"href":"https:\/\/comarcas.csm.org.pt\/leiria\/wp-json\/wp\/v2\/posts\/12133\/revisions\/12134"}],"wp:attachment":[{"href":"https:\/\/comarcas.csm.org.pt\/leiria\/wp-json\/wp\/v2\/media?parent=12133"}],"wp:term":[{"taxonomy":"category","embeddable":true,"href":"https:\/\/comarcas.csm.org.pt\/leiria\/wp-json\/wp\/v2\/categories?post=12133"},{"taxonomy":"post_tag","embeddable":true,"href":"https:\/\/comarcas.csm.org.pt\/leiria\/wp-json\/wp\/v2\/tags?post=12133"}],"curies":[{"name":"wp","href":"https:\/\/api.w.org\/{rel}","templated":true}]}}