{"id":12147,"date":"2025-05-23T16:01:17","date_gmt":"2025-05-23T16:01:17","guid":{"rendered":"https:\/\/comarcas.csm.org.pt\/leiria\/?p=12147"},"modified":"2025-05-27T15:15:06","modified_gmt":"2025-05-27T15:15:06","slug":"comarca-de-leiria-terminou-2024-com-menos-62-oficiais-de-justica-do-que-o-quadro-legal","status":"publish","type":"post","link":"https:\/\/comarcas.csm.org.pt\/leiria\/blog\/2025\/05\/23\/comarca-de-leiria-terminou-2024-com-menos-62-oficiais-de-justica-do-que-o-quadro-legal\/","title":{"rendered":"Comarca de Leiria terminou 2024 com menos 62 oficiais de justi\u00e7a do que o quadro\u00a0legal"},"content":{"rendered":"\n<p><strong><a href=\"https:\/\/observador.pt\/2025\/02\/17\/comarca-de-leiria-terminou-2024-com-menos-62-oficiais-de-justica-do-que-o-quadro-legal\/\">\u00a0In \u201cObservador\u201d, 17 de fevereiro de 2025<\/a><\/strong><\/p>\n\n\n\n<p><strong>Ag\u00eancia Lusa<\/strong><\/p>\n\n\n\n<p>O quadro real de oficiais de justi\u00e7a na Comarca de Leiria era, em 31 de dezembro de 2024, de 260, havendo um d\u00e9fice de 19,25% destes profissionais, um cen\u00e1rio que se foi assistindo ao longo do ano.<\/p>\n\n\n\n<figure class=\"wp-block-image size-full\"><img fetchpriority=\"high\" decoding=\"async\" width=\"709\" height=\"398\" src=\"https:\/\/comarcas.csm.org.pt\/leiria\/wp-content\/uploads\/sites\/16\/2025\/05\/image-1.jpeg\" alt=\"\" class=\"wp-image-12148\" srcset=\"https:\/\/comarcas.csm.org.pt\/leiria\/wp-content\/uploads\/sites\/16\/2025\/05\/image-1.jpeg 709w, https:\/\/comarcas.csm.org.pt\/leiria\/wp-content\/uploads\/sites\/16\/2025\/05\/image-1-300x168.jpeg 300w\" sizes=\"(max-width: 709px) 100vw, 709px\" \/><\/figure>\n\n\n\n<p>A Comarca de Leiria tinha no final de 2024 menos 62 oficiais de justi\u00e7a do que o seu quadro legal, que \u00e9 de 322, segundo o relat\u00f3rio anual, que classifica como inaceit\u00e1vel o subdimensionamento.<\/p>\n\n\n\n<p>De acordo com o documento,&nbsp;<strong>o quadro real de oficiais de justi\u00e7a era, em 31 de dezembro de 2024, de 260, havendo um d\u00e9fice de 19,25% destes profissionais.<\/strong><\/p>\n\n\n\n<p>\u201cContinuou a verificar-se, ao longo do ano, de forma cada vez mais sens\u00edvel e grave, a vacatura de lugares no quadro de oficiais de justi\u00e7a\u201d, sustenta o relat\u00f3rio, que atribui esta situa\u00e7\u00e3o aos \u201cmovimentos (essencialmente internos, com uma admiss\u00e3o manifestamente insuficiente de novos funcion\u00e1rios)\u201d, assim como \u00e0s aposenta\u00e7\u00f5es e pedidos de exonera\u00e7\u00e3o.<\/p>\n\n\n\n<p>Aus\u00eancias e comiss\u00f5es\/dispensa de servi\u00e7o, destacamentos extraordin\u00e1rios e sa\u00edda de funcion\u00e1rios ao abrigo do regime de mobilidade e por concurso para outros servi\u00e7os da administra\u00e7\u00e3o p\u00fablica s\u00e3o outras causas apresentadas no documento, assinado pela ju\u00edza presidente do Tribunal Judicial da Comarca de Leiria, Teresa Oliveira.<\/p>\n\n\n\n<p>Para a Comarca, o quadro legal j\u00e1 \u00e9 \u201cclaramente insuficiente para responder, adequadamente, ao desejo de presta\u00e7\u00e3o de um servi\u00e7o expedito e de qualidade ao cidad\u00e3o, sendo o quadro real cada vez mais deficit\u00e1rio\u201d.<\/p>\n\n\n\n<p>A realidade \u00e9 ainda mais preocupante se se atender \u00e0 m\u00e9dia et\u00e1ria dos oficiais de justi\u00e7a, observa o documento.<\/p>\n\n\n\n<p><strong>Entre os 260 oficiais de justi\u00e7a em fun\u00e7\u00f5es no final de 2024, 142 tinham mais de 55 anos,<\/strong>&nbsp;\u201cestando 59 deles entre os 60 e os 64 anos e 20 outros com mais de 65 anos\u201d.<\/p>\n\n\n\n<p>Para a Comarca, o quadro legal j\u00e1 \u00e9 \u201cclaramente insuficiente para responder, adequadamente, ao desejo de presta\u00e7\u00e3o de um servi\u00e7o expedito e de qualidade ao cidad\u00e3o, sendo o quadro real cada vez mais deficit\u00e1rio\u201d.<\/p>\n\n\n\n<p>A realidade \u00e9 ainda mais preocupante se se atender \u00e0 m\u00e9dia et\u00e1ria dos oficiais de justi\u00e7a, observa o documento.<\/p>\n\n\n\n<p><strong>Entre os 260 oficiais de justi\u00e7a em fun\u00e7\u00f5es no final de 2024, 142 tinham mais de 55 anos,<\/strong>&nbsp;\u201cestando 59 deles entre os 60 e os 64 anos e 20 outros com mais de 65 anos\u201d.<\/p>\n\n\n\n<p>Segundo a Comarca,&nbsp;<strong>\u201ca situa\u00e7\u00e3o foi de tal modo s\u00e9ria que, no ano em an\u00e1lise, existiram v\u00e1rios servi\u00e7os da secretaria<\/strong>&nbsp;que entraram em rutura por insufici\u00eancia de funcion\u00e1rios, situa\u00e7\u00f5es essas que apenas se conseguiram debelar com o recurso a medidas de recoloca\u00e7\u00e3o de oficiais de justi\u00e7a (entre n\u00facleos) ou de cumprimento, pelas secretarias de alguns ju\u00edzos, de processos de outros ju\u00edzos\u201d.<\/p>\n\n\n\n<p>No final de janeiro, passaram a trabalhar na Comarca de Leiria 24 novos oficiais de justi\u00e7a. No total, foram colocados 27, tendo at\u00e9 sexta-feira desistido tr\u00eas.<\/p>\n\n\n\n<p>O relat\u00f3rio real\u00e7a, contudo, que este refor\u00e7o, apesar de \u201cmuito bem-vindo, n\u00e3o colmatar\u00e1, minimamente,&nbsp;<strong>o problema que se vem, sistematicamente, assinalando<\/strong>\u201d nos anteriores relat\u00f3rios.<\/p>\n\n\n\n<p>Por outro lado, tamb\u00e9m \u201cn\u00e3o impedir\u00e1 que se se venha a agravar\u201d, perspetivando-se num futuro pr\u00f3ximo \u201cuma situa\u00e7\u00e3o de inefici\u00eancia de alguns servi\u00e7os\u201d, devido \u00e0s vagas dos quadros de chefia que n\u00e3o est\u00e3o preenchidas, \u201ca par do significativo n\u00famero de funcion\u00e1rios que j\u00e1 atingiram ou est\u00e3o prestes a atingir a idade e o tempo de servi\u00e7o exig\u00edveis para a respetiva aposenta\u00e7\u00e3o\u201d.<\/p>\n\n\n\n<p>\u201c(\u2026) Persiste a necessidade da admiss\u00e3o de novos oficiais de justi\u00e7a em n\u00famero suficiente para colmatar o d\u00e9fice atualmente existente\u201d, l\u00ea-se no documento.<\/p>\n\n\n\n<p>Paralelamente,&nbsp;<strong>\u00e9 necess\u00e1rio o \u201cefetivo preenchimento dos lugares de secret\u00e1rios de justi\u00e7a, de escriv\u00e3es de direito<\/strong>&nbsp;e de escriv\u00e3es adjuntos que se encontram vagos (ou cujos titulares exercem, na realidade, fun\u00e7\u00f5es fora da Comarca e que, por conseguinte, em nada acrescem a esta, em termos de recursos humanos), sendo inaceit\u00e1vel que se mantenha esta situa\u00e7\u00e3o de subdimensionamento e sub preenchimento de quadros\u201d.<\/p>\n\n\n\n<p><\/p>\n","protected":false},"excerpt":{"rendered":"<p>\u00a0In \u201cObservador\u201d, 17 de fevereiro de 2025 Ag\u00eancia Lusa O quadro real de oficiais de justi\u00e7a na Comarca de Leiria era, em 31 de dezembro de 2024, de 260, havendo um d\u00e9fice de 19,25% destes&#8230;<\/p>\n","protected":false},"author":16,"featured_media":12148,"comment_status":"closed","ping_status":"open","sticky":false,"template":"","format":"standard","meta":{"_tbt_post_transparent":"","_tbt_post_title":"","_tbt_post_layout":"","_tbt_post_sidebar_id":"","_tbt_post_content_style":"","_tbt_post_vertical_padding":"","_tbt_post_feature":"","_tbt_post_feature_position":"","_tbt_post_header":false,"_tbt_post_footer":false},"categories":[1],"tags":[],"class_list":["post-12147","post","type-post","status-publish","format-standard","has-post-thumbnail","hentry","category-geral"],"yoast_head":"<!-- This site is optimized with the Yoast SEO plugin v25.6 - https:\/\/yoast.com\/wordpress\/plugins\/seo\/ -->\n<title>Comarca de Leiria terminou 2024 com menos 62 oficiais de justi\u00e7a do que o quadro\u00a0legal - Tribunal Judicial da Comarca de Leiria<\/title>\n<meta name=\"robots\" content=\"index, follow, max-snippet:-1, max-image-preview:large, max-video-preview:-1\" \/>\n<link rel=\"canonical\" href=\"https:\/\/comarcas.csm.org.pt\/leiria\/blog\/2025\/05\/23\/comarca-de-leiria-terminou-2024-com-menos-62-oficiais-de-justica-do-que-o-quadro-legal\/\" \/>\n<meta property=\"og:locale\" content=\"pt_PT\" \/>\n<meta property=\"og:type\" content=\"article\" \/>\n<meta property=\"og:title\" content=\"Comarca de Leiria terminou 2024 com menos 62 oficiais de justi\u00e7a do que o quadro\u00a0legal - Tribunal Judicial da Comarca de Leiria\" \/>\n<meta property=\"og:description\" content=\"\u00a0In \u201cObservador\u201d, 17 de fevereiro de 2025 Ag\u00eancia Lusa O quadro real de oficiais de justi\u00e7a na Comarca de Leiria era, em 31 de dezembro de 2024, de 260, havendo um d\u00e9fice de 19,25% destes...\" \/>\n<meta property=\"og:url\" content=\"https:\/\/comarcas.csm.org.pt\/leiria\/blog\/2025\/05\/23\/comarca-de-leiria-terminou-2024-com-menos-62-oficiais-de-justica-do-que-o-quadro-legal\/\" \/>\n<meta property=\"og:site_name\" content=\"Tribunal Judicial da Comarca de Leiria\" \/>\n<meta property=\"article:published_time\" content=\"2025-05-23T16:01:17+00:00\" \/>\n<meta property=\"article:modified_time\" content=\"2025-05-27T15:15:06+00:00\" \/>\n<meta property=\"og:image\" content=\"https:\/\/comarcas.csm.org.pt\/leiria\/wp-content\/uploads\/sites\/16\/2025\/05\/image-1.jpeg\" \/>\n\t<meta property=\"og:image:width\" content=\"709\" \/>\n\t<meta property=\"og:image:height\" content=\"398\" \/>\n\t<meta property=\"og:image:type\" content=\"image\/jpeg\" \/>\n<meta name=\"author\" content=\"leiria\" \/>\n<meta name=\"twitter:card\" content=\"summary_large_image\" \/>\n<meta name=\"twitter:label1\" content=\"Escrito por\" \/>\n\t<meta name=\"twitter:data1\" content=\"leiria\" \/>\n\t<meta name=\"twitter:label2\" content=\"Tempo estimado de leitura\" \/>\n\t<meta name=\"twitter:data2\" content=\"4 minutos\" \/>\n<script type=\"application\/ld+json\" class=\"yoast-schema-graph\">{\"@context\":\"https:\/\/schema.org\",\"@graph\":[{\"@type\":\"Article\",\"@id\":\"https:\/\/comarcas.csm.org.pt\/leiria\/blog\/2025\/05\/23\/comarca-de-leiria-terminou-2024-com-menos-62-oficiais-de-justica-do-que-o-quadro-legal\/#article\",\"isPartOf\":{\"@id\":\"https:\/\/comarcas.csm.org.pt\/leiria\/blog\/2025\/05\/23\/comarca-de-leiria-terminou-2024-com-menos-62-oficiais-de-justica-do-que-o-quadro-legal\/\"},\"author\":{\"name\":\"leiria\",\"@id\":\"https:\/\/comarcas.csm.org.pt\/leiria\/#\/schema\/person\/9057b6fbd670d5a2e931712cd357d806\"},\"headline\":\"Comarca de Leiria terminou 2024 com menos 62 oficiais de justi\u00e7a do que o quadro\u00a0legal\",\"datePublished\":\"2025-05-23T16:01:17+00:00\",\"dateModified\":\"2025-05-27T15:15:06+00:00\",\"mainEntityOfPage\":{\"@id\":\"https:\/\/comarcas.csm.org.pt\/leiria\/blog\/2025\/05\/23\/comarca-de-leiria-terminou-2024-com-menos-62-oficiais-de-justica-do-que-o-quadro-legal\/\"},\"wordCount\":715,\"publisher\":{\"@id\":\"https:\/\/comarcas.csm.org.pt\/leiria\/#organization\"},\"image\":{\"@id\":\"https:\/\/comarcas.csm.org.pt\/leiria\/blog\/2025\/05\/23\/comarca-de-leiria-terminou-2024-com-menos-62-oficiais-de-justica-do-que-o-quadro-legal\/#primaryimage\"},\"thumbnailUrl\":\"https:\/\/comarcas.csm.org.pt\/leiria\/wp-content\/uploads\/sites\/16\/2025\/05\/image-1.jpeg\",\"articleSection\":[\"Geral\"],\"inLanguage\":\"pt-PT\"},{\"@type\":\"WebPage\",\"@id\":\"https:\/\/comarcas.csm.org.pt\/leiria\/blog\/2025\/05\/23\/comarca-de-leiria-terminou-2024-com-menos-62-oficiais-de-justica-do-que-o-quadro-legal\/\",\"url\":\"https:\/\/comarcas.csm.org.pt\/leiria\/blog\/2025\/05\/23\/comarca-de-leiria-terminou-2024-com-menos-62-oficiais-de-justica-do-que-o-quadro-legal\/\",\"name\":\"Comarca de Leiria terminou 2024 com menos 62 oficiais de justi\u00e7a do que o quadro\u00a0legal - Tribunal Judicial da Comarca de Leiria\",\"isPartOf\":{\"@id\":\"https:\/\/comarcas.csm.org.pt\/leiria\/#website\"},\"primaryImageOfPage\":{\"@id\":\"https:\/\/comarcas.csm.org.pt\/leiria\/blog\/2025\/05\/23\/comarca-de-leiria-terminou-2024-com-menos-62-oficiais-de-justica-do-que-o-quadro-legal\/#primaryimage\"},\"image\":{\"@id\":\"https:\/\/comarcas.csm.org.pt\/leiria\/blog\/2025\/05\/23\/comarca-de-leiria-terminou-2024-com-menos-62-oficiais-de-justica-do-que-o-quadro-legal\/#primaryimage\"},\"thumbnailUrl\":\"https:\/\/comarcas.csm.org.pt\/leiria\/wp-content\/uploads\/sites\/16\/2025\/05\/image-1.jpeg\",\"datePublished\":\"2025-05-23T16:01:17+00:00\",\"dateModified\":\"2025-05-27T15:15:06+00:00\",\"breadcrumb\":{\"@id\":\"https:\/\/comarcas.csm.org.pt\/leiria\/blog\/2025\/05\/23\/comarca-de-leiria-terminou-2024-com-menos-62-oficiais-de-justica-do-que-o-quadro-legal\/#breadcrumb\"},\"inLanguage\":\"pt-PT\",\"potentialAction\":[{\"@type\":\"ReadAction\",\"target\":[\"https:\/\/comarcas.csm.org.pt\/leiria\/blog\/2025\/05\/23\/comarca-de-leiria-terminou-2024-com-menos-62-oficiais-de-justica-do-que-o-quadro-legal\/\"]}]},{\"@type\":\"ImageObject\",\"inLanguage\":\"pt-PT\",\"@id\":\"https:\/\/comarcas.csm.org.pt\/leiria\/blog\/2025\/05\/23\/comarca-de-leiria-terminou-2024-com-menos-62-oficiais-de-justica-do-que-o-quadro-legal\/#primaryimage\",\"url\":\"https:\/\/comarcas.csm.org.pt\/leiria\/wp-content\/uploads\/sites\/16\/2025\/05\/image-1.jpeg\",\"contentUrl\":\"https:\/\/comarcas.csm.org.pt\/leiria\/wp-content\/uploads\/sites\/16\/2025\/05\/image-1.jpeg\",\"width\":709,\"height\":398},{\"@type\":\"BreadcrumbList\",\"@id\":\"https:\/\/comarcas.csm.org.pt\/leiria\/blog\/2025\/05\/23\/comarca-de-leiria-terminou-2024-com-menos-62-oficiais-de-justica-do-que-o-quadro-legal\/#breadcrumb\",\"itemListElement\":[{\"@type\":\"ListItem\",\"position\":1,\"name\":\"In\u00edcio\",\"item\":\"https:\/\/comarcas.csm.org.pt\/leiria\/\"},{\"@type\":\"ListItem\",\"position\":2,\"name\":\"Comarca de Leiria terminou 2024 com menos 62 oficiais de justi\u00e7a do que o quadro\u00a0legal\"}]},{\"@type\":\"WebSite\",\"@id\":\"https:\/\/comarcas.csm.org.pt\/leiria\/#website\",\"url\":\"https:\/\/comarcas.csm.org.pt\/leiria\/\",\"name\":\"Tribunal Judicial da Comarca de Leiria\",\"description\":\"Tribunal Judicial da Comarca de Aveiro\",\"publisher\":{\"@id\":\"https:\/\/comarcas.csm.org.pt\/leiria\/#organization\"},\"potentialAction\":[{\"@type\":\"SearchAction\",\"target\":{\"@type\":\"EntryPoint\",\"urlTemplate\":\"https:\/\/comarcas.csm.org.pt\/leiria\/?s={search_term_string}\"},\"query-input\":{\"@type\":\"PropertyValueSpecification\",\"valueRequired\":true,\"valueName\":\"search_term_string\"}}],\"inLanguage\":\"pt-PT\"},{\"@type\":\"Organization\",\"@id\":\"https:\/\/comarcas.csm.org.pt\/leiria\/#organization\",\"name\":\"Tribunal Judicial da Comarca de Leiria\",\"url\":\"https:\/\/comarcas.csm.org.pt\/leiria\/\",\"logo\":{\"@type\":\"ImageObject\",\"inLanguage\":\"pt-PT\",\"@id\":\"https:\/\/comarcas.csm.org.pt\/leiria\/#\/schema\/logo\/image\/\",\"url\":\"https:\/\/comarcas.csm.org.pt\/leiria\/wp-content\/uploads\/sites\/16\/2024\/11\/Leiria_positivo-horizontal.png\",\"contentUrl\":\"https:\/\/comarcas.csm.org.pt\/leiria\/wp-content\/uploads\/sites\/16\/2024\/11\/Leiria_positivo-horizontal.png\",\"width\":5088,\"height\":890,\"caption\":\"Tribunal Judicial da Comarca de Leiria\"},\"image\":{\"@id\":\"https:\/\/comarcas.csm.org.pt\/leiria\/#\/schema\/logo\/image\/\"}},{\"@type\":\"Person\",\"@id\":\"https:\/\/comarcas.csm.org.pt\/leiria\/#\/schema\/person\/9057b6fbd670d5a2e931712cd357d806\",\"name\":\"leiria\",\"image\":{\"@type\":\"ImageObject\",\"inLanguage\":\"pt-PT\",\"@id\":\"https:\/\/comarcas.csm.org.pt\/leiria\/#\/schema\/person\/image\/\",\"url\":\"https:\/\/secure.gravatar.com\/avatar\/399a72a2630b07d71a4e0167744303361d26ed8a993be2c5686bbe5ff44b469f?s=96&d=mm&r=g\",\"contentUrl\":\"https:\/\/secure.gravatar.com\/avatar\/399a72a2630b07d71a4e0167744303361d26ed8a993be2c5686bbe5ff44b469f?s=96&d=mm&r=g\",\"caption\":\"leiria\"},\"url\":\"https:\/\/comarcas.csm.org.pt\/leiria\/blog\/author\/leiria\/\"}]}<\/script>\n<!-- \/ Yoast SEO plugin. -->","yoast_head_json":{"title":"Comarca de Leiria terminou 2024 com menos 62 oficiais de justi\u00e7a do que o quadro\u00a0legal - Tribunal Judicial da Comarca de Leiria","robots":{"index":"index","follow":"follow","max-snippet":"max-snippet:-1","max-image-preview":"max-image-preview:large","max-video-preview":"max-video-preview:-1"},"canonical":"https:\/\/comarcas.csm.org.pt\/leiria\/blog\/2025\/05\/23\/comarca-de-leiria-terminou-2024-com-menos-62-oficiais-de-justica-do-que-o-quadro-legal\/","og_locale":"pt_PT","og_type":"article","og_title":"Comarca de Leiria terminou 2024 com menos 62 oficiais de justi\u00e7a do que o quadro\u00a0legal - Tribunal Judicial da Comarca de Leiria","og_description":"\u00a0In \u201cObservador\u201d, 17 de fevereiro de 2025 Ag\u00eancia Lusa O quadro real de oficiais de justi\u00e7a na Comarca de Leiria era, em 31 de dezembro de 2024, de 260, havendo um d\u00e9fice de 19,25% destes...","og_url":"https:\/\/comarcas.csm.org.pt\/leiria\/blog\/2025\/05\/23\/comarca-de-leiria-terminou-2024-com-menos-62-oficiais-de-justica-do-que-o-quadro-legal\/","og_site_name":"Tribunal Judicial da Comarca de Leiria","article_published_time":"2025-05-23T16:01:17+00:00","article_modified_time":"2025-05-27T15:15:06+00:00","og_image":[{"width":709,"height":398,"url":"https:\/\/comarcas.csm.org.pt\/leiria\/wp-content\/uploads\/sites\/16\/2025\/05\/image-1.jpeg","type":"image\/jpeg"}],"author":"leiria","twitter_card":"summary_large_image","twitter_misc":{"Escrito por":"leiria","Tempo estimado de leitura":"4 minutos"},"schema":{"@context":"https:\/\/schema.org","@graph":[{"@type":"Article","@id":"https:\/\/comarcas.csm.org.pt\/leiria\/blog\/2025\/05\/23\/comarca-de-leiria-terminou-2024-com-menos-62-oficiais-de-justica-do-que-o-quadro-legal\/#article","isPartOf":{"@id":"https:\/\/comarcas.csm.org.pt\/leiria\/blog\/2025\/05\/23\/comarca-de-leiria-terminou-2024-com-menos-62-oficiais-de-justica-do-que-o-quadro-legal\/"},"author":{"name":"leiria","@id":"https:\/\/comarcas.csm.org.pt\/leiria\/#\/schema\/person\/9057b6fbd670d5a2e931712cd357d806"},"headline":"Comarca de Leiria terminou 2024 com menos 62 oficiais de justi\u00e7a do que o quadro\u00a0legal","datePublished":"2025-05-23T16:01:17+00:00","dateModified":"2025-05-27T15:15:06+00:00","mainEntityOfPage":{"@id":"https:\/\/comarcas.csm.org.pt\/leiria\/blog\/2025\/05\/23\/comarca-de-leiria-terminou-2024-com-menos-62-oficiais-de-justica-do-que-o-quadro-legal\/"},"wordCount":715,"publisher":{"@id":"https:\/\/comarcas.csm.org.pt\/leiria\/#organization"},"image":{"@id":"https:\/\/comarcas.csm.org.pt\/leiria\/blog\/2025\/05\/23\/comarca-de-leiria-terminou-2024-com-menos-62-oficiais-de-justica-do-que-o-quadro-legal\/#primaryimage"},"thumbnailUrl":"https:\/\/comarcas.csm.org.pt\/leiria\/wp-content\/uploads\/sites\/16\/2025\/05\/image-1.jpeg","articleSection":["Geral"],"inLanguage":"pt-PT"},{"@type":"WebPage","@id":"https:\/\/comarcas.csm.org.pt\/leiria\/blog\/2025\/05\/23\/comarca-de-leiria-terminou-2024-com-menos-62-oficiais-de-justica-do-que-o-quadro-legal\/","url":"https:\/\/comarcas.csm.org.pt\/leiria\/blog\/2025\/05\/23\/comarca-de-leiria-terminou-2024-com-menos-62-oficiais-de-justica-do-que-o-quadro-legal\/","name":"Comarca de Leiria terminou 2024 com menos 62 oficiais de justi\u00e7a do que o quadro\u00a0legal - Tribunal Judicial da Comarca de Leiria","isPartOf":{"@id":"https:\/\/comarcas.csm.org.pt\/leiria\/#website"},"primaryImageOfPage":{"@id":"https:\/\/comarcas.csm.org.pt\/leiria\/blog\/2025\/05\/23\/comarca-de-leiria-terminou-2024-com-menos-62-oficiais-de-justica-do-que-o-quadro-legal\/#primaryimage"},"image":{"@id":"https:\/\/comarcas.csm.org.pt\/leiria\/blog\/2025\/05\/23\/comarca-de-leiria-terminou-2024-com-menos-62-oficiais-de-justica-do-que-o-quadro-legal\/#primaryimage"},"thumbnailUrl":"https:\/\/comarcas.csm.org.pt\/leiria\/wp-content\/uploads\/sites\/16\/2025\/05\/image-1.jpeg","datePublished":"2025-05-23T16:01:17+00:00","dateModified":"2025-05-27T15:15:06+00:00","breadcrumb":{"@id":"https:\/\/comarcas.csm.org.pt\/leiria\/blog\/2025\/05\/23\/comarca-de-leiria-terminou-2024-com-menos-62-oficiais-de-justica-do-que-o-quadro-legal\/#breadcrumb"},"inLanguage":"pt-PT","potentialAction":[{"@type":"ReadAction","target":["https:\/\/comarcas.csm.org.pt\/leiria\/blog\/2025\/05\/23\/comarca-de-leiria-terminou-2024-com-menos-62-oficiais-de-justica-do-que-o-quadro-legal\/"]}]},{"@type":"ImageObject","inLanguage":"pt-PT","@id":"https:\/\/comarcas.csm.org.pt\/leiria\/blog\/2025\/05\/23\/comarca-de-leiria-terminou-2024-com-menos-62-oficiais-de-justica-do-que-o-quadro-legal\/#primaryimage","url":"https:\/\/comarcas.csm.org.pt\/leiria\/wp-content\/uploads\/sites\/16\/2025\/05\/image-1.jpeg","contentUrl":"https:\/\/comarcas.csm.org.pt\/leiria\/wp-content\/uploads\/sites\/16\/2025\/05\/image-1.jpeg","width":709,"height":398},{"@type":"BreadcrumbList","@id":"https:\/\/comarcas.csm.org.pt\/leiria\/blog\/2025\/05\/23\/comarca-de-leiria-terminou-2024-com-menos-62-oficiais-de-justica-do-que-o-quadro-legal\/#breadcrumb","itemListElement":[{"@type":"ListItem","position":1,"name":"In\u00edcio","item":"https:\/\/comarcas.csm.org.pt\/leiria\/"},{"@type":"ListItem","position":2,"name":"Comarca de Leiria terminou 2024 com menos 62 oficiais de justi\u00e7a do que o quadro\u00a0legal"}]},{"@type":"WebSite","@id":"https:\/\/comarcas.csm.org.pt\/leiria\/#website","url":"https:\/\/comarcas.csm.org.pt\/leiria\/","name":"Tribunal Judicial da Comarca de Leiria","description":"Tribunal Judicial da Comarca de Aveiro","publisher":{"@id":"https:\/\/comarcas.csm.org.pt\/leiria\/#organization"},"potentialAction":[{"@type":"SearchAction","target":{"@type":"EntryPoint","urlTemplate":"https:\/\/comarcas.csm.org.pt\/leiria\/?s={search_term_string}"},"query-input":{"@type":"PropertyValueSpecification","valueRequired":true,"valueName":"search_term_string"}}],"inLanguage":"pt-PT"},{"@type":"Organization","@id":"https:\/\/comarcas.csm.org.pt\/leiria\/#organization","name":"Tribunal Judicial da Comarca de Leiria","url":"https:\/\/comarcas.csm.org.pt\/leiria\/","logo":{"@type":"ImageObject","inLanguage":"pt-PT","@id":"https:\/\/comarcas.csm.org.pt\/leiria\/#\/schema\/logo\/image\/","url":"https:\/\/comarcas.csm.org.pt\/leiria\/wp-content\/uploads\/sites\/16\/2024\/11\/Leiria_positivo-horizontal.png","contentUrl":"https:\/\/comarcas.csm.org.pt\/leiria\/wp-content\/uploads\/sites\/16\/2024\/11\/Leiria_positivo-horizontal.png","width":5088,"height":890,"caption":"Tribunal Judicial da Comarca de Leiria"},"image":{"@id":"https:\/\/comarcas.csm.org.pt\/leiria\/#\/schema\/logo\/image\/"}},{"@type":"Person","@id":"https:\/\/comarcas.csm.org.pt\/leiria\/#\/schema\/person\/9057b6fbd670d5a2e931712cd357d806","name":"leiria","image":{"@type":"ImageObject","inLanguage":"pt-PT","@id":"https:\/\/comarcas.csm.org.pt\/leiria\/#\/schema\/person\/image\/","url":"https:\/\/secure.gravatar.com\/avatar\/399a72a2630b07d71a4e0167744303361d26ed8a993be2c5686bbe5ff44b469f?s=96&d=mm&r=g","contentUrl":"https:\/\/secure.gravatar.com\/avatar\/399a72a2630b07d71a4e0167744303361d26ed8a993be2c5686bbe5ff44b469f?s=96&d=mm&r=g","caption":"leiria"},"url":"https:\/\/comarcas.csm.org.pt\/leiria\/blog\/author\/leiria\/"}]}},"_links":{"self":[{"href":"https:\/\/comarcas.csm.org.pt\/leiria\/wp-json\/wp\/v2\/posts\/12147","targetHints":{"allow":["GET"]}}],"collection":[{"href":"https:\/\/comarcas.csm.org.pt\/leiria\/wp-json\/wp\/v2\/posts"}],"about":[{"href":"https:\/\/comarcas.csm.org.pt\/leiria\/wp-json\/wp\/v2\/types\/post"}],"author":[{"embeddable":true,"href":"https:\/\/comarcas.csm.org.pt\/leiria\/wp-json\/wp\/v2\/users\/16"}],"replies":[{"embeddable":true,"href":"https:\/\/comarcas.csm.org.pt\/leiria\/wp-json\/wp\/v2\/comments?post=12147"}],"version-history":[{"count":2,"href":"https:\/\/comarcas.csm.org.pt\/leiria\/wp-json\/wp\/v2\/posts\/12147\/revisions"}],"predecessor-version":[{"id":12150,"href":"https:\/\/comarcas.csm.org.pt\/leiria\/wp-json\/wp\/v2\/posts\/12147\/revisions\/12150"}],"wp:featuredmedia":[{"embeddable":true,"href":"https:\/\/comarcas.csm.org.pt\/leiria\/wp-json\/wp\/v2\/media\/12148"}],"wp:attachment":[{"href":"https:\/\/comarcas.csm.org.pt\/leiria\/wp-json\/wp\/v2\/media?parent=12147"}],"wp:term":[{"taxonomy":"category","embeddable":true,"href":"https:\/\/comarcas.csm.org.pt\/leiria\/wp-json\/wp\/v2\/categories?post=12147"},{"taxonomy":"post_tag","embeddable":true,"href":"https:\/\/comarcas.csm.org.pt\/leiria\/wp-json\/wp\/v2\/tags?post=12147"}],"curies":[{"name":"wp","href":"https:\/\/api.w.org\/{rel}","templated":true}]}}