{"id":12151,"date":"2025-05-23T16:17:45","date_gmt":"2025-05-23T16:17:45","guid":{"rendered":"https:\/\/comarcas.csm.org.pt\/leiria\/?p=12151"},"modified":"2025-05-27T15:11:27","modified_gmt":"2025-05-27T15:11:27","slug":"tribunal-de-leiria-condena-funcionario-do-fisco-com-pena-suspensa","status":"publish","type":"post","link":"https:\/\/comarcas.csm.org.pt\/leiria\/blog\/2025\/05\/23\/tribunal-de-leiria-condena-funcionario-do-fisco-com-pena-suspensa\/","title":{"rendered":"Tribunal de Leiria condena funcion\u00e1rio do Fisco com pena\u00a0suspensa"},"content":{"rendered":"\n<p><strong><a href=\"https:\/\/observador.pt\/2025\/02\/20\/tribunal-de-leiria-condena-funcionario-do-fisco-com-pena-suspensa\/\">In \u201dObservador\u201d, 20 de fevereiro de 2025<\/a><\/strong><\/p>\n\n\n\n<p><strong>Ag\u00eancia Lusa<\/strong><\/p>\n\n\n\n<p>O arguido estava acusado pelo Minist\u00e9rio P\u00fablico de 20 crimes de acesso ileg\u00edtimo agravado, 22 crimes de acesso indevido, 19 crimes de falsidade inform\u00e1tica agravada e um crime de abuso de poder.<\/p>\n\n\n\n<figure class=\"wp-block-image size-full\"><img fetchpriority=\"high\" decoding=\"async\" width=\"709\" height=\"399\" src=\"https:\/\/comarcas.csm.org.pt\/leiria\/wp-content\/uploads\/sites\/16\/2025\/05\/image-2.jpeg\" alt=\"\" class=\"wp-image-12152\" srcset=\"https:\/\/comarcas.csm.org.pt\/leiria\/wp-content\/uploads\/sites\/16\/2025\/05\/image-2.jpeg 709w, https:\/\/comarcas.csm.org.pt\/leiria\/wp-content\/uploads\/sites\/16\/2025\/05\/image-2-300x169.jpeg 300w\" sizes=\"(max-width: 709px) 100vw, 709px\" \/><\/figure>\n\n\n\n<p>O Tribunal de Leiria condenou um funcion\u00e1rio da Autoridade Tribut\u00e1ria e Aduaneira (AT) na pena \u00fanica de 13 meses de pris\u00e3o, suspensa por igual per\u00edodo, por dois crimes de acesso indevido e um crime de abuso de poder.<\/p>\n\n\n\n<p>O funcion\u00e1rio p\u00fablico, de 54 anos, foi ainda condenado a pagar \u00e0 ex-mulher 200 euros pelos danos n\u00e3o patrimoniais, segundo o ac\u00f3rd\u00e3o de quarta-feira e \u00e0 qual a ag\u00eancia Lusa teve acesso.<\/p>\n\n\n\n<p>O arguido estava acusado pelo Minist\u00e9rio P\u00fablico de 20 crimes de acesso ileg\u00edtimo agravado, 22 crimes de acesso indevido, 19 crimes de falsidade inform\u00e1tica agravada e um crime de abuso de poder, podendo incorrer em pena acess\u00f3ria ou medida de seguran\u00e7a de interdi\u00e7\u00e3o.<\/p>\n\n\n\n<p>Nesta mat\u00e9ria, o Tribunal Judicial de Leiria considerou ser desnecess\u00e1ria a aplica\u00e7\u00e3o de qualquer san\u00e7\u00e3o acess\u00f3ria ou medida de seguran\u00e7a, pois os crimes praticados prendem-se \u201ccom uma situa\u00e7\u00e3o isolada da sua vida pessoal, n\u00e3o sendo de recear a sua repeti\u00e7\u00e3o\u201d.<\/p>\n\n\n\n<p>O coletivo de ju\u00edzes deu como provado que, \u201cpor quest\u00f5es relacionadas com a partilha de bens na sequ\u00eancia do div\u00f3rcio\u201d, assim como com o pagamento de pens\u00e3o de alimentos, o funcion\u00e1rio decidiu, com recurso \u00e0s suas credencias, aceder \u00e0 plataforma inform\u00e1tica da AT, para \u201capurar dados de natureza pessoal e fiscal\u201d da ex-mulher e do seu marido , \u201csem que para tanto tivesse qualquer justifica\u00e7\u00e3o de trabalho ou de servi\u00e7o e sem para tal estar autorizado\u201d.<\/p>\n\n\n\n<p>O arguido \u201cefetuou v\u00e1rias pesquisas\u201d em diversas aplica\u00e7\u00f5es da AT, \u201cpor reporte a cada um dos ofendidos, assim acedendo a dados pessoais e fiscais daqueles\u201d.<\/p>\n\n\n\n<p>Para o tribunal, o funcion\u00e1rio, sem antecedentes criminais, acedeu a dados contidos no sistema inform\u00e1tico \u201cde uso e para fins exclusivos\u201d da AT \u201d por motivos pessoais e particulares, bem sabendo que n\u00e3o o podia fazer, por n\u00e3o se encontrar autorizado\u201d, salientando que tais dados \u201ceram de natureza pessoal e fiscal, todos confidenciais e protegidos por lei\u201d.<\/p>\n\n\n\n<p>\u201cO arguido sabia que os seus atos n\u00e3o se enquadravam no \u00e2mbito das fun\u00e7\u00f5es e deveres que detinha e devia observar no exerc\u00edcio da sua profiss\u00e3o e que, ao atuar como atuou, de cada vez que acedia aos dados pessoais e fiscais (\u2026) violava os deveres gerais funcionais advindos do exerc\u00edcio das fun\u00e7\u00f5es em que foi investido\u201d como a \u201cprossecu\u00e7\u00e3o do interesse p\u00fablico e de isen\u00e7\u00e3o, imparcialidade, zelo e lealdade\u201d.<\/p>\n\n\n\n<p>Por outro lado, atuou com \u201cdesrespeito pelo fim p\u00fablico dos poderes em que estava investido, ciente ainda de que, dessa forma, lesava a autoridade e credibilidade da administra\u00e7\u00e3o do Estado\u201d, para obter benef\u00edcios a que n\u00e3o tinha direito \u201ctraduzidos, pelo menos, na obten\u00e7\u00e3o indevida\u201d dos dados para \u201cresolu\u00e7\u00e3o de quest\u00f5es de natureza privada e particular\u201d.<\/p>\n\n\n\n<p>Em julgamento, o funcion\u00e1rio p\u00fablico, que foi alvo de processo disciplinar de que resultou uma san\u00e7\u00e3o pecuni\u00e1ria, suspensa por um ano, \u201cadmitiu ter feito os acessos\u201d, mas n\u00e3o \u201cpor causa da partilha\u201d de bens.<\/p>\n","protected":false},"excerpt":{"rendered":"<p>In \u201dObservador\u201d, 20 de fevereiro de 2025 Ag\u00eancia Lusa O arguido estava acusado pelo Minist\u00e9rio P\u00fablico de 20 crimes de acesso ileg\u00edtimo agravado, 22 crimes de acesso indevido, 19 crimes de falsidade inform\u00e1tica agravada e&#8230;<\/p>\n","protected":false},"author":16,"featured_media":12152,"comment_status":"closed","ping_status":"open","sticky":false,"template":"","format":"standard","meta":{"_tbt_post_transparent":"","_tbt_post_title":"","_tbt_post_layout":"","_tbt_post_sidebar_id":"","_tbt_post_content_style":"","_tbt_post_vertical_padding":"","_tbt_post_feature":"","_tbt_post_feature_position":"","_tbt_post_header":false,"_tbt_post_footer":false},"categories":[1,5],"tags":[],"class_list":["post-12151","post","type-post","status-publish","format-standard","has-post-thumbnail","hentry","category-geral","category-noticias"],"yoast_head":"<!-- This site is optimized with the Yoast SEO plugin v25.6 - https:\/\/yoast.com\/wordpress\/plugins\/seo\/ -->\n<title>Tribunal de Leiria condena funcion\u00e1rio do Fisco com pena\u00a0suspensa - Tribunal Judicial da Comarca de Leiria<\/title>\n<meta name=\"robots\" content=\"index, follow, max-snippet:-1, max-image-preview:large, max-video-preview:-1\" \/>\n<link rel=\"canonical\" href=\"https:\/\/comarcas.csm.org.pt\/leiria\/blog\/2025\/05\/23\/tribunal-de-leiria-condena-funcionario-do-fisco-com-pena-suspensa\/\" \/>\n<meta property=\"og:locale\" content=\"pt_PT\" \/>\n<meta property=\"og:type\" content=\"article\" \/>\n<meta property=\"og:title\" content=\"Tribunal de Leiria condena funcion\u00e1rio do Fisco com pena\u00a0suspensa - Tribunal Judicial da Comarca de Leiria\" \/>\n<meta property=\"og:description\" content=\"In \u201dObservador\u201d, 20 de fevereiro de 2025 Ag\u00eancia Lusa O arguido estava acusado pelo Minist\u00e9rio P\u00fablico de 20 crimes de acesso ileg\u00edtimo agravado, 22 crimes de acesso indevido, 19 crimes de falsidade inform\u00e1tica agravada e...\" \/>\n<meta property=\"og:url\" content=\"https:\/\/comarcas.csm.org.pt\/leiria\/blog\/2025\/05\/23\/tribunal-de-leiria-condena-funcionario-do-fisco-com-pena-suspensa\/\" \/>\n<meta property=\"og:site_name\" content=\"Tribunal Judicial da Comarca de Leiria\" \/>\n<meta property=\"article:published_time\" content=\"2025-05-23T16:17:45+00:00\" \/>\n<meta property=\"article:modified_time\" content=\"2025-05-27T15:11:27+00:00\" \/>\n<meta property=\"og:image\" content=\"https:\/\/comarcas.csm.org.pt\/leiria\/wp-content\/uploads\/sites\/16\/2025\/05\/image-2.jpeg\" \/>\n\t<meta property=\"og:image:width\" content=\"709\" \/>\n\t<meta property=\"og:image:height\" content=\"399\" \/>\n\t<meta property=\"og:image:type\" content=\"image\/jpeg\" \/>\n<meta name=\"author\" content=\"leiria\" \/>\n<meta name=\"twitter:card\" content=\"summary_large_image\" \/>\n<meta name=\"twitter:label1\" content=\"Escrito por\" \/>\n\t<meta name=\"twitter:data1\" content=\"leiria\" \/>\n\t<meta name=\"twitter:label2\" content=\"Tempo estimado de leitura\" \/>\n\t<meta name=\"twitter:data2\" content=\"4 minutos\" \/>\n<script type=\"application\/ld+json\" class=\"yoast-schema-graph\">{\"@context\":\"https:\/\/schema.org\",\"@graph\":[{\"@type\":\"Article\",\"@id\":\"https:\/\/comarcas.csm.org.pt\/leiria\/blog\/2025\/05\/23\/tribunal-de-leiria-condena-funcionario-do-fisco-com-pena-suspensa\/#article\",\"isPartOf\":{\"@id\":\"https:\/\/comarcas.csm.org.pt\/leiria\/blog\/2025\/05\/23\/tribunal-de-leiria-condena-funcionario-do-fisco-com-pena-suspensa\/\"},\"author\":{\"name\":\"leiria\",\"@id\":\"https:\/\/comarcas.csm.org.pt\/leiria\/#\/schema\/person\/9057b6fbd670d5a2e931712cd357d806\"},\"headline\":\"Tribunal de Leiria condena funcion\u00e1rio do Fisco com pena\u00a0suspensa\",\"datePublished\":\"2025-05-23T16:17:45+00:00\",\"dateModified\":\"2025-05-27T15:11:27+00:00\",\"mainEntityOfPage\":{\"@id\":\"https:\/\/comarcas.csm.org.pt\/leiria\/blog\/2025\/05\/23\/tribunal-de-leiria-condena-funcionario-do-fisco-com-pena-suspensa\/\"},\"wordCount\":572,\"publisher\":{\"@id\":\"https:\/\/comarcas.csm.org.pt\/leiria\/#organization\"},\"image\":{\"@id\":\"https:\/\/comarcas.csm.org.pt\/leiria\/blog\/2025\/05\/23\/tribunal-de-leiria-condena-funcionario-do-fisco-com-pena-suspensa\/#primaryimage\"},\"thumbnailUrl\":\"https:\/\/comarcas.csm.org.pt\/leiria\/wp-content\/uploads\/sites\/16\/2025\/05\/image-2.jpeg\",\"articleSection\":[\"Geral\",\"Not\u00edcias\"],\"inLanguage\":\"pt-PT\"},{\"@type\":\"WebPage\",\"@id\":\"https:\/\/comarcas.csm.org.pt\/leiria\/blog\/2025\/05\/23\/tribunal-de-leiria-condena-funcionario-do-fisco-com-pena-suspensa\/\",\"url\":\"https:\/\/comarcas.csm.org.pt\/leiria\/blog\/2025\/05\/23\/tribunal-de-leiria-condena-funcionario-do-fisco-com-pena-suspensa\/\",\"name\":\"Tribunal de Leiria condena funcion\u00e1rio do Fisco com pena\u00a0suspensa - Tribunal Judicial da Comarca de Leiria\",\"isPartOf\":{\"@id\":\"https:\/\/comarcas.csm.org.pt\/leiria\/#website\"},\"primaryImageOfPage\":{\"@id\":\"https:\/\/comarcas.csm.org.pt\/leiria\/blog\/2025\/05\/23\/tribunal-de-leiria-condena-funcionario-do-fisco-com-pena-suspensa\/#primaryimage\"},\"image\":{\"@id\":\"https:\/\/comarcas.csm.org.pt\/leiria\/blog\/2025\/05\/23\/tribunal-de-leiria-condena-funcionario-do-fisco-com-pena-suspensa\/#primaryimage\"},\"thumbnailUrl\":\"https:\/\/comarcas.csm.org.pt\/leiria\/wp-content\/uploads\/sites\/16\/2025\/05\/image-2.jpeg\",\"datePublished\":\"2025-05-23T16:17:45+00:00\",\"dateModified\":\"2025-05-27T15:11:27+00:00\",\"breadcrumb\":{\"@id\":\"https:\/\/comarcas.csm.org.pt\/leiria\/blog\/2025\/05\/23\/tribunal-de-leiria-condena-funcionario-do-fisco-com-pena-suspensa\/#breadcrumb\"},\"inLanguage\":\"pt-PT\",\"potentialAction\":[{\"@type\":\"ReadAction\",\"target\":[\"https:\/\/comarcas.csm.org.pt\/leiria\/blog\/2025\/05\/23\/tribunal-de-leiria-condena-funcionario-do-fisco-com-pena-suspensa\/\"]}]},{\"@type\":\"ImageObject\",\"inLanguage\":\"pt-PT\",\"@id\":\"https:\/\/comarcas.csm.org.pt\/leiria\/blog\/2025\/05\/23\/tribunal-de-leiria-condena-funcionario-do-fisco-com-pena-suspensa\/#primaryimage\",\"url\":\"https:\/\/comarcas.csm.org.pt\/leiria\/wp-content\/uploads\/sites\/16\/2025\/05\/image-2.jpeg\",\"contentUrl\":\"https:\/\/comarcas.csm.org.pt\/leiria\/wp-content\/uploads\/sites\/16\/2025\/05\/image-2.jpeg\",\"width\":709,\"height\":399},{\"@type\":\"BreadcrumbList\",\"@id\":\"https:\/\/comarcas.csm.org.pt\/leiria\/blog\/2025\/05\/23\/tribunal-de-leiria-condena-funcionario-do-fisco-com-pena-suspensa\/#breadcrumb\",\"itemListElement\":[{\"@type\":\"ListItem\",\"position\":1,\"name\":\"In\u00edcio\",\"item\":\"https:\/\/comarcas.csm.org.pt\/leiria\/\"},{\"@type\":\"ListItem\",\"position\":2,\"name\":\"Tribunal de Leiria condena funcion\u00e1rio do Fisco com pena\u00a0suspensa\"}]},{\"@type\":\"WebSite\",\"@id\":\"https:\/\/comarcas.csm.org.pt\/leiria\/#website\",\"url\":\"https:\/\/comarcas.csm.org.pt\/leiria\/\",\"name\":\"Tribunal Judicial da Comarca de Leiria\",\"description\":\"Tribunal Judicial da Comarca de Aveiro\",\"publisher\":{\"@id\":\"https:\/\/comarcas.csm.org.pt\/leiria\/#organization\"},\"potentialAction\":[{\"@type\":\"SearchAction\",\"target\":{\"@type\":\"EntryPoint\",\"urlTemplate\":\"https:\/\/comarcas.csm.org.pt\/leiria\/?s={search_term_string}\"},\"query-input\":{\"@type\":\"PropertyValueSpecification\",\"valueRequired\":true,\"valueName\":\"search_term_string\"}}],\"inLanguage\":\"pt-PT\"},{\"@type\":\"Organization\",\"@id\":\"https:\/\/comarcas.csm.org.pt\/leiria\/#organization\",\"name\":\"Tribunal Judicial da Comarca de Leiria\",\"url\":\"https:\/\/comarcas.csm.org.pt\/leiria\/\",\"logo\":{\"@type\":\"ImageObject\",\"inLanguage\":\"pt-PT\",\"@id\":\"https:\/\/comarcas.csm.org.pt\/leiria\/#\/schema\/logo\/image\/\",\"url\":\"https:\/\/comarcas.csm.org.pt\/leiria\/wp-content\/uploads\/sites\/16\/2024\/11\/Leiria_positivo-horizontal.png\",\"contentUrl\":\"https:\/\/comarcas.csm.org.pt\/leiria\/wp-content\/uploads\/sites\/16\/2024\/11\/Leiria_positivo-horizontal.png\",\"width\":5088,\"height\":890,\"caption\":\"Tribunal Judicial da Comarca de Leiria\"},\"image\":{\"@id\":\"https:\/\/comarcas.csm.org.pt\/leiria\/#\/schema\/logo\/image\/\"}},{\"@type\":\"Person\",\"@id\":\"https:\/\/comarcas.csm.org.pt\/leiria\/#\/schema\/person\/9057b6fbd670d5a2e931712cd357d806\",\"name\":\"leiria\",\"image\":{\"@type\":\"ImageObject\",\"inLanguage\":\"pt-PT\",\"@id\":\"https:\/\/comarcas.csm.org.pt\/leiria\/#\/schema\/person\/image\/\",\"url\":\"https:\/\/secure.gravatar.com\/avatar\/399a72a2630b07d71a4e0167744303361d26ed8a993be2c5686bbe5ff44b469f?s=96&d=mm&r=g\",\"contentUrl\":\"https:\/\/secure.gravatar.com\/avatar\/399a72a2630b07d71a4e0167744303361d26ed8a993be2c5686bbe5ff44b469f?s=96&d=mm&r=g\",\"caption\":\"leiria\"},\"url\":\"https:\/\/comarcas.csm.org.pt\/leiria\/blog\/author\/leiria\/\"}]}<\/script>\n<!-- \/ Yoast SEO plugin. -->","yoast_head_json":{"title":"Tribunal de Leiria condena funcion\u00e1rio do Fisco com pena\u00a0suspensa - Tribunal Judicial da Comarca de Leiria","robots":{"index":"index","follow":"follow","max-snippet":"max-snippet:-1","max-image-preview":"max-image-preview:large","max-video-preview":"max-video-preview:-1"},"canonical":"https:\/\/comarcas.csm.org.pt\/leiria\/blog\/2025\/05\/23\/tribunal-de-leiria-condena-funcionario-do-fisco-com-pena-suspensa\/","og_locale":"pt_PT","og_type":"article","og_title":"Tribunal de Leiria condena funcion\u00e1rio do Fisco com pena\u00a0suspensa - Tribunal Judicial da Comarca de Leiria","og_description":"In \u201dObservador\u201d, 20 de fevereiro de 2025 Ag\u00eancia Lusa O arguido estava acusado pelo Minist\u00e9rio P\u00fablico de 20 crimes de acesso ileg\u00edtimo agravado, 22 crimes de acesso indevido, 19 crimes de falsidade inform\u00e1tica agravada e...","og_url":"https:\/\/comarcas.csm.org.pt\/leiria\/blog\/2025\/05\/23\/tribunal-de-leiria-condena-funcionario-do-fisco-com-pena-suspensa\/","og_site_name":"Tribunal Judicial da Comarca de Leiria","article_published_time":"2025-05-23T16:17:45+00:00","article_modified_time":"2025-05-27T15:11:27+00:00","og_image":[{"width":709,"height":399,"url":"https:\/\/comarcas.csm.org.pt\/leiria\/wp-content\/uploads\/sites\/16\/2025\/05\/image-2.jpeg","type":"image\/jpeg"}],"author":"leiria","twitter_card":"summary_large_image","twitter_misc":{"Escrito por":"leiria","Tempo estimado de leitura":"4 minutos"},"schema":{"@context":"https:\/\/schema.org","@graph":[{"@type":"Article","@id":"https:\/\/comarcas.csm.org.pt\/leiria\/blog\/2025\/05\/23\/tribunal-de-leiria-condena-funcionario-do-fisco-com-pena-suspensa\/#article","isPartOf":{"@id":"https:\/\/comarcas.csm.org.pt\/leiria\/blog\/2025\/05\/23\/tribunal-de-leiria-condena-funcionario-do-fisco-com-pena-suspensa\/"},"author":{"name":"leiria","@id":"https:\/\/comarcas.csm.org.pt\/leiria\/#\/schema\/person\/9057b6fbd670d5a2e931712cd357d806"},"headline":"Tribunal de Leiria condena funcion\u00e1rio do Fisco com pena\u00a0suspensa","datePublished":"2025-05-23T16:17:45+00:00","dateModified":"2025-05-27T15:11:27+00:00","mainEntityOfPage":{"@id":"https:\/\/comarcas.csm.org.pt\/leiria\/blog\/2025\/05\/23\/tribunal-de-leiria-condena-funcionario-do-fisco-com-pena-suspensa\/"},"wordCount":572,"publisher":{"@id":"https:\/\/comarcas.csm.org.pt\/leiria\/#organization"},"image":{"@id":"https:\/\/comarcas.csm.org.pt\/leiria\/blog\/2025\/05\/23\/tribunal-de-leiria-condena-funcionario-do-fisco-com-pena-suspensa\/#primaryimage"},"thumbnailUrl":"https:\/\/comarcas.csm.org.pt\/leiria\/wp-content\/uploads\/sites\/16\/2025\/05\/image-2.jpeg","articleSection":["Geral","Not\u00edcias"],"inLanguage":"pt-PT"},{"@type":"WebPage","@id":"https:\/\/comarcas.csm.org.pt\/leiria\/blog\/2025\/05\/23\/tribunal-de-leiria-condena-funcionario-do-fisco-com-pena-suspensa\/","url":"https:\/\/comarcas.csm.org.pt\/leiria\/blog\/2025\/05\/23\/tribunal-de-leiria-condena-funcionario-do-fisco-com-pena-suspensa\/","name":"Tribunal de Leiria condena funcion\u00e1rio do Fisco com pena\u00a0suspensa - Tribunal Judicial da Comarca de Leiria","isPartOf":{"@id":"https:\/\/comarcas.csm.org.pt\/leiria\/#website"},"primaryImageOfPage":{"@id":"https:\/\/comarcas.csm.org.pt\/leiria\/blog\/2025\/05\/23\/tribunal-de-leiria-condena-funcionario-do-fisco-com-pena-suspensa\/#primaryimage"},"image":{"@id":"https:\/\/comarcas.csm.org.pt\/leiria\/blog\/2025\/05\/23\/tribunal-de-leiria-condena-funcionario-do-fisco-com-pena-suspensa\/#primaryimage"},"thumbnailUrl":"https:\/\/comarcas.csm.org.pt\/leiria\/wp-content\/uploads\/sites\/16\/2025\/05\/image-2.jpeg","datePublished":"2025-05-23T16:17:45+00:00","dateModified":"2025-05-27T15:11:27+00:00","breadcrumb":{"@id":"https:\/\/comarcas.csm.org.pt\/leiria\/blog\/2025\/05\/23\/tribunal-de-leiria-condena-funcionario-do-fisco-com-pena-suspensa\/#breadcrumb"},"inLanguage":"pt-PT","potentialAction":[{"@type":"ReadAction","target":["https:\/\/comarcas.csm.org.pt\/leiria\/blog\/2025\/05\/23\/tribunal-de-leiria-condena-funcionario-do-fisco-com-pena-suspensa\/"]}]},{"@type":"ImageObject","inLanguage":"pt-PT","@id":"https:\/\/comarcas.csm.org.pt\/leiria\/blog\/2025\/05\/23\/tribunal-de-leiria-condena-funcionario-do-fisco-com-pena-suspensa\/#primaryimage","url":"https:\/\/comarcas.csm.org.pt\/leiria\/wp-content\/uploads\/sites\/16\/2025\/05\/image-2.jpeg","contentUrl":"https:\/\/comarcas.csm.org.pt\/leiria\/wp-content\/uploads\/sites\/16\/2025\/05\/image-2.jpeg","width":709,"height":399},{"@type":"BreadcrumbList","@id":"https:\/\/comarcas.csm.org.pt\/leiria\/blog\/2025\/05\/23\/tribunal-de-leiria-condena-funcionario-do-fisco-com-pena-suspensa\/#breadcrumb","itemListElement":[{"@type":"ListItem","position":1,"name":"In\u00edcio","item":"https:\/\/comarcas.csm.org.pt\/leiria\/"},{"@type":"ListItem","position":2,"name":"Tribunal de Leiria condena funcion\u00e1rio do Fisco com pena\u00a0suspensa"}]},{"@type":"WebSite","@id":"https:\/\/comarcas.csm.org.pt\/leiria\/#website","url":"https:\/\/comarcas.csm.org.pt\/leiria\/","name":"Tribunal Judicial da Comarca de Leiria","description":"Tribunal Judicial da Comarca de Aveiro","publisher":{"@id":"https:\/\/comarcas.csm.org.pt\/leiria\/#organization"},"potentialAction":[{"@type":"SearchAction","target":{"@type":"EntryPoint","urlTemplate":"https:\/\/comarcas.csm.org.pt\/leiria\/?s={search_term_string}"},"query-input":{"@type":"PropertyValueSpecification","valueRequired":true,"valueName":"search_term_string"}}],"inLanguage":"pt-PT"},{"@type":"Organization","@id":"https:\/\/comarcas.csm.org.pt\/leiria\/#organization","name":"Tribunal Judicial da Comarca de Leiria","url":"https:\/\/comarcas.csm.org.pt\/leiria\/","logo":{"@type":"ImageObject","inLanguage":"pt-PT","@id":"https:\/\/comarcas.csm.org.pt\/leiria\/#\/schema\/logo\/image\/","url":"https:\/\/comarcas.csm.org.pt\/leiria\/wp-content\/uploads\/sites\/16\/2024\/11\/Leiria_positivo-horizontal.png","contentUrl":"https:\/\/comarcas.csm.org.pt\/leiria\/wp-content\/uploads\/sites\/16\/2024\/11\/Leiria_positivo-horizontal.png","width":5088,"height":890,"caption":"Tribunal Judicial da Comarca de Leiria"},"image":{"@id":"https:\/\/comarcas.csm.org.pt\/leiria\/#\/schema\/logo\/image\/"}},{"@type":"Person","@id":"https:\/\/comarcas.csm.org.pt\/leiria\/#\/schema\/person\/9057b6fbd670d5a2e931712cd357d806","name":"leiria","image":{"@type":"ImageObject","inLanguage":"pt-PT","@id":"https:\/\/comarcas.csm.org.pt\/leiria\/#\/schema\/person\/image\/","url":"https:\/\/secure.gravatar.com\/avatar\/399a72a2630b07d71a4e0167744303361d26ed8a993be2c5686bbe5ff44b469f?s=96&d=mm&r=g","contentUrl":"https:\/\/secure.gravatar.com\/avatar\/399a72a2630b07d71a4e0167744303361d26ed8a993be2c5686bbe5ff44b469f?s=96&d=mm&r=g","caption":"leiria"},"url":"https:\/\/comarcas.csm.org.pt\/leiria\/blog\/author\/leiria\/"}]}},"_links":{"self":[{"href":"https:\/\/comarcas.csm.org.pt\/leiria\/wp-json\/wp\/v2\/posts\/12151","targetHints":{"allow":["GET"]}}],"collection":[{"href":"https:\/\/comarcas.csm.org.pt\/leiria\/wp-json\/wp\/v2\/posts"}],"about":[{"href":"https:\/\/comarcas.csm.org.pt\/leiria\/wp-json\/wp\/v2\/types\/post"}],"author":[{"embeddable":true,"href":"https:\/\/comarcas.csm.org.pt\/leiria\/wp-json\/wp\/v2\/users\/16"}],"replies":[{"embeddable":true,"href":"https:\/\/comarcas.csm.org.pt\/leiria\/wp-json\/wp\/v2\/comments?post=12151"}],"version-history":[{"count":1,"href":"https:\/\/comarcas.csm.org.pt\/leiria\/wp-json\/wp\/v2\/posts\/12151\/revisions"}],"predecessor-version":[{"id":12153,"href":"https:\/\/comarcas.csm.org.pt\/leiria\/wp-json\/wp\/v2\/posts\/12151\/revisions\/12153"}],"wp:featuredmedia":[{"embeddable":true,"href":"https:\/\/comarcas.csm.org.pt\/leiria\/wp-json\/wp\/v2\/media\/12152"}],"wp:attachment":[{"href":"https:\/\/comarcas.csm.org.pt\/leiria\/wp-json\/wp\/v2\/media?parent=12151"}],"wp:term":[{"taxonomy":"category","embeddable":true,"href":"https:\/\/comarcas.csm.org.pt\/leiria\/wp-json\/wp\/v2\/categories?post=12151"},{"taxonomy":"post_tag","embeddable":true,"href":"https:\/\/comarcas.csm.org.pt\/leiria\/wp-json\/wp\/v2\/tags?post=12151"}],"curies":[{"name":"wp","href":"https:\/\/api.w.org\/{rel}","templated":true}]}}