{"id":12154,"date":"2025-05-23T16:34:04","date_gmt":"2025-05-23T16:34:04","guid":{"rendered":"https:\/\/comarcas.csm.org.pt\/leiria\/?p=12154"},"modified":"2025-05-27T15:10:45","modified_gmt":"2025-05-27T15:10:45","slug":"preso-preventivamente-por-violencia-domestica-em-peniche","status":"publish","type":"post","link":"https:\/\/comarcas.csm.org.pt\/leiria\/blog\/2025\/05\/23\/preso-preventivamente-por-violencia-domestica-em-peniche\/","title":{"rendered":"Preso preventivamente por viol\u00eancia dom\u00e9stica em Peniche"},"content":{"rendered":"\n<p><a href=\"https:\/\/gazetadascaldas.pt\/sociedade\/preso-preventivamente-por-violencia-domestica-em-peniche\/\">In \u201cGazeta das Caldas\u201d, 21 de fevereiro de 2025<\/a><\/p>\n\n\n\n<p>Um homem de 38 anos de idade foi detido em Peniche&nbsp;por crimes de&nbsp;viol\u00eancia dom\u00e9stica&nbsp;contra a sua&nbsp;ex-companheira de 26 anos de idade.<\/p>\n\n\n\n<p>A PSP informou que os \u201cpol\u00edcias da Brigada de Investiga\u00e7\u00e3o Criminal daquela esquadra detiveram o homem, no cumprimento de um&nbsp;mandado de deten\u00e7\u00e3o que veio a ser emanado pela autoridade judici\u00e1ria, no seguimento de uma investiga\u00e7\u00e3o rel\u00e2mpago, tendo sido realizados todos os atos de natureza investigat\u00f3ria, na sequ\u00eancia dos&nbsp;factos recentemente comunicados&nbsp;e que, ao que tudo indicia, s\u00e3o o&nbsp;reflexo de um comportamento reiterado no tempo\u201d.<\/p>\n\n\n\n<p>A for\u00e7a policial acrescenta que \u201cao longo de cinco anos,&nbsp;diversos epis\u00f3dios de viol\u00eancia e amea\u00e7as ter\u00e3o ocorrido, mesmo havendo&nbsp;duas crian\u00e7as menores&nbsp;em resultado de tal rela\u00e7\u00e3o conjugal que, por sua vez,&nbsp;terminara h\u00e1 cerca de meio ano\u201d e que \u201cface \u00e0 gravidade dos factos denunciados o processo, considerado de&nbsp;risco elevado, mereceu tratamento priorit\u00e1rio e em estreita colabora\u00e7\u00e3o com a autoridade judici\u00e1ria local culminou, nesta fase, com a emiss\u00e3o de mandado de deten\u00e7\u00e3o para sequente interrogat\u00f3rio perante o Juiz de Instru\u00e7\u00e3o Criminal\u201d.<\/p>\n\n\n\n<p>A PSP esclareceu ainda que o detido \u201cfoi presente \u00e0 autoridade judici\u00e1ria, em Leiria e ap\u00f3s ter-lhe sido aplicada a medida de coa\u00e7\u00e3o mais gravosa, a pris\u00e3o preventiva, foi conduzido ao&nbsp;Estabelecimento Prisional de Leiria\u201d.<\/p>\n\n\n\n<p><\/p>\n","protected":false},"excerpt":{"rendered":"<p>In \u201cGazeta das Caldas\u201d, 21 de fevereiro de 2025 Um homem de 38 anos de idade foi detido em Peniche&nbsp;por crimes de&nbsp;viol\u00eancia dom\u00e9stica&nbsp;contra a sua&nbsp;ex-companheira de 26 anos de idade. A PSP informou que os&#8230;<\/p>\n","protected":false},"author":16,"featured_media":0,"comment_status":"closed","ping_status":"open","sticky":false,"template":"","format":"standard","meta":{"_tbt_post_transparent":"","_tbt_post_title":"","_tbt_post_layout":"","_tbt_post_sidebar_id":"","_tbt_post_content_style":"","_tbt_post_vertical_padding":"","_tbt_post_feature":"","_tbt_post_feature_position":"","_tbt_post_header":false,"_tbt_post_footer":false},"categories":[1,5],"tags":[],"class_list":["post-12154","post","type-post","status-publish","format-standard","hentry","category-geral","category-noticias"],"yoast_head":"<!-- This site is optimized with the Yoast SEO plugin v25.6 - https:\/\/yoast.com\/wordpress\/plugins\/seo\/ -->\n<title>Preso preventivamente por viol\u00eancia dom\u00e9stica em Peniche - Tribunal Judicial da Comarca de Leiria<\/title>\n<meta name=\"robots\" content=\"index, follow, max-snippet:-1, max-image-preview:large, max-video-preview:-1\" \/>\n<link rel=\"canonical\" href=\"https:\/\/comarcas.csm.org.pt\/leiria\/blog\/2025\/05\/23\/preso-preventivamente-por-violencia-domestica-em-peniche\/\" \/>\n<meta property=\"og:locale\" content=\"pt_PT\" \/>\n<meta property=\"og:type\" content=\"article\" \/>\n<meta property=\"og:title\" content=\"Preso preventivamente por viol\u00eancia dom\u00e9stica em Peniche - Tribunal Judicial da Comarca de Leiria\" \/>\n<meta property=\"og:description\" content=\"In \u201cGazeta das Caldas\u201d, 21 de fevereiro de 2025 Um homem de 38 anos de idade foi detido em Peniche&nbsp;por crimes de&nbsp;viol\u00eancia dom\u00e9stica&nbsp;contra a sua&nbsp;ex-companheira de 26 anos de idade. A PSP informou que os...\" \/>\n<meta property=\"og:url\" content=\"https:\/\/comarcas.csm.org.pt\/leiria\/blog\/2025\/05\/23\/preso-preventivamente-por-violencia-domestica-em-peniche\/\" \/>\n<meta property=\"og:site_name\" content=\"Tribunal Judicial da Comarca de Leiria\" \/>\n<meta property=\"article:published_time\" content=\"2025-05-23T16:34:04+00:00\" \/>\n<meta property=\"article:modified_time\" content=\"2025-05-27T15:10:45+00:00\" \/>\n<meta name=\"author\" content=\"leiria\" \/>\n<meta name=\"twitter:card\" content=\"summary_large_image\" \/>\n<meta name=\"twitter:label1\" content=\"Escrito por\" \/>\n\t<meta name=\"twitter:data1\" content=\"leiria\" \/>\n\t<meta name=\"twitter:label2\" content=\"Tempo estimado de leitura\" \/>\n\t<meta name=\"twitter:data2\" content=\"2 minutos\" \/>\n<script type=\"application\/ld+json\" class=\"yoast-schema-graph\">{\"@context\":\"https:\/\/schema.org\",\"@graph\":[{\"@type\":\"Article\",\"@id\":\"https:\/\/comarcas.csm.org.pt\/leiria\/blog\/2025\/05\/23\/preso-preventivamente-por-violencia-domestica-em-peniche\/#article\",\"isPartOf\":{\"@id\":\"https:\/\/comarcas.csm.org.pt\/leiria\/blog\/2025\/05\/23\/preso-preventivamente-por-violencia-domestica-em-peniche\/\"},\"author\":{\"name\":\"leiria\",\"@id\":\"https:\/\/comarcas.csm.org.pt\/leiria\/#\/schema\/person\/9057b6fbd670d5a2e931712cd357d806\"},\"headline\":\"Preso preventivamente por viol\u00eancia dom\u00e9stica em Peniche\",\"datePublished\":\"2025-05-23T16:34:04+00:00\",\"dateModified\":\"2025-05-27T15:10:45+00:00\",\"mainEntityOfPage\":{\"@id\":\"https:\/\/comarcas.csm.org.pt\/leiria\/blog\/2025\/05\/23\/preso-preventivamente-por-violencia-domestica-em-peniche\/\"},\"wordCount\":266,\"publisher\":{\"@id\":\"https:\/\/comarcas.csm.org.pt\/leiria\/#organization\"},\"articleSection\":[\"Geral\",\"Not\u00edcias\"],\"inLanguage\":\"pt-PT\"},{\"@type\":\"WebPage\",\"@id\":\"https:\/\/comarcas.csm.org.pt\/leiria\/blog\/2025\/05\/23\/preso-preventivamente-por-violencia-domestica-em-peniche\/\",\"url\":\"https:\/\/comarcas.csm.org.pt\/leiria\/blog\/2025\/05\/23\/preso-preventivamente-por-violencia-domestica-em-peniche\/\",\"name\":\"Preso preventivamente por viol\u00eancia dom\u00e9stica em Peniche - Tribunal Judicial da Comarca de Leiria\",\"isPartOf\":{\"@id\":\"https:\/\/comarcas.csm.org.pt\/leiria\/#website\"},\"datePublished\":\"2025-05-23T16:34:04+00:00\",\"dateModified\":\"2025-05-27T15:10:45+00:00\",\"breadcrumb\":{\"@id\":\"https:\/\/comarcas.csm.org.pt\/leiria\/blog\/2025\/05\/23\/preso-preventivamente-por-violencia-domestica-em-peniche\/#breadcrumb\"},\"inLanguage\":\"pt-PT\",\"potentialAction\":[{\"@type\":\"ReadAction\",\"target\":[\"https:\/\/comarcas.csm.org.pt\/leiria\/blog\/2025\/05\/23\/preso-preventivamente-por-violencia-domestica-em-peniche\/\"]}]},{\"@type\":\"BreadcrumbList\",\"@id\":\"https:\/\/comarcas.csm.org.pt\/leiria\/blog\/2025\/05\/23\/preso-preventivamente-por-violencia-domestica-em-peniche\/#breadcrumb\",\"itemListElement\":[{\"@type\":\"ListItem\",\"position\":1,\"name\":\"In\u00edcio\",\"item\":\"https:\/\/comarcas.csm.org.pt\/leiria\/\"},{\"@type\":\"ListItem\",\"position\":2,\"name\":\"Preso preventivamente por viol\u00eancia dom\u00e9stica em Peniche\"}]},{\"@type\":\"WebSite\",\"@id\":\"https:\/\/comarcas.csm.org.pt\/leiria\/#website\",\"url\":\"https:\/\/comarcas.csm.org.pt\/leiria\/\",\"name\":\"Tribunal Judicial da Comarca de Leiria\",\"description\":\"Tribunal Judicial da Comarca de Aveiro\",\"publisher\":{\"@id\":\"https:\/\/comarcas.csm.org.pt\/leiria\/#organization\"},\"potentialAction\":[{\"@type\":\"SearchAction\",\"target\":{\"@type\":\"EntryPoint\",\"urlTemplate\":\"https:\/\/comarcas.csm.org.pt\/leiria\/?s={search_term_string}\"},\"query-input\":{\"@type\":\"PropertyValueSpecification\",\"valueRequired\":true,\"valueName\":\"search_term_string\"}}],\"inLanguage\":\"pt-PT\"},{\"@type\":\"Organization\",\"@id\":\"https:\/\/comarcas.csm.org.pt\/leiria\/#organization\",\"name\":\"Tribunal Judicial da Comarca de Leiria\",\"url\":\"https:\/\/comarcas.csm.org.pt\/leiria\/\",\"logo\":{\"@type\":\"ImageObject\",\"inLanguage\":\"pt-PT\",\"@id\":\"https:\/\/comarcas.csm.org.pt\/leiria\/#\/schema\/logo\/image\/\",\"url\":\"https:\/\/comarcas.csm.org.pt\/leiria\/wp-content\/uploads\/sites\/16\/2024\/11\/Leiria_positivo-horizontal.png\",\"contentUrl\":\"https:\/\/comarcas.csm.org.pt\/leiria\/wp-content\/uploads\/sites\/16\/2024\/11\/Leiria_positivo-horizontal.png\",\"width\":5088,\"height\":890,\"caption\":\"Tribunal Judicial da Comarca de Leiria\"},\"image\":{\"@id\":\"https:\/\/comarcas.csm.org.pt\/leiria\/#\/schema\/logo\/image\/\"}},{\"@type\":\"Person\",\"@id\":\"https:\/\/comarcas.csm.org.pt\/leiria\/#\/schema\/person\/9057b6fbd670d5a2e931712cd357d806\",\"name\":\"leiria\",\"image\":{\"@type\":\"ImageObject\",\"inLanguage\":\"pt-PT\",\"@id\":\"https:\/\/comarcas.csm.org.pt\/leiria\/#\/schema\/person\/image\/\",\"url\":\"https:\/\/secure.gravatar.com\/avatar\/399a72a2630b07d71a4e0167744303361d26ed8a993be2c5686bbe5ff44b469f?s=96&d=mm&r=g\",\"contentUrl\":\"https:\/\/secure.gravatar.com\/avatar\/399a72a2630b07d71a4e0167744303361d26ed8a993be2c5686bbe5ff44b469f?s=96&d=mm&r=g\",\"caption\":\"leiria\"},\"url\":\"https:\/\/comarcas.csm.org.pt\/leiria\/blog\/author\/leiria\/\"}]}<\/script>\n<!-- \/ Yoast SEO plugin. -->","yoast_head_json":{"title":"Preso preventivamente por viol\u00eancia dom\u00e9stica em Peniche - Tribunal Judicial da Comarca de Leiria","robots":{"index":"index","follow":"follow","max-snippet":"max-snippet:-1","max-image-preview":"max-image-preview:large","max-video-preview":"max-video-preview:-1"},"canonical":"https:\/\/comarcas.csm.org.pt\/leiria\/blog\/2025\/05\/23\/preso-preventivamente-por-violencia-domestica-em-peniche\/","og_locale":"pt_PT","og_type":"article","og_title":"Preso preventivamente por viol\u00eancia dom\u00e9stica em Peniche - Tribunal Judicial da Comarca de Leiria","og_description":"In \u201cGazeta das Caldas\u201d, 21 de fevereiro de 2025 Um homem de 38 anos de idade foi detido em Peniche&nbsp;por crimes de&nbsp;viol\u00eancia dom\u00e9stica&nbsp;contra a sua&nbsp;ex-companheira de 26 anos de idade. A PSP informou que os...","og_url":"https:\/\/comarcas.csm.org.pt\/leiria\/blog\/2025\/05\/23\/preso-preventivamente-por-violencia-domestica-em-peniche\/","og_site_name":"Tribunal Judicial da Comarca de Leiria","article_published_time":"2025-05-23T16:34:04+00:00","article_modified_time":"2025-05-27T15:10:45+00:00","author":"leiria","twitter_card":"summary_large_image","twitter_misc":{"Escrito por":"leiria","Tempo estimado de leitura":"2 minutos"},"schema":{"@context":"https:\/\/schema.org","@graph":[{"@type":"Article","@id":"https:\/\/comarcas.csm.org.pt\/leiria\/blog\/2025\/05\/23\/preso-preventivamente-por-violencia-domestica-em-peniche\/#article","isPartOf":{"@id":"https:\/\/comarcas.csm.org.pt\/leiria\/blog\/2025\/05\/23\/preso-preventivamente-por-violencia-domestica-em-peniche\/"},"author":{"name":"leiria","@id":"https:\/\/comarcas.csm.org.pt\/leiria\/#\/schema\/person\/9057b6fbd670d5a2e931712cd357d806"},"headline":"Preso preventivamente por viol\u00eancia dom\u00e9stica em Peniche","datePublished":"2025-05-23T16:34:04+00:00","dateModified":"2025-05-27T15:10:45+00:00","mainEntityOfPage":{"@id":"https:\/\/comarcas.csm.org.pt\/leiria\/blog\/2025\/05\/23\/preso-preventivamente-por-violencia-domestica-em-peniche\/"},"wordCount":266,"publisher":{"@id":"https:\/\/comarcas.csm.org.pt\/leiria\/#organization"},"articleSection":["Geral","Not\u00edcias"],"inLanguage":"pt-PT"},{"@type":"WebPage","@id":"https:\/\/comarcas.csm.org.pt\/leiria\/blog\/2025\/05\/23\/preso-preventivamente-por-violencia-domestica-em-peniche\/","url":"https:\/\/comarcas.csm.org.pt\/leiria\/blog\/2025\/05\/23\/preso-preventivamente-por-violencia-domestica-em-peniche\/","name":"Preso preventivamente por viol\u00eancia dom\u00e9stica em Peniche - Tribunal Judicial da Comarca de Leiria","isPartOf":{"@id":"https:\/\/comarcas.csm.org.pt\/leiria\/#website"},"datePublished":"2025-05-23T16:34:04+00:00","dateModified":"2025-05-27T15:10:45+00:00","breadcrumb":{"@id":"https:\/\/comarcas.csm.org.pt\/leiria\/blog\/2025\/05\/23\/preso-preventivamente-por-violencia-domestica-em-peniche\/#breadcrumb"},"inLanguage":"pt-PT","potentialAction":[{"@type":"ReadAction","target":["https:\/\/comarcas.csm.org.pt\/leiria\/blog\/2025\/05\/23\/preso-preventivamente-por-violencia-domestica-em-peniche\/"]}]},{"@type":"BreadcrumbList","@id":"https:\/\/comarcas.csm.org.pt\/leiria\/blog\/2025\/05\/23\/preso-preventivamente-por-violencia-domestica-em-peniche\/#breadcrumb","itemListElement":[{"@type":"ListItem","position":1,"name":"In\u00edcio","item":"https:\/\/comarcas.csm.org.pt\/leiria\/"},{"@type":"ListItem","position":2,"name":"Preso preventivamente por viol\u00eancia dom\u00e9stica em Peniche"}]},{"@type":"WebSite","@id":"https:\/\/comarcas.csm.org.pt\/leiria\/#website","url":"https:\/\/comarcas.csm.org.pt\/leiria\/","name":"Tribunal Judicial da Comarca de Leiria","description":"Tribunal Judicial da Comarca de Aveiro","publisher":{"@id":"https:\/\/comarcas.csm.org.pt\/leiria\/#organization"},"potentialAction":[{"@type":"SearchAction","target":{"@type":"EntryPoint","urlTemplate":"https:\/\/comarcas.csm.org.pt\/leiria\/?s={search_term_string}"},"query-input":{"@type":"PropertyValueSpecification","valueRequired":true,"valueName":"search_term_string"}}],"inLanguage":"pt-PT"},{"@type":"Organization","@id":"https:\/\/comarcas.csm.org.pt\/leiria\/#organization","name":"Tribunal Judicial da Comarca de Leiria","url":"https:\/\/comarcas.csm.org.pt\/leiria\/","logo":{"@type":"ImageObject","inLanguage":"pt-PT","@id":"https:\/\/comarcas.csm.org.pt\/leiria\/#\/schema\/logo\/image\/","url":"https:\/\/comarcas.csm.org.pt\/leiria\/wp-content\/uploads\/sites\/16\/2024\/11\/Leiria_positivo-horizontal.png","contentUrl":"https:\/\/comarcas.csm.org.pt\/leiria\/wp-content\/uploads\/sites\/16\/2024\/11\/Leiria_positivo-horizontal.png","width":5088,"height":890,"caption":"Tribunal Judicial da Comarca de Leiria"},"image":{"@id":"https:\/\/comarcas.csm.org.pt\/leiria\/#\/schema\/logo\/image\/"}},{"@type":"Person","@id":"https:\/\/comarcas.csm.org.pt\/leiria\/#\/schema\/person\/9057b6fbd670d5a2e931712cd357d806","name":"leiria","image":{"@type":"ImageObject","inLanguage":"pt-PT","@id":"https:\/\/comarcas.csm.org.pt\/leiria\/#\/schema\/person\/image\/","url":"https:\/\/secure.gravatar.com\/avatar\/399a72a2630b07d71a4e0167744303361d26ed8a993be2c5686bbe5ff44b469f?s=96&d=mm&r=g","contentUrl":"https:\/\/secure.gravatar.com\/avatar\/399a72a2630b07d71a4e0167744303361d26ed8a993be2c5686bbe5ff44b469f?s=96&d=mm&r=g","caption":"leiria"},"url":"https:\/\/comarcas.csm.org.pt\/leiria\/blog\/author\/leiria\/"}]}},"_links":{"self":[{"href":"https:\/\/comarcas.csm.org.pt\/leiria\/wp-json\/wp\/v2\/posts\/12154","targetHints":{"allow":["GET"]}}],"collection":[{"href":"https:\/\/comarcas.csm.org.pt\/leiria\/wp-json\/wp\/v2\/posts"}],"about":[{"href":"https:\/\/comarcas.csm.org.pt\/leiria\/wp-json\/wp\/v2\/types\/post"}],"author":[{"embeddable":true,"href":"https:\/\/comarcas.csm.org.pt\/leiria\/wp-json\/wp\/v2\/users\/16"}],"replies":[{"embeddable":true,"href":"https:\/\/comarcas.csm.org.pt\/leiria\/wp-json\/wp\/v2\/comments?post=12154"}],"version-history":[{"count":1,"href":"https:\/\/comarcas.csm.org.pt\/leiria\/wp-json\/wp\/v2\/posts\/12154\/revisions"}],"predecessor-version":[{"id":12155,"href":"https:\/\/comarcas.csm.org.pt\/leiria\/wp-json\/wp\/v2\/posts\/12154\/revisions\/12155"}],"wp:attachment":[{"href":"https:\/\/comarcas.csm.org.pt\/leiria\/wp-json\/wp\/v2\/media?parent=12154"}],"wp:term":[{"taxonomy":"category","embeddable":true,"href":"https:\/\/comarcas.csm.org.pt\/leiria\/wp-json\/wp\/v2\/categories?post=12154"},{"taxonomy":"post_tag","embeddable":true,"href":"https:\/\/comarcas.csm.org.pt\/leiria\/wp-json\/wp\/v2\/tags?post=12154"}],"curies":[{"name":"wp","href":"https:\/\/api.w.org\/{rel}","templated":true}]}}