{"id":12161,"date":"2025-05-26T11:09:12","date_gmt":"2025-05-26T11:09:12","guid":{"rendered":"https:\/\/comarcas.csm.org.pt\/leiria\/?p=12161"},"modified":"2025-05-27T15:09:32","modified_gmt":"2025-05-27T15:09:32","slug":"pena-suspensa-para-antiga-funcionaria-do-sef-de-leiria-por-17-crimes-de-abuso-de-poder","status":"publish","type":"post","link":"https:\/\/comarcas.csm.org.pt\/leiria\/blog\/2025\/05\/26\/pena-suspensa-para-antiga-funcionaria-do-sef-de-leiria-por-17-crimes-de-abuso-de-poder\/","title":{"rendered":"Pena suspensa para antiga funcion\u00e1ria do SEF de Leiria por 17 crimes de abuso de poder"},"content":{"rendered":"\n<p><a href=\"https:\/\/www.jornaldeleiria.pt\/noticia\/pena-suspensa-para-antiga-funcionaria-do-sef-de-leiria-por-17-crimes-de-abuso-de-poder\">in, \u201cJL \u2013 jornal de Leiria.pt\u201d, 19.03.2025<\/a><\/p>\n\n\n\n<p>Ag\u00eancia Lusa<\/p>\n\n\n\n<p>O colectivo de ju\u00edzes considerou provado que a arguida, de 47 anos, deu tratamento preferencial a cidad\u00e3os estrangeiros de nacionalidade chinesa \u201cem detrimento dos demais em igualdade de condi\u00e7\u00f5es<\/p>\n\n\n\n<p>O Tribunal de Leiria condenou na ter\u00e7a-feira uma antiga funcion\u00e1ria do extinto Servi\u00e7o de Estrangeiros e Fronteiras (SEF) na pena \u00fanica de tr\u00eas anos de pris\u00e3o, suspensa na sua execu\u00e7\u00e3o, por 17 crimes de abuso de poder.<\/p>\n\n\n\n<p>A suspens\u00e3o \u00e9 por igual per\u00edodo e sujeita a regime de prova, de acordo com o ac\u00f3rd\u00e3o ao qual a ag\u00eancia Lusa teve acesso.<\/p>\n\n\n\n<p>O colectivo de ju\u00edzes considerou provado que a arguida, de 47 anos, deu tratamento preferencial a cidad\u00e3os estrangeiros de nacionalidade chinesa \u201cem detrimento dos demais em igualdade de condi\u00e7\u00f5es, que tinham de aguardar longos per\u00edodos de tempo, normalmente v\u00e1rios meses, para conseguirem vaga para atendimento numa dire\u00e7\u00e3o ou delega\u00e7\u00e3o regional do SEF\u201d.<\/p>\n\n\n\n<p>No ac\u00f3rd\u00e3o, l\u00ea-se que a funcion\u00e1ria p\u00fablica, que esteve em mobilidade durante cerca de 15 meses na delega\u00e7\u00e3o de Leiria do SEF, submeteu \u201cpedidos de autoriza\u00e7\u00e3o de resid\u00eancia\/renova\u00e7\u00f5es de autoriza\u00e7\u00e3o de resid\u00eancia no sistema inform\u00e1tico do SEF\u201d, registando \u201cos documentos necess\u00e1rios \u00e0 instru\u00e7\u00e3o desses pedidos, as taxas devidas\u201d e as faturas correspondentes, \u201csem que os requerentes tivessem atendimento agendado para esse dia e nessa delega\u00e7\u00e3o\u201d.<\/p>\n\n\n\n<p>\u201cPara o efeito, a arguida, munida da documenta\u00e7\u00e3o necess\u00e1ria e dos requerimentos j\u00e1 previamente preenchidos e assinados, que recolhia junto dos interessados ou de terceiros, procedia \u00e0 inser\u00e7\u00e3o dos requerimentos e dos documentos, ao registo das taxas e emiss\u00e3o das facturas (\u2026), importando do pr\u00f3prio sistema inform\u00e1tico do SEF os dados biom\u00e9tricos dos requerentes, j\u00e1 arquivados por for\u00e7a de anteriores intera\u00e7\u00f5es com o SEF, assim obviando \u00e0 sua presen\u00e7a, que sabia ser obrigat\u00f3ria\u201d.<\/p>\n\n\n\n<p>Entre outros casos, o tribunal coletivo referiu o de um cidad\u00e3o chin\u00eas residente em Matosinhos (Porto) que, \u201cna sequ\u00eancia de solicita\u00e7\u00e3o de pessoa n\u00e3o concretamente identificada\u201d e \u201csem que existisse qualquer agendamento\u201d em seu nome, a arguida, antes da abertura ao p\u00fablico da delega\u00e7\u00e3o de Leiria, tratou da autoriza\u00e7\u00e3o de resid\u00eancia daquele.<\/p>\n\n\n\n<p>Outra situa\u00e7\u00e3o prendeu-se com uma cidad\u00e3 chinesa residente na Costa da Caparica que tinha agendamento para atendimento no SEF de Set\u00fabal em novembro de 2019, mas, a pedido de pessoa n\u00e3o identificada e \u201csem que existisse qualquer agendamento\u201d em Leiria, a arguida inseriu, quatro meses antes, no sistema inform\u00e1tico do SEF, o requerimento de autoriza\u00e7\u00e3o de resid\u00eancia daquela.<\/p>\n\n\n\n<p>Segundo a delibera\u00e7\u00e3o, a funcion\u00e1ria p\u00fablica, sem antecedentes criminais e que n\u00e3o teve processo disciplinar, actuou com a inten\u00e7\u00e3o de beneficiar indevidamente cidad\u00e3os de nacionalidade chinesa \u201cem detrimento de outros cidad\u00e3os estrangeiros que, nas mesmas condi\u00e7\u00f5es, tinham de se sujeitar \u00e0 disponibilidade de vagas\u201d.<\/p>\n\n\n\n<p>\u201c(\u2026) Ao assim actuar, violava os deveres inerentes \u00e0s suas fun\u00e7\u00f5es p\u00fablicas, a que sabia estar vinculada, designadamente os deveres de isen\u00e7\u00e3o, imparcialidade e defesa do interesse p\u00fablico, beneficiando\u201d cidad\u00e3os que \u201clograram obter autoriza\u00e7\u00f5es de resid\u00eancia\/renova\u00e7\u00f5es de autoriza\u00e7\u00f5es de resid\u00eancia de forma mais r\u00e1pida, sem se sujeitarem \u00e0s limita\u00e7\u00f5es inerentes ao n\u00famero de vagas para atendimento e, em alguns casos, sem se deslocarem aos servi\u00e7os do SEF, o que se traduziu em benef\u00edcios que a arguida sabia serem ileg\u00edtimos\u201d, acrescentou.<\/p>\n\n\n\n<p>A funcion\u00e1ria p\u00fablica negou, nas declara\u00e7\u00f5es finais ao tribunal, a pr\u00e1tica dos factos, sustentando \u201cter sido v\u00edtima de uma cabala\u201d e algu\u00e9m \u201cter usado, sem a sua autoriza\u00e7\u00e3o e conhecimento, a sua senha de acesso ao sistema\u201d, mas tais declara\u00e7\u00f5es n\u00e3o mereceram qualquer credibilidade com o colectivo de ju\u00edzes a considerar serem frontalmente contr\u00e1rias \u00e0 demais prova produzida.<\/p>\n\n\n\n<p><\/p>\n","protected":false},"excerpt":{"rendered":"<p>in, \u201cJL \u2013 jornal de Leiria.pt\u201d, 19.03.2025 Ag\u00eancia Lusa O colectivo de ju\u00edzes considerou provado que a arguida, de 47 anos, deu tratamento preferencial a cidad\u00e3os estrangeiros de nacionalidade chinesa \u201cem detrimento dos demais em&#8230;<\/p>\n","protected":false},"author":16,"featured_media":0,"comment_status":"closed","ping_status":"open","sticky":false,"template":"","format":"standard","meta":{"_tbt_post_transparent":"","_tbt_post_title":"","_tbt_post_layout":"","_tbt_post_sidebar_id":"","_tbt_post_content_style":"","_tbt_post_vertical_padding":"","_tbt_post_feature":"","_tbt_post_feature_position":"","_tbt_post_header":false,"_tbt_post_footer":false},"categories":[1,5],"tags":[],"class_list":["post-12161","post","type-post","status-publish","format-standard","hentry","category-geral","category-noticias"],"yoast_head":"<!-- This site is optimized with the Yoast SEO plugin v25.6 - https:\/\/yoast.com\/wordpress\/plugins\/seo\/ -->\n<title>Pena suspensa para antiga funcion\u00e1ria do SEF de Leiria por 17 crimes de abuso de poder - Tribunal Judicial da Comarca de Leiria<\/title>\n<meta name=\"robots\" content=\"index, follow, max-snippet:-1, max-image-preview:large, max-video-preview:-1\" \/>\n<link rel=\"canonical\" href=\"https:\/\/comarcas.csm.org.pt\/leiria\/blog\/2025\/05\/26\/pena-suspensa-para-antiga-funcionaria-do-sef-de-leiria-por-17-crimes-de-abuso-de-poder\/\" \/>\n<meta property=\"og:locale\" content=\"pt_PT\" \/>\n<meta property=\"og:type\" content=\"article\" \/>\n<meta property=\"og:title\" content=\"Pena suspensa para antiga funcion\u00e1ria do SEF de Leiria por 17 crimes de abuso de poder - Tribunal Judicial da Comarca de Leiria\" \/>\n<meta property=\"og:description\" content=\"in, \u201cJL \u2013 jornal de Leiria.pt\u201d, 19.03.2025 Ag\u00eancia Lusa O colectivo de ju\u00edzes considerou provado que a arguida, de 47 anos, deu tratamento preferencial a cidad\u00e3os estrangeiros de nacionalidade chinesa \u201cem detrimento dos demais em...\" \/>\n<meta property=\"og:url\" content=\"https:\/\/comarcas.csm.org.pt\/leiria\/blog\/2025\/05\/26\/pena-suspensa-para-antiga-funcionaria-do-sef-de-leiria-por-17-crimes-de-abuso-de-poder\/\" \/>\n<meta property=\"og:site_name\" content=\"Tribunal Judicial da Comarca de Leiria\" \/>\n<meta property=\"article:published_time\" content=\"2025-05-26T11:09:12+00:00\" \/>\n<meta property=\"article:modified_time\" content=\"2025-05-27T15:09:32+00:00\" \/>\n<meta name=\"author\" content=\"leiria\" \/>\n<meta name=\"twitter:card\" content=\"summary_large_image\" \/>\n<meta name=\"twitter:label1\" content=\"Escrito por\" \/>\n\t<meta name=\"twitter:data1\" content=\"leiria\" \/>\n\t<meta name=\"twitter:label2\" content=\"Tempo estimado de leitura\" \/>\n\t<meta name=\"twitter:data2\" content=\"4 minutos\" \/>\n<script type=\"application\/ld+json\" class=\"yoast-schema-graph\">{\"@context\":\"https:\/\/schema.org\",\"@graph\":[{\"@type\":\"Article\",\"@id\":\"https:\/\/comarcas.csm.org.pt\/leiria\/blog\/2025\/05\/26\/pena-suspensa-para-antiga-funcionaria-do-sef-de-leiria-por-17-crimes-de-abuso-de-poder\/#article\",\"isPartOf\":{\"@id\":\"https:\/\/comarcas.csm.org.pt\/leiria\/blog\/2025\/05\/26\/pena-suspensa-para-antiga-funcionaria-do-sef-de-leiria-por-17-crimes-de-abuso-de-poder\/\"},\"author\":{\"name\":\"leiria\",\"@id\":\"https:\/\/comarcas.csm.org.pt\/leiria\/#\/schema\/person\/9057b6fbd670d5a2e931712cd357d806\"},\"headline\":\"Pena suspensa para antiga funcion\u00e1ria do SEF de Leiria por 17 crimes de abuso de poder\",\"datePublished\":\"2025-05-26T11:09:12+00:00\",\"dateModified\":\"2025-05-27T15:09:32+00:00\",\"mainEntityOfPage\":{\"@id\":\"https:\/\/comarcas.csm.org.pt\/leiria\/blog\/2025\/05\/26\/pena-suspensa-para-antiga-funcionaria-do-sef-de-leiria-por-17-crimes-de-abuso-de-poder\/\"},\"wordCount\":683,\"publisher\":{\"@id\":\"https:\/\/comarcas.csm.org.pt\/leiria\/#organization\"},\"articleSection\":[\"Geral\",\"Not\u00edcias\"],\"inLanguage\":\"pt-PT\"},{\"@type\":\"WebPage\",\"@id\":\"https:\/\/comarcas.csm.org.pt\/leiria\/blog\/2025\/05\/26\/pena-suspensa-para-antiga-funcionaria-do-sef-de-leiria-por-17-crimes-de-abuso-de-poder\/\",\"url\":\"https:\/\/comarcas.csm.org.pt\/leiria\/blog\/2025\/05\/26\/pena-suspensa-para-antiga-funcionaria-do-sef-de-leiria-por-17-crimes-de-abuso-de-poder\/\",\"name\":\"Pena suspensa para antiga funcion\u00e1ria do SEF de Leiria por 17 crimes de abuso de poder - Tribunal Judicial da Comarca de Leiria\",\"isPartOf\":{\"@id\":\"https:\/\/comarcas.csm.org.pt\/leiria\/#website\"},\"datePublished\":\"2025-05-26T11:09:12+00:00\",\"dateModified\":\"2025-05-27T15:09:32+00:00\",\"breadcrumb\":{\"@id\":\"https:\/\/comarcas.csm.org.pt\/leiria\/blog\/2025\/05\/26\/pena-suspensa-para-antiga-funcionaria-do-sef-de-leiria-por-17-crimes-de-abuso-de-poder\/#breadcrumb\"},\"inLanguage\":\"pt-PT\",\"potentialAction\":[{\"@type\":\"ReadAction\",\"target\":[\"https:\/\/comarcas.csm.org.pt\/leiria\/blog\/2025\/05\/26\/pena-suspensa-para-antiga-funcionaria-do-sef-de-leiria-por-17-crimes-de-abuso-de-poder\/\"]}]},{\"@type\":\"BreadcrumbList\",\"@id\":\"https:\/\/comarcas.csm.org.pt\/leiria\/blog\/2025\/05\/26\/pena-suspensa-para-antiga-funcionaria-do-sef-de-leiria-por-17-crimes-de-abuso-de-poder\/#breadcrumb\",\"itemListElement\":[{\"@type\":\"ListItem\",\"position\":1,\"name\":\"In\u00edcio\",\"item\":\"https:\/\/comarcas.csm.org.pt\/leiria\/\"},{\"@type\":\"ListItem\",\"position\":2,\"name\":\"Pena suspensa para antiga funcion\u00e1ria do SEF de Leiria por 17 crimes de abuso de poder\"}]},{\"@type\":\"WebSite\",\"@id\":\"https:\/\/comarcas.csm.org.pt\/leiria\/#website\",\"url\":\"https:\/\/comarcas.csm.org.pt\/leiria\/\",\"name\":\"Tribunal Judicial da Comarca de Leiria\",\"description\":\"Tribunal Judicial da Comarca de Aveiro\",\"publisher\":{\"@id\":\"https:\/\/comarcas.csm.org.pt\/leiria\/#organization\"},\"potentialAction\":[{\"@type\":\"SearchAction\",\"target\":{\"@type\":\"EntryPoint\",\"urlTemplate\":\"https:\/\/comarcas.csm.org.pt\/leiria\/?s={search_term_string}\"},\"query-input\":{\"@type\":\"PropertyValueSpecification\",\"valueRequired\":true,\"valueName\":\"search_term_string\"}}],\"inLanguage\":\"pt-PT\"},{\"@type\":\"Organization\",\"@id\":\"https:\/\/comarcas.csm.org.pt\/leiria\/#organization\",\"name\":\"Tribunal Judicial da Comarca de Leiria\",\"url\":\"https:\/\/comarcas.csm.org.pt\/leiria\/\",\"logo\":{\"@type\":\"ImageObject\",\"inLanguage\":\"pt-PT\",\"@id\":\"https:\/\/comarcas.csm.org.pt\/leiria\/#\/schema\/logo\/image\/\",\"url\":\"https:\/\/comarcas.csm.org.pt\/leiria\/wp-content\/uploads\/sites\/16\/2024\/11\/Leiria_positivo-horizontal.png\",\"contentUrl\":\"https:\/\/comarcas.csm.org.pt\/leiria\/wp-content\/uploads\/sites\/16\/2024\/11\/Leiria_positivo-horizontal.png\",\"width\":5088,\"height\":890,\"caption\":\"Tribunal Judicial da Comarca de Leiria\"},\"image\":{\"@id\":\"https:\/\/comarcas.csm.org.pt\/leiria\/#\/schema\/logo\/image\/\"}},{\"@type\":\"Person\",\"@id\":\"https:\/\/comarcas.csm.org.pt\/leiria\/#\/schema\/person\/9057b6fbd670d5a2e931712cd357d806\",\"name\":\"leiria\",\"image\":{\"@type\":\"ImageObject\",\"inLanguage\":\"pt-PT\",\"@id\":\"https:\/\/comarcas.csm.org.pt\/leiria\/#\/schema\/person\/image\/\",\"url\":\"https:\/\/secure.gravatar.com\/avatar\/399a72a2630b07d71a4e0167744303361d26ed8a993be2c5686bbe5ff44b469f?s=96&d=mm&r=g\",\"contentUrl\":\"https:\/\/secure.gravatar.com\/avatar\/399a72a2630b07d71a4e0167744303361d26ed8a993be2c5686bbe5ff44b469f?s=96&d=mm&r=g\",\"caption\":\"leiria\"},\"url\":\"https:\/\/comarcas.csm.org.pt\/leiria\/blog\/author\/leiria\/\"}]}<\/script>\n<!-- \/ Yoast SEO plugin. -->","yoast_head_json":{"title":"Pena suspensa para antiga funcion\u00e1ria do SEF de Leiria por 17 crimes de abuso de poder - Tribunal Judicial da Comarca de Leiria","robots":{"index":"index","follow":"follow","max-snippet":"max-snippet:-1","max-image-preview":"max-image-preview:large","max-video-preview":"max-video-preview:-1"},"canonical":"https:\/\/comarcas.csm.org.pt\/leiria\/blog\/2025\/05\/26\/pena-suspensa-para-antiga-funcionaria-do-sef-de-leiria-por-17-crimes-de-abuso-de-poder\/","og_locale":"pt_PT","og_type":"article","og_title":"Pena suspensa para antiga funcion\u00e1ria do SEF de Leiria por 17 crimes de abuso de poder - Tribunal Judicial da Comarca de Leiria","og_description":"in, \u201cJL \u2013 jornal de Leiria.pt\u201d, 19.03.2025 Ag\u00eancia Lusa O colectivo de ju\u00edzes considerou provado que a arguida, de 47 anos, deu tratamento preferencial a cidad\u00e3os estrangeiros de nacionalidade chinesa \u201cem detrimento dos demais em...","og_url":"https:\/\/comarcas.csm.org.pt\/leiria\/blog\/2025\/05\/26\/pena-suspensa-para-antiga-funcionaria-do-sef-de-leiria-por-17-crimes-de-abuso-de-poder\/","og_site_name":"Tribunal Judicial da Comarca de Leiria","article_published_time":"2025-05-26T11:09:12+00:00","article_modified_time":"2025-05-27T15:09:32+00:00","author":"leiria","twitter_card":"summary_large_image","twitter_misc":{"Escrito por":"leiria","Tempo estimado de leitura":"4 minutos"},"schema":{"@context":"https:\/\/schema.org","@graph":[{"@type":"Article","@id":"https:\/\/comarcas.csm.org.pt\/leiria\/blog\/2025\/05\/26\/pena-suspensa-para-antiga-funcionaria-do-sef-de-leiria-por-17-crimes-de-abuso-de-poder\/#article","isPartOf":{"@id":"https:\/\/comarcas.csm.org.pt\/leiria\/blog\/2025\/05\/26\/pena-suspensa-para-antiga-funcionaria-do-sef-de-leiria-por-17-crimes-de-abuso-de-poder\/"},"author":{"name":"leiria","@id":"https:\/\/comarcas.csm.org.pt\/leiria\/#\/schema\/person\/9057b6fbd670d5a2e931712cd357d806"},"headline":"Pena suspensa para antiga funcion\u00e1ria do SEF de Leiria por 17 crimes de abuso de poder","datePublished":"2025-05-26T11:09:12+00:00","dateModified":"2025-05-27T15:09:32+00:00","mainEntityOfPage":{"@id":"https:\/\/comarcas.csm.org.pt\/leiria\/blog\/2025\/05\/26\/pena-suspensa-para-antiga-funcionaria-do-sef-de-leiria-por-17-crimes-de-abuso-de-poder\/"},"wordCount":683,"publisher":{"@id":"https:\/\/comarcas.csm.org.pt\/leiria\/#organization"},"articleSection":["Geral","Not\u00edcias"],"inLanguage":"pt-PT"},{"@type":"WebPage","@id":"https:\/\/comarcas.csm.org.pt\/leiria\/blog\/2025\/05\/26\/pena-suspensa-para-antiga-funcionaria-do-sef-de-leiria-por-17-crimes-de-abuso-de-poder\/","url":"https:\/\/comarcas.csm.org.pt\/leiria\/blog\/2025\/05\/26\/pena-suspensa-para-antiga-funcionaria-do-sef-de-leiria-por-17-crimes-de-abuso-de-poder\/","name":"Pena suspensa para antiga funcion\u00e1ria do SEF de Leiria por 17 crimes de abuso de poder - Tribunal Judicial da Comarca de Leiria","isPartOf":{"@id":"https:\/\/comarcas.csm.org.pt\/leiria\/#website"},"datePublished":"2025-05-26T11:09:12+00:00","dateModified":"2025-05-27T15:09:32+00:00","breadcrumb":{"@id":"https:\/\/comarcas.csm.org.pt\/leiria\/blog\/2025\/05\/26\/pena-suspensa-para-antiga-funcionaria-do-sef-de-leiria-por-17-crimes-de-abuso-de-poder\/#breadcrumb"},"inLanguage":"pt-PT","potentialAction":[{"@type":"ReadAction","target":["https:\/\/comarcas.csm.org.pt\/leiria\/blog\/2025\/05\/26\/pena-suspensa-para-antiga-funcionaria-do-sef-de-leiria-por-17-crimes-de-abuso-de-poder\/"]}]},{"@type":"BreadcrumbList","@id":"https:\/\/comarcas.csm.org.pt\/leiria\/blog\/2025\/05\/26\/pena-suspensa-para-antiga-funcionaria-do-sef-de-leiria-por-17-crimes-de-abuso-de-poder\/#breadcrumb","itemListElement":[{"@type":"ListItem","position":1,"name":"In\u00edcio","item":"https:\/\/comarcas.csm.org.pt\/leiria\/"},{"@type":"ListItem","position":2,"name":"Pena suspensa para antiga funcion\u00e1ria do SEF de Leiria por 17 crimes de abuso de poder"}]},{"@type":"WebSite","@id":"https:\/\/comarcas.csm.org.pt\/leiria\/#website","url":"https:\/\/comarcas.csm.org.pt\/leiria\/","name":"Tribunal Judicial da Comarca de Leiria","description":"Tribunal Judicial da Comarca de Aveiro","publisher":{"@id":"https:\/\/comarcas.csm.org.pt\/leiria\/#organization"},"potentialAction":[{"@type":"SearchAction","target":{"@type":"EntryPoint","urlTemplate":"https:\/\/comarcas.csm.org.pt\/leiria\/?s={search_term_string}"},"query-input":{"@type":"PropertyValueSpecification","valueRequired":true,"valueName":"search_term_string"}}],"inLanguage":"pt-PT"},{"@type":"Organization","@id":"https:\/\/comarcas.csm.org.pt\/leiria\/#organization","name":"Tribunal Judicial da Comarca de Leiria","url":"https:\/\/comarcas.csm.org.pt\/leiria\/","logo":{"@type":"ImageObject","inLanguage":"pt-PT","@id":"https:\/\/comarcas.csm.org.pt\/leiria\/#\/schema\/logo\/image\/","url":"https:\/\/comarcas.csm.org.pt\/leiria\/wp-content\/uploads\/sites\/16\/2024\/11\/Leiria_positivo-horizontal.png","contentUrl":"https:\/\/comarcas.csm.org.pt\/leiria\/wp-content\/uploads\/sites\/16\/2024\/11\/Leiria_positivo-horizontal.png","width":5088,"height":890,"caption":"Tribunal Judicial da Comarca de Leiria"},"image":{"@id":"https:\/\/comarcas.csm.org.pt\/leiria\/#\/schema\/logo\/image\/"}},{"@type":"Person","@id":"https:\/\/comarcas.csm.org.pt\/leiria\/#\/schema\/person\/9057b6fbd670d5a2e931712cd357d806","name":"leiria","image":{"@type":"ImageObject","inLanguage":"pt-PT","@id":"https:\/\/comarcas.csm.org.pt\/leiria\/#\/schema\/person\/image\/","url":"https:\/\/secure.gravatar.com\/avatar\/399a72a2630b07d71a4e0167744303361d26ed8a993be2c5686bbe5ff44b469f?s=96&d=mm&r=g","contentUrl":"https:\/\/secure.gravatar.com\/avatar\/399a72a2630b07d71a4e0167744303361d26ed8a993be2c5686bbe5ff44b469f?s=96&d=mm&r=g","caption":"leiria"},"url":"https:\/\/comarcas.csm.org.pt\/leiria\/blog\/author\/leiria\/"}]}},"_links":{"self":[{"href":"https:\/\/comarcas.csm.org.pt\/leiria\/wp-json\/wp\/v2\/posts\/12161","targetHints":{"allow":["GET"]}}],"collection":[{"href":"https:\/\/comarcas.csm.org.pt\/leiria\/wp-json\/wp\/v2\/posts"}],"about":[{"href":"https:\/\/comarcas.csm.org.pt\/leiria\/wp-json\/wp\/v2\/types\/post"}],"author":[{"embeddable":true,"href":"https:\/\/comarcas.csm.org.pt\/leiria\/wp-json\/wp\/v2\/users\/16"}],"replies":[{"embeddable":true,"href":"https:\/\/comarcas.csm.org.pt\/leiria\/wp-json\/wp\/v2\/comments?post=12161"}],"version-history":[{"count":1,"href":"https:\/\/comarcas.csm.org.pt\/leiria\/wp-json\/wp\/v2\/posts\/12161\/revisions"}],"predecessor-version":[{"id":12162,"href":"https:\/\/comarcas.csm.org.pt\/leiria\/wp-json\/wp\/v2\/posts\/12161\/revisions\/12162"}],"wp:attachment":[{"href":"https:\/\/comarcas.csm.org.pt\/leiria\/wp-json\/wp\/v2\/media?parent=12161"}],"wp:term":[{"taxonomy":"category","embeddable":true,"href":"https:\/\/comarcas.csm.org.pt\/leiria\/wp-json\/wp\/v2\/categories?post=12161"},{"taxonomy":"post_tag","embeddable":true,"href":"https:\/\/comarcas.csm.org.pt\/leiria\/wp-json\/wp\/v2\/tags?post=12161"}],"curies":[{"name":"wp","href":"https:\/\/api.w.org\/{rel}","templated":true}]}}