{"id":12175,"date":"2025-05-26T13:15:37","date_gmt":"2025-05-26T13:15:37","guid":{"rendered":"https:\/\/comarcas.csm.org.pt\/leiria\/?p=12175"},"modified":"2025-05-27T15:08:29","modified_gmt":"2025-05-27T15:08:29","slug":"prisao-preventiva-para-suspeito-de-abuso-sexual-e-pornografia-de-menores-em-leiria","status":"publish","type":"post","link":"https:\/\/comarcas.csm.org.pt\/leiria\/blog\/2025\/05\/26\/prisao-preventiva-para-suspeito-de-abuso-sexual-e-pornografia-de-menores-em-leiria\/","title":{"rendered":"Pris\u00e3o preventiva para suspeito de abuso sexual e pornografia de menores em Leiria"},"content":{"rendered":"\n<p><a href=\"https:\/\/www.regiaodeleiria.pt\/2025\/03\/prisao-preventiva-para-suspeito-de-abuso-sexual-e-pornografia-de-menores-em-leiria\/\">in \u201cRegi\u00e3o de Leiria.pt\u201d, 26.03.2025<\/a><\/p>\n\n\n\n<p>O arguido tem 35 anos e \u00e9 funcion\u00e1rio do hospital de Leiria.<\/p>\n\n\n\n<p>Um homem suspeito de crimes de abuso sexual de menores dependentes e pornografia de menores, todos agravados, em Leiria, foi detido pela Pol\u00edcia Judici\u00e1ria e vai aguardar o desenvolvimento do inqu\u00e9rito em pris\u00e3o preventiva.<\/p>\n\n\n\n<p>Segundo a Procuradoria da Rep\u00fablica da Comarca de Leiria, o arguido foi detido, na segunda-feira, na sequ\u00eancia da emiss\u00e3o de mandados de deten\u00e7\u00e3o pelo Minist\u00e9rio P\u00fablico, \u201cpor se indiciar a pr\u00e1tica, em autoria material e na forma consumada, de crimes de abuso sexual de menores dependentes agravados e crimes de pornografia de menores agravados\u201d.<\/p>\n\n\n\n<p>Presente a primeiro interrogat\u00f3rio judicial no dia seguinte, ao arguido foi determinada a medida de coa\u00e7\u00e3o de pris\u00e3o preventiva, \u201cem conformidade com a promo\u00e7\u00e3o do Minist\u00e9rio P\u00fablico\u201d, dada \u201ca exist\u00eancia de perigo de continua\u00e7\u00e3o de atividade criminosa e perigo de perturba\u00e7\u00e3o grave da ordem e tranquilidade p\u00fablicas\u201d.<\/p>\n\n\n\n<p>\u201cNos autos, considerou-se fortemente indiciado que, nos anos de 2024 e 2025, na cidade de Leiria, o arguido manteve um relacionamento de natureza sexual com dois menores de idade, aproveitando-se da sua especial vulnerabilidade e de uma rela\u00e7\u00e3o de proximidade e de confian\u00e7a que existia entre todos\u201d, adiantou a Procuradoria.<\/p>\n\n\n\n<p>Fonte judicial disse \u00e0 ag\u00eancia Lusa que o arguido tem cerca de 35 anos e \u00e9 funcion\u00e1rio no hospital de Leiria, sendo que as v\u00edtimas t\u00eam 7 e 15 anos.<\/p>\n\n\n\n<p>Segundo a mesma fonte, havia uma rela\u00e7\u00e3o de conv\u00edvio entre fam\u00edlias, mas as v\u00edtimas n\u00e3o t\u00eam rela\u00e7\u00e3o familiar entre si.<\/p>\n\n\n\n<p>A investiga\u00e7\u00e3o continua sob dire\u00e7\u00e3o do Minist\u00e9rio P\u00fablico do Departamento de Investiga\u00e7\u00e3o e A\u00e7\u00e3o Penal de Leiria com a coadjuva\u00e7\u00e3o da Pol\u00edcia Judici\u00e1ria, acrescentou a Procuradoria.<\/p>\n","protected":false},"excerpt":{"rendered":"<p>in \u201cRegi\u00e3o de Leiria.pt\u201d, 26.03.2025 O arguido tem 35 anos e \u00e9 funcion\u00e1rio do hospital de Leiria. Um homem suspeito de crimes de abuso sexual de menores dependentes e pornografia de menores, todos agravados, em&#8230;<\/p>\n","protected":false},"author":16,"featured_media":0,"comment_status":"closed","ping_status":"open","sticky":false,"template":"","format":"standard","meta":{"_tbt_post_transparent":"","_tbt_post_title":"","_tbt_post_layout":"","_tbt_post_sidebar_id":"","_tbt_post_content_style":"","_tbt_post_vertical_padding":"","_tbt_post_feature":"","_tbt_post_feature_position":"","_tbt_post_header":false,"_tbt_post_footer":false},"categories":[1,5],"tags":[],"class_list":["post-12175","post","type-post","status-publish","format-standard","hentry","category-geral","category-noticias"],"yoast_head":"<!-- This site is optimized with the Yoast SEO plugin v25.6 - https:\/\/yoast.com\/wordpress\/plugins\/seo\/ -->\n<title>Pris\u00e3o preventiva para suspeito de abuso sexual e pornografia de menores em Leiria - Tribunal Judicial da Comarca de Leiria<\/title>\n<meta name=\"robots\" content=\"index, follow, max-snippet:-1, max-image-preview:large, max-video-preview:-1\" \/>\n<link rel=\"canonical\" href=\"https:\/\/comarcas.csm.org.pt\/leiria\/blog\/2025\/05\/26\/prisao-preventiva-para-suspeito-de-abuso-sexual-e-pornografia-de-menores-em-leiria\/\" \/>\n<meta property=\"og:locale\" content=\"pt_PT\" \/>\n<meta property=\"og:type\" content=\"article\" \/>\n<meta property=\"og:title\" content=\"Pris\u00e3o preventiva para suspeito de abuso sexual e pornografia de menores em Leiria - Tribunal Judicial da Comarca de Leiria\" \/>\n<meta property=\"og:description\" content=\"in \u201cRegi\u00e3o de Leiria.pt\u201d, 26.03.2025 O arguido tem 35 anos e \u00e9 funcion\u00e1rio do hospital de Leiria. Um homem suspeito de crimes de abuso sexual de menores dependentes e pornografia de menores, todos agravados, em...\" \/>\n<meta property=\"og:url\" content=\"https:\/\/comarcas.csm.org.pt\/leiria\/blog\/2025\/05\/26\/prisao-preventiva-para-suspeito-de-abuso-sexual-e-pornografia-de-menores-em-leiria\/\" \/>\n<meta property=\"og:site_name\" content=\"Tribunal Judicial da Comarca de Leiria\" \/>\n<meta property=\"article:published_time\" content=\"2025-05-26T13:15:37+00:00\" \/>\n<meta property=\"article:modified_time\" content=\"2025-05-27T15:08:29+00:00\" \/>\n<meta name=\"author\" content=\"leiria\" \/>\n<meta name=\"twitter:card\" content=\"summary_large_image\" \/>\n<meta name=\"twitter:label1\" content=\"Escrito por\" \/>\n\t<meta name=\"twitter:data1\" content=\"leiria\" \/>\n\t<meta name=\"twitter:label2\" content=\"Tempo estimado de leitura\" \/>\n\t<meta name=\"twitter:data2\" content=\"2 minutos\" \/>\n<script type=\"application\/ld+json\" class=\"yoast-schema-graph\">{\"@context\":\"https:\/\/schema.org\",\"@graph\":[{\"@type\":\"Article\",\"@id\":\"https:\/\/comarcas.csm.org.pt\/leiria\/blog\/2025\/05\/26\/prisao-preventiva-para-suspeito-de-abuso-sexual-e-pornografia-de-menores-em-leiria\/#article\",\"isPartOf\":{\"@id\":\"https:\/\/comarcas.csm.org.pt\/leiria\/blog\/2025\/05\/26\/prisao-preventiva-para-suspeito-de-abuso-sexual-e-pornografia-de-menores-em-leiria\/\"},\"author\":{\"name\":\"leiria\",\"@id\":\"https:\/\/comarcas.csm.org.pt\/leiria\/#\/schema\/person\/9057b6fbd670d5a2e931712cd357d806\"},\"headline\":\"Pris\u00e3o preventiva para suspeito de abuso sexual e pornografia de menores em Leiria\",\"datePublished\":\"2025-05-26T13:15:37+00:00\",\"dateModified\":\"2025-05-27T15:08:29+00:00\",\"mainEntityOfPage\":{\"@id\":\"https:\/\/comarcas.csm.org.pt\/leiria\/blog\/2025\/05\/26\/prisao-preventiva-para-suspeito-de-abuso-sexual-e-pornografia-de-menores-em-leiria\/\"},\"wordCount\":328,\"publisher\":{\"@id\":\"https:\/\/comarcas.csm.org.pt\/leiria\/#organization\"},\"articleSection\":[\"Geral\",\"Not\u00edcias\"],\"inLanguage\":\"pt-PT\"},{\"@type\":\"WebPage\",\"@id\":\"https:\/\/comarcas.csm.org.pt\/leiria\/blog\/2025\/05\/26\/prisao-preventiva-para-suspeito-de-abuso-sexual-e-pornografia-de-menores-em-leiria\/\",\"url\":\"https:\/\/comarcas.csm.org.pt\/leiria\/blog\/2025\/05\/26\/prisao-preventiva-para-suspeito-de-abuso-sexual-e-pornografia-de-menores-em-leiria\/\",\"name\":\"Pris\u00e3o preventiva para suspeito de abuso sexual e pornografia de menores em Leiria - Tribunal Judicial da Comarca de Leiria\",\"isPartOf\":{\"@id\":\"https:\/\/comarcas.csm.org.pt\/leiria\/#website\"},\"datePublished\":\"2025-05-26T13:15:37+00:00\",\"dateModified\":\"2025-05-27T15:08:29+00:00\",\"breadcrumb\":{\"@id\":\"https:\/\/comarcas.csm.org.pt\/leiria\/blog\/2025\/05\/26\/prisao-preventiva-para-suspeito-de-abuso-sexual-e-pornografia-de-menores-em-leiria\/#breadcrumb\"},\"inLanguage\":\"pt-PT\",\"potentialAction\":[{\"@type\":\"ReadAction\",\"target\":[\"https:\/\/comarcas.csm.org.pt\/leiria\/blog\/2025\/05\/26\/prisao-preventiva-para-suspeito-de-abuso-sexual-e-pornografia-de-menores-em-leiria\/\"]}]},{\"@type\":\"BreadcrumbList\",\"@id\":\"https:\/\/comarcas.csm.org.pt\/leiria\/blog\/2025\/05\/26\/prisao-preventiva-para-suspeito-de-abuso-sexual-e-pornografia-de-menores-em-leiria\/#breadcrumb\",\"itemListElement\":[{\"@type\":\"ListItem\",\"position\":1,\"name\":\"In\u00edcio\",\"item\":\"https:\/\/comarcas.csm.org.pt\/leiria\/\"},{\"@type\":\"ListItem\",\"position\":2,\"name\":\"Pris\u00e3o preventiva para suspeito de abuso sexual e pornografia de menores em Leiria\"}]},{\"@type\":\"WebSite\",\"@id\":\"https:\/\/comarcas.csm.org.pt\/leiria\/#website\",\"url\":\"https:\/\/comarcas.csm.org.pt\/leiria\/\",\"name\":\"Tribunal Judicial da Comarca de Leiria\",\"description\":\"Tribunal Judicial da Comarca de Aveiro\",\"publisher\":{\"@id\":\"https:\/\/comarcas.csm.org.pt\/leiria\/#organization\"},\"potentialAction\":[{\"@type\":\"SearchAction\",\"target\":{\"@type\":\"EntryPoint\",\"urlTemplate\":\"https:\/\/comarcas.csm.org.pt\/leiria\/?s={search_term_string}\"},\"query-input\":{\"@type\":\"PropertyValueSpecification\",\"valueRequired\":true,\"valueName\":\"search_term_string\"}}],\"inLanguage\":\"pt-PT\"},{\"@type\":\"Organization\",\"@id\":\"https:\/\/comarcas.csm.org.pt\/leiria\/#organization\",\"name\":\"Tribunal Judicial da Comarca de Leiria\",\"url\":\"https:\/\/comarcas.csm.org.pt\/leiria\/\",\"logo\":{\"@type\":\"ImageObject\",\"inLanguage\":\"pt-PT\",\"@id\":\"https:\/\/comarcas.csm.org.pt\/leiria\/#\/schema\/logo\/image\/\",\"url\":\"https:\/\/comarcas.csm.org.pt\/leiria\/wp-content\/uploads\/sites\/16\/2024\/11\/Leiria_positivo-horizontal.png\",\"contentUrl\":\"https:\/\/comarcas.csm.org.pt\/leiria\/wp-content\/uploads\/sites\/16\/2024\/11\/Leiria_positivo-horizontal.png\",\"width\":5088,\"height\":890,\"caption\":\"Tribunal Judicial da Comarca de Leiria\"},\"image\":{\"@id\":\"https:\/\/comarcas.csm.org.pt\/leiria\/#\/schema\/logo\/image\/\"}},{\"@type\":\"Person\",\"@id\":\"https:\/\/comarcas.csm.org.pt\/leiria\/#\/schema\/person\/9057b6fbd670d5a2e931712cd357d806\",\"name\":\"leiria\",\"image\":{\"@type\":\"ImageObject\",\"inLanguage\":\"pt-PT\",\"@id\":\"https:\/\/comarcas.csm.org.pt\/leiria\/#\/schema\/person\/image\/\",\"url\":\"https:\/\/secure.gravatar.com\/avatar\/399a72a2630b07d71a4e0167744303361d26ed8a993be2c5686bbe5ff44b469f?s=96&d=mm&r=g\",\"contentUrl\":\"https:\/\/secure.gravatar.com\/avatar\/399a72a2630b07d71a4e0167744303361d26ed8a993be2c5686bbe5ff44b469f?s=96&d=mm&r=g\",\"caption\":\"leiria\"},\"url\":\"https:\/\/comarcas.csm.org.pt\/leiria\/blog\/author\/leiria\/\"}]}<\/script>\n<!-- \/ Yoast SEO plugin. -->","yoast_head_json":{"title":"Pris\u00e3o preventiva para suspeito de abuso sexual e pornografia de menores em Leiria - Tribunal Judicial da Comarca de Leiria","robots":{"index":"index","follow":"follow","max-snippet":"max-snippet:-1","max-image-preview":"max-image-preview:large","max-video-preview":"max-video-preview:-1"},"canonical":"https:\/\/comarcas.csm.org.pt\/leiria\/blog\/2025\/05\/26\/prisao-preventiva-para-suspeito-de-abuso-sexual-e-pornografia-de-menores-em-leiria\/","og_locale":"pt_PT","og_type":"article","og_title":"Pris\u00e3o preventiva para suspeito de abuso sexual e pornografia de menores em Leiria - Tribunal Judicial da Comarca de Leiria","og_description":"in \u201cRegi\u00e3o de Leiria.pt\u201d, 26.03.2025 O arguido tem 35 anos e \u00e9 funcion\u00e1rio do hospital de Leiria. Um homem suspeito de crimes de abuso sexual de menores dependentes e pornografia de menores, todos agravados, em...","og_url":"https:\/\/comarcas.csm.org.pt\/leiria\/blog\/2025\/05\/26\/prisao-preventiva-para-suspeito-de-abuso-sexual-e-pornografia-de-menores-em-leiria\/","og_site_name":"Tribunal Judicial da Comarca de Leiria","article_published_time":"2025-05-26T13:15:37+00:00","article_modified_time":"2025-05-27T15:08:29+00:00","author":"leiria","twitter_card":"summary_large_image","twitter_misc":{"Escrito por":"leiria","Tempo estimado de leitura":"2 minutos"},"schema":{"@context":"https:\/\/schema.org","@graph":[{"@type":"Article","@id":"https:\/\/comarcas.csm.org.pt\/leiria\/blog\/2025\/05\/26\/prisao-preventiva-para-suspeito-de-abuso-sexual-e-pornografia-de-menores-em-leiria\/#article","isPartOf":{"@id":"https:\/\/comarcas.csm.org.pt\/leiria\/blog\/2025\/05\/26\/prisao-preventiva-para-suspeito-de-abuso-sexual-e-pornografia-de-menores-em-leiria\/"},"author":{"name":"leiria","@id":"https:\/\/comarcas.csm.org.pt\/leiria\/#\/schema\/person\/9057b6fbd670d5a2e931712cd357d806"},"headline":"Pris\u00e3o preventiva para suspeito de abuso sexual e pornografia de menores em Leiria","datePublished":"2025-05-26T13:15:37+00:00","dateModified":"2025-05-27T15:08:29+00:00","mainEntityOfPage":{"@id":"https:\/\/comarcas.csm.org.pt\/leiria\/blog\/2025\/05\/26\/prisao-preventiva-para-suspeito-de-abuso-sexual-e-pornografia-de-menores-em-leiria\/"},"wordCount":328,"publisher":{"@id":"https:\/\/comarcas.csm.org.pt\/leiria\/#organization"},"articleSection":["Geral","Not\u00edcias"],"inLanguage":"pt-PT"},{"@type":"WebPage","@id":"https:\/\/comarcas.csm.org.pt\/leiria\/blog\/2025\/05\/26\/prisao-preventiva-para-suspeito-de-abuso-sexual-e-pornografia-de-menores-em-leiria\/","url":"https:\/\/comarcas.csm.org.pt\/leiria\/blog\/2025\/05\/26\/prisao-preventiva-para-suspeito-de-abuso-sexual-e-pornografia-de-menores-em-leiria\/","name":"Pris\u00e3o preventiva para suspeito de abuso sexual e pornografia de menores em Leiria - Tribunal Judicial da Comarca de Leiria","isPartOf":{"@id":"https:\/\/comarcas.csm.org.pt\/leiria\/#website"},"datePublished":"2025-05-26T13:15:37+00:00","dateModified":"2025-05-27T15:08:29+00:00","breadcrumb":{"@id":"https:\/\/comarcas.csm.org.pt\/leiria\/blog\/2025\/05\/26\/prisao-preventiva-para-suspeito-de-abuso-sexual-e-pornografia-de-menores-em-leiria\/#breadcrumb"},"inLanguage":"pt-PT","potentialAction":[{"@type":"ReadAction","target":["https:\/\/comarcas.csm.org.pt\/leiria\/blog\/2025\/05\/26\/prisao-preventiva-para-suspeito-de-abuso-sexual-e-pornografia-de-menores-em-leiria\/"]}]},{"@type":"BreadcrumbList","@id":"https:\/\/comarcas.csm.org.pt\/leiria\/blog\/2025\/05\/26\/prisao-preventiva-para-suspeito-de-abuso-sexual-e-pornografia-de-menores-em-leiria\/#breadcrumb","itemListElement":[{"@type":"ListItem","position":1,"name":"In\u00edcio","item":"https:\/\/comarcas.csm.org.pt\/leiria\/"},{"@type":"ListItem","position":2,"name":"Pris\u00e3o preventiva para suspeito de abuso sexual e pornografia de menores em Leiria"}]},{"@type":"WebSite","@id":"https:\/\/comarcas.csm.org.pt\/leiria\/#website","url":"https:\/\/comarcas.csm.org.pt\/leiria\/","name":"Tribunal Judicial da Comarca de Leiria","description":"Tribunal Judicial da Comarca de Aveiro","publisher":{"@id":"https:\/\/comarcas.csm.org.pt\/leiria\/#organization"},"potentialAction":[{"@type":"SearchAction","target":{"@type":"EntryPoint","urlTemplate":"https:\/\/comarcas.csm.org.pt\/leiria\/?s={search_term_string}"},"query-input":{"@type":"PropertyValueSpecification","valueRequired":true,"valueName":"search_term_string"}}],"inLanguage":"pt-PT"},{"@type":"Organization","@id":"https:\/\/comarcas.csm.org.pt\/leiria\/#organization","name":"Tribunal Judicial da Comarca de Leiria","url":"https:\/\/comarcas.csm.org.pt\/leiria\/","logo":{"@type":"ImageObject","inLanguage":"pt-PT","@id":"https:\/\/comarcas.csm.org.pt\/leiria\/#\/schema\/logo\/image\/","url":"https:\/\/comarcas.csm.org.pt\/leiria\/wp-content\/uploads\/sites\/16\/2024\/11\/Leiria_positivo-horizontal.png","contentUrl":"https:\/\/comarcas.csm.org.pt\/leiria\/wp-content\/uploads\/sites\/16\/2024\/11\/Leiria_positivo-horizontal.png","width":5088,"height":890,"caption":"Tribunal Judicial da Comarca de Leiria"},"image":{"@id":"https:\/\/comarcas.csm.org.pt\/leiria\/#\/schema\/logo\/image\/"}},{"@type":"Person","@id":"https:\/\/comarcas.csm.org.pt\/leiria\/#\/schema\/person\/9057b6fbd670d5a2e931712cd357d806","name":"leiria","image":{"@type":"ImageObject","inLanguage":"pt-PT","@id":"https:\/\/comarcas.csm.org.pt\/leiria\/#\/schema\/person\/image\/","url":"https:\/\/secure.gravatar.com\/avatar\/399a72a2630b07d71a4e0167744303361d26ed8a993be2c5686bbe5ff44b469f?s=96&d=mm&r=g","contentUrl":"https:\/\/secure.gravatar.com\/avatar\/399a72a2630b07d71a4e0167744303361d26ed8a993be2c5686bbe5ff44b469f?s=96&d=mm&r=g","caption":"leiria"},"url":"https:\/\/comarcas.csm.org.pt\/leiria\/blog\/author\/leiria\/"}]}},"_links":{"self":[{"href":"https:\/\/comarcas.csm.org.pt\/leiria\/wp-json\/wp\/v2\/posts\/12175","targetHints":{"allow":["GET"]}}],"collection":[{"href":"https:\/\/comarcas.csm.org.pt\/leiria\/wp-json\/wp\/v2\/posts"}],"about":[{"href":"https:\/\/comarcas.csm.org.pt\/leiria\/wp-json\/wp\/v2\/types\/post"}],"author":[{"embeddable":true,"href":"https:\/\/comarcas.csm.org.pt\/leiria\/wp-json\/wp\/v2\/users\/16"}],"replies":[{"embeddable":true,"href":"https:\/\/comarcas.csm.org.pt\/leiria\/wp-json\/wp\/v2\/comments?post=12175"}],"version-history":[{"count":1,"href":"https:\/\/comarcas.csm.org.pt\/leiria\/wp-json\/wp\/v2\/posts\/12175\/revisions"}],"predecessor-version":[{"id":12179,"href":"https:\/\/comarcas.csm.org.pt\/leiria\/wp-json\/wp\/v2\/posts\/12175\/revisions\/12179"}],"wp:attachment":[{"href":"https:\/\/comarcas.csm.org.pt\/leiria\/wp-json\/wp\/v2\/media?parent=12175"}],"wp:term":[{"taxonomy":"category","embeddable":true,"href":"https:\/\/comarcas.csm.org.pt\/leiria\/wp-json\/wp\/v2\/categories?post=12175"},{"taxonomy":"post_tag","embeddable":true,"href":"https:\/\/comarcas.csm.org.pt\/leiria\/wp-json\/wp\/v2\/tags?post=12175"}],"curies":[{"name":"wp","href":"https:\/\/api.w.org\/{rel}","templated":true}]}}