{"id":12187,"date":"2025-05-26T13:22:58","date_gmt":"2025-05-26T13:22:58","guid":{"rendered":"https:\/\/comarcas.csm.org.pt\/leiria\/?p=12187"},"modified":"2025-05-27T15:08:02","modified_gmt":"2025-05-27T15:08:02","slug":"homem-acusado-de-matar-a-mulher-em-porto-de-mos-comeca-a-ser-julgado-em-abril","status":"publish","type":"post","link":"https:\/\/comarcas.csm.org.pt\/leiria\/blog\/2025\/05\/26\/homem-acusado-de-matar-a-mulher-em-porto-de-mos-comeca-a-ser-julgado-em-abril\/","title":{"rendered":"Homem acusado de matar a mulher em Porto de M\u00f3s come\u00e7a a ser julgado em Abril"},"content":{"rendered":"\n<p><a href=\"https:\/\/www.jornaldeleiria.pt\/noticia\/homem-acusado-de-matar-a-mulher-em-porto-de-mos-comeca-a-ser-julgado-em-abril\">in \u201cJL \u2013 Jornal de Leiria.pt\u201d, 27.03.2025<\/a><\/p>\n\n\n\n<p>O arguido, movido por ci\u00fames, desferiu v\u00e1rias pancadas na cabe\u00e7a da mulher com uma maceta de ferro. Apesar de ver a mulher ca\u00edda no ch\u00e3o, o arguido \u201cdesferiu-lhe mais pancadas&#8221;<\/p>\n\n\n\n<p>Um homem acusado pelo Minist\u00e9rio P\u00fablico (MP) de ter matado a mulher, em Maio de 2024, no concelho de Porto de M\u00f3s, come\u00e7a a ser julgado em 3 de Abril, no Tribunal Judicial de Leiria.<\/p>\n\n\n\n<p>No despacho de acusa\u00e7\u00e3o, confirmado por um juiz de instru\u00e7\u00e3o criminal, l\u00ea-se que a rela\u00e7\u00e3o do casal, com dois filhos maiores de idade, \u201ccome\u00e7ou a ser pautada pelo distanciamento\u201d.<\/p>\n\n\n\n<p>No in\u00edcio de Maio de 2024, o homem confrontou a v\u00edtima com um rumor segundo o qual \u201cum homem da aldeia iria comprar uma casa para ali ir viver com uma mulher casada\u201d, tendo desconfiado que seria a sua, relata o MP no despacho ao qual a ag\u00eancia Lusa teve acesso.<\/p>\n\n\n\n<p>Ap\u00f3s esta confronta\u00e7\u00e3o, a v\u00edtima transmitiu ao marido que queria separar-se.<\/p>\n\n\n\n<p>Desde ent\u00e3o, o arguido disse aos filhos, por diversas vezes, que n\u00e3o era capaz de viver sem a m\u00e3e destes, tendo igualmente dito \u00e0 mulher que se esta o deixasse iria suicidar-se, \u201cpretendendo, assim, que esta desistisse da separa\u00e7\u00e3o\u201d.<\/p>\n\n\n\n<p>Na tarde de 25 de Maio, quando o casal se encontrava num anexo da resid\u00eancia, o arguido, movido por ci\u00fames, desferiu v\u00e1rias pancadas na cabe\u00e7a da mulher com uma maceta de ferro.<\/p>\n\n\n\n<p>Apesar de ver a mulher ca\u00edda no ch\u00e3o, com diversos ferimentos na cabe\u00e7a e impossibilitada de se defender, o arguido \u201cdesferiu-lhe mais pancadas com a maceta, atingindo-a na cabe\u00e7a\u201d, em n\u00famero n\u00e3o determinado, mas n\u00e3o inferior a 12.<\/p>\n\n\n\n<p>O arguido tentou ainda estrangular a v\u00edtima e, depois de se certificar de que estava morta, ligou para o 112, pedindo a \u201ccompar\u00eancia da pol\u00edcia, pois tinha matado a mulher\u201d.<\/p>\n\n\n\n<p>De seguida, com uma faca, infligiu a si pr\u00f3prio tr\u00eas cortes, refere o MP.<\/p>\n\n\n\n<p>Devido aos ferimentos, o homem foi transportado para o Hospital de Santo Andr\u00e9, em Leiria.<\/p>\n\n\n\n<p>Para o MP, o arguido, detido preventivamente, \u201cagiu com o prop\u00f3sito concretizado de colocar termo \u00e0 vida\u201d da mulher, revelando \u201cdesprezo e total desrespeito pela vida desta\u201d.<\/p>\n\n\n\n<p>No despacho, l\u00ea-se que o homem agiu \u201cmovido por ci\u00fames, uma vez que suspeitava que a mesma mantinha uma rela\u00e7\u00e3o extraconjugal\u201d.<\/p>\n\n\n\n<p>O arguido, acusado do crime de homic\u00eddio qualificado, incorre numa pena de pris\u00e3o entre os 12 e os 25 anos, encontrando-se, ainda, incurso na pena acess\u00f3ria de declara\u00e7\u00e3o de indignidade sucess\u00f3ria.<\/p>\n\n\n\n<p>O MP pede que seja arbitrada indemniza\u00e7\u00e3o civil para os filhos.<\/p>\n\n\n\n<p><\/p>\n","protected":false},"excerpt":{"rendered":"<p>in \u201cJL \u2013 Jornal de Leiria.pt\u201d, 27.03.2025 O arguido, movido por ci\u00fames, desferiu v\u00e1rias pancadas na cabe\u00e7a da mulher com uma maceta de ferro. Apesar de ver a mulher ca\u00edda no ch\u00e3o, o arguido \u201cdesferiu-lhe&#8230;<\/p>\n","protected":false},"author":16,"featured_media":0,"comment_status":"closed","ping_status":"open","sticky":false,"template":"","format":"standard","meta":{"_tbt_post_transparent":"","_tbt_post_title":"","_tbt_post_layout":"","_tbt_post_sidebar_id":"","_tbt_post_content_style":"","_tbt_post_vertical_padding":"","_tbt_post_feature":"","_tbt_post_feature_position":"","_tbt_post_header":false,"_tbt_post_footer":false},"categories":[1,5],"tags":[],"class_list":["post-12187","post","type-post","status-publish","format-standard","hentry","category-geral","category-noticias"],"yoast_head":"<!-- This site is optimized with the Yoast SEO plugin v25.6 - https:\/\/yoast.com\/wordpress\/plugins\/seo\/ -->\n<title>Homem acusado de matar a mulher em Porto de M\u00f3s come\u00e7a a ser julgado em Abril - Tribunal Judicial da Comarca de Leiria<\/title>\n<meta name=\"robots\" content=\"index, follow, max-snippet:-1, max-image-preview:large, max-video-preview:-1\" \/>\n<link rel=\"canonical\" href=\"https:\/\/comarcas.csm.org.pt\/leiria\/blog\/2025\/05\/26\/homem-acusado-de-matar-a-mulher-em-porto-de-mos-comeca-a-ser-julgado-em-abril\/\" \/>\n<meta property=\"og:locale\" content=\"pt_PT\" \/>\n<meta property=\"og:type\" content=\"article\" \/>\n<meta property=\"og:title\" content=\"Homem acusado de matar a mulher em Porto de M\u00f3s come\u00e7a a ser julgado em Abril - Tribunal Judicial da Comarca de Leiria\" \/>\n<meta property=\"og:description\" content=\"in \u201cJL \u2013 Jornal de Leiria.pt\u201d, 27.03.2025 O arguido, movido por ci\u00fames, desferiu v\u00e1rias pancadas na cabe\u00e7a da mulher com uma maceta de ferro. Apesar de ver a mulher ca\u00edda no ch\u00e3o, o arguido \u201cdesferiu-lhe...\" \/>\n<meta property=\"og:url\" content=\"https:\/\/comarcas.csm.org.pt\/leiria\/blog\/2025\/05\/26\/homem-acusado-de-matar-a-mulher-em-porto-de-mos-comeca-a-ser-julgado-em-abril\/\" \/>\n<meta property=\"og:site_name\" content=\"Tribunal Judicial da Comarca de Leiria\" \/>\n<meta property=\"article:published_time\" content=\"2025-05-26T13:22:58+00:00\" \/>\n<meta property=\"article:modified_time\" content=\"2025-05-27T15:08:02+00:00\" \/>\n<meta name=\"author\" content=\"leiria\" \/>\n<meta name=\"twitter:card\" content=\"summary_large_image\" \/>\n<meta name=\"twitter:label1\" content=\"Escrito por\" \/>\n\t<meta name=\"twitter:data1\" content=\"leiria\" \/>\n\t<meta name=\"twitter:label2\" content=\"Tempo estimado de leitura\" \/>\n\t<meta name=\"twitter:data2\" content=\"3 minutos\" \/>\n<script type=\"application\/ld+json\" class=\"yoast-schema-graph\">{\"@context\":\"https:\/\/schema.org\",\"@graph\":[{\"@type\":\"Article\",\"@id\":\"https:\/\/comarcas.csm.org.pt\/leiria\/blog\/2025\/05\/26\/homem-acusado-de-matar-a-mulher-em-porto-de-mos-comeca-a-ser-julgado-em-abril\/#article\",\"isPartOf\":{\"@id\":\"https:\/\/comarcas.csm.org.pt\/leiria\/blog\/2025\/05\/26\/homem-acusado-de-matar-a-mulher-em-porto-de-mos-comeca-a-ser-julgado-em-abril\/\"},\"author\":{\"name\":\"leiria\",\"@id\":\"https:\/\/comarcas.csm.org.pt\/leiria\/#\/schema\/person\/9057b6fbd670d5a2e931712cd357d806\"},\"headline\":\"Homem acusado de matar a mulher em Porto de M\u00f3s come\u00e7a a ser julgado em Abril\",\"datePublished\":\"2025-05-26T13:22:58+00:00\",\"dateModified\":\"2025-05-27T15:08:02+00:00\",\"mainEntityOfPage\":{\"@id\":\"https:\/\/comarcas.csm.org.pt\/leiria\/blog\/2025\/05\/26\/homem-acusado-de-matar-a-mulher-em-porto-de-mos-comeca-a-ser-julgado-em-abril\/\"},\"wordCount\":478,\"publisher\":{\"@id\":\"https:\/\/comarcas.csm.org.pt\/leiria\/#organization\"},\"articleSection\":[\"Geral\",\"Not\u00edcias\"],\"inLanguage\":\"pt-PT\"},{\"@type\":\"WebPage\",\"@id\":\"https:\/\/comarcas.csm.org.pt\/leiria\/blog\/2025\/05\/26\/homem-acusado-de-matar-a-mulher-em-porto-de-mos-comeca-a-ser-julgado-em-abril\/\",\"url\":\"https:\/\/comarcas.csm.org.pt\/leiria\/blog\/2025\/05\/26\/homem-acusado-de-matar-a-mulher-em-porto-de-mos-comeca-a-ser-julgado-em-abril\/\",\"name\":\"Homem acusado de matar a mulher em Porto de M\u00f3s come\u00e7a a ser julgado em Abril - Tribunal Judicial da Comarca de Leiria\",\"isPartOf\":{\"@id\":\"https:\/\/comarcas.csm.org.pt\/leiria\/#website\"},\"datePublished\":\"2025-05-26T13:22:58+00:00\",\"dateModified\":\"2025-05-27T15:08:02+00:00\",\"breadcrumb\":{\"@id\":\"https:\/\/comarcas.csm.org.pt\/leiria\/blog\/2025\/05\/26\/homem-acusado-de-matar-a-mulher-em-porto-de-mos-comeca-a-ser-julgado-em-abril\/#breadcrumb\"},\"inLanguage\":\"pt-PT\",\"potentialAction\":[{\"@type\":\"ReadAction\",\"target\":[\"https:\/\/comarcas.csm.org.pt\/leiria\/blog\/2025\/05\/26\/homem-acusado-de-matar-a-mulher-em-porto-de-mos-comeca-a-ser-julgado-em-abril\/\"]}]},{\"@type\":\"BreadcrumbList\",\"@id\":\"https:\/\/comarcas.csm.org.pt\/leiria\/blog\/2025\/05\/26\/homem-acusado-de-matar-a-mulher-em-porto-de-mos-comeca-a-ser-julgado-em-abril\/#breadcrumb\",\"itemListElement\":[{\"@type\":\"ListItem\",\"position\":1,\"name\":\"In\u00edcio\",\"item\":\"https:\/\/comarcas.csm.org.pt\/leiria\/\"},{\"@type\":\"ListItem\",\"position\":2,\"name\":\"Homem acusado de matar a mulher em Porto de M\u00f3s come\u00e7a a ser julgado em Abril\"}]},{\"@type\":\"WebSite\",\"@id\":\"https:\/\/comarcas.csm.org.pt\/leiria\/#website\",\"url\":\"https:\/\/comarcas.csm.org.pt\/leiria\/\",\"name\":\"Tribunal Judicial da Comarca de Leiria\",\"description\":\"Tribunal Judicial da Comarca de Aveiro\",\"publisher\":{\"@id\":\"https:\/\/comarcas.csm.org.pt\/leiria\/#organization\"},\"potentialAction\":[{\"@type\":\"SearchAction\",\"target\":{\"@type\":\"EntryPoint\",\"urlTemplate\":\"https:\/\/comarcas.csm.org.pt\/leiria\/?s={search_term_string}\"},\"query-input\":{\"@type\":\"PropertyValueSpecification\",\"valueRequired\":true,\"valueName\":\"search_term_string\"}}],\"inLanguage\":\"pt-PT\"},{\"@type\":\"Organization\",\"@id\":\"https:\/\/comarcas.csm.org.pt\/leiria\/#organization\",\"name\":\"Tribunal Judicial da Comarca de Leiria\",\"url\":\"https:\/\/comarcas.csm.org.pt\/leiria\/\",\"logo\":{\"@type\":\"ImageObject\",\"inLanguage\":\"pt-PT\",\"@id\":\"https:\/\/comarcas.csm.org.pt\/leiria\/#\/schema\/logo\/image\/\",\"url\":\"https:\/\/comarcas.csm.org.pt\/leiria\/wp-content\/uploads\/sites\/16\/2024\/11\/Leiria_positivo-horizontal.png\",\"contentUrl\":\"https:\/\/comarcas.csm.org.pt\/leiria\/wp-content\/uploads\/sites\/16\/2024\/11\/Leiria_positivo-horizontal.png\",\"width\":5088,\"height\":890,\"caption\":\"Tribunal Judicial da Comarca de Leiria\"},\"image\":{\"@id\":\"https:\/\/comarcas.csm.org.pt\/leiria\/#\/schema\/logo\/image\/\"}},{\"@type\":\"Person\",\"@id\":\"https:\/\/comarcas.csm.org.pt\/leiria\/#\/schema\/person\/9057b6fbd670d5a2e931712cd357d806\",\"name\":\"leiria\",\"image\":{\"@type\":\"ImageObject\",\"inLanguage\":\"pt-PT\",\"@id\":\"https:\/\/comarcas.csm.org.pt\/leiria\/#\/schema\/person\/image\/\",\"url\":\"https:\/\/secure.gravatar.com\/avatar\/399a72a2630b07d71a4e0167744303361d26ed8a993be2c5686bbe5ff44b469f?s=96&d=mm&r=g\",\"contentUrl\":\"https:\/\/secure.gravatar.com\/avatar\/399a72a2630b07d71a4e0167744303361d26ed8a993be2c5686bbe5ff44b469f?s=96&d=mm&r=g\",\"caption\":\"leiria\"},\"url\":\"https:\/\/comarcas.csm.org.pt\/leiria\/blog\/author\/leiria\/\"}]}<\/script>\n<!-- \/ Yoast SEO plugin. -->","yoast_head_json":{"title":"Homem acusado de matar a mulher em Porto de M\u00f3s come\u00e7a a ser julgado em Abril - Tribunal Judicial da Comarca de Leiria","robots":{"index":"index","follow":"follow","max-snippet":"max-snippet:-1","max-image-preview":"max-image-preview:large","max-video-preview":"max-video-preview:-1"},"canonical":"https:\/\/comarcas.csm.org.pt\/leiria\/blog\/2025\/05\/26\/homem-acusado-de-matar-a-mulher-em-porto-de-mos-comeca-a-ser-julgado-em-abril\/","og_locale":"pt_PT","og_type":"article","og_title":"Homem acusado de matar a mulher em Porto de M\u00f3s come\u00e7a a ser julgado em Abril - Tribunal Judicial da Comarca de Leiria","og_description":"in \u201cJL \u2013 Jornal de Leiria.pt\u201d, 27.03.2025 O arguido, movido por ci\u00fames, desferiu v\u00e1rias pancadas na cabe\u00e7a da mulher com uma maceta de ferro. Apesar de ver a mulher ca\u00edda no ch\u00e3o, o arguido \u201cdesferiu-lhe...","og_url":"https:\/\/comarcas.csm.org.pt\/leiria\/blog\/2025\/05\/26\/homem-acusado-de-matar-a-mulher-em-porto-de-mos-comeca-a-ser-julgado-em-abril\/","og_site_name":"Tribunal Judicial da Comarca de Leiria","article_published_time":"2025-05-26T13:22:58+00:00","article_modified_time":"2025-05-27T15:08:02+00:00","author":"leiria","twitter_card":"summary_large_image","twitter_misc":{"Escrito por":"leiria","Tempo estimado de leitura":"3 minutos"},"schema":{"@context":"https:\/\/schema.org","@graph":[{"@type":"Article","@id":"https:\/\/comarcas.csm.org.pt\/leiria\/blog\/2025\/05\/26\/homem-acusado-de-matar-a-mulher-em-porto-de-mos-comeca-a-ser-julgado-em-abril\/#article","isPartOf":{"@id":"https:\/\/comarcas.csm.org.pt\/leiria\/blog\/2025\/05\/26\/homem-acusado-de-matar-a-mulher-em-porto-de-mos-comeca-a-ser-julgado-em-abril\/"},"author":{"name":"leiria","@id":"https:\/\/comarcas.csm.org.pt\/leiria\/#\/schema\/person\/9057b6fbd670d5a2e931712cd357d806"},"headline":"Homem acusado de matar a mulher em Porto de M\u00f3s come\u00e7a a ser julgado em Abril","datePublished":"2025-05-26T13:22:58+00:00","dateModified":"2025-05-27T15:08:02+00:00","mainEntityOfPage":{"@id":"https:\/\/comarcas.csm.org.pt\/leiria\/blog\/2025\/05\/26\/homem-acusado-de-matar-a-mulher-em-porto-de-mos-comeca-a-ser-julgado-em-abril\/"},"wordCount":478,"publisher":{"@id":"https:\/\/comarcas.csm.org.pt\/leiria\/#organization"},"articleSection":["Geral","Not\u00edcias"],"inLanguage":"pt-PT"},{"@type":"WebPage","@id":"https:\/\/comarcas.csm.org.pt\/leiria\/blog\/2025\/05\/26\/homem-acusado-de-matar-a-mulher-em-porto-de-mos-comeca-a-ser-julgado-em-abril\/","url":"https:\/\/comarcas.csm.org.pt\/leiria\/blog\/2025\/05\/26\/homem-acusado-de-matar-a-mulher-em-porto-de-mos-comeca-a-ser-julgado-em-abril\/","name":"Homem acusado de matar a mulher em Porto de M\u00f3s come\u00e7a a ser julgado em Abril - Tribunal Judicial da Comarca de Leiria","isPartOf":{"@id":"https:\/\/comarcas.csm.org.pt\/leiria\/#website"},"datePublished":"2025-05-26T13:22:58+00:00","dateModified":"2025-05-27T15:08:02+00:00","breadcrumb":{"@id":"https:\/\/comarcas.csm.org.pt\/leiria\/blog\/2025\/05\/26\/homem-acusado-de-matar-a-mulher-em-porto-de-mos-comeca-a-ser-julgado-em-abril\/#breadcrumb"},"inLanguage":"pt-PT","potentialAction":[{"@type":"ReadAction","target":["https:\/\/comarcas.csm.org.pt\/leiria\/blog\/2025\/05\/26\/homem-acusado-de-matar-a-mulher-em-porto-de-mos-comeca-a-ser-julgado-em-abril\/"]}]},{"@type":"BreadcrumbList","@id":"https:\/\/comarcas.csm.org.pt\/leiria\/blog\/2025\/05\/26\/homem-acusado-de-matar-a-mulher-em-porto-de-mos-comeca-a-ser-julgado-em-abril\/#breadcrumb","itemListElement":[{"@type":"ListItem","position":1,"name":"In\u00edcio","item":"https:\/\/comarcas.csm.org.pt\/leiria\/"},{"@type":"ListItem","position":2,"name":"Homem acusado de matar a mulher em Porto de M\u00f3s come\u00e7a a ser julgado em Abril"}]},{"@type":"WebSite","@id":"https:\/\/comarcas.csm.org.pt\/leiria\/#website","url":"https:\/\/comarcas.csm.org.pt\/leiria\/","name":"Tribunal Judicial da Comarca de Leiria","description":"Tribunal Judicial da Comarca de Aveiro","publisher":{"@id":"https:\/\/comarcas.csm.org.pt\/leiria\/#organization"},"potentialAction":[{"@type":"SearchAction","target":{"@type":"EntryPoint","urlTemplate":"https:\/\/comarcas.csm.org.pt\/leiria\/?s={search_term_string}"},"query-input":{"@type":"PropertyValueSpecification","valueRequired":true,"valueName":"search_term_string"}}],"inLanguage":"pt-PT"},{"@type":"Organization","@id":"https:\/\/comarcas.csm.org.pt\/leiria\/#organization","name":"Tribunal Judicial da Comarca de Leiria","url":"https:\/\/comarcas.csm.org.pt\/leiria\/","logo":{"@type":"ImageObject","inLanguage":"pt-PT","@id":"https:\/\/comarcas.csm.org.pt\/leiria\/#\/schema\/logo\/image\/","url":"https:\/\/comarcas.csm.org.pt\/leiria\/wp-content\/uploads\/sites\/16\/2024\/11\/Leiria_positivo-horizontal.png","contentUrl":"https:\/\/comarcas.csm.org.pt\/leiria\/wp-content\/uploads\/sites\/16\/2024\/11\/Leiria_positivo-horizontal.png","width":5088,"height":890,"caption":"Tribunal Judicial da Comarca de Leiria"},"image":{"@id":"https:\/\/comarcas.csm.org.pt\/leiria\/#\/schema\/logo\/image\/"}},{"@type":"Person","@id":"https:\/\/comarcas.csm.org.pt\/leiria\/#\/schema\/person\/9057b6fbd670d5a2e931712cd357d806","name":"leiria","image":{"@type":"ImageObject","inLanguage":"pt-PT","@id":"https:\/\/comarcas.csm.org.pt\/leiria\/#\/schema\/person\/image\/","url":"https:\/\/secure.gravatar.com\/avatar\/399a72a2630b07d71a4e0167744303361d26ed8a993be2c5686bbe5ff44b469f?s=96&d=mm&r=g","contentUrl":"https:\/\/secure.gravatar.com\/avatar\/399a72a2630b07d71a4e0167744303361d26ed8a993be2c5686bbe5ff44b469f?s=96&d=mm&r=g","caption":"leiria"},"url":"https:\/\/comarcas.csm.org.pt\/leiria\/blog\/author\/leiria\/"}]}},"_links":{"self":[{"href":"https:\/\/comarcas.csm.org.pt\/leiria\/wp-json\/wp\/v2\/posts\/12187","targetHints":{"allow":["GET"]}}],"collection":[{"href":"https:\/\/comarcas.csm.org.pt\/leiria\/wp-json\/wp\/v2\/posts"}],"about":[{"href":"https:\/\/comarcas.csm.org.pt\/leiria\/wp-json\/wp\/v2\/types\/post"}],"author":[{"embeddable":true,"href":"https:\/\/comarcas.csm.org.pt\/leiria\/wp-json\/wp\/v2\/users\/16"}],"replies":[{"embeddable":true,"href":"https:\/\/comarcas.csm.org.pt\/leiria\/wp-json\/wp\/v2\/comments?post=12187"}],"version-history":[{"count":1,"href":"https:\/\/comarcas.csm.org.pt\/leiria\/wp-json\/wp\/v2\/posts\/12187\/revisions"}],"predecessor-version":[{"id":12188,"href":"https:\/\/comarcas.csm.org.pt\/leiria\/wp-json\/wp\/v2\/posts\/12187\/revisions\/12188"}],"wp:attachment":[{"href":"https:\/\/comarcas.csm.org.pt\/leiria\/wp-json\/wp\/v2\/media?parent=12187"}],"wp:term":[{"taxonomy":"category","embeddable":true,"href":"https:\/\/comarcas.csm.org.pt\/leiria\/wp-json\/wp\/v2\/categories?post=12187"},{"taxonomy":"post_tag","embeddable":true,"href":"https:\/\/comarcas.csm.org.pt\/leiria\/wp-json\/wp\/v2\/tags?post=12187"}],"curies":[{"name":"wp","href":"https:\/\/api.w.org\/{rel}","templated":true}]}}