{"id":12201,"date":"2025-05-26T13:34:49","date_gmt":"2025-05-26T13:34:49","guid":{"rendered":"https:\/\/comarcas.csm.org.pt\/leiria\/?p=12201"},"modified":"2025-05-27T15:06:59","modified_gmt":"2025-05-27T15:06:59","slug":"tribunal-de-leiria-condena-homem-em-pena-suspensa-por-denuncia-caluniosa-a-juiz","status":"publish","type":"post","link":"https:\/\/comarcas.csm.org.pt\/leiria\/blog\/2025\/05\/26\/tribunal-de-leiria-condena-homem-em-pena-suspensa-por-denuncia-caluniosa-a-juiz\/","title":{"rendered":"Tribunal de Leiria condena homem em pena suspensa por den\u00fancia caluniosa a juiz"},"content":{"rendered":"\n<p><strong>Arguido com 53 anos foi ainda condenado a pagar cinco mil euros ao magistrado judicial por danos n\u00e3o patrimoniais<\/strong><\/p>\n\n\n\n<p>in \u201cDi\u00e1rio de Leiria.pt\u201d, 03.04.2025<\/p>\n\n\n\n<p>O Tribunal Judicial de Leiria condenou hoje um homem na pena de um ano e tr\u00eas meses de pris\u00e3o, suspensa na sua execu\u00e7\u00e3o, pelo crime de den\u00fancia caluniosa a um juiz.<\/p>\n\n\n\n<p>O arguido, de 53 anos, foi ainda condenado a pagar cinco mil euros ao magistrado judicial por danos n\u00e3o patrimoniais, segundo o ac\u00f3rd\u00e3o ao qual a ag\u00eancia Lusa teve acesso.<\/p>\n\n\n\n<p>A suspens\u00e3o da pena de pris\u00e3o \u00e9 por um ano e tr\u00eas meses, acompanhada de regime de prova e subordinada \u00e0 condi\u00e7\u00e3o de, neste prazo, o arguido pagar a indemniza\u00e7\u00e3o.<\/p>\n\n\n\n<p>O arguido estava acusado tamb\u00e9m de seis crimes de difama\u00e7\u00e3o, com publicidade e cal\u00fania, agravados, de que foi absolvido.<\/p>\n\n\n\n<p><strong>Segundo o ac\u00f3rd\u00e3o, o juiz, que exercia fun\u00e7\u00f5es no Ju\u00edzo Local C\u00edvel de Pombal, foi titular de dois processos nos quais o arguido interveio.<\/strong><\/p>\n\n\n\n<p>Por causa das decis\u00f5es tomadas pelo juiz em desfavor do arguido, este apresentou queixa-crime contra o magistrado judicial, \u201cimputando-lhe factos que sabia n\u00e3o corresponderem \u00e0 verdade\u201d, para que lhe fossem instaurados processos criminal e disciplinar, \u201ce atentar contra o seu bom nome, a sua honra e considera\u00e7\u00e3o, quer como pessoa, quer como titular de um \u00f3rg\u00e3o de soberania\u201d.<\/p>\n\n\n\n<p>A queixa-crime foi remetida \u00e0 Procuradoria-Geral da Rep\u00fablica em dezembro de 2021 e o juiz tomou conhecimento em fevereiro de 2022, quando notificado pelo Minist\u00e9rio P\u00fablico junto da Procuradoria-Geral Regional de Coimbra para se pronunciar.<\/p>\n\n\n\n<p>O tribunal coletivo considerou que o arguido na queixa-crime imputou ao juiz factos \u201csuscet\u00edveis de integrar a pr\u00e1tica dos crimes de falsifica\u00e7\u00e3o de documentos, tr\u00e1fico de influ\u00eancia, denega\u00e7\u00e3o de justi\u00e7a e prevarica\u00e7\u00e3o, corrup\u00e7\u00e3o passiva para ato il\u00edcito e abuso de poder\u201d, que \u201csabia n\u00e3o corresponderem \u00e0 verdade\u201d.<\/p>\n\n\n\n<p>Nos factos provados, o tribunal adiantou que o arguido \u201ctinha consci\u00eancia da falsidade dos factos\u201d que imputava ao magistrado judicial, o que fez \u201cexclusivamente por m\u00e1-f\u00e9 e vingan\u00e7a, por causa das decis\u00f5es\u201d em seu desfavor.<\/p>\n\n\n\n<p><strong>O inqu\u00e9rito foi arquivado em abril de 2022 com fundamento de que o juiz n\u00e3o cometeu qualquer crime.<\/strong><\/p>\n\n\n\n<p>O tribunal disse que o arguido, ao apresentar a queixa-crime, sabia que \u201cdesvirtuava, por completo, a realidade dos acontecimentos, ciente e consciente, de que tinha o prop\u00f3sito de faltar \u00e0 verdade, por si conhecida, facto que n\u00e3o o impediu de agir\u201d, com \u201co intuito de enganar e defraudar a boa e s\u00e3 administra\u00e7\u00e3o da Justi\u00e7a\u201d.<\/p>\n\n\n\n<p>Face a esta conduta do arguido, o juiz sentiu-se \u201cofendido e vexado na sua honra e considera\u00e7\u00e3o, bem como diminu\u00eddo no seu prest\u00edgio e autoridade funcional\u201d, al\u00e9m de sentir a sua honra e bom nome \u201cprofundamente diminu\u00eddos\u201d.<\/p>\n","protected":false},"excerpt":{"rendered":"<p>Arguido com 53 anos foi ainda condenado a pagar cinco mil euros ao magistrado judicial por danos n\u00e3o patrimoniais in \u201cDi\u00e1rio de Leiria.pt\u201d, 03.04.2025 O Tribunal Judicial de Leiria condenou hoje um homem na pena&#8230;<\/p>\n","protected":false},"author":16,"featured_media":0,"comment_status":"closed","ping_status":"open","sticky":false,"template":"","format":"standard","meta":{"_tbt_post_transparent":"","_tbt_post_title":"","_tbt_post_layout":"","_tbt_post_sidebar_id":"","_tbt_post_content_style":"","_tbt_post_vertical_padding":"","_tbt_post_feature":"","_tbt_post_feature_position":"","_tbt_post_header":false,"_tbt_post_footer":false},"categories":[1,5],"tags":[],"class_list":["post-12201","post","type-post","status-publish","format-standard","hentry","category-geral","category-noticias"],"yoast_head":"<!-- This site is optimized with the Yoast SEO plugin v25.6 - https:\/\/yoast.com\/wordpress\/plugins\/seo\/ -->\n<title>Tribunal de Leiria condena homem em pena suspensa por den\u00fancia caluniosa a juiz - Tribunal Judicial da Comarca de Leiria<\/title>\n<meta name=\"robots\" content=\"index, follow, max-snippet:-1, max-image-preview:large, max-video-preview:-1\" \/>\n<link rel=\"canonical\" href=\"https:\/\/comarcas.csm.org.pt\/leiria\/blog\/2025\/05\/26\/tribunal-de-leiria-condena-homem-em-pena-suspensa-por-denuncia-caluniosa-a-juiz\/\" \/>\n<meta property=\"og:locale\" content=\"pt_PT\" \/>\n<meta property=\"og:type\" content=\"article\" \/>\n<meta property=\"og:title\" content=\"Tribunal de Leiria condena homem em pena suspensa por den\u00fancia caluniosa a juiz - Tribunal Judicial da Comarca de Leiria\" \/>\n<meta property=\"og:description\" content=\"Arguido com 53 anos foi ainda condenado a pagar cinco mil euros ao magistrado judicial por danos n\u00e3o patrimoniais in \u201cDi\u00e1rio de Leiria.pt\u201d, 03.04.2025 O Tribunal Judicial de Leiria condenou hoje um homem na pena...\" \/>\n<meta property=\"og:url\" content=\"https:\/\/comarcas.csm.org.pt\/leiria\/blog\/2025\/05\/26\/tribunal-de-leiria-condena-homem-em-pena-suspensa-por-denuncia-caluniosa-a-juiz\/\" \/>\n<meta property=\"og:site_name\" content=\"Tribunal Judicial da Comarca de Leiria\" \/>\n<meta property=\"article:published_time\" content=\"2025-05-26T13:34:49+00:00\" \/>\n<meta property=\"article:modified_time\" content=\"2025-05-27T15:06:59+00:00\" \/>\n<meta name=\"author\" content=\"leiria\" \/>\n<meta name=\"twitter:card\" content=\"summary_large_image\" \/>\n<meta name=\"twitter:label1\" content=\"Escrito por\" \/>\n\t<meta name=\"twitter:data1\" content=\"leiria\" \/>\n\t<meta name=\"twitter:label2\" content=\"Tempo estimado de leitura\" \/>\n\t<meta name=\"twitter:data2\" content=\"3 minutos\" \/>\n<script type=\"application\/ld+json\" class=\"yoast-schema-graph\">{\"@context\":\"https:\/\/schema.org\",\"@graph\":[{\"@type\":\"Article\",\"@id\":\"https:\/\/comarcas.csm.org.pt\/leiria\/blog\/2025\/05\/26\/tribunal-de-leiria-condena-homem-em-pena-suspensa-por-denuncia-caluniosa-a-juiz\/#article\",\"isPartOf\":{\"@id\":\"https:\/\/comarcas.csm.org.pt\/leiria\/blog\/2025\/05\/26\/tribunal-de-leiria-condena-homem-em-pena-suspensa-por-denuncia-caluniosa-a-juiz\/\"},\"author\":{\"name\":\"leiria\",\"@id\":\"https:\/\/comarcas.csm.org.pt\/leiria\/#\/schema\/person\/9057b6fbd670d5a2e931712cd357d806\"},\"headline\":\"Tribunal de Leiria condena homem em pena suspensa por den\u00fancia caluniosa a juiz\",\"datePublished\":\"2025-05-26T13:34:49+00:00\",\"dateModified\":\"2025-05-27T15:06:59+00:00\",\"mainEntityOfPage\":{\"@id\":\"https:\/\/comarcas.csm.org.pt\/leiria\/blog\/2025\/05\/26\/tribunal-de-leiria-condena-homem-em-pena-suspensa-por-denuncia-caluniosa-a-juiz\/\"},\"wordCount\":502,\"publisher\":{\"@id\":\"https:\/\/comarcas.csm.org.pt\/leiria\/#organization\"},\"articleSection\":[\"Geral\",\"Not\u00edcias\"],\"inLanguage\":\"pt-PT\"},{\"@type\":\"WebPage\",\"@id\":\"https:\/\/comarcas.csm.org.pt\/leiria\/blog\/2025\/05\/26\/tribunal-de-leiria-condena-homem-em-pena-suspensa-por-denuncia-caluniosa-a-juiz\/\",\"url\":\"https:\/\/comarcas.csm.org.pt\/leiria\/blog\/2025\/05\/26\/tribunal-de-leiria-condena-homem-em-pena-suspensa-por-denuncia-caluniosa-a-juiz\/\",\"name\":\"Tribunal de Leiria condena homem em pena suspensa por den\u00fancia caluniosa a juiz - Tribunal Judicial da Comarca de Leiria\",\"isPartOf\":{\"@id\":\"https:\/\/comarcas.csm.org.pt\/leiria\/#website\"},\"datePublished\":\"2025-05-26T13:34:49+00:00\",\"dateModified\":\"2025-05-27T15:06:59+00:00\",\"breadcrumb\":{\"@id\":\"https:\/\/comarcas.csm.org.pt\/leiria\/blog\/2025\/05\/26\/tribunal-de-leiria-condena-homem-em-pena-suspensa-por-denuncia-caluniosa-a-juiz\/#breadcrumb\"},\"inLanguage\":\"pt-PT\",\"potentialAction\":[{\"@type\":\"ReadAction\",\"target\":[\"https:\/\/comarcas.csm.org.pt\/leiria\/blog\/2025\/05\/26\/tribunal-de-leiria-condena-homem-em-pena-suspensa-por-denuncia-caluniosa-a-juiz\/\"]}]},{\"@type\":\"BreadcrumbList\",\"@id\":\"https:\/\/comarcas.csm.org.pt\/leiria\/blog\/2025\/05\/26\/tribunal-de-leiria-condena-homem-em-pena-suspensa-por-denuncia-caluniosa-a-juiz\/#breadcrumb\",\"itemListElement\":[{\"@type\":\"ListItem\",\"position\":1,\"name\":\"In\u00edcio\",\"item\":\"https:\/\/comarcas.csm.org.pt\/leiria\/\"},{\"@type\":\"ListItem\",\"position\":2,\"name\":\"Tribunal de Leiria condena homem em pena suspensa por den\u00fancia caluniosa a juiz\"}]},{\"@type\":\"WebSite\",\"@id\":\"https:\/\/comarcas.csm.org.pt\/leiria\/#website\",\"url\":\"https:\/\/comarcas.csm.org.pt\/leiria\/\",\"name\":\"Tribunal Judicial da Comarca de Leiria\",\"description\":\"Tribunal Judicial da Comarca de Aveiro\",\"publisher\":{\"@id\":\"https:\/\/comarcas.csm.org.pt\/leiria\/#organization\"},\"potentialAction\":[{\"@type\":\"SearchAction\",\"target\":{\"@type\":\"EntryPoint\",\"urlTemplate\":\"https:\/\/comarcas.csm.org.pt\/leiria\/?s={search_term_string}\"},\"query-input\":{\"@type\":\"PropertyValueSpecification\",\"valueRequired\":true,\"valueName\":\"search_term_string\"}}],\"inLanguage\":\"pt-PT\"},{\"@type\":\"Organization\",\"@id\":\"https:\/\/comarcas.csm.org.pt\/leiria\/#organization\",\"name\":\"Tribunal Judicial da Comarca de Leiria\",\"url\":\"https:\/\/comarcas.csm.org.pt\/leiria\/\",\"logo\":{\"@type\":\"ImageObject\",\"inLanguage\":\"pt-PT\",\"@id\":\"https:\/\/comarcas.csm.org.pt\/leiria\/#\/schema\/logo\/image\/\",\"url\":\"https:\/\/comarcas.csm.org.pt\/leiria\/wp-content\/uploads\/sites\/16\/2024\/11\/Leiria_positivo-horizontal.png\",\"contentUrl\":\"https:\/\/comarcas.csm.org.pt\/leiria\/wp-content\/uploads\/sites\/16\/2024\/11\/Leiria_positivo-horizontal.png\",\"width\":5088,\"height\":890,\"caption\":\"Tribunal Judicial da Comarca de Leiria\"},\"image\":{\"@id\":\"https:\/\/comarcas.csm.org.pt\/leiria\/#\/schema\/logo\/image\/\"}},{\"@type\":\"Person\",\"@id\":\"https:\/\/comarcas.csm.org.pt\/leiria\/#\/schema\/person\/9057b6fbd670d5a2e931712cd357d806\",\"name\":\"leiria\",\"image\":{\"@type\":\"ImageObject\",\"inLanguage\":\"pt-PT\",\"@id\":\"https:\/\/comarcas.csm.org.pt\/leiria\/#\/schema\/person\/image\/\",\"url\":\"https:\/\/secure.gravatar.com\/avatar\/399a72a2630b07d71a4e0167744303361d26ed8a993be2c5686bbe5ff44b469f?s=96&d=mm&r=g\",\"contentUrl\":\"https:\/\/secure.gravatar.com\/avatar\/399a72a2630b07d71a4e0167744303361d26ed8a993be2c5686bbe5ff44b469f?s=96&d=mm&r=g\",\"caption\":\"leiria\"},\"url\":\"https:\/\/comarcas.csm.org.pt\/leiria\/blog\/author\/leiria\/\"}]}<\/script>\n<!-- \/ Yoast SEO plugin. -->","yoast_head_json":{"title":"Tribunal de Leiria condena homem em pena suspensa por den\u00fancia caluniosa a juiz - Tribunal Judicial da Comarca de Leiria","robots":{"index":"index","follow":"follow","max-snippet":"max-snippet:-1","max-image-preview":"max-image-preview:large","max-video-preview":"max-video-preview:-1"},"canonical":"https:\/\/comarcas.csm.org.pt\/leiria\/blog\/2025\/05\/26\/tribunal-de-leiria-condena-homem-em-pena-suspensa-por-denuncia-caluniosa-a-juiz\/","og_locale":"pt_PT","og_type":"article","og_title":"Tribunal de Leiria condena homem em pena suspensa por den\u00fancia caluniosa a juiz - Tribunal Judicial da Comarca de Leiria","og_description":"Arguido com 53 anos foi ainda condenado a pagar cinco mil euros ao magistrado judicial por danos n\u00e3o patrimoniais in \u201cDi\u00e1rio de Leiria.pt\u201d, 03.04.2025 O Tribunal Judicial de Leiria condenou hoje um homem na pena...","og_url":"https:\/\/comarcas.csm.org.pt\/leiria\/blog\/2025\/05\/26\/tribunal-de-leiria-condena-homem-em-pena-suspensa-por-denuncia-caluniosa-a-juiz\/","og_site_name":"Tribunal Judicial da Comarca de Leiria","article_published_time":"2025-05-26T13:34:49+00:00","article_modified_time":"2025-05-27T15:06:59+00:00","author":"leiria","twitter_card":"summary_large_image","twitter_misc":{"Escrito por":"leiria","Tempo estimado de leitura":"3 minutos"},"schema":{"@context":"https:\/\/schema.org","@graph":[{"@type":"Article","@id":"https:\/\/comarcas.csm.org.pt\/leiria\/blog\/2025\/05\/26\/tribunal-de-leiria-condena-homem-em-pena-suspensa-por-denuncia-caluniosa-a-juiz\/#article","isPartOf":{"@id":"https:\/\/comarcas.csm.org.pt\/leiria\/blog\/2025\/05\/26\/tribunal-de-leiria-condena-homem-em-pena-suspensa-por-denuncia-caluniosa-a-juiz\/"},"author":{"name":"leiria","@id":"https:\/\/comarcas.csm.org.pt\/leiria\/#\/schema\/person\/9057b6fbd670d5a2e931712cd357d806"},"headline":"Tribunal de Leiria condena homem em pena suspensa por den\u00fancia caluniosa a juiz","datePublished":"2025-05-26T13:34:49+00:00","dateModified":"2025-05-27T15:06:59+00:00","mainEntityOfPage":{"@id":"https:\/\/comarcas.csm.org.pt\/leiria\/blog\/2025\/05\/26\/tribunal-de-leiria-condena-homem-em-pena-suspensa-por-denuncia-caluniosa-a-juiz\/"},"wordCount":502,"publisher":{"@id":"https:\/\/comarcas.csm.org.pt\/leiria\/#organization"},"articleSection":["Geral","Not\u00edcias"],"inLanguage":"pt-PT"},{"@type":"WebPage","@id":"https:\/\/comarcas.csm.org.pt\/leiria\/blog\/2025\/05\/26\/tribunal-de-leiria-condena-homem-em-pena-suspensa-por-denuncia-caluniosa-a-juiz\/","url":"https:\/\/comarcas.csm.org.pt\/leiria\/blog\/2025\/05\/26\/tribunal-de-leiria-condena-homem-em-pena-suspensa-por-denuncia-caluniosa-a-juiz\/","name":"Tribunal de Leiria condena homem em pena suspensa por den\u00fancia caluniosa a juiz - Tribunal Judicial da Comarca de Leiria","isPartOf":{"@id":"https:\/\/comarcas.csm.org.pt\/leiria\/#website"},"datePublished":"2025-05-26T13:34:49+00:00","dateModified":"2025-05-27T15:06:59+00:00","breadcrumb":{"@id":"https:\/\/comarcas.csm.org.pt\/leiria\/blog\/2025\/05\/26\/tribunal-de-leiria-condena-homem-em-pena-suspensa-por-denuncia-caluniosa-a-juiz\/#breadcrumb"},"inLanguage":"pt-PT","potentialAction":[{"@type":"ReadAction","target":["https:\/\/comarcas.csm.org.pt\/leiria\/blog\/2025\/05\/26\/tribunal-de-leiria-condena-homem-em-pena-suspensa-por-denuncia-caluniosa-a-juiz\/"]}]},{"@type":"BreadcrumbList","@id":"https:\/\/comarcas.csm.org.pt\/leiria\/blog\/2025\/05\/26\/tribunal-de-leiria-condena-homem-em-pena-suspensa-por-denuncia-caluniosa-a-juiz\/#breadcrumb","itemListElement":[{"@type":"ListItem","position":1,"name":"In\u00edcio","item":"https:\/\/comarcas.csm.org.pt\/leiria\/"},{"@type":"ListItem","position":2,"name":"Tribunal de Leiria condena homem em pena suspensa por den\u00fancia caluniosa a juiz"}]},{"@type":"WebSite","@id":"https:\/\/comarcas.csm.org.pt\/leiria\/#website","url":"https:\/\/comarcas.csm.org.pt\/leiria\/","name":"Tribunal Judicial da Comarca de Leiria","description":"Tribunal Judicial da Comarca de Aveiro","publisher":{"@id":"https:\/\/comarcas.csm.org.pt\/leiria\/#organization"},"potentialAction":[{"@type":"SearchAction","target":{"@type":"EntryPoint","urlTemplate":"https:\/\/comarcas.csm.org.pt\/leiria\/?s={search_term_string}"},"query-input":{"@type":"PropertyValueSpecification","valueRequired":true,"valueName":"search_term_string"}}],"inLanguage":"pt-PT"},{"@type":"Organization","@id":"https:\/\/comarcas.csm.org.pt\/leiria\/#organization","name":"Tribunal Judicial da Comarca de Leiria","url":"https:\/\/comarcas.csm.org.pt\/leiria\/","logo":{"@type":"ImageObject","inLanguage":"pt-PT","@id":"https:\/\/comarcas.csm.org.pt\/leiria\/#\/schema\/logo\/image\/","url":"https:\/\/comarcas.csm.org.pt\/leiria\/wp-content\/uploads\/sites\/16\/2024\/11\/Leiria_positivo-horizontal.png","contentUrl":"https:\/\/comarcas.csm.org.pt\/leiria\/wp-content\/uploads\/sites\/16\/2024\/11\/Leiria_positivo-horizontal.png","width":5088,"height":890,"caption":"Tribunal Judicial da Comarca de Leiria"},"image":{"@id":"https:\/\/comarcas.csm.org.pt\/leiria\/#\/schema\/logo\/image\/"}},{"@type":"Person","@id":"https:\/\/comarcas.csm.org.pt\/leiria\/#\/schema\/person\/9057b6fbd670d5a2e931712cd357d806","name":"leiria","image":{"@type":"ImageObject","inLanguage":"pt-PT","@id":"https:\/\/comarcas.csm.org.pt\/leiria\/#\/schema\/person\/image\/","url":"https:\/\/secure.gravatar.com\/avatar\/399a72a2630b07d71a4e0167744303361d26ed8a993be2c5686bbe5ff44b469f?s=96&d=mm&r=g","contentUrl":"https:\/\/secure.gravatar.com\/avatar\/399a72a2630b07d71a4e0167744303361d26ed8a993be2c5686bbe5ff44b469f?s=96&d=mm&r=g","caption":"leiria"},"url":"https:\/\/comarcas.csm.org.pt\/leiria\/blog\/author\/leiria\/"}]}},"_links":{"self":[{"href":"https:\/\/comarcas.csm.org.pt\/leiria\/wp-json\/wp\/v2\/posts\/12201","targetHints":{"allow":["GET"]}}],"collection":[{"href":"https:\/\/comarcas.csm.org.pt\/leiria\/wp-json\/wp\/v2\/posts"}],"about":[{"href":"https:\/\/comarcas.csm.org.pt\/leiria\/wp-json\/wp\/v2\/types\/post"}],"author":[{"embeddable":true,"href":"https:\/\/comarcas.csm.org.pt\/leiria\/wp-json\/wp\/v2\/users\/16"}],"replies":[{"embeddable":true,"href":"https:\/\/comarcas.csm.org.pt\/leiria\/wp-json\/wp\/v2\/comments?post=12201"}],"version-history":[{"count":1,"href":"https:\/\/comarcas.csm.org.pt\/leiria\/wp-json\/wp\/v2\/posts\/12201\/revisions"}],"predecessor-version":[{"id":12205,"href":"https:\/\/comarcas.csm.org.pt\/leiria\/wp-json\/wp\/v2\/posts\/12201\/revisions\/12205"}],"wp:attachment":[{"href":"https:\/\/comarcas.csm.org.pt\/leiria\/wp-json\/wp\/v2\/media?parent=12201"}],"wp:term":[{"taxonomy":"category","embeddable":true,"href":"https:\/\/comarcas.csm.org.pt\/leiria\/wp-json\/wp\/v2\/categories?post=12201"},{"taxonomy":"post_tag","embeddable":true,"href":"https:\/\/comarcas.csm.org.pt\/leiria\/wp-json\/wp\/v2\/tags?post=12201"}],"curies":[{"name":"wp","href":"https:\/\/api.w.org\/{rel}","templated":true}]}}