{"id":12206,"date":"2025-05-26T13:46:52","date_gmt":"2025-05-26T13:46:52","guid":{"rendered":"https:\/\/comarcas.csm.org.pt\/leiria\/?p=12206"},"modified":"2025-05-27T15:06:16","modified_gmt":"2025-05-27T15:06:16","slug":"ministerio-publico-arquiva-inquerito-a-alegada-recusa-de-atendimento-a-gravida-nas-caldas-da-rainha","status":"publish","type":"post","link":"https:\/\/comarcas.csm.org.pt\/leiria\/blog\/2025\/05\/26\/ministerio-publico-arquiva-inquerito-a-alegada-recusa-de-atendimento-a-gravida-nas-caldas-da-rainha\/","title":{"rendered":"Minist\u00e9rio P\u00fablico arquiva inqu\u00e9rito a alegada recusa de atendimento a gr\u00e1vida nas Caldas da\u00a0Rainha"},"content":{"rendered":"\n<p><a href=\"https:\/\/observador.pt\/2025\/04\/07\/ministerio-publico-arquiva-inquerito-a-alegada-recusa-de-atendimento-a-gravida-nas-caldas-da-rainha\/\">in \u201cObservador.pt\u201d, 07.04.2025<\/a><\/p>\n\n\n\n<p>MP justifica a decis\u00e3o com o facto de que &#8220;os profissionais em servi\u00e7o n\u00e3o foram informados da potencial gravidade da situa\u00e7\u00e3o&#8221;, n\u00e3o tendo sido apurada qualquer responsabilidade criminal.<\/p>\n\n\n\n<p>O Minist\u00e9rio P\u00fablico (MP) arquivou o inqu\u00e9rito \u00e0 alegada recusa de atendimento do Hospital de Caldas da Rainha a uma gr\u00e1vida com hemorragias ap\u00f3s um aborto espont\u00e2neo, por n\u00e3o ter sido apurada nenhuma responsabilidade criminal.<\/p>\n\n\n\n<p>\u201c(\u2026) Como resulta de forma segura dos ind\u00edcios recolhidos,&nbsp;<strong>em nenhum momento foi recusada a assist\u00eancia<\/strong>\u201d \u00e0 mulher, l\u00ea-se no despacho final do Departamento de Investiga\u00e7\u00e3o e A\u00e7\u00e3o Penal de Leiria ao qual a ag\u00eancia Lusa teve acesso.<\/p>\n\n\n\n<p>Reconhecendo que \u201co seu atendimento foi condicionado pela exist\u00eancia do plano de conting\u00eancia\u201d, dado o servi\u00e7o de Urg\u00eancia de Obstetr\u00edcia e Ginecologia estar encerrado, o MP sustentou que \u201cesse facto n\u00e3o impediu o seu socorro, c\u00e9lere e eficaz\u201d.<\/p>\n\n\n\n<p>\u201cA sua admiss\u00e3o no servi\u00e7o de Urg\u00eancia Geral do Hospital das Caldas da Rainha foi efetuada, assim que solicitada, mediante articula\u00e7\u00e3o pr\u00e9via entre os meios de socorro envolvidos\u201d, adiantou, explicando que \u201c<strong>os profissionais em servi\u00e7o no hospital n\u00e3o foram informados<\/strong>,&nbsp;<strong>por qualquer forma<\/strong>,&nbsp;<strong>da potencial gravidade da situa\u00e7\u00e3o<\/strong>, tendo por isso sido acionados os meios protocolados em caso de conting\u00eancia\u201d.<\/p>\n\n\n\n<p>Ainda segundo o despacho, \u201cassim que os profissionais de sa\u00fade tiveram conhecimento do estado\u201d da mulher, \u201cconcretamente da potencial gravidade e da necessidade de atendimento c\u00e9lere, atuaram mesmo para al\u00e9m do previsto, em face do referido plano de conting\u00eancia, dispensando a triagem no servi\u00e7o de Urg\u00eancia Geral e permitindo o acesso direto aos cuidados da especialista de banco no servi\u00e7o de Obstetr\u00edcia\u201d.<\/p>\n\n\n\n<p>Assim, \u201c<strong>nenhuma responsabilidade criminal foi apurada<\/strong>\u201c, acrescentou o MP, que determinou o arquivamento do inqu\u00e9rito.<\/p>\n\n\n\n<p>O caso remonta a 5 de agosto de 2024, quando uma&nbsp;<strong>gr\u00e1vida com hemorragias ap\u00f3s um aborto espont\u00e2neo<\/strong>&nbsp;estava junto \u00e0 urg\u00eancia da unidade hospitalar.<\/p>\n\n\n\n<p>Nesse dia, o comandante dos bombeiros das Caldas da Rainha, Nelson Cruz, relatou que \u00e0s 07h21 uma ambul\u00e2ncia da corpora\u00e7\u00e3o foi acionada pelo Centro de Orienta\u00e7\u00e3o de Doentes Urgentes (CODU) para socorrer a mulher, de 32 anos, que estava em frente \u00e0 urg\u00eancia, dentro do carro, com hemorragias, ap\u00f3s sofrer um aborto espont\u00e2neo.<\/p>\n\n\n\n<p>Chegados ao local, os bombeiros passaram informa\u00e7\u00f5es sobre o estado da mulher ao CODU e disseram ao marido para ir pedir ajuda dentro do hospital, embora o homem j\u00e1 o tivesse feito assim que chegaram.<\/p>\n\n\n\n<p>\u201cO CODU deu a possibilidade de irem para a Maternidade Bissaya Barreto, em Coimbra, mas o colega alertou que a senhora estava com uma hemorragia t\u00e3o abundante que n\u00e3o ia ser f\u00e1cil chegarem [\u2026] em seguran\u00e7a sem terem um apoio diferenciado, porque s\u00e3o 130 quil\u00f3metros, mais de uma hora de caminho\u201d, disse Nelson Cruz.<\/p>\n","protected":false},"excerpt":{"rendered":"<p>in \u201cObservador.pt\u201d, 07.04.2025 MP justifica a decis\u00e3o com o facto de que &#8220;os profissionais em servi\u00e7o n\u00e3o foram informados da potencial gravidade da situa\u00e7\u00e3o&#8221;, n\u00e3o tendo sido apurada qualquer responsabilidade criminal. O Minist\u00e9rio P\u00fablico (MP)&#8230;<\/p>\n","protected":false},"author":16,"featured_media":0,"comment_status":"closed","ping_status":"open","sticky":false,"template":"","format":"standard","meta":{"_tbt_post_transparent":"","_tbt_post_title":"","_tbt_post_layout":"","_tbt_post_sidebar_id":"","_tbt_post_content_style":"","_tbt_post_vertical_padding":"","_tbt_post_feature":"","_tbt_post_feature_position":"","_tbt_post_header":false,"_tbt_post_footer":false},"categories":[1,5],"tags":[],"class_list":["post-12206","post","type-post","status-publish","format-standard","hentry","category-geral","category-noticias"],"yoast_head":"<!-- This site is optimized with the Yoast SEO plugin v25.6 - https:\/\/yoast.com\/wordpress\/plugins\/seo\/ -->\n<title>Minist\u00e9rio P\u00fablico arquiva inqu\u00e9rito a alegada recusa de atendimento a gr\u00e1vida nas Caldas da\u00a0Rainha - Tribunal Judicial da Comarca de Leiria<\/title>\n<meta name=\"robots\" content=\"index, follow, max-snippet:-1, max-image-preview:large, max-video-preview:-1\" \/>\n<link rel=\"canonical\" href=\"https:\/\/comarcas.csm.org.pt\/leiria\/blog\/2025\/05\/26\/ministerio-publico-arquiva-inquerito-a-alegada-recusa-de-atendimento-a-gravida-nas-caldas-da-rainha\/\" \/>\n<meta property=\"og:locale\" content=\"pt_PT\" \/>\n<meta property=\"og:type\" content=\"article\" \/>\n<meta property=\"og:title\" content=\"Minist\u00e9rio P\u00fablico arquiva inqu\u00e9rito a alegada recusa de atendimento a gr\u00e1vida nas Caldas da\u00a0Rainha - Tribunal Judicial da Comarca de Leiria\" \/>\n<meta property=\"og:description\" content=\"in \u201cObservador.pt\u201d, 07.04.2025 MP justifica a decis\u00e3o com o facto de que &#8220;os profissionais em servi\u00e7o n\u00e3o foram informados da potencial gravidade da situa\u00e7\u00e3o&#8221;, n\u00e3o tendo sido apurada qualquer responsabilidade criminal. O Minist\u00e9rio P\u00fablico (MP)...\" \/>\n<meta property=\"og:url\" content=\"https:\/\/comarcas.csm.org.pt\/leiria\/blog\/2025\/05\/26\/ministerio-publico-arquiva-inquerito-a-alegada-recusa-de-atendimento-a-gravida-nas-caldas-da-rainha\/\" \/>\n<meta property=\"og:site_name\" content=\"Tribunal Judicial da Comarca de Leiria\" \/>\n<meta property=\"article:published_time\" content=\"2025-05-26T13:46:52+00:00\" \/>\n<meta property=\"article:modified_time\" content=\"2025-05-27T15:06:16+00:00\" \/>\n<meta name=\"author\" content=\"leiria\" \/>\n<meta name=\"twitter:card\" content=\"summary_large_image\" \/>\n<meta name=\"twitter:label1\" content=\"Escrito por\" \/>\n\t<meta name=\"twitter:data1\" content=\"leiria\" \/>\n<script type=\"application\/ld+json\" class=\"yoast-schema-graph\">{\"@context\":\"https:\/\/schema.org\",\"@graph\":[{\"@type\":\"Article\",\"@id\":\"https:\/\/comarcas.csm.org.pt\/leiria\/blog\/2025\/05\/26\/ministerio-publico-arquiva-inquerito-a-alegada-recusa-de-atendimento-a-gravida-nas-caldas-da-rainha\/#article\",\"isPartOf\":{\"@id\":\"https:\/\/comarcas.csm.org.pt\/leiria\/blog\/2025\/05\/26\/ministerio-publico-arquiva-inquerito-a-alegada-recusa-de-atendimento-a-gravida-nas-caldas-da-rainha\/\"},\"author\":{\"name\":\"leiria\",\"@id\":\"https:\/\/comarcas.csm.org.pt\/leiria\/#\/schema\/person\/9057b6fbd670d5a2e931712cd357d806\"},\"headline\":\"Minist\u00e9rio P\u00fablico arquiva inqu\u00e9rito a alegada recusa de atendimento a gr\u00e1vida nas Caldas da\u00a0Rainha\",\"datePublished\":\"2025-05-26T13:46:52+00:00\",\"dateModified\":\"2025-05-27T15:06:16+00:00\",\"mainEntityOfPage\":{\"@id\":\"https:\/\/comarcas.csm.org.pt\/leiria\/blog\/2025\/05\/26\/ministerio-publico-arquiva-inquerito-a-alegada-recusa-de-atendimento-a-gravida-nas-caldas-da-rainha\/\"},\"wordCount\":520,\"publisher\":{\"@id\":\"https:\/\/comarcas.csm.org.pt\/leiria\/#organization\"},\"articleSection\":[\"Geral\",\"Not\u00edcias\"],\"inLanguage\":\"pt-PT\"},{\"@type\":\"WebPage\",\"@id\":\"https:\/\/comarcas.csm.org.pt\/leiria\/blog\/2025\/05\/26\/ministerio-publico-arquiva-inquerito-a-alegada-recusa-de-atendimento-a-gravida-nas-caldas-da-rainha\/\",\"url\":\"https:\/\/comarcas.csm.org.pt\/leiria\/blog\/2025\/05\/26\/ministerio-publico-arquiva-inquerito-a-alegada-recusa-de-atendimento-a-gravida-nas-caldas-da-rainha\/\",\"name\":\"Minist\u00e9rio P\u00fablico arquiva inqu\u00e9rito a alegada recusa de atendimento a gr\u00e1vida nas Caldas da\u00a0Rainha - Tribunal Judicial da Comarca de Leiria\",\"isPartOf\":{\"@id\":\"https:\/\/comarcas.csm.org.pt\/leiria\/#website\"},\"datePublished\":\"2025-05-26T13:46:52+00:00\",\"dateModified\":\"2025-05-27T15:06:16+00:00\",\"breadcrumb\":{\"@id\":\"https:\/\/comarcas.csm.org.pt\/leiria\/blog\/2025\/05\/26\/ministerio-publico-arquiva-inquerito-a-alegada-recusa-de-atendimento-a-gravida-nas-caldas-da-rainha\/#breadcrumb\"},\"inLanguage\":\"pt-PT\",\"potentialAction\":[{\"@type\":\"ReadAction\",\"target\":[\"https:\/\/comarcas.csm.org.pt\/leiria\/blog\/2025\/05\/26\/ministerio-publico-arquiva-inquerito-a-alegada-recusa-de-atendimento-a-gravida-nas-caldas-da-rainha\/\"]}]},{\"@type\":\"BreadcrumbList\",\"@id\":\"https:\/\/comarcas.csm.org.pt\/leiria\/blog\/2025\/05\/26\/ministerio-publico-arquiva-inquerito-a-alegada-recusa-de-atendimento-a-gravida-nas-caldas-da-rainha\/#breadcrumb\",\"itemListElement\":[{\"@type\":\"ListItem\",\"position\":1,\"name\":\"In\u00edcio\",\"item\":\"https:\/\/comarcas.csm.org.pt\/leiria\/\"},{\"@type\":\"ListItem\",\"position\":2,\"name\":\"Minist\u00e9rio P\u00fablico arquiva inqu\u00e9rito a alegada recusa de atendimento a gr\u00e1vida nas Caldas da\u00a0Rainha\"}]},{\"@type\":\"WebSite\",\"@id\":\"https:\/\/comarcas.csm.org.pt\/leiria\/#website\",\"url\":\"https:\/\/comarcas.csm.org.pt\/leiria\/\",\"name\":\"Tribunal Judicial da Comarca de Leiria\",\"description\":\"Tribunal Judicial da Comarca de Aveiro\",\"publisher\":{\"@id\":\"https:\/\/comarcas.csm.org.pt\/leiria\/#organization\"},\"potentialAction\":[{\"@type\":\"SearchAction\",\"target\":{\"@type\":\"EntryPoint\",\"urlTemplate\":\"https:\/\/comarcas.csm.org.pt\/leiria\/?s={search_term_string}\"},\"query-input\":{\"@type\":\"PropertyValueSpecification\",\"valueRequired\":true,\"valueName\":\"search_term_string\"}}],\"inLanguage\":\"pt-PT\"},{\"@type\":\"Organization\",\"@id\":\"https:\/\/comarcas.csm.org.pt\/leiria\/#organization\",\"name\":\"Tribunal Judicial da Comarca de Leiria\",\"url\":\"https:\/\/comarcas.csm.org.pt\/leiria\/\",\"logo\":{\"@type\":\"ImageObject\",\"inLanguage\":\"pt-PT\",\"@id\":\"https:\/\/comarcas.csm.org.pt\/leiria\/#\/schema\/logo\/image\/\",\"url\":\"https:\/\/comarcas.csm.org.pt\/leiria\/wp-content\/uploads\/sites\/16\/2024\/11\/Leiria_positivo-horizontal.png\",\"contentUrl\":\"https:\/\/comarcas.csm.org.pt\/leiria\/wp-content\/uploads\/sites\/16\/2024\/11\/Leiria_positivo-horizontal.png\",\"width\":5088,\"height\":890,\"caption\":\"Tribunal Judicial da Comarca de Leiria\"},\"image\":{\"@id\":\"https:\/\/comarcas.csm.org.pt\/leiria\/#\/schema\/logo\/image\/\"}},{\"@type\":\"Person\",\"@id\":\"https:\/\/comarcas.csm.org.pt\/leiria\/#\/schema\/person\/9057b6fbd670d5a2e931712cd357d806\",\"name\":\"leiria\",\"image\":{\"@type\":\"ImageObject\",\"inLanguage\":\"pt-PT\",\"@id\":\"https:\/\/comarcas.csm.org.pt\/leiria\/#\/schema\/person\/image\/\",\"url\":\"https:\/\/secure.gravatar.com\/avatar\/399a72a2630b07d71a4e0167744303361d26ed8a993be2c5686bbe5ff44b469f?s=96&d=mm&r=g\",\"contentUrl\":\"https:\/\/secure.gravatar.com\/avatar\/399a72a2630b07d71a4e0167744303361d26ed8a993be2c5686bbe5ff44b469f?s=96&d=mm&r=g\",\"caption\":\"leiria\"},\"url\":\"https:\/\/comarcas.csm.org.pt\/leiria\/blog\/author\/leiria\/\"}]}<\/script>\n<!-- \/ Yoast SEO plugin. -->","yoast_head_json":{"title":"Minist\u00e9rio P\u00fablico arquiva inqu\u00e9rito a alegada recusa de atendimento a gr\u00e1vida nas Caldas da\u00a0Rainha - Tribunal Judicial da Comarca de Leiria","robots":{"index":"index","follow":"follow","max-snippet":"max-snippet:-1","max-image-preview":"max-image-preview:large","max-video-preview":"max-video-preview:-1"},"canonical":"https:\/\/comarcas.csm.org.pt\/leiria\/blog\/2025\/05\/26\/ministerio-publico-arquiva-inquerito-a-alegada-recusa-de-atendimento-a-gravida-nas-caldas-da-rainha\/","og_locale":"pt_PT","og_type":"article","og_title":"Minist\u00e9rio P\u00fablico arquiva inqu\u00e9rito a alegada recusa de atendimento a gr\u00e1vida nas Caldas da\u00a0Rainha - Tribunal Judicial da Comarca de Leiria","og_description":"in \u201cObservador.pt\u201d, 07.04.2025 MP justifica a decis\u00e3o com o facto de que &#8220;os profissionais em servi\u00e7o n\u00e3o foram informados da potencial gravidade da situa\u00e7\u00e3o&#8221;, n\u00e3o tendo sido apurada qualquer responsabilidade criminal. O Minist\u00e9rio P\u00fablico (MP)...","og_url":"https:\/\/comarcas.csm.org.pt\/leiria\/blog\/2025\/05\/26\/ministerio-publico-arquiva-inquerito-a-alegada-recusa-de-atendimento-a-gravida-nas-caldas-da-rainha\/","og_site_name":"Tribunal Judicial da Comarca de Leiria","article_published_time":"2025-05-26T13:46:52+00:00","article_modified_time":"2025-05-27T15:06:16+00:00","author":"leiria","twitter_card":"summary_large_image","twitter_misc":{"Escrito por":"leiria"},"schema":{"@context":"https:\/\/schema.org","@graph":[{"@type":"Article","@id":"https:\/\/comarcas.csm.org.pt\/leiria\/blog\/2025\/05\/26\/ministerio-publico-arquiva-inquerito-a-alegada-recusa-de-atendimento-a-gravida-nas-caldas-da-rainha\/#article","isPartOf":{"@id":"https:\/\/comarcas.csm.org.pt\/leiria\/blog\/2025\/05\/26\/ministerio-publico-arquiva-inquerito-a-alegada-recusa-de-atendimento-a-gravida-nas-caldas-da-rainha\/"},"author":{"name":"leiria","@id":"https:\/\/comarcas.csm.org.pt\/leiria\/#\/schema\/person\/9057b6fbd670d5a2e931712cd357d806"},"headline":"Minist\u00e9rio P\u00fablico arquiva inqu\u00e9rito a alegada recusa de atendimento a gr\u00e1vida nas Caldas da\u00a0Rainha","datePublished":"2025-05-26T13:46:52+00:00","dateModified":"2025-05-27T15:06:16+00:00","mainEntityOfPage":{"@id":"https:\/\/comarcas.csm.org.pt\/leiria\/blog\/2025\/05\/26\/ministerio-publico-arquiva-inquerito-a-alegada-recusa-de-atendimento-a-gravida-nas-caldas-da-rainha\/"},"wordCount":520,"publisher":{"@id":"https:\/\/comarcas.csm.org.pt\/leiria\/#organization"},"articleSection":["Geral","Not\u00edcias"],"inLanguage":"pt-PT"},{"@type":"WebPage","@id":"https:\/\/comarcas.csm.org.pt\/leiria\/blog\/2025\/05\/26\/ministerio-publico-arquiva-inquerito-a-alegada-recusa-de-atendimento-a-gravida-nas-caldas-da-rainha\/","url":"https:\/\/comarcas.csm.org.pt\/leiria\/blog\/2025\/05\/26\/ministerio-publico-arquiva-inquerito-a-alegada-recusa-de-atendimento-a-gravida-nas-caldas-da-rainha\/","name":"Minist\u00e9rio P\u00fablico arquiva inqu\u00e9rito a alegada recusa de atendimento a gr\u00e1vida nas Caldas da\u00a0Rainha - Tribunal Judicial da Comarca de Leiria","isPartOf":{"@id":"https:\/\/comarcas.csm.org.pt\/leiria\/#website"},"datePublished":"2025-05-26T13:46:52+00:00","dateModified":"2025-05-27T15:06:16+00:00","breadcrumb":{"@id":"https:\/\/comarcas.csm.org.pt\/leiria\/blog\/2025\/05\/26\/ministerio-publico-arquiva-inquerito-a-alegada-recusa-de-atendimento-a-gravida-nas-caldas-da-rainha\/#breadcrumb"},"inLanguage":"pt-PT","potentialAction":[{"@type":"ReadAction","target":["https:\/\/comarcas.csm.org.pt\/leiria\/blog\/2025\/05\/26\/ministerio-publico-arquiva-inquerito-a-alegada-recusa-de-atendimento-a-gravida-nas-caldas-da-rainha\/"]}]},{"@type":"BreadcrumbList","@id":"https:\/\/comarcas.csm.org.pt\/leiria\/blog\/2025\/05\/26\/ministerio-publico-arquiva-inquerito-a-alegada-recusa-de-atendimento-a-gravida-nas-caldas-da-rainha\/#breadcrumb","itemListElement":[{"@type":"ListItem","position":1,"name":"In\u00edcio","item":"https:\/\/comarcas.csm.org.pt\/leiria\/"},{"@type":"ListItem","position":2,"name":"Minist\u00e9rio P\u00fablico arquiva inqu\u00e9rito a alegada recusa de atendimento a gr\u00e1vida nas Caldas da\u00a0Rainha"}]},{"@type":"WebSite","@id":"https:\/\/comarcas.csm.org.pt\/leiria\/#website","url":"https:\/\/comarcas.csm.org.pt\/leiria\/","name":"Tribunal Judicial da Comarca de Leiria","description":"Tribunal Judicial da Comarca de Aveiro","publisher":{"@id":"https:\/\/comarcas.csm.org.pt\/leiria\/#organization"},"potentialAction":[{"@type":"SearchAction","target":{"@type":"EntryPoint","urlTemplate":"https:\/\/comarcas.csm.org.pt\/leiria\/?s={search_term_string}"},"query-input":{"@type":"PropertyValueSpecification","valueRequired":true,"valueName":"search_term_string"}}],"inLanguage":"pt-PT"},{"@type":"Organization","@id":"https:\/\/comarcas.csm.org.pt\/leiria\/#organization","name":"Tribunal Judicial da Comarca de Leiria","url":"https:\/\/comarcas.csm.org.pt\/leiria\/","logo":{"@type":"ImageObject","inLanguage":"pt-PT","@id":"https:\/\/comarcas.csm.org.pt\/leiria\/#\/schema\/logo\/image\/","url":"https:\/\/comarcas.csm.org.pt\/leiria\/wp-content\/uploads\/sites\/16\/2024\/11\/Leiria_positivo-horizontal.png","contentUrl":"https:\/\/comarcas.csm.org.pt\/leiria\/wp-content\/uploads\/sites\/16\/2024\/11\/Leiria_positivo-horizontal.png","width":5088,"height":890,"caption":"Tribunal Judicial da Comarca de Leiria"},"image":{"@id":"https:\/\/comarcas.csm.org.pt\/leiria\/#\/schema\/logo\/image\/"}},{"@type":"Person","@id":"https:\/\/comarcas.csm.org.pt\/leiria\/#\/schema\/person\/9057b6fbd670d5a2e931712cd357d806","name":"leiria","image":{"@type":"ImageObject","inLanguage":"pt-PT","@id":"https:\/\/comarcas.csm.org.pt\/leiria\/#\/schema\/person\/image\/","url":"https:\/\/secure.gravatar.com\/avatar\/399a72a2630b07d71a4e0167744303361d26ed8a993be2c5686bbe5ff44b469f?s=96&d=mm&r=g","contentUrl":"https:\/\/secure.gravatar.com\/avatar\/399a72a2630b07d71a4e0167744303361d26ed8a993be2c5686bbe5ff44b469f?s=96&d=mm&r=g","caption":"leiria"},"url":"https:\/\/comarcas.csm.org.pt\/leiria\/blog\/author\/leiria\/"}]}},"_links":{"self":[{"href":"https:\/\/comarcas.csm.org.pt\/leiria\/wp-json\/wp\/v2\/posts\/12206","targetHints":{"allow":["GET"]}}],"collection":[{"href":"https:\/\/comarcas.csm.org.pt\/leiria\/wp-json\/wp\/v2\/posts"}],"about":[{"href":"https:\/\/comarcas.csm.org.pt\/leiria\/wp-json\/wp\/v2\/types\/post"}],"author":[{"embeddable":true,"href":"https:\/\/comarcas.csm.org.pt\/leiria\/wp-json\/wp\/v2\/users\/16"}],"replies":[{"embeddable":true,"href":"https:\/\/comarcas.csm.org.pt\/leiria\/wp-json\/wp\/v2\/comments?post=12206"}],"version-history":[{"count":1,"href":"https:\/\/comarcas.csm.org.pt\/leiria\/wp-json\/wp\/v2\/posts\/12206\/revisions"}],"predecessor-version":[{"id":12207,"href":"https:\/\/comarcas.csm.org.pt\/leiria\/wp-json\/wp\/v2\/posts\/12206\/revisions\/12207"}],"wp:attachment":[{"href":"https:\/\/comarcas.csm.org.pt\/leiria\/wp-json\/wp\/v2\/media?parent=12206"}],"wp:term":[{"taxonomy":"category","embeddable":true,"href":"https:\/\/comarcas.csm.org.pt\/leiria\/wp-json\/wp\/v2\/categories?post=12206"},{"taxonomy":"post_tag","embeddable":true,"href":"https:\/\/comarcas.csm.org.pt\/leiria\/wp-json\/wp\/v2\/tags?post=12206"}],"curies":[{"name":"wp","href":"https:\/\/api.w.org\/{rel}","templated":true}]}}