{"id":12213,"date":"2025-05-26T14:48:47","date_gmt":"2025-05-26T14:48:47","guid":{"rendered":"https:\/\/comarcas.csm.org.pt\/leiria\/?p=12213"},"modified":"2025-05-27T14:54:20","modified_gmt":"2025-05-27T14:54:20","slug":"tribunal-de-leiria-rejeita-reclamacao-de-militante-do-chega-sobre-lista-do-partido","status":"publish","type":"post","link":"https:\/\/comarcas.csm.org.pt\/leiria\/blog\/2025\/05\/26\/tribunal-de-leiria-rejeita-reclamacao-de-militante-do-chega-sobre-lista-do-partido\/","title":{"rendered":"Tribunal de Leiria rejeita reclama\u00e7\u00e3o de militante do Chega sobre lista do partido"},"content":{"rendered":"\n<p><a href=\"https:\/\/www.rtp.pt\/noticias\/eleicoes-legislativas-2025\/tribunal-de-leiria-rejeita-reclamacao-de-militante-do-chega-sobre-lista-do-partido_n1648136\">in \u201cRTP Not\u00edcias.pt\u201d, 15.04.2025<\/a><\/p>\n\n\n\n<p>O Tribunal de Leiria rejeitou o pedido de um militante do Chega que reclamou da admiss\u00e3o da lista do partido por este c\u00edrculo \u00e0s elei\u00e7\u00f5es legislativas e que alegou ter sido definida por \u00f3rg\u00e3os internos sem legitimidade.<\/p>\n\n\n\n<p>&#8220;(&#8230;) Porquanto, desde logo, o requerente carece de legitimidade para o efeito, julga-se que o requerimento em apre\u00e7o n\u00e3o constitui uma reclama\u00e7\u00e3o nos termos do artigo 30.\u00ba da LEAR [Lei Eleitoral da Assembleia da Rep\u00fablica], motivo pelo qual se rejeita liminarmente&#8221;, l\u00ea-se no despacho da ju\u00edza desembargadora e presidente do Tribunal Judicial da Comarca de Leiria, Teresa Oliveira.<\/p>\n\n\n\n<p>O militante do Chega Fernando S\u00e1 N\u00f3brega reclamou junto de v\u00e1rios tribunais da admiss\u00e3o das listas de candidatos do partido \u00e0s elei\u00e7\u00f5es legislativas de 18 de maio.<\/p>\n\n\n\n<p>Ao apresentar as reclama\u00e7\u00f5es, o militante pretende que as listas do Chega sejam impugnadas, ficando o partido impedido de concorrer nos respetivos c\u00edrculos eleitorais.<\/p>\n\n\n\n<p>De acordo com a informa\u00e7\u00e3o a que a ag\u00eancia Lusa teve acesso, foi apresentada reclama\u00e7\u00e3o em 20 c\u00edrculos eleitorais: Lisboa, Porto, Leiria, Beja, Viseu, Vila Real, Viana do Castelo, Set\u00fabal, Santar\u00e9m, Portalegre, Guarda, Madeira, A\u00e7ores, Coimbra, Castelo Branco, \u00c9vora, Bragan\u00e7a, Faro, Braga e Aveiro.<\/p>\n\n\n\n<p>No despacho da ju\u00edza desembargadora Teresa Oliveira, l\u00ea-se que, de acordo com a Lei Eleitoral da Assembleia da Rep\u00fablica, &#8220;t\u00eam legitimidade para reclamar das decis\u00f5es do juiz relativas \u00e0 apresenta\u00e7\u00e3o das candidaturas `os candidatos, os seus mandat\u00e1rios e os partidos pol\u00edticos concorrentes \u00e0 elei\u00e7\u00e3o no c\u00edrculo`&#8221;.<\/p>\n\n\n\n<p>Ora, Fernando S\u00e1 N\u00f3brega &#8220;n\u00e3o se integra em qualquer uma das situa\u00e7\u00f5es previstas&#8221;, pelo que &#8220;carece de legitimidade para apresentar qualquer reclama\u00e7\u00e3o&#8221;, assinalou a ju\u00edza-presidente da Comarca de Leiria.<\/p>\n\n\n\n<p>Este militante j\u00e1 tinha impugnado, junto do Tribunal Constitucional (TC), a \u00faltima Conven\u00e7\u00e3o Nacional do Chega, que decorreu no in\u00edcio de 2024.<\/p>\n\n\n\n<p>O TC declarou &#8220;inv\u00e1lida a elei\u00e7\u00e3o dos \u00f3rg\u00e3os nacionais&#8221; nessa reuni\u00e3o magna e, antes, tamb\u00e9m j\u00e1 tinha decidido o mesmo quanto \u00e0 pen\u00faltima conven\u00e7\u00e3o, que decorreu em Santar\u00e9m em janeiro de 2023.<\/p>\n\n\n\n<p>Fernando S\u00e1 N\u00f3brega recorda estas decis\u00f5es e sustenta que &#8220;os \u00f3rg\u00e3os do partido s\u00e3o juridicamente inv\u00e1lidos&#8221;.<\/p>\n\n\n\n<p>&#8220;O tribunal foi claro ao afirmar que, caso o partido deseje regularizar a sua situa\u00e7\u00e3o e garantir a sua conformidade legal, os \u00fanicos elementos v\u00e1lidos para organizar novas elei\u00e7\u00f5es seriam aqueles que estavam presentes nos \u00f3rg\u00e3os do partido em 2019. Estes elementos devem ser encarados como os \u00fanicos habilitados para viabilizar elei\u00e7\u00f5es leg\u00edtimas de forma s\u00e9ria e dentro da legalidade&#8221;, l\u00ea-se nas v\u00e1rias a\u00e7\u00f5es.<\/p>\n\n\n\n<p>A ju\u00edza-presidente do Tribunal Judicial da Comarca de Leiria considera ainda que &#8220;o presente processo eleitoral n\u00e3o \u00e9 o meio processual pr\u00f3prio para a aprecia\u00e7\u00e3o da quest\u00e3o suscitada, nem este tribunal \u00e9 competente para dela conhecer, uma vez que do processo consta uma certid\u00e3o emitida&#8221; pelo TC, em 17 de mar\u00e7o, para fins eleitorais.<\/p>\n\n\n\n<p>Nessa certid\u00e3o, \u00e9 declarado que o partido pol\u00edtico Chega &#8220;se encontra legalizado e registado&#8221; e que Andr\u00e9 Ventura \u00e9 o seu presidente, adianta a magistrada judicial.<\/p>\n\n\n\n<p>Assim, se Fernando S\u00e1 N\u00f3brega &#8220;pretender p\u00f4r em causa o teor dessa certid\u00e3o, certamente que o ter\u00e1 de fazer (ou teria de o ter feito) junto do Tribunal Constitucional&#8221;, acrescenta o despacho.<\/p>\n\n\n\n<p>Catorze for\u00e7as pol\u00edticas apresentaram listas ao c\u00edrculo de Leiria para as legislativas.<\/p>\n\n\n\n<p>O cabe\u00e7a de lista do Chega \u00e9 o deputado Gabriel Mith\u00e1 Ribeiro, seguindo-se o parlamentar Lu\u00eds Paulo Fernandes, este \u00faltimo candidato ao Munic\u00edpio de Leiria nas pr\u00f3ximas aut\u00e1rquicas.<\/p>\n\n\n\n<p>Os candidatos repetem os dois primeiros lugares com que o Chega se apresentou nas legislativas de 10 de mar\u00e7o de 2024 pelo c\u00edrculo de Leiria.<\/p>\n\n\n\n<p><\/p>\n","protected":false},"excerpt":{"rendered":"<p>in \u201cRTP Not\u00edcias.pt\u201d, 15.04.2025 O Tribunal de Leiria rejeitou o pedido de um militante do Chega que reclamou da admiss\u00e3o da lista do partido por este c\u00edrculo \u00e0s elei\u00e7\u00f5es legislativas e que alegou ter sido&#8230;<\/p>\n","protected":false},"author":16,"featured_media":0,"comment_status":"closed","ping_status":"open","sticky":false,"template":"","format":"standard","meta":{"_tbt_post_transparent":"","_tbt_post_title":"","_tbt_post_layout":"","_tbt_post_sidebar_id":"","_tbt_post_content_style":"","_tbt_post_vertical_padding":"","_tbt_post_feature":"","_tbt_post_feature_position":"","_tbt_post_header":false,"_tbt_post_footer":false},"categories":[1,5],"tags":[],"class_list":["post-12213","post","type-post","status-publish","format-standard","hentry","category-geral","category-noticias"],"yoast_head":"<!-- This site is optimized with the Yoast SEO plugin v25.6 - https:\/\/yoast.com\/wordpress\/plugins\/seo\/ -->\n<title>Tribunal de Leiria rejeita reclama\u00e7\u00e3o de militante do Chega sobre lista do partido - Tribunal Judicial da Comarca de Leiria<\/title>\n<meta name=\"robots\" content=\"index, follow, max-snippet:-1, max-image-preview:large, max-video-preview:-1\" \/>\n<link rel=\"canonical\" href=\"https:\/\/comarcas.csm.org.pt\/leiria\/blog\/2025\/05\/26\/tribunal-de-leiria-rejeita-reclamacao-de-militante-do-chega-sobre-lista-do-partido\/\" \/>\n<meta property=\"og:locale\" content=\"pt_PT\" \/>\n<meta property=\"og:type\" content=\"article\" \/>\n<meta property=\"og:title\" content=\"Tribunal de Leiria rejeita reclama\u00e7\u00e3o de militante do Chega sobre lista do partido - Tribunal Judicial da Comarca de Leiria\" \/>\n<meta property=\"og:description\" content=\"in \u201cRTP Not\u00edcias.pt\u201d, 15.04.2025 O Tribunal de Leiria rejeitou o pedido de um militante do Chega que reclamou da admiss\u00e3o da lista do partido por este c\u00edrculo \u00e0s elei\u00e7\u00f5es legislativas e que alegou ter sido...\" \/>\n<meta property=\"og:url\" content=\"https:\/\/comarcas.csm.org.pt\/leiria\/blog\/2025\/05\/26\/tribunal-de-leiria-rejeita-reclamacao-de-militante-do-chega-sobre-lista-do-partido\/\" \/>\n<meta property=\"og:site_name\" content=\"Tribunal Judicial da Comarca de Leiria\" \/>\n<meta property=\"article:published_time\" content=\"2025-05-26T14:48:47+00:00\" \/>\n<meta property=\"article:modified_time\" content=\"2025-05-27T14:54:20+00:00\" \/>\n<meta name=\"author\" content=\"leiria\" \/>\n<meta name=\"twitter:card\" content=\"summary_large_image\" \/>\n<meta name=\"twitter:label1\" content=\"Escrito por\" \/>\n\t<meta name=\"twitter:data1\" content=\"leiria\" \/>\n\t<meta name=\"twitter:label2\" content=\"Tempo estimado de leitura\" \/>\n\t<meta name=\"twitter:data2\" content=\"4 minutos\" \/>\n<script type=\"application\/ld+json\" class=\"yoast-schema-graph\">{\"@context\":\"https:\/\/schema.org\",\"@graph\":[{\"@type\":\"Article\",\"@id\":\"https:\/\/comarcas.csm.org.pt\/leiria\/blog\/2025\/05\/26\/tribunal-de-leiria-rejeita-reclamacao-de-militante-do-chega-sobre-lista-do-partido\/#article\",\"isPartOf\":{\"@id\":\"https:\/\/comarcas.csm.org.pt\/leiria\/blog\/2025\/05\/26\/tribunal-de-leiria-rejeita-reclamacao-de-militante-do-chega-sobre-lista-do-partido\/\"},\"author\":{\"name\":\"leiria\",\"@id\":\"https:\/\/comarcas.csm.org.pt\/leiria\/#\/schema\/person\/9057b6fbd670d5a2e931712cd357d806\"},\"headline\":\"Tribunal de Leiria rejeita reclama\u00e7\u00e3o de militante do Chega sobre lista do partido\",\"datePublished\":\"2025-05-26T14:48:47+00:00\",\"dateModified\":\"2025-05-27T14:54:20+00:00\",\"mainEntityOfPage\":{\"@id\":\"https:\/\/comarcas.csm.org.pt\/leiria\/blog\/2025\/05\/26\/tribunal-de-leiria-rejeita-reclamacao-de-militante-do-chega-sobre-lista-do-partido\/\"},\"wordCount\":663,\"publisher\":{\"@id\":\"https:\/\/comarcas.csm.org.pt\/leiria\/#organization\"},\"articleSection\":[\"Geral\",\"Not\u00edcias\"],\"inLanguage\":\"pt-PT\"},{\"@type\":\"WebPage\",\"@id\":\"https:\/\/comarcas.csm.org.pt\/leiria\/blog\/2025\/05\/26\/tribunal-de-leiria-rejeita-reclamacao-de-militante-do-chega-sobre-lista-do-partido\/\",\"url\":\"https:\/\/comarcas.csm.org.pt\/leiria\/blog\/2025\/05\/26\/tribunal-de-leiria-rejeita-reclamacao-de-militante-do-chega-sobre-lista-do-partido\/\",\"name\":\"Tribunal de Leiria rejeita reclama\u00e7\u00e3o de militante do Chega sobre lista do partido - Tribunal Judicial da Comarca de Leiria\",\"isPartOf\":{\"@id\":\"https:\/\/comarcas.csm.org.pt\/leiria\/#website\"},\"datePublished\":\"2025-05-26T14:48:47+00:00\",\"dateModified\":\"2025-05-27T14:54:20+00:00\",\"breadcrumb\":{\"@id\":\"https:\/\/comarcas.csm.org.pt\/leiria\/blog\/2025\/05\/26\/tribunal-de-leiria-rejeita-reclamacao-de-militante-do-chega-sobre-lista-do-partido\/#breadcrumb\"},\"inLanguage\":\"pt-PT\",\"potentialAction\":[{\"@type\":\"ReadAction\",\"target\":[\"https:\/\/comarcas.csm.org.pt\/leiria\/blog\/2025\/05\/26\/tribunal-de-leiria-rejeita-reclamacao-de-militante-do-chega-sobre-lista-do-partido\/\"]}]},{\"@type\":\"BreadcrumbList\",\"@id\":\"https:\/\/comarcas.csm.org.pt\/leiria\/blog\/2025\/05\/26\/tribunal-de-leiria-rejeita-reclamacao-de-militante-do-chega-sobre-lista-do-partido\/#breadcrumb\",\"itemListElement\":[{\"@type\":\"ListItem\",\"position\":1,\"name\":\"In\u00edcio\",\"item\":\"https:\/\/comarcas.csm.org.pt\/leiria\/\"},{\"@type\":\"ListItem\",\"position\":2,\"name\":\"Tribunal de Leiria rejeita reclama\u00e7\u00e3o de militante do Chega sobre lista do partido\"}]},{\"@type\":\"WebSite\",\"@id\":\"https:\/\/comarcas.csm.org.pt\/leiria\/#website\",\"url\":\"https:\/\/comarcas.csm.org.pt\/leiria\/\",\"name\":\"Tribunal Judicial da Comarca de Leiria\",\"description\":\"Tribunal Judicial da Comarca de Aveiro\",\"publisher\":{\"@id\":\"https:\/\/comarcas.csm.org.pt\/leiria\/#organization\"},\"potentialAction\":[{\"@type\":\"SearchAction\",\"target\":{\"@type\":\"EntryPoint\",\"urlTemplate\":\"https:\/\/comarcas.csm.org.pt\/leiria\/?s={search_term_string}\"},\"query-input\":{\"@type\":\"PropertyValueSpecification\",\"valueRequired\":true,\"valueName\":\"search_term_string\"}}],\"inLanguage\":\"pt-PT\"},{\"@type\":\"Organization\",\"@id\":\"https:\/\/comarcas.csm.org.pt\/leiria\/#organization\",\"name\":\"Tribunal Judicial da Comarca de Leiria\",\"url\":\"https:\/\/comarcas.csm.org.pt\/leiria\/\",\"logo\":{\"@type\":\"ImageObject\",\"inLanguage\":\"pt-PT\",\"@id\":\"https:\/\/comarcas.csm.org.pt\/leiria\/#\/schema\/logo\/image\/\",\"url\":\"https:\/\/comarcas.csm.org.pt\/leiria\/wp-content\/uploads\/sites\/16\/2024\/11\/Leiria_positivo-horizontal.png\",\"contentUrl\":\"https:\/\/comarcas.csm.org.pt\/leiria\/wp-content\/uploads\/sites\/16\/2024\/11\/Leiria_positivo-horizontal.png\",\"width\":5088,\"height\":890,\"caption\":\"Tribunal Judicial da Comarca de Leiria\"},\"image\":{\"@id\":\"https:\/\/comarcas.csm.org.pt\/leiria\/#\/schema\/logo\/image\/\"}},{\"@type\":\"Person\",\"@id\":\"https:\/\/comarcas.csm.org.pt\/leiria\/#\/schema\/person\/9057b6fbd670d5a2e931712cd357d806\",\"name\":\"leiria\",\"image\":{\"@type\":\"ImageObject\",\"inLanguage\":\"pt-PT\",\"@id\":\"https:\/\/comarcas.csm.org.pt\/leiria\/#\/schema\/person\/image\/\",\"url\":\"https:\/\/secure.gravatar.com\/avatar\/399a72a2630b07d71a4e0167744303361d26ed8a993be2c5686bbe5ff44b469f?s=96&d=mm&r=g\",\"contentUrl\":\"https:\/\/secure.gravatar.com\/avatar\/399a72a2630b07d71a4e0167744303361d26ed8a993be2c5686bbe5ff44b469f?s=96&d=mm&r=g\",\"caption\":\"leiria\"},\"url\":\"https:\/\/comarcas.csm.org.pt\/leiria\/blog\/author\/leiria\/\"}]}<\/script>\n<!-- \/ Yoast SEO plugin. -->","yoast_head_json":{"title":"Tribunal de Leiria rejeita reclama\u00e7\u00e3o de militante do Chega sobre lista do partido - Tribunal Judicial da Comarca de Leiria","robots":{"index":"index","follow":"follow","max-snippet":"max-snippet:-1","max-image-preview":"max-image-preview:large","max-video-preview":"max-video-preview:-1"},"canonical":"https:\/\/comarcas.csm.org.pt\/leiria\/blog\/2025\/05\/26\/tribunal-de-leiria-rejeita-reclamacao-de-militante-do-chega-sobre-lista-do-partido\/","og_locale":"pt_PT","og_type":"article","og_title":"Tribunal de Leiria rejeita reclama\u00e7\u00e3o de militante do Chega sobre lista do partido - Tribunal Judicial da Comarca de Leiria","og_description":"in \u201cRTP Not\u00edcias.pt\u201d, 15.04.2025 O Tribunal de Leiria rejeitou o pedido de um militante do Chega que reclamou da admiss\u00e3o da lista do partido por este c\u00edrculo \u00e0s elei\u00e7\u00f5es legislativas e que alegou ter sido...","og_url":"https:\/\/comarcas.csm.org.pt\/leiria\/blog\/2025\/05\/26\/tribunal-de-leiria-rejeita-reclamacao-de-militante-do-chega-sobre-lista-do-partido\/","og_site_name":"Tribunal Judicial da Comarca de Leiria","article_published_time":"2025-05-26T14:48:47+00:00","article_modified_time":"2025-05-27T14:54:20+00:00","author":"leiria","twitter_card":"summary_large_image","twitter_misc":{"Escrito por":"leiria","Tempo estimado de leitura":"4 minutos"},"schema":{"@context":"https:\/\/schema.org","@graph":[{"@type":"Article","@id":"https:\/\/comarcas.csm.org.pt\/leiria\/blog\/2025\/05\/26\/tribunal-de-leiria-rejeita-reclamacao-de-militante-do-chega-sobre-lista-do-partido\/#article","isPartOf":{"@id":"https:\/\/comarcas.csm.org.pt\/leiria\/blog\/2025\/05\/26\/tribunal-de-leiria-rejeita-reclamacao-de-militante-do-chega-sobre-lista-do-partido\/"},"author":{"name":"leiria","@id":"https:\/\/comarcas.csm.org.pt\/leiria\/#\/schema\/person\/9057b6fbd670d5a2e931712cd357d806"},"headline":"Tribunal de Leiria rejeita reclama\u00e7\u00e3o de militante do Chega sobre lista do partido","datePublished":"2025-05-26T14:48:47+00:00","dateModified":"2025-05-27T14:54:20+00:00","mainEntityOfPage":{"@id":"https:\/\/comarcas.csm.org.pt\/leiria\/blog\/2025\/05\/26\/tribunal-de-leiria-rejeita-reclamacao-de-militante-do-chega-sobre-lista-do-partido\/"},"wordCount":663,"publisher":{"@id":"https:\/\/comarcas.csm.org.pt\/leiria\/#organization"},"articleSection":["Geral","Not\u00edcias"],"inLanguage":"pt-PT"},{"@type":"WebPage","@id":"https:\/\/comarcas.csm.org.pt\/leiria\/blog\/2025\/05\/26\/tribunal-de-leiria-rejeita-reclamacao-de-militante-do-chega-sobre-lista-do-partido\/","url":"https:\/\/comarcas.csm.org.pt\/leiria\/blog\/2025\/05\/26\/tribunal-de-leiria-rejeita-reclamacao-de-militante-do-chega-sobre-lista-do-partido\/","name":"Tribunal de Leiria rejeita reclama\u00e7\u00e3o de militante do Chega sobre lista do partido - Tribunal Judicial da Comarca de Leiria","isPartOf":{"@id":"https:\/\/comarcas.csm.org.pt\/leiria\/#website"},"datePublished":"2025-05-26T14:48:47+00:00","dateModified":"2025-05-27T14:54:20+00:00","breadcrumb":{"@id":"https:\/\/comarcas.csm.org.pt\/leiria\/blog\/2025\/05\/26\/tribunal-de-leiria-rejeita-reclamacao-de-militante-do-chega-sobre-lista-do-partido\/#breadcrumb"},"inLanguage":"pt-PT","potentialAction":[{"@type":"ReadAction","target":["https:\/\/comarcas.csm.org.pt\/leiria\/blog\/2025\/05\/26\/tribunal-de-leiria-rejeita-reclamacao-de-militante-do-chega-sobre-lista-do-partido\/"]}]},{"@type":"BreadcrumbList","@id":"https:\/\/comarcas.csm.org.pt\/leiria\/blog\/2025\/05\/26\/tribunal-de-leiria-rejeita-reclamacao-de-militante-do-chega-sobre-lista-do-partido\/#breadcrumb","itemListElement":[{"@type":"ListItem","position":1,"name":"In\u00edcio","item":"https:\/\/comarcas.csm.org.pt\/leiria\/"},{"@type":"ListItem","position":2,"name":"Tribunal de Leiria rejeita reclama\u00e7\u00e3o de militante do Chega sobre lista do partido"}]},{"@type":"WebSite","@id":"https:\/\/comarcas.csm.org.pt\/leiria\/#website","url":"https:\/\/comarcas.csm.org.pt\/leiria\/","name":"Tribunal Judicial da Comarca de Leiria","description":"Tribunal Judicial da Comarca de Aveiro","publisher":{"@id":"https:\/\/comarcas.csm.org.pt\/leiria\/#organization"},"potentialAction":[{"@type":"SearchAction","target":{"@type":"EntryPoint","urlTemplate":"https:\/\/comarcas.csm.org.pt\/leiria\/?s={search_term_string}"},"query-input":{"@type":"PropertyValueSpecification","valueRequired":true,"valueName":"search_term_string"}}],"inLanguage":"pt-PT"},{"@type":"Organization","@id":"https:\/\/comarcas.csm.org.pt\/leiria\/#organization","name":"Tribunal Judicial da Comarca de Leiria","url":"https:\/\/comarcas.csm.org.pt\/leiria\/","logo":{"@type":"ImageObject","inLanguage":"pt-PT","@id":"https:\/\/comarcas.csm.org.pt\/leiria\/#\/schema\/logo\/image\/","url":"https:\/\/comarcas.csm.org.pt\/leiria\/wp-content\/uploads\/sites\/16\/2024\/11\/Leiria_positivo-horizontal.png","contentUrl":"https:\/\/comarcas.csm.org.pt\/leiria\/wp-content\/uploads\/sites\/16\/2024\/11\/Leiria_positivo-horizontal.png","width":5088,"height":890,"caption":"Tribunal Judicial da Comarca de Leiria"},"image":{"@id":"https:\/\/comarcas.csm.org.pt\/leiria\/#\/schema\/logo\/image\/"}},{"@type":"Person","@id":"https:\/\/comarcas.csm.org.pt\/leiria\/#\/schema\/person\/9057b6fbd670d5a2e931712cd357d806","name":"leiria","image":{"@type":"ImageObject","inLanguage":"pt-PT","@id":"https:\/\/comarcas.csm.org.pt\/leiria\/#\/schema\/person\/image\/","url":"https:\/\/secure.gravatar.com\/avatar\/399a72a2630b07d71a4e0167744303361d26ed8a993be2c5686bbe5ff44b469f?s=96&d=mm&r=g","contentUrl":"https:\/\/secure.gravatar.com\/avatar\/399a72a2630b07d71a4e0167744303361d26ed8a993be2c5686bbe5ff44b469f?s=96&d=mm&r=g","caption":"leiria"},"url":"https:\/\/comarcas.csm.org.pt\/leiria\/blog\/author\/leiria\/"}]}},"_links":{"self":[{"href":"https:\/\/comarcas.csm.org.pt\/leiria\/wp-json\/wp\/v2\/posts\/12213","targetHints":{"allow":["GET"]}}],"collection":[{"href":"https:\/\/comarcas.csm.org.pt\/leiria\/wp-json\/wp\/v2\/posts"}],"about":[{"href":"https:\/\/comarcas.csm.org.pt\/leiria\/wp-json\/wp\/v2\/types\/post"}],"author":[{"embeddable":true,"href":"https:\/\/comarcas.csm.org.pt\/leiria\/wp-json\/wp\/v2\/users\/16"}],"replies":[{"embeddable":true,"href":"https:\/\/comarcas.csm.org.pt\/leiria\/wp-json\/wp\/v2\/comments?post=12213"}],"version-history":[{"count":1,"href":"https:\/\/comarcas.csm.org.pt\/leiria\/wp-json\/wp\/v2\/posts\/12213\/revisions"}],"predecessor-version":[{"id":12214,"href":"https:\/\/comarcas.csm.org.pt\/leiria\/wp-json\/wp\/v2\/posts\/12213\/revisions\/12214"}],"wp:attachment":[{"href":"https:\/\/comarcas.csm.org.pt\/leiria\/wp-json\/wp\/v2\/media?parent=12213"}],"wp:term":[{"taxonomy":"category","embeddable":true,"href":"https:\/\/comarcas.csm.org.pt\/leiria\/wp-json\/wp\/v2\/categories?post=12213"},{"taxonomy":"post_tag","embeddable":true,"href":"https:\/\/comarcas.csm.org.pt\/leiria\/wp-json\/wp\/v2\/tags?post=12213"}],"curies":[{"name":"wp","href":"https:\/\/api.w.org\/{rel}","templated":true}]}}