{"id":12250,"date":"2025-05-26T15:41:41","date_gmt":"2025-05-26T15:41:41","guid":{"rendered":"https:\/\/comarcas.csm.org.pt\/leiria\/?p=12250"},"modified":"2025-05-27T14:51:53","modified_gmt":"2025-05-27T14:51:53","slug":"tribunal-de-leiria-condena-homem-a-22-anos-de-prisao-por-matar-a-mulher","status":"publish","type":"post","link":"https:\/\/comarcas.csm.org.pt\/leiria\/blog\/2025\/05\/26\/tribunal-de-leiria-condena-homem-a-22-anos-de-prisao-por-matar-a-mulher\/","title":{"rendered":"Tribunal de Leiria condena homem a 22 anos de pris\u00e3o por matar a mulher"},"content":{"rendered":"\n<p><em>O Tribunal Judicial de Leiria condenou hoje um homem a 22 anos de pris\u00e3o pelo crime de homic\u00eddio qualificado da mulher, em maio de 2024, no concelho de Porto de M\u00f3s.<\/em><\/p>\n\n\n\n<p><a href=\"https:\/\/www.dn.pt\/nacional\/tribunal-de-leiria-condena-homem-a-22-anos-de-pris%C3%A3o-por-matar-a-mulher\">In \u201cDi\u00e1rio de Not\u00edcias.pt\u201d, 08.05.2025<\/a><\/p>\n\n\n\n<p>Ag\u00eancia Lusa<\/p>\n\n\n\n<p>O coletivo de ju\u00edzes, que declarou a indignidade sucess\u00f3ria do arguido, de 56 anos, condenou-o ainda a pagar aos dois filhos, maiores de idade, 30 mil euros pela perce\u00e7\u00e3o da morte, 100 mil euros pelo dano morte e 70 mil euros pelo dano moral.<\/p>\n\n\n\n<p>O homem, detido preventivamente, vai ainda ter de indemnizar a Unidade Local de Sa\u00fade (ULS) de Coimbra em 74.106,17 euros e a ULS da Regi\u00e3o de Leiria em 105,31 euros.<\/p>\n\n\n\n<p>O crime aconteceu em maio de 2024, depois de a mulher ter comunicado ao marido que queria separar-se.<\/p>\n\n\n\n<p>Na tarde de dia 25, o arguido, num anexo da resid\u00eancia, desferiu, com uma maceta de ferro, v\u00e1rias pancadas na cabe\u00e7a da mulher e, n\u00e3o obstante esta se ter tentado defender, aquele continuou a bater-lhe noutras partes do corpo.<\/p>\n\n\n\n<p>J\u00e1 depois de a v\u00edtima cair ao ch\u00e3o, o homem continuou a desferir-lhe pancadas com a maceta, n\u00e3o inferior a doze.<\/p>\n\n\n\n<p>Ap\u00f3s se certificar de que a mulher estava morta, o arguido telefonou para o n\u00famero nacional de emerg\u00eancia, pedindo a presen\u00e7a da pol\u00edcia, pois tinha matado a mulher, falando de forma percet\u00edvel e aud\u00edvel.<\/p>\n\n\n\n<p>Depois, com uma faca, infligiu a si pr\u00f3prio cortes, incluindo no pesco\u00e7o, pelo que n\u00e3o conseguia verbalizar, expressando-se apenas por gestos.<\/p>\n\n\n\n<p>O tribunal n\u00e3o deu como provado, entre outros aspetos, que a rela\u00e7\u00e3o do casal tenha come\u00e7ado a ser pautada pelo distanciamento e que o arguido tenha agido por ci\u00fames, como sustentava no despacho de acusa\u00e7\u00e3o o Minist\u00e9rio P\u00fablico, confirmado tamb\u00e9m por um juiz de instru\u00e7\u00e3o.<\/p>\n\n\n\n<p>Em julgamento, o homem disse n\u00e3o se lembrar de ter matado a mulher, alegou que aquela o atacou, confirmou o telefonema para o 112 e negou ter autoinfligido cortes.<\/p>\n\n\n\n<p>Na leitura do ac\u00f3rd\u00e3o, a presidente do tribunal coletivo, dirigindo-se ao arguido, afirmou que \u201c\u00e9 livre de dizer o que entender e trazer as vers\u00f5es mais irrealistas\u201d, para salientar que \u201ca vers\u00e3o que o senhor trouxe \u00e9 aquilo que se costuma dizer \u2018n\u00e3o tem p\u00e9s nem cabe\u00e7a\u2019\u201d.<\/p>\n\n\n\n<p>\u201cEssa vers\u00e3o n\u00e3o convenceu de longe o tribunal, n\u00e3o convence ningu\u00e9m\u201d, frisou a ju\u00edza, para salientar que o arguido se esqueceu de um pormenor, a chamada para o 112, ouvida em sede de audi\u00eancia tr\u00eas vezes.<\/p>\n\n\n\n<p>A magistrada judicial salientou ainda que, \u201cal\u00e9m de estragar a sua vida (\u2026), deixou dois jovens que s\u00e3o os seus filhos\u201d e que \u201ct\u00eam consci\u00eancia do que se passou\u201d.<\/p>\n\n\n\n<p>\u201cRealmente, trazer vers\u00f5es dessas perante um tribunal, \u00e9 fazer de n\u00f3s todos mentecaptos. O que o senhor disse \u00e9 imposs\u00edvel\u201d, declarou, para acrescentar que \u201cos seus filhos podiam merecer um pouco mais de considera\u00e7\u00e3o\u201d.<\/p>\n","protected":false},"excerpt":{"rendered":"<p>O Tribunal Judicial de Leiria condenou hoje um homem a 22 anos de pris\u00e3o pelo crime de homic\u00eddio qualificado da mulher, em maio de 2024, no concelho de Porto de M\u00f3s. In \u201cDi\u00e1rio de Not\u00edcias.pt\u201d,&#8230;<\/p>\n","protected":false},"author":16,"featured_media":0,"comment_status":"closed","ping_status":"open","sticky":false,"template":"","format":"standard","meta":{"_tbt_post_transparent":"","_tbt_post_title":"","_tbt_post_layout":"","_tbt_post_sidebar_id":"","_tbt_post_content_style":"","_tbt_post_vertical_padding":"","_tbt_post_feature":"","_tbt_post_feature_position":"","_tbt_post_header":false,"_tbt_post_footer":false},"categories":[1,5],"tags":[],"class_list":["post-12250","post","type-post","status-publish","format-standard","hentry","category-geral","category-noticias"],"yoast_head":"<!-- This site is optimized with the Yoast SEO plugin v25.6 - https:\/\/yoast.com\/wordpress\/plugins\/seo\/ -->\n<title>Tribunal de Leiria condena homem a 22 anos de pris\u00e3o por matar a mulher - Tribunal Judicial da Comarca de Leiria<\/title>\n<meta name=\"robots\" content=\"index, follow, max-snippet:-1, max-image-preview:large, max-video-preview:-1\" \/>\n<link rel=\"canonical\" href=\"https:\/\/comarcas.csm.org.pt\/leiria\/blog\/2025\/05\/26\/tribunal-de-leiria-condena-homem-a-22-anos-de-prisao-por-matar-a-mulher\/\" \/>\n<meta property=\"og:locale\" content=\"pt_PT\" \/>\n<meta property=\"og:type\" content=\"article\" \/>\n<meta property=\"og:title\" content=\"Tribunal de Leiria condena homem a 22 anos de pris\u00e3o por matar a mulher - Tribunal Judicial da Comarca de Leiria\" \/>\n<meta property=\"og:description\" content=\"O Tribunal Judicial de Leiria condenou hoje um homem a 22 anos de pris\u00e3o pelo crime de homic\u00eddio qualificado da mulher, em maio de 2024, no concelho de Porto de M\u00f3s. In \u201cDi\u00e1rio de Not\u00edcias.pt\u201d,...\" \/>\n<meta property=\"og:url\" content=\"https:\/\/comarcas.csm.org.pt\/leiria\/blog\/2025\/05\/26\/tribunal-de-leiria-condena-homem-a-22-anos-de-prisao-por-matar-a-mulher\/\" \/>\n<meta property=\"og:site_name\" content=\"Tribunal Judicial da Comarca de Leiria\" \/>\n<meta property=\"article:published_time\" content=\"2025-05-26T15:41:41+00:00\" \/>\n<meta property=\"article:modified_time\" content=\"2025-05-27T14:51:53+00:00\" \/>\n<meta name=\"author\" content=\"leiria\" \/>\n<meta name=\"twitter:card\" content=\"summary_large_image\" \/>\n<meta name=\"twitter:label1\" content=\"Escrito por\" \/>\n\t<meta name=\"twitter:data1\" content=\"leiria\" \/>\n\t<meta name=\"twitter:label2\" content=\"Tempo estimado de leitura\" \/>\n\t<meta name=\"twitter:data2\" content=\"3 minutos\" \/>\n<script type=\"application\/ld+json\" class=\"yoast-schema-graph\">{\"@context\":\"https:\/\/schema.org\",\"@graph\":[{\"@type\":\"Article\",\"@id\":\"https:\/\/comarcas.csm.org.pt\/leiria\/blog\/2025\/05\/26\/tribunal-de-leiria-condena-homem-a-22-anos-de-prisao-por-matar-a-mulher\/#article\",\"isPartOf\":{\"@id\":\"https:\/\/comarcas.csm.org.pt\/leiria\/blog\/2025\/05\/26\/tribunal-de-leiria-condena-homem-a-22-anos-de-prisao-por-matar-a-mulher\/\"},\"author\":{\"name\":\"leiria\",\"@id\":\"https:\/\/comarcas.csm.org.pt\/leiria\/#\/schema\/person\/9057b6fbd670d5a2e931712cd357d806\"},\"headline\":\"Tribunal de Leiria condena homem a 22 anos de pris\u00e3o por matar a mulher\",\"datePublished\":\"2025-05-26T15:41:41+00:00\",\"dateModified\":\"2025-05-27T14:51:53+00:00\",\"mainEntityOfPage\":{\"@id\":\"https:\/\/comarcas.csm.org.pt\/leiria\/blog\/2025\/05\/26\/tribunal-de-leiria-condena-homem-a-22-anos-de-prisao-por-matar-a-mulher\/\"},\"wordCount\":522,\"publisher\":{\"@id\":\"https:\/\/comarcas.csm.org.pt\/leiria\/#organization\"},\"articleSection\":[\"Geral\",\"Not\u00edcias\"],\"inLanguage\":\"pt-PT\"},{\"@type\":\"WebPage\",\"@id\":\"https:\/\/comarcas.csm.org.pt\/leiria\/blog\/2025\/05\/26\/tribunal-de-leiria-condena-homem-a-22-anos-de-prisao-por-matar-a-mulher\/\",\"url\":\"https:\/\/comarcas.csm.org.pt\/leiria\/blog\/2025\/05\/26\/tribunal-de-leiria-condena-homem-a-22-anos-de-prisao-por-matar-a-mulher\/\",\"name\":\"Tribunal de Leiria condena homem a 22 anos de pris\u00e3o por matar a mulher - Tribunal Judicial da Comarca de Leiria\",\"isPartOf\":{\"@id\":\"https:\/\/comarcas.csm.org.pt\/leiria\/#website\"},\"datePublished\":\"2025-05-26T15:41:41+00:00\",\"dateModified\":\"2025-05-27T14:51:53+00:00\",\"breadcrumb\":{\"@id\":\"https:\/\/comarcas.csm.org.pt\/leiria\/blog\/2025\/05\/26\/tribunal-de-leiria-condena-homem-a-22-anos-de-prisao-por-matar-a-mulher\/#breadcrumb\"},\"inLanguage\":\"pt-PT\",\"potentialAction\":[{\"@type\":\"ReadAction\",\"target\":[\"https:\/\/comarcas.csm.org.pt\/leiria\/blog\/2025\/05\/26\/tribunal-de-leiria-condena-homem-a-22-anos-de-prisao-por-matar-a-mulher\/\"]}]},{\"@type\":\"BreadcrumbList\",\"@id\":\"https:\/\/comarcas.csm.org.pt\/leiria\/blog\/2025\/05\/26\/tribunal-de-leiria-condena-homem-a-22-anos-de-prisao-por-matar-a-mulher\/#breadcrumb\",\"itemListElement\":[{\"@type\":\"ListItem\",\"position\":1,\"name\":\"In\u00edcio\",\"item\":\"https:\/\/comarcas.csm.org.pt\/leiria\/\"},{\"@type\":\"ListItem\",\"position\":2,\"name\":\"Tribunal de Leiria condena homem a 22 anos de pris\u00e3o por matar a mulher\"}]},{\"@type\":\"WebSite\",\"@id\":\"https:\/\/comarcas.csm.org.pt\/leiria\/#website\",\"url\":\"https:\/\/comarcas.csm.org.pt\/leiria\/\",\"name\":\"Tribunal Judicial da Comarca de Leiria\",\"description\":\"Tribunal Judicial da Comarca de Aveiro\",\"publisher\":{\"@id\":\"https:\/\/comarcas.csm.org.pt\/leiria\/#organization\"},\"potentialAction\":[{\"@type\":\"SearchAction\",\"target\":{\"@type\":\"EntryPoint\",\"urlTemplate\":\"https:\/\/comarcas.csm.org.pt\/leiria\/?s={search_term_string}\"},\"query-input\":{\"@type\":\"PropertyValueSpecification\",\"valueRequired\":true,\"valueName\":\"search_term_string\"}}],\"inLanguage\":\"pt-PT\"},{\"@type\":\"Organization\",\"@id\":\"https:\/\/comarcas.csm.org.pt\/leiria\/#organization\",\"name\":\"Tribunal Judicial da Comarca de Leiria\",\"url\":\"https:\/\/comarcas.csm.org.pt\/leiria\/\",\"logo\":{\"@type\":\"ImageObject\",\"inLanguage\":\"pt-PT\",\"@id\":\"https:\/\/comarcas.csm.org.pt\/leiria\/#\/schema\/logo\/image\/\",\"url\":\"https:\/\/comarcas.csm.org.pt\/leiria\/wp-content\/uploads\/sites\/16\/2024\/11\/Leiria_positivo-horizontal.png\",\"contentUrl\":\"https:\/\/comarcas.csm.org.pt\/leiria\/wp-content\/uploads\/sites\/16\/2024\/11\/Leiria_positivo-horizontal.png\",\"width\":5088,\"height\":890,\"caption\":\"Tribunal Judicial da Comarca de Leiria\"},\"image\":{\"@id\":\"https:\/\/comarcas.csm.org.pt\/leiria\/#\/schema\/logo\/image\/\"}},{\"@type\":\"Person\",\"@id\":\"https:\/\/comarcas.csm.org.pt\/leiria\/#\/schema\/person\/9057b6fbd670d5a2e931712cd357d806\",\"name\":\"leiria\",\"image\":{\"@type\":\"ImageObject\",\"inLanguage\":\"pt-PT\",\"@id\":\"https:\/\/comarcas.csm.org.pt\/leiria\/#\/schema\/person\/image\/\",\"url\":\"https:\/\/secure.gravatar.com\/avatar\/399a72a2630b07d71a4e0167744303361d26ed8a993be2c5686bbe5ff44b469f?s=96&d=mm&r=g\",\"contentUrl\":\"https:\/\/secure.gravatar.com\/avatar\/399a72a2630b07d71a4e0167744303361d26ed8a993be2c5686bbe5ff44b469f?s=96&d=mm&r=g\",\"caption\":\"leiria\"},\"url\":\"https:\/\/comarcas.csm.org.pt\/leiria\/blog\/author\/leiria\/\"}]}<\/script>\n<!-- \/ Yoast SEO plugin. -->","yoast_head_json":{"title":"Tribunal de Leiria condena homem a 22 anos de pris\u00e3o por matar a mulher - Tribunal Judicial da Comarca de Leiria","robots":{"index":"index","follow":"follow","max-snippet":"max-snippet:-1","max-image-preview":"max-image-preview:large","max-video-preview":"max-video-preview:-1"},"canonical":"https:\/\/comarcas.csm.org.pt\/leiria\/blog\/2025\/05\/26\/tribunal-de-leiria-condena-homem-a-22-anos-de-prisao-por-matar-a-mulher\/","og_locale":"pt_PT","og_type":"article","og_title":"Tribunal de Leiria condena homem a 22 anos de pris\u00e3o por matar a mulher - Tribunal Judicial da Comarca de Leiria","og_description":"O Tribunal Judicial de Leiria condenou hoje um homem a 22 anos de pris\u00e3o pelo crime de homic\u00eddio qualificado da mulher, em maio de 2024, no concelho de Porto de M\u00f3s. In \u201cDi\u00e1rio de Not\u00edcias.pt\u201d,...","og_url":"https:\/\/comarcas.csm.org.pt\/leiria\/blog\/2025\/05\/26\/tribunal-de-leiria-condena-homem-a-22-anos-de-prisao-por-matar-a-mulher\/","og_site_name":"Tribunal Judicial da Comarca de Leiria","article_published_time":"2025-05-26T15:41:41+00:00","article_modified_time":"2025-05-27T14:51:53+00:00","author":"leiria","twitter_card":"summary_large_image","twitter_misc":{"Escrito por":"leiria","Tempo estimado de leitura":"3 minutos"},"schema":{"@context":"https:\/\/schema.org","@graph":[{"@type":"Article","@id":"https:\/\/comarcas.csm.org.pt\/leiria\/blog\/2025\/05\/26\/tribunal-de-leiria-condena-homem-a-22-anos-de-prisao-por-matar-a-mulher\/#article","isPartOf":{"@id":"https:\/\/comarcas.csm.org.pt\/leiria\/blog\/2025\/05\/26\/tribunal-de-leiria-condena-homem-a-22-anos-de-prisao-por-matar-a-mulher\/"},"author":{"name":"leiria","@id":"https:\/\/comarcas.csm.org.pt\/leiria\/#\/schema\/person\/9057b6fbd670d5a2e931712cd357d806"},"headline":"Tribunal de Leiria condena homem a 22 anos de pris\u00e3o por matar a mulher","datePublished":"2025-05-26T15:41:41+00:00","dateModified":"2025-05-27T14:51:53+00:00","mainEntityOfPage":{"@id":"https:\/\/comarcas.csm.org.pt\/leiria\/blog\/2025\/05\/26\/tribunal-de-leiria-condena-homem-a-22-anos-de-prisao-por-matar-a-mulher\/"},"wordCount":522,"publisher":{"@id":"https:\/\/comarcas.csm.org.pt\/leiria\/#organization"},"articleSection":["Geral","Not\u00edcias"],"inLanguage":"pt-PT"},{"@type":"WebPage","@id":"https:\/\/comarcas.csm.org.pt\/leiria\/blog\/2025\/05\/26\/tribunal-de-leiria-condena-homem-a-22-anos-de-prisao-por-matar-a-mulher\/","url":"https:\/\/comarcas.csm.org.pt\/leiria\/blog\/2025\/05\/26\/tribunal-de-leiria-condena-homem-a-22-anos-de-prisao-por-matar-a-mulher\/","name":"Tribunal de Leiria condena homem a 22 anos de pris\u00e3o por matar a mulher - Tribunal Judicial da Comarca de Leiria","isPartOf":{"@id":"https:\/\/comarcas.csm.org.pt\/leiria\/#website"},"datePublished":"2025-05-26T15:41:41+00:00","dateModified":"2025-05-27T14:51:53+00:00","breadcrumb":{"@id":"https:\/\/comarcas.csm.org.pt\/leiria\/blog\/2025\/05\/26\/tribunal-de-leiria-condena-homem-a-22-anos-de-prisao-por-matar-a-mulher\/#breadcrumb"},"inLanguage":"pt-PT","potentialAction":[{"@type":"ReadAction","target":["https:\/\/comarcas.csm.org.pt\/leiria\/blog\/2025\/05\/26\/tribunal-de-leiria-condena-homem-a-22-anos-de-prisao-por-matar-a-mulher\/"]}]},{"@type":"BreadcrumbList","@id":"https:\/\/comarcas.csm.org.pt\/leiria\/blog\/2025\/05\/26\/tribunal-de-leiria-condena-homem-a-22-anos-de-prisao-por-matar-a-mulher\/#breadcrumb","itemListElement":[{"@type":"ListItem","position":1,"name":"In\u00edcio","item":"https:\/\/comarcas.csm.org.pt\/leiria\/"},{"@type":"ListItem","position":2,"name":"Tribunal de Leiria condena homem a 22 anos de pris\u00e3o por matar a mulher"}]},{"@type":"WebSite","@id":"https:\/\/comarcas.csm.org.pt\/leiria\/#website","url":"https:\/\/comarcas.csm.org.pt\/leiria\/","name":"Tribunal Judicial da Comarca de Leiria","description":"Tribunal Judicial da Comarca de Aveiro","publisher":{"@id":"https:\/\/comarcas.csm.org.pt\/leiria\/#organization"},"potentialAction":[{"@type":"SearchAction","target":{"@type":"EntryPoint","urlTemplate":"https:\/\/comarcas.csm.org.pt\/leiria\/?s={search_term_string}"},"query-input":{"@type":"PropertyValueSpecification","valueRequired":true,"valueName":"search_term_string"}}],"inLanguage":"pt-PT"},{"@type":"Organization","@id":"https:\/\/comarcas.csm.org.pt\/leiria\/#organization","name":"Tribunal Judicial da Comarca de Leiria","url":"https:\/\/comarcas.csm.org.pt\/leiria\/","logo":{"@type":"ImageObject","inLanguage":"pt-PT","@id":"https:\/\/comarcas.csm.org.pt\/leiria\/#\/schema\/logo\/image\/","url":"https:\/\/comarcas.csm.org.pt\/leiria\/wp-content\/uploads\/sites\/16\/2024\/11\/Leiria_positivo-horizontal.png","contentUrl":"https:\/\/comarcas.csm.org.pt\/leiria\/wp-content\/uploads\/sites\/16\/2024\/11\/Leiria_positivo-horizontal.png","width":5088,"height":890,"caption":"Tribunal Judicial da Comarca de Leiria"},"image":{"@id":"https:\/\/comarcas.csm.org.pt\/leiria\/#\/schema\/logo\/image\/"}},{"@type":"Person","@id":"https:\/\/comarcas.csm.org.pt\/leiria\/#\/schema\/person\/9057b6fbd670d5a2e931712cd357d806","name":"leiria","image":{"@type":"ImageObject","inLanguage":"pt-PT","@id":"https:\/\/comarcas.csm.org.pt\/leiria\/#\/schema\/person\/image\/","url":"https:\/\/secure.gravatar.com\/avatar\/399a72a2630b07d71a4e0167744303361d26ed8a993be2c5686bbe5ff44b469f?s=96&d=mm&r=g","contentUrl":"https:\/\/secure.gravatar.com\/avatar\/399a72a2630b07d71a4e0167744303361d26ed8a993be2c5686bbe5ff44b469f?s=96&d=mm&r=g","caption":"leiria"},"url":"https:\/\/comarcas.csm.org.pt\/leiria\/blog\/author\/leiria\/"}]}},"_links":{"self":[{"href":"https:\/\/comarcas.csm.org.pt\/leiria\/wp-json\/wp\/v2\/posts\/12250","targetHints":{"allow":["GET"]}}],"collection":[{"href":"https:\/\/comarcas.csm.org.pt\/leiria\/wp-json\/wp\/v2\/posts"}],"about":[{"href":"https:\/\/comarcas.csm.org.pt\/leiria\/wp-json\/wp\/v2\/types\/post"}],"author":[{"embeddable":true,"href":"https:\/\/comarcas.csm.org.pt\/leiria\/wp-json\/wp\/v2\/users\/16"}],"replies":[{"embeddable":true,"href":"https:\/\/comarcas.csm.org.pt\/leiria\/wp-json\/wp\/v2\/comments?post=12250"}],"version-history":[{"count":1,"href":"https:\/\/comarcas.csm.org.pt\/leiria\/wp-json\/wp\/v2\/posts\/12250\/revisions"}],"predecessor-version":[{"id":12252,"href":"https:\/\/comarcas.csm.org.pt\/leiria\/wp-json\/wp\/v2\/posts\/12250\/revisions\/12252"}],"wp:attachment":[{"href":"https:\/\/comarcas.csm.org.pt\/leiria\/wp-json\/wp\/v2\/media?parent=12250"}],"wp:term":[{"taxonomy":"category","embeddable":true,"href":"https:\/\/comarcas.csm.org.pt\/leiria\/wp-json\/wp\/v2\/categories?post=12250"},{"taxonomy":"post_tag","embeddable":true,"href":"https:\/\/comarcas.csm.org.pt\/leiria\/wp-json\/wp\/v2\/tags?post=12250"}],"curies":[{"name":"wp","href":"https:\/\/api.w.org\/{rel}","templated":true}]}}