{"id":12323,"date":"2025-05-27T15:53:29","date_gmt":"2025-05-27T15:53:29","guid":{"rendered":"https:\/\/comarcas.csm.org.pt\/leiria\/?p=12323"},"modified":"2025-05-27T15:53:30","modified_gmt":"2025-05-27T15:53:30","slug":"homem-condenado-a-12-aos-de-prisao-por-abusar-da-filha-no-concelho-de-pombal","status":"publish","type":"post","link":"https:\/\/comarcas.csm.org.pt\/leiria\/blog\/2025\/05\/27\/homem-condenado-a-12-aos-de-prisao-por-abusar-da-filha-no-concelho-de-pombal\/","title":{"rendered":"Homem condenado a 12 aos de pris\u00e3o por abusar da filha no concelho de Pombal"},"content":{"rendered":"\n<p><a href=\"https:\/\/www.pombal97.com\/homem-condenado-a-12-aos-de-prisao-por-abusar-da-filha-no-concelho-de-pombal\/\">Escrito por\u00a097fm R\u00e1dio Clube de Pombal\u00a0em 2025-05-22<\/a><\/p>\n\n\n\n<p>Ag\u00eancia Lusa<\/p>\n\n\n\n<p>O Tribunal Judicial de Leiria condenou, no passado dia 20, um homem na pena \u00fanica de 12 anos de pris\u00e3o por 100 crimes de viola\u00e7\u00e3o agravada e dois de coa\u00e7\u00e3o sexual, assim como um crime de viol\u00eancia dom\u00e9stica de que foi v\u00edtima a filha, ocorridos na zona de Pombal. O arguido, que est\u00e1 actualmente preso, foi ainda condenado na coima de 400 euros por uma contraordena\u00e7\u00e3o no \u00e2mbito da Lei das Armas e nas penas acess\u00f3rias de proibi\u00e7\u00e3o de assumir a confian\u00e7a de menor, adop\u00e7\u00e3o, tutela, curatela, acolhimento familiar, apadrinhamento civil, entrega, guarda ou confian\u00e7a de menores, pelo per\u00edodo de cinco anos. Pelo mesmo per\u00edodo, est\u00e1 inibido do exerc\u00edcio de responsabilidades parentais. \u00c0 filha, o arguido vai ter de pagar 20 mil euros de indemniza\u00e7\u00e3o por danos n\u00e3o patrimoniais sofridos.<\/p>\n\n\n\n<p>O homem, de 56 anos, estava acusado pelo Minist\u00e9rio P\u00fablico (MP) de 50 crimes de abuso sexual de menores dependentes e 170 crimes de viola\u00e7\u00e3o, todos na forma agravada, tendo o colectivo de ju\u00edzes determinado uma altera\u00e7\u00e3o n\u00e3o substancial dos factos e da qualifica\u00e7\u00e3o jur\u00eddica. Na leitura do ac\u00f3rd\u00e3o, a ju\u00edza-presidente salientou que foram fundamentais as declara\u00e7\u00f5es para mem\u00f3ria futura da filha do arguido, classificando-as como \u201cabsolutamente cred\u00edveis\u201d. Pelo contr\u00e1rio, as declara\u00e7\u00f5es do homem, dizendo que actos sexuais foram consentidos e praticados ap\u00f3s aquela ter completado 18 anos, foram descredibilizadas \u201cpelo depoimento da ofendida\u201d. \u201c[O arguido] limitou-se a assumir o m\u00ednimo poss\u00edvel\u201d, considerou.<\/p>\n\n\n\n<p>Referindo-se \u00e0 condena\u00e7\u00e3o, a magistrada judicial afirmou que \u201coutra coisa n\u00e3o era de esperar em face das declara\u00e7\u00f5es para mem\u00f3ria futura que a sua filha prestou perante juiz de instru\u00e7\u00e3o criminal\u201d.<\/p>\n\n\n\n<p>Reconhecendo ser certo que o arguido \u201cn\u00e3o ficou numa situa\u00e7\u00e3o f\u00e1cil depois de a sua mulher se ter ido embora\u201d e de aquele ter ficado com os filhos, a presidente do colectivo de ju\u00edzes frisou, contudo, ser \u201cinaceit\u00e1vel, inenarr\u00e1vel, incompreens\u00edvel\u201d o que fez. \u201cOs pais \u00e9 suposto zelarem pelo bem dos filhos\u201d e \u201cn\u00e3o \u00e9 suposto usarem os filhos de uma maneira absolutamente vil e s\u00f3rdida\u201d, adiantou. Dirigindo-se ao arguido, a ju\u00edza-presidente lembrou que \u201ca soma aritm\u00e9tica [das penas parcelares] dava muito mais do que o limite m\u00e1ximo da pena permitida por lei, que s\u00e3o os 25 anos\u201d de pris\u00e3o, esperando que, quando voltar \u00e0 liberdade, \u201cconsiga retomar uma vida conforme o Direito e n\u00e3o volte\u201d a cair nestas tenta\u00e7\u00f5es.<\/p>\n\n\n\n<p>O despacho de acusa\u00e7\u00e3o do MP referia que os abusos sexuais come\u00e7aram quando a filha tinha 17 anos e ainda frequentava a escola, tendo continuado depois de atingir a maioridade e de ter deixado de estudar. Ent\u00e3o, passou a ficar em casa \u201cdurante todo o dia, a limpar e a arrumar, bem como a cumprir tudo o que lhe ordenava\u201d. Segundo o MP, durante cerca de quatro anos e meio, o arguido sujeitou a filha a pr\u00e1ticas sexuais, \u201caproveitando o facto de ser seu pai e de residirem na mesma habita\u00e7\u00e3o, fazendo-o indiferente \u00e0 rela\u00e7\u00e3o de parentesco e \u00e0 sua idade\u201d e para \u201csatisfazer os seus instintos libidinosos\u201d. Para o MP, o homem, que tinha a filha aos seus cuidados e na sua depend\u00eancia econ\u00f3mica, agiu com o \u201cprop\u00f3sito de a maltratar, f\u00edsica e psiquicamente, o que fez de modo reiterado\u201d.<\/p>\n","protected":false},"excerpt":{"rendered":"<p>Escrito por\u00a097fm R\u00e1dio Clube de Pombal\u00a0em 2025-05-22 Ag\u00eancia Lusa O Tribunal Judicial de Leiria condenou, no passado dia 20, um homem na pena \u00fanica de 12 anos de pris\u00e3o por 100 crimes de viola\u00e7\u00e3o agravada&#8230;<\/p>\n","protected":false},"author":16,"featured_media":0,"comment_status":"closed","ping_status":"open","sticky":false,"template":"","format":"standard","meta":{"_tbt_post_transparent":"","_tbt_post_title":"","_tbt_post_layout":"","_tbt_post_sidebar_id":"","_tbt_post_content_style":"","_tbt_post_vertical_padding":"","_tbt_post_feature":"","_tbt_post_feature_position":"","_tbt_post_header":false,"_tbt_post_footer":false},"categories":[1,5],"tags":[],"class_list":["post-12323","post","type-post","status-publish","format-standard","hentry","category-geral","category-noticias"],"yoast_head":"<!-- This site is optimized with the Yoast SEO plugin v25.6 - https:\/\/yoast.com\/wordpress\/plugins\/seo\/ -->\n<title>Homem condenado a 12 aos de pris\u00e3o por abusar da filha no concelho de Pombal - Tribunal Judicial da Comarca de Leiria<\/title>\n<meta name=\"robots\" content=\"index, follow, max-snippet:-1, max-image-preview:large, max-video-preview:-1\" \/>\n<link rel=\"canonical\" href=\"https:\/\/comarcas.csm.org.pt\/leiria\/blog\/2025\/05\/27\/homem-condenado-a-12-aos-de-prisao-por-abusar-da-filha-no-concelho-de-pombal\/\" \/>\n<meta property=\"og:locale\" content=\"pt_PT\" \/>\n<meta property=\"og:type\" content=\"article\" \/>\n<meta property=\"og:title\" content=\"Homem condenado a 12 aos de pris\u00e3o por abusar da filha no concelho de Pombal - Tribunal Judicial da Comarca de Leiria\" \/>\n<meta property=\"og:description\" content=\"Escrito por\u00a097fm R\u00e1dio Clube de Pombal\u00a0em 2025-05-22 Ag\u00eancia Lusa O Tribunal Judicial de Leiria condenou, no passado dia 20, um homem na pena \u00fanica de 12 anos de pris\u00e3o por 100 crimes de viola\u00e7\u00e3o agravada...\" \/>\n<meta property=\"og:url\" content=\"https:\/\/comarcas.csm.org.pt\/leiria\/blog\/2025\/05\/27\/homem-condenado-a-12-aos-de-prisao-por-abusar-da-filha-no-concelho-de-pombal\/\" \/>\n<meta property=\"og:site_name\" content=\"Tribunal Judicial da Comarca de Leiria\" \/>\n<meta property=\"article:published_time\" content=\"2025-05-27T15:53:29+00:00\" \/>\n<meta property=\"article:modified_time\" content=\"2025-05-27T15:53:30+00:00\" \/>\n<meta name=\"author\" content=\"leiria\" \/>\n<meta name=\"twitter:card\" content=\"summary_large_image\" \/>\n<meta name=\"twitter:label1\" content=\"Escrito por\" \/>\n\t<meta name=\"twitter:data1\" content=\"leiria\" \/>\n\t<meta name=\"twitter:label2\" content=\"Tempo estimado de leitura\" \/>\n\t<meta name=\"twitter:data2\" content=\"3 minutos\" \/>\n<script type=\"application\/ld+json\" class=\"yoast-schema-graph\">{\"@context\":\"https:\/\/schema.org\",\"@graph\":[{\"@type\":\"Article\",\"@id\":\"https:\/\/comarcas.csm.org.pt\/leiria\/blog\/2025\/05\/27\/homem-condenado-a-12-aos-de-prisao-por-abusar-da-filha-no-concelho-de-pombal\/#article\",\"isPartOf\":{\"@id\":\"https:\/\/comarcas.csm.org.pt\/leiria\/blog\/2025\/05\/27\/homem-condenado-a-12-aos-de-prisao-por-abusar-da-filha-no-concelho-de-pombal\/\"},\"author\":{\"name\":\"leiria\",\"@id\":\"https:\/\/comarcas.csm.org.pt\/leiria\/#\/schema\/person\/9057b6fbd670d5a2e931712cd357d806\"},\"headline\":\"Homem condenado a 12 aos de pris\u00e3o por abusar da filha no concelho de Pombal\",\"datePublished\":\"2025-05-27T15:53:29+00:00\",\"dateModified\":\"2025-05-27T15:53:30+00:00\",\"mainEntityOfPage\":{\"@id\":\"https:\/\/comarcas.csm.org.pt\/leiria\/blog\/2025\/05\/27\/homem-condenado-a-12-aos-de-prisao-por-abusar-da-filha-no-concelho-de-pombal\/\"},\"wordCount\":603,\"publisher\":{\"@id\":\"https:\/\/comarcas.csm.org.pt\/leiria\/#organization\"},\"articleSection\":[\"Geral\",\"Not\u00edcias\"],\"inLanguage\":\"pt-PT\"},{\"@type\":\"WebPage\",\"@id\":\"https:\/\/comarcas.csm.org.pt\/leiria\/blog\/2025\/05\/27\/homem-condenado-a-12-aos-de-prisao-por-abusar-da-filha-no-concelho-de-pombal\/\",\"url\":\"https:\/\/comarcas.csm.org.pt\/leiria\/blog\/2025\/05\/27\/homem-condenado-a-12-aos-de-prisao-por-abusar-da-filha-no-concelho-de-pombal\/\",\"name\":\"Homem condenado a 12 aos de pris\u00e3o por abusar da filha no concelho de Pombal - Tribunal Judicial da Comarca de Leiria\",\"isPartOf\":{\"@id\":\"https:\/\/comarcas.csm.org.pt\/leiria\/#website\"},\"datePublished\":\"2025-05-27T15:53:29+00:00\",\"dateModified\":\"2025-05-27T15:53:30+00:00\",\"breadcrumb\":{\"@id\":\"https:\/\/comarcas.csm.org.pt\/leiria\/blog\/2025\/05\/27\/homem-condenado-a-12-aos-de-prisao-por-abusar-da-filha-no-concelho-de-pombal\/#breadcrumb\"},\"inLanguage\":\"pt-PT\",\"potentialAction\":[{\"@type\":\"ReadAction\",\"target\":[\"https:\/\/comarcas.csm.org.pt\/leiria\/blog\/2025\/05\/27\/homem-condenado-a-12-aos-de-prisao-por-abusar-da-filha-no-concelho-de-pombal\/\"]}]},{\"@type\":\"BreadcrumbList\",\"@id\":\"https:\/\/comarcas.csm.org.pt\/leiria\/blog\/2025\/05\/27\/homem-condenado-a-12-aos-de-prisao-por-abusar-da-filha-no-concelho-de-pombal\/#breadcrumb\",\"itemListElement\":[{\"@type\":\"ListItem\",\"position\":1,\"name\":\"In\u00edcio\",\"item\":\"https:\/\/comarcas.csm.org.pt\/leiria\/\"},{\"@type\":\"ListItem\",\"position\":2,\"name\":\"Homem condenado a 12 aos de pris\u00e3o por abusar da filha no concelho de Pombal\"}]},{\"@type\":\"WebSite\",\"@id\":\"https:\/\/comarcas.csm.org.pt\/leiria\/#website\",\"url\":\"https:\/\/comarcas.csm.org.pt\/leiria\/\",\"name\":\"Tribunal Judicial da Comarca de Leiria\",\"description\":\"Tribunal Judicial da Comarca de Aveiro\",\"publisher\":{\"@id\":\"https:\/\/comarcas.csm.org.pt\/leiria\/#organization\"},\"potentialAction\":[{\"@type\":\"SearchAction\",\"target\":{\"@type\":\"EntryPoint\",\"urlTemplate\":\"https:\/\/comarcas.csm.org.pt\/leiria\/?s={search_term_string}\"},\"query-input\":{\"@type\":\"PropertyValueSpecification\",\"valueRequired\":true,\"valueName\":\"search_term_string\"}}],\"inLanguage\":\"pt-PT\"},{\"@type\":\"Organization\",\"@id\":\"https:\/\/comarcas.csm.org.pt\/leiria\/#organization\",\"name\":\"Tribunal Judicial da Comarca de Leiria\",\"url\":\"https:\/\/comarcas.csm.org.pt\/leiria\/\",\"logo\":{\"@type\":\"ImageObject\",\"inLanguage\":\"pt-PT\",\"@id\":\"https:\/\/comarcas.csm.org.pt\/leiria\/#\/schema\/logo\/image\/\",\"url\":\"https:\/\/comarcas.csm.org.pt\/leiria\/wp-content\/uploads\/sites\/16\/2024\/11\/Leiria_positivo-horizontal.png\",\"contentUrl\":\"https:\/\/comarcas.csm.org.pt\/leiria\/wp-content\/uploads\/sites\/16\/2024\/11\/Leiria_positivo-horizontal.png\",\"width\":5088,\"height\":890,\"caption\":\"Tribunal Judicial da Comarca de Leiria\"},\"image\":{\"@id\":\"https:\/\/comarcas.csm.org.pt\/leiria\/#\/schema\/logo\/image\/\"}},{\"@type\":\"Person\",\"@id\":\"https:\/\/comarcas.csm.org.pt\/leiria\/#\/schema\/person\/9057b6fbd670d5a2e931712cd357d806\",\"name\":\"leiria\",\"image\":{\"@type\":\"ImageObject\",\"inLanguage\":\"pt-PT\",\"@id\":\"https:\/\/comarcas.csm.org.pt\/leiria\/#\/schema\/person\/image\/\",\"url\":\"https:\/\/secure.gravatar.com\/avatar\/399a72a2630b07d71a4e0167744303361d26ed8a993be2c5686bbe5ff44b469f?s=96&d=mm&r=g\",\"contentUrl\":\"https:\/\/secure.gravatar.com\/avatar\/399a72a2630b07d71a4e0167744303361d26ed8a993be2c5686bbe5ff44b469f?s=96&d=mm&r=g\",\"caption\":\"leiria\"},\"url\":\"https:\/\/comarcas.csm.org.pt\/leiria\/blog\/author\/leiria\/\"}]}<\/script>\n<!-- \/ Yoast SEO plugin. -->","yoast_head_json":{"title":"Homem condenado a 12 aos de pris\u00e3o por abusar da filha no concelho de Pombal - Tribunal Judicial da Comarca de Leiria","robots":{"index":"index","follow":"follow","max-snippet":"max-snippet:-1","max-image-preview":"max-image-preview:large","max-video-preview":"max-video-preview:-1"},"canonical":"https:\/\/comarcas.csm.org.pt\/leiria\/blog\/2025\/05\/27\/homem-condenado-a-12-aos-de-prisao-por-abusar-da-filha-no-concelho-de-pombal\/","og_locale":"pt_PT","og_type":"article","og_title":"Homem condenado a 12 aos de pris\u00e3o por abusar da filha no concelho de Pombal - Tribunal Judicial da Comarca de Leiria","og_description":"Escrito por\u00a097fm R\u00e1dio Clube de Pombal\u00a0em 2025-05-22 Ag\u00eancia Lusa O Tribunal Judicial de Leiria condenou, no passado dia 20, um homem na pena \u00fanica de 12 anos de pris\u00e3o por 100 crimes de viola\u00e7\u00e3o agravada...","og_url":"https:\/\/comarcas.csm.org.pt\/leiria\/blog\/2025\/05\/27\/homem-condenado-a-12-aos-de-prisao-por-abusar-da-filha-no-concelho-de-pombal\/","og_site_name":"Tribunal Judicial da Comarca de Leiria","article_published_time":"2025-05-27T15:53:29+00:00","article_modified_time":"2025-05-27T15:53:30+00:00","author":"leiria","twitter_card":"summary_large_image","twitter_misc":{"Escrito por":"leiria","Tempo estimado de leitura":"3 minutos"},"schema":{"@context":"https:\/\/schema.org","@graph":[{"@type":"Article","@id":"https:\/\/comarcas.csm.org.pt\/leiria\/blog\/2025\/05\/27\/homem-condenado-a-12-aos-de-prisao-por-abusar-da-filha-no-concelho-de-pombal\/#article","isPartOf":{"@id":"https:\/\/comarcas.csm.org.pt\/leiria\/blog\/2025\/05\/27\/homem-condenado-a-12-aos-de-prisao-por-abusar-da-filha-no-concelho-de-pombal\/"},"author":{"name":"leiria","@id":"https:\/\/comarcas.csm.org.pt\/leiria\/#\/schema\/person\/9057b6fbd670d5a2e931712cd357d806"},"headline":"Homem condenado a 12 aos de pris\u00e3o por abusar da filha no concelho de Pombal","datePublished":"2025-05-27T15:53:29+00:00","dateModified":"2025-05-27T15:53:30+00:00","mainEntityOfPage":{"@id":"https:\/\/comarcas.csm.org.pt\/leiria\/blog\/2025\/05\/27\/homem-condenado-a-12-aos-de-prisao-por-abusar-da-filha-no-concelho-de-pombal\/"},"wordCount":603,"publisher":{"@id":"https:\/\/comarcas.csm.org.pt\/leiria\/#organization"},"articleSection":["Geral","Not\u00edcias"],"inLanguage":"pt-PT"},{"@type":"WebPage","@id":"https:\/\/comarcas.csm.org.pt\/leiria\/blog\/2025\/05\/27\/homem-condenado-a-12-aos-de-prisao-por-abusar-da-filha-no-concelho-de-pombal\/","url":"https:\/\/comarcas.csm.org.pt\/leiria\/blog\/2025\/05\/27\/homem-condenado-a-12-aos-de-prisao-por-abusar-da-filha-no-concelho-de-pombal\/","name":"Homem condenado a 12 aos de pris\u00e3o por abusar da filha no concelho de Pombal - Tribunal Judicial da Comarca de Leiria","isPartOf":{"@id":"https:\/\/comarcas.csm.org.pt\/leiria\/#website"},"datePublished":"2025-05-27T15:53:29+00:00","dateModified":"2025-05-27T15:53:30+00:00","breadcrumb":{"@id":"https:\/\/comarcas.csm.org.pt\/leiria\/blog\/2025\/05\/27\/homem-condenado-a-12-aos-de-prisao-por-abusar-da-filha-no-concelho-de-pombal\/#breadcrumb"},"inLanguage":"pt-PT","potentialAction":[{"@type":"ReadAction","target":["https:\/\/comarcas.csm.org.pt\/leiria\/blog\/2025\/05\/27\/homem-condenado-a-12-aos-de-prisao-por-abusar-da-filha-no-concelho-de-pombal\/"]}]},{"@type":"BreadcrumbList","@id":"https:\/\/comarcas.csm.org.pt\/leiria\/blog\/2025\/05\/27\/homem-condenado-a-12-aos-de-prisao-por-abusar-da-filha-no-concelho-de-pombal\/#breadcrumb","itemListElement":[{"@type":"ListItem","position":1,"name":"In\u00edcio","item":"https:\/\/comarcas.csm.org.pt\/leiria\/"},{"@type":"ListItem","position":2,"name":"Homem condenado a 12 aos de pris\u00e3o por abusar da filha no concelho de Pombal"}]},{"@type":"WebSite","@id":"https:\/\/comarcas.csm.org.pt\/leiria\/#website","url":"https:\/\/comarcas.csm.org.pt\/leiria\/","name":"Tribunal Judicial da Comarca de Leiria","description":"Tribunal Judicial da Comarca de Aveiro","publisher":{"@id":"https:\/\/comarcas.csm.org.pt\/leiria\/#organization"},"potentialAction":[{"@type":"SearchAction","target":{"@type":"EntryPoint","urlTemplate":"https:\/\/comarcas.csm.org.pt\/leiria\/?s={search_term_string}"},"query-input":{"@type":"PropertyValueSpecification","valueRequired":true,"valueName":"search_term_string"}}],"inLanguage":"pt-PT"},{"@type":"Organization","@id":"https:\/\/comarcas.csm.org.pt\/leiria\/#organization","name":"Tribunal Judicial da Comarca de Leiria","url":"https:\/\/comarcas.csm.org.pt\/leiria\/","logo":{"@type":"ImageObject","inLanguage":"pt-PT","@id":"https:\/\/comarcas.csm.org.pt\/leiria\/#\/schema\/logo\/image\/","url":"https:\/\/comarcas.csm.org.pt\/leiria\/wp-content\/uploads\/sites\/16\/2024\/11\/Leiria_positivo-horizontal.png","contentUrl":"https:\/\/comarcas.csm.org.pt\/leiria\/wp-content\/uploads\/sites\/16\/2024\/11\/Leiria_positivo-horizontal.png","width":5088,"height":890,"caption":"Tribunal Judicial da Comarca de Leiria"},"image":{"@id":"https:\/\/comarcas.csm.org.pt\/leiria\/#\/schema\/logo\/image\/"}},{"@type":"Person","@id":"https:\/\/comarcas.csm.org.pt\/leiria\/#\/schema\/person\/9057b6fbd670d5a2e931712cd357d806","name":"leiria","image":{"@type":"ImageObject","inLanguage":"pt-PT","@id":"https:\/\/comarcas.csm.org.pt\/leiria\/#\/schema\/person\/image\/","url":"https:\/\/secure.gravatar.com\/avatar\/399a72a2630b07d71a4e0167744303361d26ed8a993be2c5686bbe5ff44b469f?s=96&d=mm&r=g","contentUrl":"https:\/\/secure.gravatar.com\/avatar\/399a72a2630b07d71a4e0167744303361d26ed8a993be2c5686bbe5ff44b469f?s=96&d=mm&r=g","caption":"leiria"},"url":"https:\/\/comarcas.csm.org.pt\/leiria\/blog\/author\/leiria\/"}]}},"_links":{"self":[{"href":"https:\/\/comarcas.csm.org.pt\/leiria\/wp-json\/wp\/v2\/posts\/12323","targetHints":{"allow":["GET"]}}],"collection":[{"href":"https:\/\/comarcas.csm.org.pt\/leiria\/wp-json\/wp\/v2\/posts"}],"about":[{"href":"https:\/\/comarcas.csm.org.pt\/leiria\/wp-json\/wp\/v2\/types\/post"}],"author":[{"embeddable":true,"href":"https:\/\/comarcas.csm.org.pt\/leiria\/wp-json\/wp\/v2\/users\/16"}],"replies":[{"embeddable":true,"href":"https:\/\/comarcas.csm.org.pt\/leiria\/wp-json\/wp\/v2\/comments?post=12323"}],"version-history":[{"count":1,"href":"https:\/\/comarcas.csm.org.pt\/leiria\/wp-json\/wp\/v2\/posts\/12323\/revisions"}],"predecessor-version":[{"id":12324,"href":"https:\/\/comarcas.csm.org.pt\/leiria\/wp-json\/wp\/v2\/posts\/12323\/revisions\/12324"}],"wp:attachment":[{"href":"https:\/\/comarcas.csm.org.pt\/leiria\/wp-json\/wp\/v2\/media?parent=12323"}],"wp:term":[{"taxonomy":"category","embeddable":true,"href":"https:\/\/comarcas.csm.org.pt\/leiria\/wp-json\/wp\/v2\/categories?post=12323"},{"taxonomy":"post_tag","embeddable":true,"href":"https:\/\/comarcas.csm.org.pt\/leiria\/wp-json\/wp\/v2\/tags?post=12323"}],"curies":[{"name":"wp","href":"https:\/\/api.w.org\/{rel}","templated":true}]}}