{"id":12390,"date":"2025-05-28T13:07:53","date_gmt":"2025-05-28T13:07:53","guid":{"rendered":"https:\/\/comarcas.csm.org.pt\/leiria\/?p=12390"},"modified":"2025-05-28T13:07:54","modified_gmt":"2025-05-28T13:07:54","slug":"oeste-jovem-acusado-de-matar-tia-em-peniche-remete-declaracoes-em-tribunal-para-mais-tarde","status":"publish","type":"post","link":"https:\/\/comarcas.csm.org.pt\/leiria\/blog\/2025\/05\/28\/oeste-jovem-acusado-de-matar-tia-em-peniche-remete-declaracoes-em-tribunal-para-mais-tarde\/","title":{"rendered":"Oeste: jovem acusado de matar tia em Peniche remete declara\u00e7\u00f5es em tribunal para mais tarde"},"content":{"rendered":"\n<p><a href=\"https:\/\/www.alvorada.pt\/index.php\/oeste\/14198-oeste-jovem-acusado-de-matar-tia-em-peniche-remete-declaracoes-em-tribunal-para-mais-tarde\">in &#8220;Alvorada.pt&#8221;, 27.05.2025<\/a><\/p>\n\n\n\n<p>O jovem acusado de ter matado a tia, em Agosto de 2024, em Peniche, remeteu hoje, no Tribunal Judicial de Leiria, onde come\u00e7ou a ser julgado, declara\u00e7\u00f5es para momento posterior. No in\u00edcio do julgamento, o advogado do arguido disse ao colectivo de ju\u00edzes que este pretende falar, mas ap\u00f3s analisar a per\u00edcia psiqui\u00e1trica que o tribunal determinou. Hoje de manh\u00e3 testemunharam v\u00e1rias pessoas, incluindo familiares da v\u00edtima e do arguido, e um inspector da Pol\u00edcia Judici\u00e1ria (PJ).<\/p>\n\n\n\n<p>O arguido, detido preventivamente, est\u00e1 acusado de um crime de homic\u00eddio qualificado, outro de roubo qualificado na forma tentada e ainda um de furto qualificado. Segundo o despacho de acusa\u00e7\u00e3o, no per\u00edodo entre 22 e 23 de Agosto, o homem, de 26 anos, sabendo que a tia vivia sozinha, tinha dificuldades de locomo\u00e7\u00e3o e guardava artigos de joalharia e dinheiro proveniente do arrendamento de v\u00e1rias habita\u00e7\u00f5es, decidiu ir a casa dela para lhe pedir dinheiro emprestado.<\/p>\n\n\n\n<p>Depois de entrar na casa da mulher, que lhe abriu a porta por ser seu familiar, o arguido pediu-lhe dinheiro para construir uma casa, a que ela \u201c<em>n\u00e3o acedeu<\/em>\u201d, de acordo com o Minist\u00e9rio P\u00fablico (MP). Face \u00e0 recusa, ao mesmo tempo em que lhe pedia o dinheiro, desferiu-lhe v\u00e1rios murros no rosto, fazendo com que a v\u00edtima ca\u00edsse no ch\u00e3o e perdesse os sentidos. Para que a tia n\u00e3o viesse a denunci\u00e1-lo \u00e0s autoridades policiais, \u201c<em>decidiu mat\u00e1-la<\/em>\u201d, munindo-se de fita-cola e de um casaco de l\u00e3, que usou para a impedir de respirar, \u201c<em>matando-a por constri\u00e7\u00e3o das vias respirat\u00f3rias, com a consequente asfixia<\/em>\u201d. \u201c<em>O facto de a ofendida n\u00e3o lhe ter emprestado dinheiro n\u00e3o era raz\u00e3o, e muito menos justifica\u00e7\u00e3o, para que lhe tivesse tirado a vida<\/em>\u201d, sustentou o MP.<\/p>\n\n\n\n<p>Depois do crime, o jovem revistou a casa toda \u00e0 procura de dinheiro, que n\u00e3o encontrou, e abandonou a habita\u00e7\u00e3o, levando consigo a chave da porta para regressar mais tarde, o que aconteceu \u201c<em>pelo menos tr\u00eas vezes<\/em>\u201d entre os dias 23 e 26 de Agosto, de acordo com a acusa\u00e7\u00e3o. Nessas ocasi\u00f5es, sem o consentimento da tia e dos seus herdeiros, \u201c<em>retirou e levou consigo<\/em>\u201d garrafas de bebidas alco\u00f3licas e outros artigos, como brincos e an\u00e9is de bijuteria, com valor apurado de 378 euros. Na casa da v\u00edtima, deixou pontas de cigarro que tinha fumado e alguns pertences seus.<\/p>\n\n\n\n<p>Como a tia j\u00e1 n\u00e3o era vista h\u00e1 alguns dias, a pedido de familiares, os bombeiros locais foram chamados no dia 25 de Agosto para abrir a porta da habita\u00e7\u00e3o, atrav\u00e9s de arrombamento, encontrando a mulher morta, com sinais de viol\u00eancia. A investiga\u00e7\u00e3o da PJ levou-a at\u00e9 ao seu sobrinho, que tinha artigos levados da habita\u00e7\u00e3o da v\u00edtima, na sua casa e autom\u00f3vel.<\/p>\n\n\n\n<p>O julgamento prossegue no dia 17 de Junho \u00e0s 9h30.<\/p>\n","protected":false},"excerpt":{"rendered":"<p>in &#8220;Alvorada.pt&#8221;, 27.05.2025 O jovem acusado de ter matado a tia, em Agosto de 2024, em Peniche, remeteu hoje, no Tribunal Judicial de Leiria, onde come\u00e7ou a ser julgado, declara\u00e7\u00f5es para momento posterior. No in\u00edcio&#8230;<\/p>\n","protected":false},"author":16,"featured_media":12391,"comment_status":"closed","ping_status":"open","sticky":false,"template":"","format":"standard","meta":{"_tbt_post_transparent":"","_tbt_post_title":"","_tbt_post_layout":"","_tbt_post_sidebar_id":"","_tbt_post_content_style":"","_tbt_post_vertical_padding":"","_tbt_post_feature":"","_tbt_post_feature_position":"","_tbt_post_header":false,"_tbt_post_footer":false},"categories":[1,5],"tags":[],"class_list":["post-12390","post","type-post","status-publish","format-standard","has-post-thumbnail","hentry","category-geral","category-noticias"],"yoast_head":"<!-- This site is optimized with the Yoast SEO plugin v25.6 - https:\/\/yoast.com\/wordpress\/plugins\/seo\/ -->\n<title>Oeste: jovem acusado de matar tia em Peniche remete declara\u00e7\u00f5es em tribunal para mais tarde - Tribunal Judicial da Comarca de Leiria<\/title>\n<meta name=\"robots\" content=\"index, follow, max-snippet:-1, max-image-preview:large, max-video-preview:-1\" \/>\n<link rel=\"canonical\" href=\"https:\/\/comarcas.csm.org.pt\/leiria\/blog\/2025\/05\/28\/oeste-jovem-acusado-de-matar-tia-em-peniche-remete-declaracoes-em-tribunal-para-mais-tarde\/\" \/>\n<meta property=\"og:locale\" content=\"pt_PT\" \/>\n<meta property=\"og:type\" content=\"article\" \/>\n<meta property=\"og:title\" content=\"Oeste: jovem acusado de matar tia em Peniche remete declara\u00e7\u00f5es em tribunal para mais tarde - Tribunal Judicial da Comarca de Leiria\" \/>\n<meta property=\"og:description\" content=\"in &#8220;Alvorada.pt&#8221;, 27.05.2025 O jovem acusado de ter matado a tia, em Agosto de 2024, em Peniche, remeteu hoje, no Tribunal Judicial de Leiria, onde come\u00e7ou a ser julgado, declara\u00e7\u00f5es para momento posterior. No in\u00edcio...\" \/>\n<meta property=\"og:url\" content=\"https:\/\/comarcas.csm.org.pt\/leiria\/blog\/2025\/05\/28\/oeste-jovem-acusado-de-matar-tia-em-peniche-remete-declaracoes-em-tribunal-para-mais-tarde\/\" \/>\n<meta property=\"og:site_name\" content=\"Tribunal Judicial da Comarca de Leiria\" \/>\n<meta property=\"article:published_time\" content=\"2025-05-28T13:07:53+00:00\" \/>\n<meta property=\"article:modified_time\" content=\"2025-05-28T13:07:54+00:00\" \/>\n<meta property=\"og:image\" content=\"https:\/\/comarcas.csm.org.pt\/leiria\/wp-content\/uploads\/sites\/16\/2025\/05\/image-3.png\" \/>\n\t<meta property=\"og:image:width\" content=\"850\" \/>\n\t<meta property=\"og:image:height\" content=\"638\" \/>\n\t<meta property=\"og:image:type\" content=\"image\/png\" \/>\n<meta name=\"author\" content=\"leiria\" \/>\n<meta name=\"twitter:card\" content=\"summary_large_image\" \/>\n<meta name=\"twitter:label1\" content=\"Escrito por\" \/>\n\t<meta name=\"twitter:data1\" content=\"leiria\" \/>\n\t<meta name=\"twitter:label2\" content=\"Tempo estimado de leitura\" \/>\n\t<meta name=\"twitter:data2\" content=\"3 minutos\" \/>\n<script type=\"application\/ld+json\" class=\"yoast-schema-graph\">{\"@context\":\"https:\/\/schema.org\",\"@graph\":[{\"@type\":\"Article\",\"@id\":\"https:\/\/comarcas.csm.org.pt\/leiria\/blog\/2025\/05\/28\/oeste-jovem-acusado-de-matar-tia-em-peniche-remete-declaracoes-em-tribunal-para-mais-tarde\/#article\",\"isPartOf\":{\"@id\":\"https:\/\/comarcas.csm.org.pt\/leiria\/blog\/2025\/05\/28\/oeste-jovem-acusado-de-matar-tia-em-peniche-remete-declaracoes-em-tribunal-para-mais-tarde\/\"},\"author\":{\"name\":\"leiria\",\"@id\":\"https:\/\/comarcas.csm.org.pt\/leiria\/#\/schema\/person\/9057b6fbd670d5a2e931712cd357d806\"},\"headline\":\"Oeste: jovem acusado de matar tia em Peniche remete declara\u00e7\u00f5es em tribunal para mais tarde\",\"datePublished\":\"2025-05-28T13:07:53+00:00\",\"dateModified\":\"2025-05-28T13:07:54+00:00\",\"mainEntityOfPage\":{\"@id\":\"https:\/\/comarcas.csm.org.pt\/leiria\/blog\/2025\/05\/28\/oeste-jovem-acusado-de-matar-tia-em-peniche-remete-declaracoes-em-tribunal-para-mais-tarde\/\"},\"wordCount\":513,\"publisher\":{\"@id\":\"https:\/\/comarcas.csm.org.pt\/leiria\/#organization\"},\"image\":{\"@id\":\"https:\/\/comarcas.csm.org.pt\/leiria\/blog\/2025\/05\/28\/oeste-jovem-acusado-de-matar-tia-em-peniche-remete-declaracoes-em-tribunal-para-mais-tarde\/#primaryimage\"},\"thumbnailUrl\":\"https:\/\/comarcas.csm.org.pt\/leiria\/wp-content\/uploads\/sites\/16\/2025\/05\/image-3.png\",\"articleSection\":[\"Geral\",\"Not\u00edcias\"],\"inLanguage\":\"pt-PT\"},{\"@type\":\"WebPage\",\"@id\":\"https:\/\/comarcas.csm.org.pt\/leiria\/blog\/2025\/05\/28\/oeste-jovem-acusado-de-matar-tia-em-peniche-remete-declaracoes-em-tribunal-para-mais-tarde\/\",\"url\":\"https:\/\/comarcas.csm.org.pt\/leiria\/blog\/2025\/05\/28\/oeste-jovem-acusado-de-matar-tia-em-peniche-remete-declaracoes-em-tribunal-para-mais-tarde\/\",\"name\":\"Oeste: jovem acusado de matar tia em Peniche remete declara\u00e7\u00f5es em tribunal para mais tarde - Tribunal Judicial da Comarca de Leiria\",\"isPartOf\":{\"@id\":\"https:\/\/comarcas.csm.org.pt\/leiria\/#website\"},\"primaryImageOfPage\":{\"@id\":\"https:\/\/comarcas.csm.org.pt\/leiria\/blog\/2025\/05\/28\/oeste-jovem-acusado-de-matar-tia-em-peniche-remete-declaracoes-em-tribunal-para-mais-tarde\/#primaryimage\"},\"image\":{\"@id\":\"https:\/\/comarcas.csm.org.pt\/leiria\/blog\/2025\/05\/28\/oeste-jovem-acusado-de-matar-tia-em-peniche-remete-declaracoes-em-tribunal-para-mais-tarde\/#primaryimage\"},\"thumbnailUrl\":\"https:\/\/comarcas.csm.org.pt\/leiria\/wp-content\/uploads\/sites\/16\/2025\/05\/image-3.png\",\"datePublished\":\"2025-05-28T13:07:53+00:00\",\"dateModified\":\"2025-05-28T13:07:54+00:00\",\"breadcrumb\":{\"@id\":\"https:\/\/comarcas.csm.org.pt\/leiria\/blog\/2025\/05\/28\/oeste-jovem-acusado-de-matar-tia-em-peniche-remete-declaracoes-em-tribunal-para-mais-tarde\/#breadcrumb\"},\"inLanguage\":\"pt-PT\",\"potentialAction\":[{\"@type\":\"ReadAction\",\"target\":[\"https:\/\/comarcas.csm.org.pt\/leiria\/blog\/2025\/05\/28\/oeste-jovem-acusado-de-matar-tia-em-peniche-remete-declaracoes-em-tribunal-para-mais-tarde\/\"]}]},{\"@type\":\"ImageObject\",\"inLanguage\":\"pt-PT\",\"@id\":\"https:\/\/comarcas.csm.org.pt\/leiria\/blog\/2025\/05\/28\/oeste-jovem-acusado-de-matar-tia-em-peniche-remete-declaracoes-em-tribunal-para-mais-tarde\/#primaryimage\",\"url\":\"https:\/\/comarcas.csm.org.pt\/leiria\/wp-content\/uploads\/sites\/16\/2025\/05\/image-3.png\",\"contentUrl\":\"https:\/\/comarcas.csm.org.pt\/leiria\/wp-content\/uploads\/sites\/16\/2025\/05\/image-3.png\",\"width\":850,\"height\":638},{\"@type\":\"BreadcrumbList\",\"@id\":\"https:\/\/comarcas.csm.org.pt\/leiria\/blog\/2025\/05\/28\/oeste-jovem-acusado-de-matar-tia-em-peniche-remete-declaracoes-em-tribunal-para-mais-tarde\/#breadcrumb\",\"itemListElement\":[{\"@type\":\"ListItem\",\"position\":1,\"name\":\"In\u00edcio\",\"item\":\"https:\/\/comarcas.csm.org.pt\/leiria\/\"},{\"@type\":\"ListItem\",\"position\":2,\"name\":\"Oeste: jovem acusado de matar tia em Peniche remete declara\u00e7\u00f5es em tribunal para mais tarde\"}]},{\"@type\":\"WebSite\",\"@id\":\"https:\/\/comarcas.csm.org.pt\/leiria\/#website\",\"url\":\"https:\/\/comarcas.csm.org.pt\/leiria\/\",\"name\":\"Tribunal Judicial da Comarca de Leiria\",\"description\":\"Tribunal Judicial da Comarca de Aveiro\",\"publisher\":{\"@id\":\"https:\/\/comarcas.csm.org.pt\/leiria\/#organization\"},\"potentialAction\":[{\"@type\":\"SearchAction\",\"target\":{\"@type\":\"EntryPoint\",\"urlTemplate\":\"https:\/\/comarcas.csm.org.pt\/leiria\/?s={search_term_string}\"},\"query-input\":{\"@type\":\"PropertyValueSpecification\",\"valueRequired\":true,\"valueName\":\"search_term_string\"}}],\"inLanguage\":\"pt-PT\"},{\"@type\":\"Organization\",\"@id\":\"https:\/\/comarcas.csm.org.pt\/leiria\/#organization\",\"name\":\"Tribunal Judicial da Comarca de Leiria\",\"url\":\"https:\/\/comarcas.csm.org.pt\/leiria\/\",\"logo\":{\"@type\":\"ImageObject\",\"inLanguage\":\"pt-PT\",\"@id\":\"https:\/\/comarcas.csm.org.pt\/leiria\/#\/schema\/logo\/image\/\",\"url\":\"https:\/\/comarcas.csm.org.pt\/leiria\/wp-content\/uploads\/sites\/16\/2024\/11\/Leiria_positivo-horizontal.png\",\"contentUrl\":\"https:\/\/comarcas.csm.org.pt\/leiria\/wp-content\/uploads\/sites\/16\/2024\/11\/Leiria_positivo-horizontal.png\",\"width\":5088,\"height\":890,\"caption\":\"Tribunal Judicial da Comarca de Leiria\"},\"image\":{\"@id\":\"https:\/\/comarcas.csm.org.pt\/leiria\/#\/schema\/logo\/image\/\"}},{\"@type\":\"Person\",\"@id\":\"https:\/\/comarcas.csm.org.pt\/leiria\/#\/schema\/person\/9057b6fbd670d5a2e931712cd357d806\",\"name\":\"leiria\",\"image\":{\"@type\":\"ImageObject\",\"inLanguage\":\"pt-PT\",\"@id\":\"https:\/\/comarcas.csm.org.pt\/leiria\/#\/schema\/person\/image\/\",\"url\":\"https:\/\/secure.gravatar.com\/avatar\/399a72a2630b07d71a4e0167744303361d26ed8a993be2c5686bbe5ff44b469f?s=96&d=mm&r=g\",\"contentUrl\":\"https:\/\/secure.gravatar.com\/avatar\/399a72a2630b07d71a4e0167744303361d26ed8a993be2c5686bbe5ff44b469f?s=96&d=mm&r=g\",\"caption\":\"leiria\"},\"url\":\"https:\/\/comarcas.csm.org.pt\/leiria\/blog\/author\/leiria\/\"}]}<\/script>\n<!-- \/ Yoast SEO plugin. -->","yoast_head_json":{"title":"Oeste: jovem acusado de matar tia em Peniche remete declara\u00e7\u00f5es em tribunal para mais tarde - Tribunal Judicial da Comarca de Leiria","robots":{"index":"index","follow":"follow","max-snippet":"max-snippet:-1","max-image-preview":"max-image-preview:large","max-video-preview":"max-video-preview:-1"},"canonical":"https:\/\/comarcas.csm.org.pt\/leiria\/blog\/2025\/05\/28\/oeste-jovem-acusado-de-matar-tia-em-peniche-remete-declaracoes-em-tribunal-para-mais-tarde\/","og_locale":"pt_PT","og_type":"article","og_title":"Oeste: jovem acusado de matar tia em Peniche remete declara\u00e7\u00f5es em tribunal para mais tarde - Tribunal Judicial da Comarca de Leiria","og_description":"in &#8220;Alvorada.pt&#8221;, 27.05.2025 O jovem acusado de ter matado a tia, em Agosto de 2024, em Peniche, remeteu hoje, no Tribunal Judicial de Leiria, onde come\u00e7ou a ser julgado, declara\u00e7\u00f5es para momento posterior. No in\u00edcio...","og_url":"https:\/\/comarcas.csm.org.pt\/leiria\/blog\/2025\/05\/28\/oeste-jovem-acusado-de-matar-tia-em-peniche-remete-declaracoes-em-tribunal-para-mais-tarde\/","og_site_name":"Tribunal Judicial da Comarca de Leiria","article_published_time":"2025-05-28T13:07:53+00:00","article_modified_time":"2025-05-28T13:07:54+00:00","og_image":[{"width":850,"height":638,"url":"https:\/\/comarcas.csm.org.pt\/leiria\/wp-content\/uploads\/sites\/16\/2025\/05\/image-3.png","type":"image\/png"}],"author":"leiria","twitter_card":"summary_large_image","twitter_misc":{"Escrito por":"leiria","Tempo estimado de leitura":"3 minutos"},"schema":{"@context":"https:\/\/schema.org","@graph":[{"@type":"Article","@id":"https:\/\/comarcas.csm.org.pt\/leiria\/blog\/2025\/05\/28\/oeste-jovem-acusado-de-matar-tia-em-peniche-remete-declaracoes-em-tribunal-para-mais-tarde\/#article","isPartOf":{"@id":"https:\/\/comarcas.csm.org.pt\/leiria\/blog\/2025\/05\/28\/oeste-jovem-acusado-de-matar-tia-em-peniche-remete-declaracoes-em-tribunal-para-mais-tarde\/"},"author":{"name":"leiria","@id":"https:\/\/comarcas.csm.org.pt\/leiria\/#\/schema\/person\/9057b6fbd670d5a2e931712cd357d806"},"headline":"Oeste: jovem acusado de matar tia em Peniche remete declara\u00e7\u00f5es em tribunal para mais tarde","datePublished":"2025-05-28T13:07:53+00:00","dateModified":"2025-05-28T13:07:54+00:00","mainEntityOfPage":{"@id":"https:\/\/comarcas.csm.org.pt\/leiria\/blog\/2025\/05\/28\/oeste-jovem-acusado-de-matar-tia-em-peniche-remete-declaracoes-em-tribunal-para-mais-tarde\/"},"wordCount":513,"publisher":{"@id":"https:\/\/comarcas.csm.org.pt\/leiria\/#organization"},"image":{"@id":"https:\/\/comarcas.csm.org.pt\/leiria\/blog\/2025\/05\/28\/oeste-jovem-acusado-de-matar-tia-em-peniche-remete-declaracoes-em-tribunal-para-mais-tarde\/#primaryimage"},"thumbnailUrl":"https:\/\/comarcas.csm.org.pt\/leiria\/wp-content\/uploads\/sites\/16\/2025\/05\/image-3.png","articleSection":["Geral","Not\u00edcias"],"inLanguage":"pt-PT"},{"@type":"WebPage","@id":"https:\/\/comarcas.csm.org.pt\/leiria\/blog\/2025\/05\/28\/oeste-jovem-acusado-de-matar-tia-em-peniche-remete-declaracoes-em-tribunal-para-mais-tarde\/","url":"https:\/\/comarcas.csm.org.pt\/leiria\/blog\/2025\/05\/28\/oeste-jovem-acusado-de-matar-tia-em-peniche-remete-declaracoes-em-tribunal-para-mais-tarde\/","name":"Oeste: jovem acusado de matar tia em Peniche remete declara\u00e7\u00f5es em tribunal para mais tarde - Tribunal Judicial da Comarca de Leiria","isPartOf":{"@id":"https:\/\/comarcas.csm.org.pt\/leiria\/#website"},"primaryImageOfPage":{"@id":"https:\/\/comarcas.csm.org.pt\/leiria\/blog\/2025\/05\/28\/oeste-jovem-acusado-de-matar-tia-em-peniche-remete-declaracoes-em-tribunal-para-mais-tarde\/#primaryimage"},"image":{"@id":"https:\/\/comarcas.csm.org.pt\/leiria\/blog\/2025\/05\/28\/oeste-jovem-acusado-de-matar-tia-em-peniche-remete-declaracoes-em-tribunal-para-mais-tarde\/#primaryimage"},"thumbnailUrl":"https:\/\/comarcas.csm.org.pt\/leiria\/wp-content\/uploads\/sites\/16\/2025\/05\/image-3.png","datePublished":"2025-05-28T13:07:53+00:00","dateModified":"2025-05-28T13:07:54+00:00","breadcrumb":{"@id":"https:\/\/comarcas.csm.org.pt\/leiria\/blog\/2025\/05\/28\/oeste-jovem-acusado-de-matar-tia-em-peniche-remete-declaracoes-em-tribunal-para-mais-tarde\/#breadcrumb"},"inLanguage":"pt-PT","potentialAction":[{"@type":"ReadAction","target":["https:\/\/comarcas.csm.org.pt\/leiria\/blog\/2025\/05\/28\/oeste-jovem-acusado-de-matar-tia-em-peniche-remete-declaracoes-em-tribunal-para-mais-tarde\/"]}]},{"@type":"ImageObject","inLanguage":"pt-PT","@id":"https:\/\/comarcas.csm.org.pt\/leiria\/blog\/2025\/05\/28\/oeste-jovem-acusado-de-matar-tia-em-peniche-remete-declaracoes-em-tribunal-para-mais-tarde\/#primaryimage","url":"https:\/\/comarcas.csm.org.pt\/leiria\/wp-content\/uploads\/sites\/16\/2025\/05\/image-3.png","contentUrl":"https:\/\/comarcas.csm.org.pt\/leiria\/wp-content\/uploads\/sites\/16\/2025\/05\/image-3.png","width":850,"height":638},{"@type":"BreadcrumbList","@id":"https:\/\/comarcas.csm.org.pt\/leiria\/blog\/2025\/05\/28\/oeste-jovem-acusado-de-matar-tia-em-peniche-remete-declaracoes-em-tribunal-para-mais-tarde\/#breadcrumb","itemListElement":[{"@type":"ListItem","position":1,"name":"In\u00edcio","item":"https:\/\/comarcas.csm.org.pt\/leiria\/"},{"@type":"ListItem","position":2,"name":"Oeste: jovem acusado de matar tia em Peniche remete declara\u00e7\u00f5es em tribunal para mais tarde"}]},{"@type":"WebSite","@id":"https:\/\/comarcas.csm.org.pt\/leiria\/#website","url":"https:\/\/comarcas.csm.org.pt\/leiria\/","name":"Tribunal Judicial da Comarca de Leiria","description":"Tribunal Judicial da Comarca de Aveiro","publisher":{"@id":"https:\/\/comarcas.csm.org.pt\/leiria\/#organization"},"potentialAction":[{"@type":"SearchAction","target":{"@type":"EntryPoint","urlTemplate":"https:\/\/comarcas.csm.org.pt\/leiria\/?s={search_term_string}"},"query-input":{"@type":"PropertyValueSpecification","valueRequired":true,"valueName":"search_term_string"}}],"inLanguage":"pt-PT"},{"@type":"Organization","@id":"https:\/\/comarcas.csm.org.pt\/leiria\/#organization","name":"Tribunal Judicial da Comarca de Leiria","url":"https:\/\/comarcas.csm.org.pt\/leiria\/","logo":{"@type":"ImageObject","inLanguage":"pt-PT","@id":"https:\/\/comarcas.csm.org.pt\/leiria\/#\/schema\/logo\/image\/","url":"https:\/\/comarcas.csm.org.pt\/leiria\/wp-content\/uploads\/sites\/16\/2024\/11\/Leiria_positivo-horizontal.png","contentUrl":"https:\/\/comarcas.csm.org.pt\/leiria\/wp-content\/uploads\/sites\/16\/2024\/11\/Leiria_positivo-horizontal.png","width":5088,"height":890,"caption":"Tribunal Judicial da Comarca de Leiria"},"image":{"@id":"https:\/\/comarcas.csm.org.pt\/leiria\/#\/schema\/logo\/image\/"}},{"@type":"Person","@id":"https:\/\/comarcas.csm.org.pt\/leiria\/#\/schema\/person\/9057b6fbd670d5a2e931712cd357d806","name":"leiria","image":{"@type":"ImageObject","inLanguage":"pt-PT","@id":"https:\/\/comarcas.csm.org.pt\/leiria\/#\/schema\/person\/image\/","url":"https:\/\/secure.gravatar.com\/avatar\/399a72a2630b07d71a4e0167744303361d26ed8a993be2c5686bbe5ff44b469f?s=96&d=mm&r=g","contentUrl":"https:\/\/secure.gravatar.com\/avatar\/399a72a2630b07d71a4e0167744303361d26ed8a993be2c5686bbe5ff44b469f?s=96&d=mm&r=g","caption":"leiria"},"url":"https:\/\/comarcas.csm.org.pt\/leiria\/blog\/author\/leiria\/"}]}},"_links":{"self":[{"href":"https:\/\/comarcas.csm.org.pt\/leiria\/wp-json\/wp\/v2\/posts\/12390","targetHints":{"allow":["GET"]}}],"collection":[{"href":"https:\/\/comarcas.csm.org.pt\/leiria\/wp-json\/wp\/v2\/posts"}],"about":[{"href":"https:\/\/comarcas.csm.org.pt\/leiria\/wp-json\/wp\/v2\/types\/post"}],"author":[{"embeddable":true,"href":"https:\/\/comarcas.csm.org.pt\/leiria\/wp-json\/wp\/v2\/users\/16"}],"replies":[{"embeddable":true,"href":"https:\/\/comarcas.csm.org.pt\/leiria\/wp-json\/wp\/v2\/comments?post=12390"}],"version-history":[{"count":1,"href":"https:\/\/comarcas.csm.org.pt\/leiria\/wp-json\/wp\/v2\/posts\/12390\/revisions"}],"predecessor-version":[{"id":12392,"href":"https:\/\/comarcas.csm.org.pt\/leiria\/wp-json\/wp\/v2\/posts\/12390\/revisions\/12392"}],"wp:featuredmedia":[{"embeddable":true,"href":"https:\/\/comarcas.csm.org.pt\/leiria\/wp-json\/wp\/v2\/media\/12391"}],"wp:attachment":[{"href":"https:\/\/comarcas.csm.org.pt\/leiria\/wp-json\/wp\/v2\/media?parent=12390"}],"wp:term":[{"taxonomy":"category","embeddable":true,"href":"https:\/\/comarcas.csm.org.pt\/leiria\/wp-json\/wp\/v2\/categories?post=12390"},{"taxonomy":"post_tag","embeddable":true,"href":"https:\/\/comarcas.csm.org.pt\/leiria\/wp-json\/wp\/v2\/tags?post=12390"}],"curies":[{"name":"wp","href":"https:\/\/api.w.org\/{rel}","templated":true}]}}