{"id":12398,"date":"2025-05-28T13:40:53","date_gmt":"2025-05-28T13:40:53","guid":{"rendered":"https:\/\/comarcas.csm.org.pt\/leiria\/?p=12398"},"modified":"2025-05-30T10:50:51","modified_gmt":"2025-05-30T10:50:51","slug":"caldas-da-rainha-prisao-preventiva-para-suspeito-de-extorsao-que-desobedeceu-a-medidas-judiciais-de-coaccao","status":"publish","type":"post","link":"https:\/\/comarcas.csm.org.pt\/leiria\/blog\/2025\/05\/28\/caldas-da-rainha-prisao-preventiva-para-suspeito-de-extorsao-que-desobedeceu-a-medidas-judiciais-de-coaccao\/","title":{"rendered":"Caldas da Rainha: pris\u00e3o preventiva para suspeito de extors\u00e3o que desobedeceu a medidas judiciais de coac\u00e7\u00e3o"},"content":{"rendered":"\n<p>in &#8220;Alvorada.pt&#8221;, 27.05.2025<\/p>\n\n\n\n<p>O Tribunal das Caldas da Rainha decretou a pris\u00e3o preventiva de um homem detido h\u00e1 dois meses na cidade termal, pelo crime de extors\u00e3o, e que desobedecia \u00e0s medidas de coac\u00e7\u00e3o, continuando a amea\u00e7ar a v\u00edtima, informou a PSP.<\/p>\n\n\n\n<p>O homem, de 45 anos, tinha sido detido em flagrante, em Mar\u00e7o, na sequ\u00eancia de \u201c<em>uma investiga\u00e7\u00e3o rel\u00e2mpago priorizada face \u00e0 gravidade do il\u00edcito<\/em>\u201d, segundo um comunicado da PSP, \u201c<em>atendendo \u00e0 enorme fragilidade psicol\u00f3gica e car\u00eancia econ\u00f3mica a que a v\u00edtima (um homem de 55 anos) era sujeita<\/em>\u201d.<\/p>\n\n\n\n<p>A continuidade da investiga\u00e7\u00e3o revelou que, ao longo dos \u00faltimos dois meses, \u201c<em>o suspeito, cidad\u00e3o cadastrado, conhecido pela pr\u00e1tica de tr\u00e1fico de estupefacientes, roubos, amea\u00e7as e ofensas \u00e0 integridade f\u00edsica, ter\u00e1 continuado a amea\u00e7ar a v\u00edtima, mantendo-o num clima de desespero<\/em>\u201d, pode ler-se no comunicado, em que a PSP refere que \u201c<em>as apresenta\u00e7\u00f5es di\u00e1rias que lhe haviam sido decretadas e de proibi\u00e7\u00e3o de contactos com a v\u00edtima, estavam a ser reiteradamente violadas e incumpridas<\/em>\u201d.<\/p>\n\n\n\n<p>Assim, foi solicitado \u00e0 autoridade judici\u00e1ria a emiss\u00e3o de mandado de deten\u00e7\u00e3o, cumprido&nbsp;\u201c<em>quando o suspeito foi detetado na via p\u00fablica\u201d<\/em>, nas Caldas da Rainha. Presente a tribunal foi-lhe aplicada a medida de coac\u00e7\u00e3o de pris\u00e3o preventiva.<\/p>\n\n\n\n<p><strong>Alcoba\u00e7a: casal detido por agress\u00f5es a seguran\u00e7a de supermercado<\/strong><\/p>\n\n\n\n<p>O Tribunal de Leiria determinou a pris\u00e3o domicili\u00e1ria de um homem e apresenta\u00e7\u00f5es bissemanais de uma mulher depois de serem detidos em Alcoba\u00e7a por agress\u00f5es ao seguran\u00e7a de um supermercado.<\/p>\n\n\n\n<p>O casal, de 37 e 47 anos, foi detido no dia 24, por agress\u00f5es ao profissional ap\u00f3s o furto de produtos, segundo a PSP, no valor de cerca de 100 euros.<\/p>\n\n\n\n<p>O Ju\u00edzo de Instru\u00e7\u00e3o Criminal de Leiria imputou ao homem a pr\u00e1tica de um furto simples, um furto qualificado e um crime de ofensa \u00e0 integridade f\u00edsica simples, e \u00e0 mulher a pr\u00e1tica de um furto simples, \u201c<em>em concurso aparente com um crime de viol\u00eancia ap\u00f3s subtra\u00e7\u00e3o<\/em>\u201d, pode ler-se na p\u00e1gina do Minist\u00e9rio P\u00fablico. O tribunal considerou que, desde Fevereiro de 2024 e at\u00e9 \u00e0 deten\u00e7\u00e3o, o casal subtraiu \u201c<em>bens, perten\u00e7a de terceiros, do interior de um estabelecimento hospitalar e de um estabelecimento comercial e ainda de um ve\u00edculo autom\u00f3vel<\/em>\u201d, estacionado na via p\u00fablica.<\/p>\n\n\n\n<p>Considerando haver perigo de continua\u00e7\u00e3o de actividade criminosa, foi determinado que o homem aguardasse o julgamento em pris\u00e3o domicili\u00e1ria com o recurso a meios t\u00e9cnicos de controlo \u00e0 dist\u00e2ncia e que mulher tivesse apresenta\u00e7\u00f5es bissemanais. Foi ainda accionado o Servi\u00e7o de Interven\u00e7\u00e3o nos Comportamentos Aditivos e nas Depend\u00eancias.<\/p>\n","protected":false},"excerpt":{"rendered":"<p>in &#8220;Alvorada.pt&#8221;, 27.05.2025 O Tribunal das Caldas da Rainha decretou a pris\u00e3o preventiva de um homem detido h\u00e1 dois meses na cidade termal, pelo crime de extors\u00e3o, e que desobedecia \u00e0s medidas de coac\u00e7\u00e3o, continuando&#8230;<\/p>\n","protected":false},"author":16,"featured_media":12399,"comment_status":"closed","ping_status":"open","sticky":false,"template":"","format":"standard","meta":{"_tbt_post_transparent":"","_tbt_post_title":"","_tbt_post_layout":"","_tbt_post_sidebar_id":"","_tbt_post_content_style":"","_tbt_post_vertical_padding":"","_tbt_post_feature":"","_tbt_post_feature_position":"","_tbt_post_header":false,"_tbt_post_footer":false},"categories":[1,5],"tags":[],"class_list":["post-12398","post","type-post","status-publish","format-standard","has-post-thumbnail","hentry","category-geral","category-noticias"],"yoast_head":"<!-- This site is optimized with the Yoast SEO plugin v25.6 - https:\/\/yoast.com\/wordpress\/plugins\/seo\/ -->\n<title>Caldas da Rainha: pris\u00e3o preventiva para suspeito de extors\u00e3o que desobedeceu a medidas judiciais de coac\u00e7\u00e3o - Tribunal Judicial da Comarca de Leiria<\/title>\n<meta name=\"robots\" content=\"index, follow, max-snippet:-1, max-image-preview:large, max-video-preview:-1\" \/>\n<link rel=\"canonical\" href=\"https:\/\/comarcas.csm.org.pt\/leiria\/blog\/2025\/05\/28\/caldas-da-rainha-prisao-preventiva-para-suspeito-de-extorsao-que-desobedeceu-a-medidas-judiciais-de-coaccao\/\" \/>\n<meta property=\"og:locale\" content=\"pt_PT\" \/>\n<meta property=\"og:type\" content=\"article\" \/>\n<meta property=\"og:title\" content=\"Caldas da Rainha: pris\u00e3o preventiva para suspeito de extors\u00e3o que desobedeceu a medidas judiciais de coac\u00e7\u00e3o - Tribunal Judicial da Comarca de Leiria\" \/>\n<meta property=\"og:description\" content=\"in &#8220;Alvorada.pt&#8221;, 27.05.2025 O Tribunal das Caldas da Rainha decretou a pris\u00e3o preventiva de um homem detido h\u00e1 dois meses na cidade termal, pelo crime de extors\u00e3o, e que desobedecia \u00e0s medidas de coac\u00e7\u00e3o, continuando...\" \/>\n<meta property=\"og:url\" content=\"https:\/\/comarcas.csm.org.pt\/leiria\/blog\/2025\/05\/28\/caldas-da-rainha-prisao-preventiva-para-suspeito-de-extorsao-que-desobedeceu-a-medidas-judiciais-de-coaccao\/\" \/>\n<meta property=\"og:site_name\" content=\"Tribunal Judicial da Comarca de Leiria\" \/>\n<meta property=\"article:published_time\" content=\"2025-05-28T13:40:53+00:00\" \/>\n<meta property=\"article:modified_time\" content=\"2025-05-30T10:50:51+00:00\" \/>\n<meta property=\"og:image\" content=\"https:\/\/comarcas.csm.org.pt\/leiria\/wp-content\/uploads\/sites\/16\/2025\/05\/image-5.png\" \/>\n\t<meta property=\"og:image:width\" content=\"850\" \/>\n\t<meta property=\"og:image:height\" content=\"638\" \/>\n\t<meta property=\"og:image:type\" content=\"image\/png\" \/>\n<meta name=\"author\" content=\"leiria\" \/>\n<meta name=\"twitter:card\" content=\"summary_large_image\" \/>\n<meta name=\"twitter:label1\" content=\"Escrito por\" \/>\n\t<meta name=\"twitter:data1\" content=\"leiria\" \/>\n\t<meta name=\"twitter:label2\" content=\"Tempo estimado de leitura\" \/>\n\t<meta name=\"twitter:data2\" content=\"3 minutos\" \/>\n<script type=\"application\/ld+json\" class=\"yoast-schema-graph\">{\"@context\":\"https:\/\/schema.org\",\"@graph\":[{\"@type\":\"Article\",\"@id\":\"https:\/\/comarcas.csm.org.pt\/leiria\/blog\/2025\/05\/28\/caldas-da-rainha-prisao-preventiva-para-suspeito-de-extorsao-que-desobedeceu-a-medidas-judiciais-de-coaccao\/#article\",\"isPartOf\":{\"@id\":\"https:\/\/comarcas.csm.org.pt\/leiria\/blog\/2025\/05\/28\/caldas-da-rainha-prisao-preventiva-para-suspeito-de-extorsao-que-desobedeceu-a-medidas-judiciais-de-coaccao\/\"},\"author\":{\"name\":\"leiria\",\"@id\":\"https:\/\/comarcas.csm.org.pt\/leiria\/#\/schema\/person\/9057b6fbd670d5a2e931712cd357d806\"},\"headline\":\"Caldas da Rainha: pris\u00e3o preventiva para suspeito de extors\u00e3o que desobedeceu a medidas judiciais de coac\u00e7\u00e3o\",\"datePublished\":\"2025-05-28T13:40:53+00:00\",\"dateModified\":\"2025-05-30T10:50:51+00:00\",\"mainEntityOfPage\":{\"@id\":\"https:\/\/comarcas.csm.org.pt\/leiria\/blog\/2025\/05\/28\/caldas-da-rainha-prisao-preventiva-para-suspeito-de-extorsao-que-desobedeceu-a-medidas-judiciais-de-coaccao\/\"},\"wordCount\":486,\"publisher\":{\"@id\":\"https:\/\/comarcas.csm.org.pt\/leiria\/#organization\"},\"image\":{\"@id\":\"https:\/\/comarcas.csm.org.pt\/leiria\/blog\/2025\/05\/28\/caldas-da-rainha-prisao-preventiva-para-suspeito-de-extorsao-que-desobedeceu-a-medidas-judiciais-de-coaccao\/#primaryimage\"},\"thumbnailUrl\":\"https:\/\/comarcas.csm.org.pt\/leiria\/wp-content\/uploads\/sites\/16\/2025\/05\/image-5.png\",\"articleSection\":[\"Geral\",\"Not\u00edcias\"],\"inLanguage\":\"pt-PT\"},{\"@type\":\"WebPage\",\"@id\":\"https:\/\/comarcas.csm.org.pt\/leiria\/blog\/2025\/05\/28\/caldas-da-rainha-prisao-preventiva-para-suspeito-de-extorsao-que-desobedeceu-a-medidas-judiciais-de-coaccao\/\",\"url\":\"https:\/\/comarcas.csm.org.pt\/leiria\/blog\/2025\/05\/28\/caldas-da-rainha-prisao-preventiva-para-suspeito-de-extorsao-que-desobedeceu-a-medidas-judiciais-de-coaccao\/\",\"name\":\"Caldas da Rainha: pris\u00e3o preventiva para suspeito de extors\u00e3o que desobedeceu a medidas judiciais de coac\u00e7\u00e3o - Tribunal Judicial da Comarca de Leiria\",\"isPartOf\":{\"@id\":\"https:\/\/comarcas.csm.org.pt\/leiria\/#website\"},\"primaryImageOfPage\":{\"@id\":\"https:\/\/comarcas.csm.org.pt\/leiria\/blog\/2025\/05\/28\/caldas-da-rainha-prisao-preventiva-para-suspeito-de-extorsao-que-desobedeceu-a-medidas-judiciais-de-coaccao\/#primaryimage\"},\"image\":{\"@id\":\"https:\/\/comarcas.csm.org.pt\/leiria\/blog\/2025\/05\/28\/caldas-da-rainha-prisao-preventiva-para-suspeito-de-extorsao-que-desobedeceu-a-medidas-judiciais-de-coaccao\/#primaryimage\"},\"thumbnailUrl\":\"https:\/\/comarcas.csm.org.pt\/leiria\/wp-content\/uploads\/sites\/16\/2025\/05\/image-5.png\",\"datePublished\":\"2025-05-28T13:40:53+00:00\",\"dateModified\":\"2025-05-30T10:50:51+00:00\",\"breadcrumb\":{\"@id\":\"https:\/\/comarcas.csm.org.pt\/leiria\/blog\/2025\/05\/28\/caldas-da-rainha-prisao-preventiva-para-suspeito-de-extorsao-que-desobedeceu-a-medidas-judiciais-de-coaccao\/#breadcrumb\"},\"inLanguage\":\"pt-PT\",\"potentialAction\":[{\"@type\":\"ReadAction\",\"target\":[\"https:\/\/comarcas.csm.org.pt\/leiria\/blog\/2025\/05\/28\/caldas-da-rainha-prisao-preventiva-para-suspeito-de-extorsao-que-desobedeceu-a-medidas-judiciais-de-coaccao\/\"]}]},{\"@type\":\"ImageObject\",\"inLanguage\":\"pt-PT\",\"@id\":\"https:\/\/comarcas.csm.org.pt\/leiria\/blog\/2025\/05\/28\/caldas-da-rainha-prisao-preventiva-para-suspeito-de-extorsao-que-desobedeceu-a-medidas-judiciais-de-coaccao\/#primaryimage\",\"url\":\"https:\/\/comarcas.csm.org.pt\/leiria\/wp-content\/uploads\/sites\/16\/2025\/05\/image-5.png\",\"contentUrl\":\"https:\/\/comarcas.csm.org.pt\/leiria\/wp-content\/uploads\/sites\/16\/2025\/05\/image-5.png\",\"width\":850,\"height\":638},{\"@type\":\"BreadcrumbList\",\"@id\":\"https:\/\/comarcas.csm.org.pt\/leiria\/blog\/2025\/05\/28\/caldas-da-rainha-prisao-preventiva-para-suspeito-de-extorsao-que-desobedeceu-a-medidas-judiciais-de-coaccao\/#breadcrumb\",\"itemListElement\":[{\"@type\":\"ListItem\",\"position\":1,\"name\":\"In\u00edcio\",\"item\":\"https:\/\/comarcas.csm.org.pt\/leiria\/\"},{\"@type\":\"ListItem\",\"position\":2,\"name\":\"Caldas da Rainha: pris\u00e3o preventiva para suspeito de extors\u00e3o que desobedeceu a medidas judiciais de coac\u00e7\u00e3o\"}]},{\"@type\":\"WebSite\",\"@id\":\"https:\/\/comarcas.csm.org.pt\/leiria\/#website\",\"url\":\"https:\/\/comarcas.csm.org.pt\/leiria\/\",\"name\":\"Tribunal Judicial da Comarca de Leiria\",\"description\":\"Tribunal Judicial da Comarca de Aveiro\",\"publisher\":{\"@id\":\"https:\/\/comarcas.csm.org.pt\/leiria\/#organization\"},\"potentialAction\":[{\"@type\":\"SearchAction\",\"target\":{\"@type\":\"EntryPoint\",\"urlTemplate\":\"https:\/\/comarcas.csm.org.pt\/leiria\/?s={search_term_string}\"},\"query-input\":{\"@type\":\"PropertyValueSpecification\",\"valueRequired\":true,\"valueName\":\"search_term_string\"}}],\"inLanguage\":\"pt-PT\"},{\"@type\":\"Organization\",\"@id\":\"https:\/\/comarcas.csm.org.pt\/leiria\/#organization\",\"name\":\"Tribunal Judicial da Comarca de Leiria\",\"url\":\"https:\/\/comarcas.csm.org.pt\/leiria\/\",\"logo\":{\"@type\":\"ImageObject\",\"inLanguage\":\"pt-PT\",\"@id\":\"https:\/\/comarcas.csm.org.pt\/leiria\/#\/schema\/logo\/image\/\",\"url\":\"https:\/\/comarcas.csm.org.pt\/leiria\/wp-content\/uploads\/sites\/16\/2024\/11\/Leiria_positivo-horizontal.png\",\"contentUrl\":\"https:\/\/comarcas.csm.org.pt\/leiria\/wp-content\/uploads\/sites\/16\/2024\/11\/Leiria_positivo-horizontal.png\",\"width\":5088,\"height\":890,\"caption\":\"Tribunal Judicial da Comarca de Leiria\"},\"image\":{\"@id\":\"https:\/\/comarcas.csm.org.pt\/leiria\/#\/schema\/logo\/image\/\"}},{\"@type\":\"Person\",\"@id\":\"https:\/\/comarcas.csm.org.pt\/leiria\/#\/schema\/person\/9057b6fbd670d5a2e931712cd357d806\",\"name\":\"leiria\",\"image\":{\"@type\":\"ImageObject\",\"inLanguage\":\"pt-PT\",\"@id\":\"https:\/\/comarcas.csm.org.pt\/leiria\/#\/schema\/person\/image\/\",\"url\":\"https:\/\/secure.gravatar.com\/avatar\/399a72a2630b07d71a4e0167744303361d26ed8a993be2c5686bbe5ff44b469f?s=96&d=mm&r=g\",\"contentUrl\":\"https:\/\/secure.gravatar.com\/avatar\/399a72a2630b07d71a4e0167744303361d26ed8a993be2c5686bbe5ff44b469f?s=96&d=mm&r=g\",\"caption\":\"leiria\"},\"url\":\"https:\/\/comarcas.csm.org.pt\/leiria\/blog\/author\/leiria\/\"}]}<\/script>\n<!-- \/ Yoast SEO plugin. -->","yoast_head_json":{"title":"Caldas da Rainha: pris\u00e3o preventiva para suspeito de extors\u00e3o que desobedeceu a medidas judiciais de coac\u00e7\u00e3o - Tribunal Judicial da Comarca de Leiria","robots":{"index":"index","follow":"follow","max-snippet":"max-snippet:-1","max-image-preview":"max-image-preview:large","max-video-preview":"max-video-preview:-1"},"canonical":"https:\/\/comarcas.csm.org.pt\/leiria\/blog\/2025\/05\/28\/caldas-da-rainha-prisao-preventiva-para-suspeito-de-extorsao-que-desobedeceu-a-medidas-judiciais-de-coaccao\/","og_locale":"pt_PT","og_type":"article","og_title":"Caldas da Rainha: pris\u00e3o preventiva para suspeito de extors\u00e3o que desobedeceu a medidas judiciais de coac\u00e7\u00e3o - Tribunal Judicial da Comarca de Leiria","og_description":"in &#8220;Alvorada.pt&#8221;, 27.05.2025 O Tribunal das Caldas da Rainha decretou a pris\u00e3o preventiva de um homem detido h\u00e1 dois meses na cidade termal, pelo crime de extors\u00e3o, e que desobedecia \u00e0s medidas de coac\u00e7\u00e3o, continuando...","og_url":"https:\/\/comarcas.csm.org.pt\/leiria\/blog\/2025\/05\/28\/caldas-da-rainha-prisao-preventiva-para-suspeito-de-extorsao-que-desobedeceu-a-medidas-judiciais-de-coaccao\/","og_site_name":"Tribunal Judicial da Comarca de Leiria","article_published_time":"2025-05-28T13:40:53+00:00","article_modified_time":"2025-05-30T10:50:51+00:00","og_image":[{"width":850,"height":638,"url":"https:\/\/comarcas.csm.org.pt\/leiria\/wp-content\/uploads\/sites\/16\/2025\/05\/image-5.png","type":"image\/png"}],"author":"leiria","twitter_card":"summary_large_image","twitter_misc":{"Escrito por":"leiria","Tempo estimado de leitura":"3 minutos"},"schema":{"@context":"https:\/\/schema.org","@graph":[{"@type":"Article","@id":"https:\/\/comarcas.csm.org.pt\/leiria\/blog\/2025\/05\/28\/caldas-da-rainha-prisao-preventiva-para-suspeito-de-extorsao-que-desobedeceu-a-medidas-judiciais-de-coaccao\/#article","isPartOf":{"@id":"https:\/\/comarcas.csm.org.pt\/leiria\/blog\/2025\/05\/28\/caldas-da-rainha-prisao-preventiva-para-suspeito-de-extorsao-que-desobedeceu-a-medidas-judiciais-de-coaccao\/"},"author":{"name":"leiria","@id":"https:\/\/comarcas.csm.org.pt\/leiria\/#\/schema\/person\/9057b6fbd670d5a2e931712cd357d806"},"headline":"Caldas da Rainha: pris\u00e3o preventiva para suspeito de extors\u00e3o que desobedeceu a medidas judiciais de coac\u00e7\u00e3o","datePublished":"2025-05-28T13:40:53+00:00","dateModified":"2025-05-30T10:50:51+00:00","mainEntityOfPage":{"@id":"https:\/\/comarcas.csm.org.pt\/leiria\/blog\/2025\/05\/28\/caldas-da-rainha-prisao-preventiva-para-suspeito-de-extorsao-que-desobedeceu-a-medidas-judiciais-de-coaccao\/"},"wordCount":486,"publisher":{"@id":"https:\/\/comarcas.csm.org.pt\/leiria\/#organization"},"image":{"@id":"https:\/\/comarcas.csm.org.pt\/leiria\/blog\/2025\/05\/28\/caldas-da-rainha-prisao-preventiva-para-suspeito-de-extorsao-que-desobedeceu-a-medidas-judiciais-de-coaccao\/#primaryimage"},"thumbnailUrl":"https:\/\/comarcas.csm.org.pt\/leiria\/wp-content\/uploads\/sites\/16\/2025\/05\/image-5.png","articleSection":["Geral","Not\u00edcias"],"inLanguage":"pt-PT"},{"@type":"WebPage","@id":"https:\/\/comarcas.csm.org.pt\/leiria\/blog\/2025\/05\/28\/caldas-da-rainha-prisao-preventiva-para-suspeito-de-extorsao-que-desobedeceu-a-medidas-judiciais-de-coaccao\/","url":"https:\/\/comarcas.csm.org.pt\/leiria\/blog\/2025\/05\/28\/caldas-da-rainha-prisao-preventiva-para-suspeito-de-extorsao-que-desobedeceu-a-medidas-judiciais-de-coaccao\/","name":"Caldas da Rainha: pris\u00e3o preventiva para suspeito de extors\u00e3o que desobedeceu a medidas judiciais de coac\u00e7\u00e3o - Tribunal Judicial da Comarca de Leiria","isPartOf":{"@id":"https:\/\/comarcas.csm.org.pt\/leiria\/#website"},"primaryImageOfPage":{"@id":"https:\/\/comarcas.csm.org.pt\/leiria\/blog\/2025\/05\/28\/caldas-da-rainha-prisao-preventiva-para-suspeito-de-extorsao-que-desobedeceu-a-medidas-judiciais-de-coaccao\/#primaryimage"},"image":{"@id":"https:\/\/comarcas.csm.org.pt\/leiria\/blog\/2025\/05\/28\/caldas-da-rainha-prisao-preventiva-para-suspeito-de-extorsao-que-desobedeceu-a-medidas-judiciais-de-coaccao\/#primaryimage"},"thumbnailUrl":"https:\/\/comarcas.csm.org.pt\/leiria\/wp-content\/uploads\/sites\/16\/2025\/05\/image-5.png","datePublished":"2025-05-28T13:40:53+00:00","dateModified":"2025-05-30T10:50:51+00:00","breadcrumb":{"@id":"https:\/\/comarcas.csm.org.pt\/leiria\/blog\/2025\/05\/28\/caldas-da-rainha-prisao-preventiva-para-suspeito-de-extorsao-que-desobedeceu-a-medidas-judiciais-de-coaccao\/#breadcrumb"},"inLanguage":"pt-PT","potentialAction":[{"@type":"ReadAction","target":["https:\/\/comarcas.csm.org.pt\/leiria\/blog\/2025\/05\/28\/caldas-da-rainha-prisao-preventiva-para-suspeito-de-extorsao-que-desobedeceu-a-medidas-judiciais-de-coaccao\/"]}]},{"@type":"ImageObject","inLanguage":"pt-PT","@id":"https:\/\/comarcas.csm.org.pt\/leiria\/blog\/2025\/05\/28\/caldas-da-rainha-prisao-preventiva-para-suspeito-de-extorsao-que-desobedeceu-a-medidas-judiciais-de-coaccao\/#primaryimage","url":"https:\/\/comarcas.csm.org.pt\/leiria\/wp-content\/uploads\/sites\/16\/2025\/05\/image-5.png","contentUrl":"https:\/\/comarcas.csm.org.pt\/leiria\/wp-content\/uploads\/sites\/16\/2025\/05\/image-5.png","width":850,"height":638},{"@type":"BreadcrumbList","@id":"https:\/\/comarcas.csm.org.pt\/leiria\/blog\/2025\/05\/28\/caldas-da-rainha-prisao-preventiva-para-suspeito-de-extorsao-que-desobedeceu-a-medidas-judiciais-de-coaccao\/#breadcrumb","itemListElement":[{"@type":"ListItem","position":1,"name":"In\u00edcio","item":"https:\/\/comarcas.csm.org.pt\/leiria\/"},{"@type":"ListItem","position":2,"name":"Caldas da Rainha: pris\u00e3o preventiva para suspeito de extors\u00e3o que desobedeceu a medidas judiciais de coac\u00e7\u00e3o"}]},{"@type":"WebSite","@id":"https:\/\/comarcas.csm.org.pt\/leiria\/#website","url":"https:\/\/comarcas.csm.org.pt\/leiria\/","name":"Tribunal Judicial da Comarca de Leiria","description":"Tribunal Judicial da Comarca de Aveiro","publisher":{"@id":"https:\/\/comarcas.csm.org.pt\/leiria\/#organization"},"potentialAction":[{"@type":"SearchAction","target":{"@type":"EntryPoint","urlTemplate":"https:\/\/comarcas.csm.org.pt\/leiria\/?s={search_term_string}"},"query-input":{"@type":"PropertyValueSpecification","valueRequired":true,"valueName":"search_term_string"}}],"inLanguage":"pt-PT"},{"@type":"Organization","@id":"https:\/\/comarcas.csm.org.pt\/leiria\/#organization","name":"Tribunal Judicial da Comarca de Leiria","url":"https:\/\/comarcas.csm.org.pt\/leiria\/","logo":{"@type":"ImageObject","inLanguage":"pt-PT","@id":"https:\/\/comarcas.csm.org.pt\/leiria\/#\/schema\/logo\/image\/","url":"https:\/\/comarcas.csm.org.pt\/leiria\/wp-content\/uploads\/sites\/16\/2024\/11\/Leiria_positivo-horizontal.png","contentUrl":"https:\/\/comarcas.csm.org.pt\/leiria\/wp-content\/uploads\/sites\/16\/2024\/11\/Leiria_positivo-horizontal.png","width":5088,"height":890,"caption":"Tribunal Judicial da Comarca de Leiria"},"image":{"@id":"https:\/\/comarcas.csm.org.pt\/leiria\/#\/schema\/logo\/image\/"}},{"@type":"Person","@id":"https:\/\/comarcas.csm.org.pt\/leiria\/#\/schema\/person\/9057b6fbd670d5a2e931712cd357d806","name":"leiria","image":{"@type":"ImageObject","inLanguage":"pt-PT","@id":"https:\/\/comarcas.csm.org.pt\/leiria\/#\/schema\/person\/image\/","url":"https:\/\/secure.gravatar.com\/avatar\/399a72a2630b07d71a4e0167744303361d26ed8a993be2c5686bbe5ff44b469f?s=96&d=mm&r=g","contentUrl":"https:\/\/secure.gravatar.com\/avatar\/399a72a2630b07d71a4e0167744303361d26ed8a993be2c5686bbe5ff44b469f?s=96&d=mm&r=g","caption":"leiria"},"url":"https:\/\/comarcas.csm.org.pt\/leiria\/blog\/author\/leiria\/"}]}},"_links":{"self":[{"href":"https:\/\/comarcas.csm.org.pt\/leiria\/wp-json\/wp\/v2\/posts\/12398","targetHints":{"allow":["GET"]}}],"collection":[{"href":"https:\/\/comarcas.csm.org.pt\/leiria\/wp-json\/wp\/v2\/posts"}],"about":[{"href":"https:\/\/comarcas.csm.org.pt\/leiria\/wp-json\/wp\/v2\/types\/post"}],"author":[{"embeddable":true,"href":"https:\/\/comarcas.csm.org.pt\/leiria\/wp-json\/wp\/v2\/users\/16"}],"replies":[{"embeddable":true,"href":"https:\/\/comarcas.csm.org.pt\/leiria\/wp-json\/wp\/v2\/comments?post=12398"}],"version-history":[{"count":1,"href":"https:\/\/comarcas.csm.org.pt\/leiria\/wp-json\/wp\/v2\/posts\/12398\/revisions"}],"predecessor-version":[{"id":12400,"href":"https:\/\/comarcas.csm.org.pt\/leiria\/wp-json\/wp\/v2\/posts\/12398\/revisions\/12400"}],"wp:featuredmedia":[{"embeddable":true,"href":"https:\/\/comarcas.csm.org.pt\/leiria\/wp-json\/wp\/v2\/media\/12399"}],"wp:attachment":[{"href":"https:\/\/comarcas.csm.org.pt\/leiria\/wp-json\/wp\/v2\/media?parent=12398"}],"wp:term":[{"taxonomy":"category","embeddable":true,"href":"https:\/\/comarcas.csm.org.pt\/leiria\/wp-json\/wp\/v2\/categories?post=12398"},{"taxonomy":"post_tag","embeddable":true,"href":"https:\/\/comarcas.csm.org.pt\/leiria\/wp-json\/wp\/v2\/tags?post=12398"}],"curies":[{"name":"wp","href":"https:\/\/api.w.org\/{rel}","templated":true}]}}