{"id":13238,"date":"2025-07-09T16:13:28","date_gmt":"2025-07-09T16:13:28","guid":{"rendered":"https:\/\/comarcas.csm.org.pt\/leiria\/?p=13238"},"modified":"2025-07-09T16:13:29","modified_gmt":"2025-07-09T16:13:29","slug":"homem-condenado-a-21-anos-de-prisao-por-matar-a-tia-em-peniche","status":"publish","type":"post","link":"https:\/\/comarcas.csm.org.pt\/leiria\/blog\/2025\/07\/09\/homem-condenado-a-21-anos-de-prisao-por-matar-a-tia-em-peniche\/","title":{"rendered":"Homem condenado a 21 anos de pris\u00e3o por matar a tia em Peniche"},"content":{"rendered":"\n<p>O arguido foi absolvido do crime de roubo qualificado na forma tentada, de que tamb\u00e9m estava acusado.<\/p>\n\n\n\n<p><a href=\"https:\/\/www.publico.pt\/2025\/07\/08\/local\/noticia\/homem-condenado-21-anos-prisao-matar-tia-peniche-2139411\">in &#8220;P\u00fablico.pt&#8221;, de 08.07.2025<\/a><\/p>\n\n\n\n<p>Homem condenado a 21 anos de pris\u00e3o por matar a tia em Peniche<br>O Tribunal Judicial de Leiria condenou, nesta ter\u00e7a-feira, um jovem na pena \u00fanica de 21 anos de pris\u00e3o pelo <a href=\"https:\/\/www.publico.pt\/2024\/08\/27\/local\/noticia\/homem-detido-roubo-homicidio-tia-peniche-2102015\">homic\u00eddio da tia<\/a>, em Agosto de 2024, em Peniche.<br>O arguido, que foi absolvido do crime de roubo qualificado na forma tentada de que tamb\u00e9m estava acusado, foi condenado a 20 anos de pris\u00e3o pelo crime de homic\u00eddio qualificado e tr\u00eas anos de pris\u00e3o por furto qualificado, resultando na pena \u00fanica de 21 anos de pris\u00e3o.<\/p>\n\n\n\n<p>Na leitura do ac\u00f3rd\u00e3o, a ju\u00edza presidente salientou que \u201coutra coisa n\u00e3o era de esperar em face da prova produzida\u201d, explicando que a per\u00edcia psiqui\u00e1trica forense \u201cafastou qualquer sombra de inimputabilidade\u201d.<br>\u201cO relat\u00f3rio \u00e9 perempt\u00f3rio em afastar qualquer patologia psiqui\u00e1trica que o arguido tivesse\u201d, adiantou a magistrada judicial, frisando que, \u201c\u00e0 data da pr\u00e1tica dos factos, o arguido mantinha a sua capacidade de avaliar a ilicitude da sua conduta\u201d.<br>Segundo os factos provados, o arguido, de 27 anos, no per\u00edodo entre 22 e 23 de Agosto, deslocou-se a casa da tia com o pretexto de pedir dinheiro para comprar estupefacientes, ao que a v\u00edtima, de 73 anos, n\u00e3o acedeu. Nessa sequ\u00eancia, o arguido acabou por a matar.<br>A acusa\u00e7\u00e3o referiu que o homem, sabendo que a tia vivia sozinha, tinha dificuldades de locomo\u00e7\u00e3o e guardava artigos de joalharia e dinheiro proveniente do arrendamento de v\u00e1rias habita\u00e7\u00f5es, decidiu ir a casa dela para lhe pedir dinheiro emprestado.<\/p>\n\n\n\n<p>Face \u00e0 recusa, o arguido desferiu-lhe v\u00e1rios murros no rosto, fazendo com que a v\u00edtima ca\u00edsse no ch\u00e3o e perdesse os sentidos, de acordo com o despacho do Minist\u00e9rio P\u00fablico (MP).<\/p>\n\n\n\n<p>Para que a tia n\u00e3o viesse a denunci\u00e1-lo \u00e0s autoridades policiais, \u201cdecidiu mat\u00e1-la\u201d, munindo-se de fita-cola e de um casaco de l\u00e3, que usou para a impedir de respirar, \u201cmatando-a por constri\u00e7\u00e3o das vias respirat\u00f3rias, com a consequente asfixia\u201d.<br>Ap\u00f3s o crime, o jovem revistou a casa toda \u00e0 procura de dinheiro, que n\u00e3o encontrou, e abandonou a habita\u00e7\u00e3o, levando consigo a chave da porta para regressar mais tarde, o que aconteceu \u201cpelo menos tr\u00eas vezes\u201d entre os dias 23 e 26 de Agosto, de acordo com a acusa\u00e7\u00e3o.<\/p>\n\n\n\n<p>Nessas ocasi\u00f5es, sem o consentimento da tia e dos seus herdeiros, \u201cretirou e levou consigo\u201d garrafas de bebidas alco\u00f3licas e outros artigos, como brincos e an\u00e9is de bijuteria, com valor apurado de 378 euros.<br>Na casa da v\u00edtima, deixou pontas de cigarro que tinha fumado e alguns pertences seus.<\/p>\n\n\n\n<p>Como a tia j\u00e1 n\u00e3o era vista h\u00e1 alguns dias, a pedido de familiares, os bombeiros locais foram chamados no dia 25 de Agosto para abrir a porta da habita\u00e7\u00e3o, atrav\u00e9s de arrombamento, encontrando a <a href=\"https:\/\/www.publico.pt\/2024\/08\/26\/local\/noticia\/mulher-encontrada-morta-peniche-ha-suspeita-crime-2101939\">mulher morta, com sinais de viol\u00eancia<\/a>.<br>A investiga\u00e7\u00e3o da Pol\u00edcia Judici\u00e1ria levou as autoridades at\u00e9 ao sobrinho da v\u00edtima, que tinha artigos levados da habita\u00e7\u00e3o da v\u00edtima, na sua casa e autom\u00f3vel.<br><br><br><\/p>\n\n\n\n<p><\/p>\n\n\n\n<p><\/p>\n\n\n\n<p><\/p>\n","protected":false},"excerpt":{"rendered":"<p>O arguido foi absolvido do crime de roubo qualificado na forma tentada, de que tamb\u00e9m estava acusado. in &#8220;P\u00fablico.pt&#8221;, de 08.07.2025 Homem condenado a 21 anos de pris\u00e3o por matar a tia em PenicheO Tribunal&#8230;<\/p>\n","protected":false},"author":16,"featured_media":0,"comment_status":"closed","ping_status":"open","sticky":false,"template":"","format":"standard","meta":{"_tbt_post_transparent":"","_tbt_post_title":"","_tbt_post_layout":"","_tbt_post_sidebar_id":"","_tbt_post_content_style":"","_tbt_post_vertical_padding":"","_tbt_post_feature":"","_tbt_post_feature_position":"","_tbt_post_header":false,"_tbt_post_footer":false},"categories":[1,5],"tags":[],"class_list":["post-13238","post","type-post","status-publish","format-standard","hentry","category-geral","category-noticias"],"yoast_head":"<!-- This site is optimized with the Yoast SEO plugin v25.6 - https:\/\/yoast.com\/wordpress\/plugins\/seo\/ -->\n<title>Homem condenado a 21 anos de pris\u00e3o por matar a tia em Peniche - Tribunal Judicial da Comarca de Leiria<\/title>\n<meta name=\"robots\" content=\"index, follow, max-snippet:-1, max-image-preview:large, max-video-preview:-1\" \/>\n<link rel=\"canonical\" href=\"https:\/\/comarcas.csm.org.pt\/leiria\/blog\/2025\/07\/09\/homem-condenado-a-21-anos-de-prisao-por-matar-a-tia-em-peniche\/\" \/>\n<meta property=\"og:locale\" content=\"pt_PT\" \/>\n<meta property=\"og:type\" content=\"article\" \/>\n<meta property=\"og:title\" content=\"Homem condenado a 21 anos de pris\u00e3o por matar a tia em Peniche - Tribunal Judicial da Comarca de Leiria\" \/>\n<meta property=\"og:description\" content=\"O arguido foi absolvido do crime de roubo qualificado na forma tentada, de que tamb\u00e9m estava acusado. in &#8220;P\u00fablico.pt&#8221;, de 08.07.2025 Homem condenado a 21 anos de pris\u00e3o por matar a tia em PenicheO Tribunal...\" \/>\n<meta property=\"og:url\" content=\"https:\/\/comarcas.csm.org.pt\/leiria\/blog\/2025\/07\/09\/homem-condenado-a-21-anos-de-prisao-por-matar-a-tia-em-peniche\/\" \/>\n<meta property=\"og:site_name\" content=\"Tribunal Judicial da Comarca de Leiria\" \/>\n<meta property=\"article:published_time\" content=\"2025-07-09T16:13:28+00:00\" \/>\n<meta property=\"article:modified_time\" content=\"2025-07-09T16:13:29+00:00\" \/>\n<meta name=\"author\" content=\"leiria\" \/>\n<meta name=\"twitter:card\" content=\"summary_large_image\" \/>\n<meta name=\"twitter:label1\" content=\"Escrito por\" \/>\n\t<meta name=\"twitter:data1\" content=\"leiria\" \/>\n\t<meta name=\"twitter:label2\" content=\"Tempo estimado de leitura\" \/>\n\t<meta name=\"twitter:data2\" content=\"3 minutos\" \/>\n<script type=\"application\/ld+json\" class=\"yoast-schema-graph\">{\"@context\":\"https:\/\/schema.org\",\"@graph\":[{\"@type\":\"Article\",\"@id\":\"https:\/\/comarcas.csm.org.pt\/leiria\/blog\/2025\/07\/09\/homem-condenado-a-21-anos-de-prisao-por-matar-a-tia-em-peniche\/#article\",\"isPartOf\":{\"@id\":\"https:\/\/comarcas.csm.org.pt\/leiria\/blog\/2025\/07\/09\/homem-condenado-a-21-anos-de-prisao-por-matar-a-tia-em-peniche\/\"},\"author\":{\"name\":\"leiria\",\"@id\":\"https:\/\/comarcas.csm.org.pt\/leiria\/#\/schema\/person\/9057b6fbd670d5a2e931712cd357d806\"},\"headline\":\"Homem condenado a 21 anos de pris\u00e3o por matar a tia em Peniche\",\"datePublished\":\"2025-07-09T16:13:28+00:00\",\"dateModified\":\"2025-07-09T16:13:29+00:00\",\"mainEntityOfPage\":{\"@id\":\"https:\/\/comarcas.csm.org.pt\/leiria\/blog\/2025\/07\/09\/homem-condenado-a-21-anos-de-prisao-por-matar-a-tia-em-peniche\/\"},\"wordCount\":557,\"publisher\":{\"@id\":\"https:\/\/comarcas.csm.org.pt\/leiria\/#organization\"},\"articleSection\":[\"Geral\",\"Not\u00edcias\"],\"inLanguage\":\"pt-PT\"},{\"@type\":\"WebPage\",\"@id\":\"https:\/\/comarcas.csm.org.pt\/leiria\/blog\/2025\/07\/09\/homem-condenado-a-21-anos-de-prisao-por-matar-a-tia-em-peniche\/\",\"url\":\"https:\/\/comarcas.csm.org.pt\/leiria\/blog\/2025\/07\/09\/homem-condenado-a-21-anos-de-prisao-por-matar-a-tia-em-peniche\/\",\"name\":\"Homem condenado a 21 anos de pris\u00e3o por matar a tia em Peniche - Tribunal Judicial da Comarca de Leiria\",\"isPartOf\":{\"@id\":\"https:\/\/comarcas.csm.org.pt\/leiria\/#website\"},\"datePublished\":\"2025-07-09T16:13:28+00:00\",\"dateModified\":\"2025-07-09T16:13:29+00:00\",\"breadcrumb\":{\"@id\":\"https:\/\/comarcas.csm.org.pt\/leiria\/blog\/2025\/07\/09\/homem-condenado-a-21-anos-de-prisao-por-matar-a-tia-em-peniche\/#breadcrumb\"},\"inLanguage\":\"pt-PT\",\"potentialAction\":[{\"@type\":\"ReadAction\",\"target\":[\"https:\/\/comarcas.csm.org.pt\/leiria\/blog\/2025\/07\/09\/homem-condenado-a-21-anos-de-prisao-por-matar-a-tia-em-peniche\/\"]}]},{\"@type\":\"BreadcrumbList\",\"@id\":\"https:\/\/comarcas.csm.org.pt\/leiria\/blog\/2025\/07\/09\/homem-condenado-a-21-anos-de-prisao-por-matar-a-tia-em-peniche\/#breadcrumb\",\"itemListElement\":[{\"@type\":\"ListItem\",\"position\":1,\"name\":\"In\u00edcio\",\"item\":\"https:\/\/comarcas.csm.org.pt\/leiria\/\"},{\"@type\":\"ListItem\",\"position\":2,\"name\":\"Homem condenado a 21 anos de pris\u00e3o por matar a tia em Peniche\"}]},{\"@type\":\"WebSite\",\"@id\":\"https:\/\/comarcas.csm.org.pt\/leiria\/#website\",\"url\":\"https:\/\/comarcas.csm.org.pt\/leiria\/\",\"name\":\"Tribunal Judicial da Comarca de Leiria\",\"description\":\"Tribunal Judicial da Comarca de Aveiro\",\"publisher\":{\"@id\":\"https:\/\/comarcas.csm.org.pt\/leiria\/#organization\"},\"potentialAction\":[{\"@type\":\"SearchAction\",\"target\":{\"@type\":\"EntryPoint\",\"urlTemplate\":\"https:\/\/comarcas.csm.org.pt\/leiria\/?s={search_term_string}\"},\"query-input\":{\"@type\":\"PropertyValueSpecification\",\"valueRequired\":true,\"valueName\":\"search_term_string\"}}],\"inLanguage\":\"pt-PT\"},{\"@type\":\"Organization\",\"@id\":\"https:\/\/comarcas.csm.org.pt\/leiria\/#organization\",\"name\":\"Tribunal Judicial da Comarca de Leiria\",\"url\":\"https:\/\/comarcas.csm.org.pt\/leiria\/\",\"logo\":{\"@type\":\"ImageObject\",\"inLanguage\":\"pt-PT\",\"@id\":\"https:\/\/comarcas.csm.org.pt\/leiria\/#\/schema\/logo\/image\/\",\"url\":\"https:\/\/comarcas.csm.org.pt\/leiria\/wp-content\/uploads\/sites\/16\/2024\/11\/Leiria_positivo-horizontal.png\",\"contentUrl\":\"https:\/\/comarcas.csm.org.pt\/leiria\/wp-content\/uploads\/sites\/16\/2024\/11\/Leiria_positivo-horizontal.png\",\"width\":5088,\"height\":890,\"caption\":\"Tribunal Judicial da Comarca de Leiria\"},\"image\":{\"@id\":\"https:\/\/comarcas.csm.org.pt\/leiria\/#\/schema\/logo\/image\/\"}},{\"@type\":\"Person\",\"@id\":\"https:\/\/comarcas.csm.org.pt\/leiria\/#\/schema\/person\/9057b6fbd670d5a2e931712cd357d806\",\"name\":\"leiria\",\"image\":{\"@type\":\"ImageObject\",\"inLanguage\":\"pt-PT\",\"@id\":\"https:\/\/comarcas.csm.org.pt\/leiria\/#\/schema\/person\/image\/\",\"url\":\"https:\/\/secure.gravatar.com\/avatar\/399a72a2630b07d71a4e0167744303361d26ed8a993be2c5686bbe5ff44b469f?s=96&d=mm&r=g\",\"contentUrl\":\"https:\/\/secure.gravatar.com\/avatar\/399a72a2630b07d71a4e0167744303361d26ed8a993be2c5686bbe5ff44b469f?s=96&d=mm&r=g\",\"caption\":\"leiria\"},\"url\":\"https:\/\/comarcas.csm.org.pt\/leiria\/blog\/author\/leiria\/\"}]}<\/script>\n<!-- \/ Yoast SEO plugin. -->","yoast_head_json":{"title":"Homem condenado a 21 anos de pris\u00e3o por matar a tia em Peniche - Tribunal Judicial da Comarca de Leiria","robots":{"index":"index","follow":"follow","max-snippet":"max-snippet:-1","max-image-preview":"max-image-preview:large","max-video-preview":"max-video-preview:-1"},"canonical":"https:\/\/comarcas.csm.org.pt\/leiria\/blog\/2025\/07\/09\/homem-condenado-a-21-anos-de-prisao-por-matar-a-tia-em-peniche\/","og_locale":"pt_PT","og_type":"article","og_title":"Homem condenado a 21 anos de pris\u00e3o por matar a tia em Peniche - Tribunal Judicial da Comarca de Leiria","og_description":"O arguido foi absolvido do crime de roubo qualificado na forma tentada, de que tamb\u00e9m estava acusado. in &#8220;P\u00fablico.pt&#8221;, de 08.07.2025 Homem condenado a 21 anos de pris\u00e3o por matar a tia em PenicheO Tribunal...","og_url":"https:\/\/comarcas.csm.org.pt\/leiria\/blog\/2025\/07\/09\/homem-condenado-a-21-anos-de-prisao-por-matar-a-tia-em-peniche\/","og_site_name":"Tribunal Judicial da Comarca de Leiria","article_published_time":"2025-07-09T16:13:28+00:00","article_modified_time":"2025-07-09T16:13:29+00:00","author":"leiria","twitter_card":"summary_large_image","twitter_misc":{"Escrito por":"leiria","Tempo estimado de leitura":"3 minutos"},"schema":{"@context":"https:\/\/schema.org","@graph":[{"@type":"Article","@id":"https:\/\/comarcas.csm.org.pt\/leiria\/blog\/2025\/07\/09\/homem-condenado-a-21-anos-de-prisao-por-matar-a-tia-em-peniche\/#article","isPartOf":{"@id":"https:\/\/comarcas.csm.org.pt\/leiria\/blog\/2025\/07\/09\/homem-condenado-a-21-anos-de-prisao-por-matar-a-tia-em-peniche\/"},"author":{"name":"leiria","@id":"https:\/\/comarcas.csm.org.pt\/leiria\/#\/schema\/person\/9057b6fbd670d5a2e931712cd357d806"},"headline":"Homem condenado a 21 anos de pris\u00e3o por matar a tia em Peniche","datePublished":"2025-07-09T16:13:28+00:00","dateModified":"2025-07-09T16:13:29+00:00","mainEntityOfPage":{"@id":"https:\/\/comarcas.csm.org.pt\/leiria\/blog\/2025\/07\/09\/homem-condenado-a-21-anos-de-prisao-por-matar-a-tia-em-peniche\/"},"wordCount":557,"publisher":{"@id":"https:\/\/comarcas.csm.org.pt\/leiria\/#organization"},"articleSection":["Geral","Not\u00edcias"],"inLanguage":"pt-PT"},{"@type":"WebPage","@id":"https:\/\/comarcas.csm.org.pt\/leiria\/blog\/2025\/07\/09\/homem-condenado-a-21-anos-de-prisao-por-matar-a-tia-em-peniche\/","url":"https:\/\/comarcas.csm.org.pt\/leiria\/blog\/2025\/07\/09\/homem-condenado-a-21-anos-de-prisao-por-matar-a-tia-em-peniche\/","name":"Homem condenado a 21 anos de pris\u00e3o por matar a tia em Peniche - Tribunal Judicial da Comarca de Leiria","isPartOf":{"@id":"https:\/\/comarcas.csm.org.pt\/leiria\/#website"},"datePublished":"2025-07-09T16:13:28+00:00","dateModified":"2025-07-09T16:13:29+00:00","breadcrumb":{"@id":"https:\/\/comarcas.csm.org.pt\/leiria\/blog\/2025\/07\/09\/homem-condenado-a-21-anos-de-prisao-por-matar-a-tia-em-peniche\/#breadcrumb"},"inLanguage":"pt-PT","potentialAction":[{"@type":"ReadAction","target":["https:\/\/comarcas.csm.org.pt\/leiria\/blog\/2025\/07\/09\/homem-condenado-a-21-anos-de-prisao-por-matar-a-tia-em-peniche\/"]}]},{"@type":"BreadcrumbList","@id":"https:\/\/comarcas.csm.org.pt\/leiria\/blog\/2025\/07\/09\/homem-condenado-a-21-anos-de-prisao-por-matar-a-tia-em-peniche\/#breadcrumb","itemListElement":[{"@type":"ListItem","position":1,"name":"In\u00edcio","item":"https:\/\/comarcas.csm.org.pt\/leiria\/"},{"@type":"ListItem","position":2,"name":"Homem condenado a 21 anos de pris\u00e3o por matar a tia em Peniche"}]},{"@type":"WebSite","@id":"https:\/\/comarcas.csm.org.pt\/leiria\/#website","url":"https:\/\/comarcas.csm.org.pt\/leiria\/","name":"Tribunal Judicial da Comarca de Leiria","description":"Tribunal Judicial da Comarca de Aveiro","publisher":{"@id":"https:\/\/comarcas.csm.org.pt\/leiria\/#organization"},"potentialAction":[{"@type":"SearchAction","target":{"@type":"EntryPoint","urlTemplate":"https:\/\/comarcas.csm.org.pt\/leiria\/?s={search_term_string}"},"query-input":{"@type":"PropertyValueSpecification","valueRequired":true,"valueName":"search_term_string"}}],"inLanguage":"pt-PT"},{"@type":"Organization","@id":"https:\/\/comarcas.csm.org.pt\/leiria\/#organization","name":"Tribunal Judicial da Comarca de Leiria","url":"https:\/\/comarcas.csm.org.pt\/leiria\/","logo":{"@type":"ImageObject","inLanguage":"pt-PT","@id":"https:\/\/comarcas.csm.org.pt\/leiria\/#\/schema\/logo\/image\/","url":"https:\/\/comarcas.csm.org.pt\/leiria\/wp-content\/uploads\/sites\/16\/2024\/11\/Leiria_positivo-horizontal.png","contentUrl":"https:\/\/comarcas.csm.org.pt\/leiria\/wp-content\/uploads\/sites\/16\/2024\/11\/Leiria_positivo-horizontal.png","width":5088,"height":890,"caption":"Tribunal Judicial da Comarca de Leiria"},"image":{"@id":"https:\/\/comarcas.csm.org.pt\/leiria\/#\/schema\/logo\/image\/"}},{"@type":"Person","@id":"https:\/\/comarcas.csm.org.pt\/leiria\/#\/schema\/person\/9057b6fbd670d5a2e931712cd357d806","name":"leiria","image":{"@type":"ImageObject","inLanguage":"pt-PT","@id":"https:\/\/comarcas.csm.org.pt\/leiria\/#\/schema\/person\/image\/","url":"https:\/\/secure.gravatar.com\/avatar\/399a72a2630b07d71a4e0167744303361d26ed8a993be2c5686bbe5ff44b469f?s=96&d=mm&r=g","contentUrl":"https:\/\/secure.gravatar.com\/avatar\/399a72a2630b07d71a4e0167744303361d26ed8a993be2c5686bbe5ff44b469f?s=96&d=mm&r=g","caption":"leiria"},"url":"https:\/\/comarcas.csm.org.pt\/leiria\/blog\/author\/leiria\/"}]}},"_links":{"self":[{"href":"https:\/\/comarcas.csm.org.pt\/leiria\/wp-json\/wp\/v2\/posts\/13238","targetHints":{"allow":["GET"]}}],"collection":[{"href":"https:\/\/comarcas.csm.org.pt\/leiria\/wp-json\/wp\/v2\/posts"}],"about":[{"href":"https:\/\/comarcas.csm.org.pt\/leiria\/wp-json\/wp\/v2\/types\/post"}],"author":[{"embeddable":true,"href":"https:\/\/comarcas.csm.org.pt\/leiria\/wp-json\/wp\/v2\/users\/16"}],"replies":[{"embeddable":true,"href":"https:\/\/comarcas.csm.org.pt\/leiria\/wp-json\/wp\/v2\/comments?post=13238"}],"version-history":[{"count":1,"href":"https:\/\/comarcas.csm.org.pt\/leiria\/wp-json\/wp\/v2\/posts\/13238\/revisions"}],"predecessor-version":[{"id":13239,"href":"https:\/\/comarcas.csm.org.pt\/leiria\/wp-json\/wp\/v2\/posts\/13238\/revisions\/13239"}],"wp:attachment":[{"href":"https:\/\/comarcas.csm.org.pt\/leiria\/wp-json\/wp\/v2\/media?parent=13238"}],"wp:term":[{"taxonomy":"category","embeddable":true,"href":"https:\/\/comarcas.csm.org.pt\/leiria\/wp-json\/wp\/v2\/categories?post=13238"},{"taxonomy":"post_tag","embeddable":true,"href":"https:\/\/comarcas.csm.org.pt\/leiria\/wp-json\/wp\/v2\/tags?post=13238"}],"curies":[{"name":"wp","href":"https:\/\/api.w.org\/{rel}","templated":true}]}}