{"id":13250,"date":"2025-07-10T13:24:30","date_gmt":"2025-07-10T13:24:30","guid":{"rendered":"https:\/\/comarcas.csm.org.pt\/leiria\/?p=13250"},"modified":"2025-07-10T13:24:31","modified_gmt":"2025-07-10T13:24:31","slug":"greve-do-procurador-da-republica-adia-acordao-no-tribunal-de-leiria-de-burlas-mb-way","status":"publish","type":"post","link":"https:\/\/comarcas.csm.org.pt\/leiria\/blog\/2025\/07\/10\/greve-do-procurador-da-republica-adia-acordao-no-tribunal-de-leiria-de-burlas-mb-way\/","title":{"rendered":"Greve do procurador da Rep\u00fablica adia ac\u00f3rd\u00e3o no Tribunal de Leiria de burlas MB Way"},"content":{"rendered":"\n<p><a href=\"https:\/\/www.publico.pt\/2025\/07\/09\/sociedade\/noticia\/greve-procurador-republica-adia-acordao-tribunal-leiria-burlas-mb-way-2139621\">in &#8220;P\u00fablico.pt&#8221;, de 09.07.2025<\/a><\/p>\n\n\n\n<p>A greve dos procuradores est\u00e1 a cancelar julgamentos e a paralisar v\u00e1rios tribunais do pa\u00eds, indicou o presidente do Sindicato Magistrados do Minist\u00e9rio P\u00fablico (SMMP), Paulo Lona.<br><br>A leitura do ac\u00f3rd\u00e3o do processo relativo a dezenas de burlas atrav\u00e9s do MB Way, com 29 arguidos, prevista para esta quarta-feira no Tribunal Judicial de Leiria, foi adiada devido \u00e0 greve do procurador da Rep\u00fablica.<br>&#8220;Tendo em conta a n\u00edvel nacional a greve dos magistrados do Minist\u00e9rio P\u00fablico (MP) que, neste Tribunal, teve ades\u00e3o total, e n\u00e3o estando a leitura abrangida pelos servi\u00e7os m\u00ednimos, adio a leitura do ac\u00f3rd\u00e3o para o pr\u00f3ximo dia 1 de Outubro, \u00e0s 14h00, atendendo \u00e0s f\u00e9rias judiciais e f\u00e9rias pessoais dos ju\u00edzes que comp\u00f5em este colectivo&#8221;, afirmou o juiz-presidente.<br>A <a href=\"https:\/\/www.publico.pt\/2025\/07\/07\/sociedade\/noticia\/greve-magistrados-mantemse-falta-acordo-sindicato-governo-2139329\">greve dos procuradores<\/a> da Rep\u00fablica est\u00e1 a cancelar julgamentos e a paralisar v\u00e1rios tribunais do pa\u00eds, com uma ades\u00e3o que rondar\u00e1 os 90% a n\u00edvel nacional, indicou o presidente do Sindicato Magistrados do Minist\u00e9rio P\u00fablico (SMMP),<a href=\"https:\/\/www.publico.pt\/2024\/03\/17\/sociedade\/noticia\/paulo-lona-eleito-presidencia-sindicato-magistrados-mp-438-votos-2083904\"> Paulo Lona<\/a>.<br>Em causa est\u00e1 o aviso de abertura do movimento de magistrados do MP, publicado em 4 de Junho em Di\u00e1rio da Rep\u00fablica, que inclui lugares a ocupar pelos procuradores, a partir de Setembro, em v\u00e1rios departamentos e tribunais em simult\u00e2neo.<br>A Procuradoria-Geral da Rep\u00fablica tem justificado a op\u00e7\u00e3o com a necessidade de &#8220;optimizar os recursos existentes&#8221;, num &#8220;contexto de reconhecida e not\u00f3ria car\u00eancia de recursos humanos&#8221;.<br>Segundo fonte do MP, na Comarca de Leiria a ades\u00e3o \u00e0 greve situa-se entre os 75% e 80%, estando contabilizados dados de Figueir\u00f3 dos Vinhos, Nazar\u00e9, Pombal, Ansi\u00e3o, Porto de M\u00f3s, Marinha Grande e Leiria (Com\u00e9rcio, Execu\u00e7\u00f5es, Crime, Trabalho, Fam\u00edlia e Menores, C\u00edvel, departamentos de Investiga\u00e7\u00e3o e Ac\u00e7\u00e3o Penal e Instru\u00e7\u00e3o).<\/p>\n\n\n\n<p>Ficaram por realizar julgamentos nos ju\u00edzes centrais e locais criminais, debates instrut\u00f3rios e tentativas de concilia\u00e7\u00e3o em acidentes de via\u00e7\u00e3o, al\u00e9m de dilig\u00eancias designadas por procuradores da Rep\u00fablica.<\/p>\n\n\n\n<p>Este protesto, convocado pelo SMMP, continua na quinta-feira e prev\u00ea ainda a realiza\u00e7\u00e3o de <a href=\"https:\/\/www.publico.pt\/2025\/06\/21\/sociedade\/noticia\/procuradores-avancam-greve-geral-9-10-julho-movimento-magistrados-2137429\">paralisa\u00e7\u00f5es regionais<\/a> na sexta-feira, e nos dias 14 e 15.<br>Em causa no processo das<a href=\"https:\/\/www.publico.pt\/2023\/02\/09\/sociedade\/noticia\/policia-judiciaria-alerta-mensagem-falsa-parceria-mbway-2038255\"> burlas MB Way<\/a> est\u00e3o dezenas de crimes de burla, simples e qualificada, falsidade inform\u00e1tica, burla inform\u00e1tica, incluindo agravada, e acesso ileg\u00edtimo, cometidos em autoria singular ou coautoria, segundo o despacho de acusa\u00e7\u00e3o consultado pela ag\u00eancia Lusa.<br>De acordo com o despacho do MP, os acusados, antes de 23 de Outubro de 2019, conhecedores do funcionamento do servi\u00e7o e das aplica\u00e7\u00f5es MBWAY e MBPHONE [esta foi descontinuada em Novembro de 2022], formularam o prop\u00f3sito de, aproveitando as fragilidades destes servi\u00e7os, come\u00e7arem a retirar proveitos econ\u00f3micos atrav\u00e9s do engano de terceiros desconhecedores.<br>Tudo come\u00e7ava com a consulta de p\u00e1ginas na Internet com an\u00fancios de venda de artigos. Identificado o an\u00fancio \u2014 a esmagadora maioria publicados no OLX \u2014, o passo seguinte passava por contactar o vendedor, revelando interesse na sua aquisi\u00e7\u00e3o e sugerindo pagamento atrav\u00e9s do MB WAY.<br>O MP refere que foram usadas contas de outras pessoas, incluindo de lesados, para movimentar quantias subtra\u00eddas a outros lesados.<\/p>\n\n\n\n<p>Al\u00e9m de transfer\u00eancias, foram feitos levantamentos de numer\u00e1rio e carregamentos de telem\u00f3vel, al\u00e9m de consultas de saldo ou movimentos de contas de ofendidos.<br>As contas feitas pela Lusa indicam um preju\u00edzo patrimonial efectivo dos lesados de 166.553,55 euros.<\/p>\n\n\n\n<p><\/p>\n","protected":false},"excerpt":{"rendered":"<p>in &#8220;P\u00fablico.pt&#8221;, de 09.07.2025 A greve dos procuradores est\u00e1 a cancelar julgamentos e a paralisar v\u00e1rios tribunais do pa\u00eds, indicou o presidente do Sindicato Magistrados do Minist\u00e9rio P\u00fablico (SMMP), Paulo Lona. A leitura do ac\u00f3rd\u00e3o&#8230;<\/p>\n","protected":false},"author":16,"featured_media":0,"comment_status":"closed","ping_status":"open","sticky":false,"template":"","format":"standard","meta":{"_tbt_post_transparent":"","_tbt_post_title":"","_tbt_post_layout":"","_tbt_post_sidebar_id":"","_tbt_post_content_style":"","_tbt_post_vertical_padding":"","_tbt_post_feature":"","_tbt_post_feature_position":"","_tbt_post_header":false,"_tbt_post_footer":false},"categories":[1,5],"tags":[],"class_list":["post-13250","post","type-post","status-publish","format-standard","hentry","category-geral","category-noticias"],"yoast_head":"<!-- This site is optimized with the Yoast SEO plugin v25.6 - https:\/\/yoast.com\/wordpress\/plugins\/seo\/ -->\n<title>Greve do procurador da Rep\u00fablica adia ac\u00f3rd\u00e3o no Tribunal de Leiria de burlas MB Way - Tribunal Judicial da Comarca de Leiria<\/title>\n<meta name=\"robots\" content=\"index, follow, max-snippet:-1, max-image-preview:large, max-video-preview:-1\" \/>\n<link rel=\"canonical\" href=\"https:\/\/comarcas.csm.org.pt\/leiria\/blog\/2025\/07\/10\/greve-do-procurador-da-republica-adia-acordao-no-tribunal-de-leiria-de-burlas-mb-way\/\" \/>\n<meta property=\"og:locale\" content=\"pt_PT\" \/>\n<meta property=\"og:type\" content=\"article\" \/>\n<meta property=\"og:title\" content=\"Greve do procurador da Rep\u00fablica adia ac\u00f3rd\u00e3o no Tribunal de Leiria de burlas MB Way - Tribunal Judicial da Comarca de Leiria\" \/>\n<meta property=\"og:description\" content=\"in &#8220;P\u00fablico.pt&#8221;, de 09.07.2025 A greve dos procuradores est\u00e1 a cancelar julgamentos e a paralisar v\u00e1rios tribunais do pa\u00eds, indicou o presidente do Sindicato Magistrados do Minist\u00e9rio P\u00fablico (SMMP), Paulo Lona. A leitura do ac\u00f3rd\u00e3o...\" \/>\n<meta property=\"og:url\" content=\"https:\/\/comarcas.csm.org.pt\/leiria\/blog\/2025\/07\/10\/greve-do-procurador-da-republica-adia-acordao-no-tribunal-de-leiria-de-burlas-mb-way\/\" \/>\n<meta property=\"og:site_name\" content=\"Tribunal Judicial da Comarca de Leiria\" \/>\n<meta property=\"article:published_time\" content=\"2025-07-10T13:24:30+00:00\" \/>\n<meta property=\"article:modified_time\" content=\"2025-07-10T13:24:31+00:00\" \/>\n<meta name=\"author\" content=\"leiria\" \/>\n<meta name=\"twitter:card\" content=\"summary_large_image\" \/>\n<meta name=\"twitter:label1\" content=\"Escrito por\" \/>\n\t<meta name=\"twitter:data1\" content=\"leiria\" \/>\n\t<meta name=\"twitter:label2\" content=\"Tempo estimado de leitura\" \/>\n\t<meta name=\"twitter:data2\" content=\"3 minutos\" \/>\n<script type=\"application\/ld+json\" class=\"yoast-schema-graph\">{\"@context\":\"https:\/\/schema.org\",\"@graph\":[{\"@type\":\"Article\",\"@id\":\"https:\/\/comarcas.csm.org.pt\/leiria\/blog\/2025\/07\/10\/greve-do-procurador-da-republica-adia-acordao-no-tribunal-de-leiria-de-burlas-mb-way\/#article\",\"isPartOf\":{\"@id\":\"https:\/\/comarcas.csm.org.pt\/leiria\/blog\/2025\/07\/10\/greve-do-procurador-da-republica-adia-acordao-no-tribunal-de-leiria-de-burlas-mb-way\/\"},\"author\":{\"name\":\"leiria\",\"@id\":\"https:\/\/comarcas.csm.org.pt\/leiria\/#\/schema\/person\/9057b6fbd670d5a2e931712cd357d806\"},\"headline\":\"Greve do procurador da Rep\u00fablica adia ac\u00f3rd\u00e3o no Tribunal de Leiria de burlas MB Way\",\"datePublished\":\"2025-07-10T13:24:30+00:00\",\"dateModified\":\"2025-07-10T13:24:31+00:00\",\"mainEntityOfPage\":{\"@id\":\"https:\/\/comarcas.csm.org.pt\/leiria\/blog\/2025\/07\/10\/greve-do-procurador-da-republica-adia-acordao-no-tribunal-de-leiria-de-burlas-mb-way\/\"},\"wordCount\":618,\"publisher\":{\"@id\":\"https:\/\/comarcas.csm.org.pt\/leiria\/#organization\"},\"articleSection\":[\"Geral\",\"Not\u00edcias\"],\"inLanguage\":\"pt-PT\"},{\"@type\":\"WebPage\",\"@id\":\"https:\/\/comarcas.csm.org.pt\/leiria\/blog\/2025\/07\/10\/greve-do-procurador-da-republica-adia-acordao-no-tribunal-de-leiria-de-burlas-mb-way\/\",\"url\":\"https:\/\/comarcas.csm.org.pt\/leiria\/blog\/2025\/07\/10\/greve-do-procurador-da-republica-adia-acordao-no-tribunal-de-leiria-de-burlas-mb-way\/\",\"name\":\"Greve do procurador da Rep\u00fablica adia ac\u00f3rd\u00e3o no Tribunal de Leiria de burlas MB Way - Tribunal Judicial da Comarca de Leiria\",\"isPartOf\":{\"@id\":\"https:\/\/comarcas.csm.org.pt\/leiria\/#website\"},\"datePublished\":\"2025-07-10T13:24:30+00:00\",\"dateModified\":\"2025-07-10T13:24:31+00:00\",\"breadcrumb\":{\"@id\":\"https:\/\/comarcas.csm.org.pt\/leiria\/blog\/2025\/07\/10\/greve-do-procurador-da-republica-adia-acordao-no-tribunal-de-leiria-de-burlas-mb-way\/#breadcrumb\"},\"inLanguage\":\"pt-PT\",\"potentialAction\":[{\"@type\":\"ReadAction\",\"target\":[\"https:\/\/comarcas.csm.org.pt\/leiria\/blog\/2025\/07\/10\/greve-do-procurador-da-republica-adia-acordao-no-tribunal-de-leiria-de-burlas-mb-way\/\"]}]},{\"@type\":\"BreadcrumbList\",\"@id\":\"https:\/\/comarcas.csm.org.pt\/leiria\/blog\/2025\/07\/10\/greve-do-procurador-da-republica-adia-acordao-no-tribunal-de-leiria-de-burlas-mb-way\/#breadcrumb\",\"itemListElement\":[{\"@type\":\"ListItem\",\"position\":1,\"name\":\"In\u00edcio\",\"item\":\"https:\/\/comarcas.csm.org.pt\/leiria\/\"},{\"@type\":\"ListItem\",\"position\":2,\"name\":\"Greve do procurador da Rep\u00fablica adia ac\u00f3rd\u00e3o no Tribunal de Leiria de burlas MB Way\"}]},{\"@type\":\"WebSite\",\"@id\":\"https:\/\/comarcas.csm.org.pt\/leiria\/#website\",\"url\":\"https:\/\/comarcas.csm.org.pt\/leiria\/\",\"name\":\"Tribunal Judicial da Comarca de Leiria\",\"description\":\"Tribunal Judicial da Comarca de Aveiro\",\"publisher\":{\"@id\":\"https:\/\/comarcas.csm.org.pt\/leiria\/#organization\"},\"potentialAction\":[{\"@type\":\"SearchAction\",\"target\":{\"@type\":\"EntryPoint\",\"urlTemplate\":\"https:\/\/comarcas.csm.org.pt\/leiria\/?s={search_term_string}\"},\"query-input\":{\"@type\":\"PropertyValueSpecification\",\"valueRequired\":true,\"valueName\":\"search_term_string\"}}],\"inLanguage\":\"pt-PT\"},{\"@type\":\"Organization\",\"@id\":\"https:\/\/comarcas.csm.org.pt\/leiria\/#organization\",\"name\":\"Tribunal Judicial da Comarca de Leiria\",\"url\":\"https:\/\/comarcas.csm.org.pt\/leiria\/\",\"logo\":{\"@type\":\"ImageObject\",\"inLanguage\":\"pt-PT\",\"@id\":\"https:\/\/comarcas.csm.org.pt\/leiria\/#\/schema\/logo\/image\/\",\"url\":\"https:\/\/comarcas.csm.org.pt\/leiria\/wp-content\/uploads\/sites\/16\/2024\/11\/Leiria_positivo-horizontal.png\",\"contentUrl\":\"https:\/\/comarcas.csm.org.pt\/leiria\/wp-content\/uploads\/sites\/16\/2024\/11\/Leiria_positivo-horizontal.png\",\"width\":5088,\"height\":890,\"caption\":\"Tribunal Judicial da Comarca de Leiria\"},\"image\":{\"@id\":\"https:\/\/comarcas.csm.org.pt\/leiria\/#\/schema\/logo\/image\/\"}},{\"@type\":\"Person\",\"@id\":\"https:\/\/comarcas.csm.org.pt\/leiria\/#\/schema\/person\/9057b6fbd670d5a2e931712cd357d806\",\"name\":\"leiria\",\"image\":{\"@type\":\"ImageObject\",\"inLanguage\":\"pt-PT\",\"@id\":\"https:\/\/comarcas.csm.org.pt\/leiria\/#\/schema\/person\/image\/\",\"url\":\"https:\/\/secure.gravatar.com\/avatar\/399a72a2630b07d71a4e0167744303361d26ed8a993be2c5686bbe5ff44b469f?s=96&d=mm&r=g\",\"contentUrl\":\"https:\/\/secure.gravatar.com\/avatar\/399a72a2630b07d71a4e0167744303361d26ed8a993be2c5686bbe5ff44b469f?s=96&d=mm&r=g\",\"caption\":\"leiria\"},\"url\":\"https:\/\/comarcas.csm.org.pt\/leiria\/blog\/author\/leiria\/\"}]}<\/script>\n<!-- \/ Yoast SEO plugin. -->","yoast_head_json":{"title":"Greve do procurador da Rep\u00fablica adia ac\u00f3rd\u00e3o no Tribunal de Leiria de burlas MB Way - Tribunal Judicial da Comarca de Leiria","robots":{"index":"index","follow":"follow","max-snippet":"max-snippet:-1","max-image-preview":"max-image-preview:large","max-video-preview":"max-video-preview:-1"},"canonical":"https:\/\/comarcas.csm.org.pt\/leiria\/blog\/2025\/07\/10\/greve-do-procurador-da-republica-adia-acordao-no-tribunal-de-leiria-de-burlas-mb-way\/","og_locale":"pt_PT","og_type":"article","og_title":"Greve do procurador da Rep\u00fablica adia ac\u00f3rd\u00e3o no Tribunal de Leiria de burlas MB Way - Tribunal Judicial da Comarca de Leiria","og_description":"in &#8220;P\u00fablico.pt&#8221;, de 09.07.2025 A greve dos procuradores est\u00e1 a cancelar julgamentos e a paralisar v\u00e1rios tribunais do pa\u00eds, indicou o presidente do Sindicato Magistrados do Minist\u00e9rio P\u00fablico (SMMP), Paulo Lona. A leitura do ac\u00f3rd\u00e3o...","og_url":"https:\/\/comarcas.csm.org.pt\/leiria\/blog\/2025\/07\/10\/greve-do-procurador-da-republica-adia-acordao-no-tribunal-de-leiria-de-burlas-mb-way\/","og_site_name":"Tribunal Judicial da Comarca de Leiria","article_published_time":"2025-07-10T13:24:30+00:00","article_modified_time":"2025-07-10T13:24:31+00:00","author":"leiria","twitter_card":"summary_large_image","twitter_misc":{"Escrito por":"leiria","Tempo estimado de leitura":"3 minutos"},"schema":{"@context":"https:\/\/schema.org","@graph":[{"@type":"Article","@id":"https:\/\/comarcas.csm.org.pt\/leiria\/blog\/2025\/07\/10\/greve-do-procurador-da-republica-adia-acordao-no-tribunal-de-leiria-de-burlas-mb-way\/#article","isPartOf":{"@id":"https:\/\/comarcas.csm.org.pt\/leiria\/blog\/2025\/07\/10\/greve-do-procurador-da-republica-adia-acordao-no-tribunal-de-leiria-de-burlas-mb-way\/"},"author":{"name":"leiria","@id":"https:\/\/comarcas.csm.org.pt\/leiria\/#\/schema\/person\/9057b6fbd670d5a2e931712cd357d806"},"headline":"Greve do procurador da Rep\u00fablica adia ac\u00f3rd\u00e3o no Tribunal de Leiria de burlas MB Way","datePublished":"2025-07-10T13:24:30+00:00","dateModified":"2025-07-10T13:24:31+00:00","mainEntityOfPage":{"@id":"https:\/\/comarcas.csm.org.pt\/leiria\/blog\/2025\/07\/10\/greve-do-procurador-da-republica-adia-acordao-no-tribunal-de-leiria-de-burlas-mb-way\/"},"wordCount":618,"publisher":{"@id":"https:\/\/comarcas.csm.org.pt\/leiria\/#organization"},"articleSection":["Geral","Not\u00edcias"],"inLanguage":"pt-PT"},{"@type":"WebPage","@id":"https:\/\/comarcas.csm.org.pt\/leiria\/blog\/2025\/07\/10\/greve-do-procurador-da-republica-adia-acordao-no-tribunal-de-leiria-de-burlas-mb-way\/","url":"https:\/\/comarcas.csm.org.pt\/leiria\/blog\/2025\/07\/10\/greve-do-procurador-da-republica-adia-acordao-no-tribunal-de-leiria-de-burlas-mb-way\/","name":"Greve do procurador da Rep\u00fablica adia ac\u00f3rd\u00e3o no Tribunal de Leiria de burlas MB Way - Tribunal Judicial da Comarca de Leiria","isPartOf":{"@id":"https:\/\/comarcas.csm.org.pt\/leiria\/#website"},"datePublished":"2025-07-10T13:24:30+00:00","dateModified":"2025-07-10T13:24:31+00:00","breadcrumb":{"@id":"https:\/\/comarcas.csm.org.pt\/leiria\/blog\/2025\/07\/10\/greve-do-procurador-da-republica-adia-acordao-no-tribunal-de-leiria-de-burlas-mb-way\/#breadcrumb"},"inLanguage":"pt-PT","potentialAction":[{"@type":"ReadAction","target":["https:\/\/comarcas.csm.org.pt\/leiria\/blog\/2025\/07\/10\/greve-do-procurador-da-republica-adia-acordao-no-tribunal-de-leiria-de-burlas-mb-way\/"]}]},{"@type":"BreadcrumbList","@id":"https:\/\/comarcas.csm.org.pt\/leiria\/blog\/2025\/07\/10\/greve-do-procurador-da-republica-adia-acordao-no-tribunal-de-leiria-de-burlas-mb-way\/#breadcrumb","itemListElement":[{"@type":"ListItem","position":1,"name":"In\u00edcio","item":"https:\/\/comarcas.csm.org.pt\/leiria\/"},{"@type":"ListItem","position":2,"name":"Greve do procurador da Rep\u00fablica adia ac\u00f3rd\u00e3o no Tribunal de Leiria de burlas MB Way"}]},{"@type":"WebSite","@id":"https:\/\/comarcas.csm.org.pt\/leiria\/#website","url":"https:\/\/comarcas.csm.org.pt\/leiria\/","name":"Tribunal Judicial da Comarca de Leiria","description":"Tribunal Judicial da Comarca de Aveiro","publisher":{"@id":"https:\/\/comarcas.csm.org.pt\/leiria\/#organization"},"potentialAction":[{"@type":"SearchAction","target":{"@type":"EntryPoint","urlTemplate":"https:\/\/comarcas.csm.org.pt\/leiria\/?s={search_term_string}"},"query-input":{"@type":"PropertyValueSpecification","valueRequired":true,"valueName":"search_term_string"}}],"inLanguage":"pt-PT"},{"@type":"Organization","@id":"https:\/\/comarcas.csm.org.pt\/leiria\/#organization","name":"Tribunal Judicial da Comarca de Leiria","url":"https:\/\/comarcas.csm.org.pt\/leiria\/","logo":{"@type":"ImageObject","inLanguage":"pt-PT","@id":"https:\/\/comarcas.csm.org.pt\/leiria\/#\/schema\/logo\/image\/","url":"https:\/\/comarcas.csm.org.pt\/leiria\/wp-content\/uploads\/sites\/16\/2024\/11\/Leiria_positivo-horizontal.png","contentUrl":"https:\/\/comarcas.csm.org.pt\/leiria\/wp-content\/uploads\/sites\/16\/2024\/11\/Leiria_positivo-horizontal.png","width":5088,"height":890,"caption":"Tribunal Judicial da Comarca de Leiria"},"image":{"@id":"https:\/\/comarcas.csm.org.pt\/leiria\/#\/schema\/logo\/image\/"}},{"@type":"Person","@id":"https:\/\/comarcas.csm.org.pt\/leiria\/#\/schema\/person\/9057b6fbd670d5a2e931712cd357d806","name":"leiria","image":{"@type":"ImageObject","inLanguage":"pt-PT","@id":"https:\/\/comarcas.csm.org.pt\/leiria\/#\/schema\/person\/image\/","url":"https:\/\/secure.gravatar.com\/avatar\/399a72a2630b07d71a4e0167744303361d26ed8a993be2c5686bbe5ff44b469f?s=96&d=mm&r=g","contentUrl":"https:\/\/secure.gravatar.com\/avatar\/399a72a2630b07d71a4e0167744303361d26ed8a993be2c5686bbe5ff44b469f?s=96&d=mm&r=g","caption":"leiria"},"url":"https:\/\/comarcas.csm.org.pt\/leiria\/blog\/author\/leiria\/"}]}},"_links":{"self":[{"href":"https:\/\/comarcas.csm.org.pt\/leiria\/wp-json\/wp\/v2\/posts\/13250","targetHints":{"allow":["GET"]}}],"collection":[{"href":"https:\/\/comarcas.csm.org.pt\/leiria\/wp-json\/wp\/v2\/posts"}],"about":[{"href":"https:\/\/comarcas.csm.org.pt\/leiria\/wp-json\/wp\/v2\/types\/post"}],"author":[{"embeddable":true,"href":"https:\/\/comarcas.csm.org.pt\/leiria\/wp-json\/wp\/v2\/users\/16"}],"replies":[{"embeddable":true,"href":"https:\/\/comarcas.csm.org.pt\/leiria\/wp-json\/wp\/v2\/comments?post=13250"}],"version-history":[{"count":1,"href":"https:\/\/comarcas.csm.org.pt\/leiria\/wp-json\/wp\/v2\/posts\/13250\/revisions"}],"predecessor-version":[{"id":13251,"href":"https:\/\/comarcas.csm.org.pt\/leiria\/wp-json\/wp\/v2\/posts\/13250\/revisions\/13251"}],"wp:attachment":[{"href":"https:\/\/comarcas.csm.org.pt\/leiria\/wp-json\/wp\/v2\/media?parent=13250"}],"wp:term":[{"taxonomy":"category","embeddable":true,"href":"https:\/\/comarcas.csm.org.pt\/leiria\/wp-json\/wp\/v2\/categories?post=13250"},{"taxonomy":"post_tag","embeddable":true,"href":"https:\/\/comarcas.csm.org.pt\/leiria\/wp-json\/wp\/v2\/tags?post=13250"}],"curies":[{"name":"wp","href":"https:\/\/api.w.org\/{rel}","templated":true}]}}