{"id":13256,"date":"2025-07-11T16:03:33","date_gmt":"2025-07-11T16:03:33","guid":{"rendered":"https:\/\/comarcas.csm.org.pt\/leiria\/?p=13256"},"modified":"2025-07-11T16:03:35","modified_gmt":"2025-07-11T16:03:35","slug":"ministra-garante-que-sentenca-para-garantir-acessibilidades-em-tribunais-de-leiria-vai-ser-cumprida","status":"publish","type":"post","link":"https:\/\/comarcas.csm.org.pt\/leiria\/blog\/2025\/07\/11\/ministra-garante-que-sentenca-para-garantir-acessibilidades-em-tribunais-de-leiria-vai-ser-cumprida\/","title":{"rendered":"Ministra garante que senten\u00e7a para garantir acessibilidades em tribunais de Leiria vai ser cumprida"},"content":{"rendered":"\n<p><a href=\"https:\/\/www.diarioleiria.pt\/2025\/07\/10\/ministra-garante-que-sentenca-para-garantir-acessibilidades-em-tribunais-de-leiria-vai-ser-cumprida\/\">in &#8220;Di\u00e1rio de Leiria.pt&#8221;, 10-07-2025<\/a><\/p>\n\n\n\n<p>Em 2024, o Minist\u00e9rio da Justi\u00e7a e o Instituto de Gest\u00e3o Financeira e Equipamentos da Justi\u00e7a foram condenados a criar acessibilidades em tribunais de Leiria na sequ\u00eancia de uma a\u00e7\u00e3o interposta pela Associa\u00e7\u00e3o Salvador.<\/p>\n\n\n\n<p>A ministra da Justi\u00e7a assegurou que a tutela vai cumprir, \u201ccom a maior brevidade poss\u00edvel\u201d, a senten\u00e7a do Tribunal Administrativo e Fiscal de Leiria que determinou a cria\u00e7\u00e3o de acessibilidades em tribunais daquela cidade. \u201cVai cumpri-la [a senten\u00e7a] com a maior brevidade poss\u00edvel, porque est\u00e1 j\u00e1 um procedimento a decorrer. Isso n\u00e3o haja d\u00favida. N\u00f3s, no Minist\u00e9rio da Justi\u00e7a, tamb\u00e9m temos de dar um bom exemplo e queremos, nesse aspeto, tamb\u00e9m cumprir com a maior celeridade poss\u00edvel\u201d, afirmou Rita Alarc\u00e3o J\u00fadice, em Leiria.<br>Em setembro de 2024, aquele tribunal condenou o Minist\u00e9rio da Justi\u00e7a e o Instituto de Gest\u00e3o Financeira e Equipamentos da Justi\u00e7a (IGJEF) a criar acessibilidades em tribunais de Leiria na sequ\u00eancia de uma a\u00e7\u00e3o interposta pela Associa\u00e7\u00e3o Salvador. \u201c(\u2026) Julgo totalmente procedente a presente a\u00e7\u00e3o e, em consequ\u00eancia, condeno os demandados [minist\u00e9rio e instituto] a adotar os comportamentos necess\u00e1rios ao cumprimento das normas t\u00e9cnicas de acessibilidade previstas no Decreto-Lei n.\u00ba 163\/2006, de 08 de agosto\u201d, l\u00ea-se na senten\u00e7a do Tribunal Administrativo e Fiscal de Leiria ao qual a Lusa teve na altura acesso.<br>Aquele decreto-lei aprovou o regime da acessibilidade aos edif\u00edcios e estabelecimentos que recebem p\u00fablico, via p\u00fablica e edif\u00edcios habitacionais.<br>O IGFEJ tem, entre outras atribui\u00e7\u00f5es, a gest\u00e3o financeira e or\u00e7amental do Minist\u00e9rio da Justi\u00e7a, assim como assegurar a gest\u00e3o e manuten\u00e7\u00e3o do patrim\u00f3nio deste. Na ocasi\u00e3o, a tutela revelou que n\u00e3o iria recorrer da senten\u00e7a, \u201ctencionando desenvolver as dilig\u00eancias\u201d para a cumprir.<br>Esta quarta-feira, a ministra garantiu que o minist\u00e9rio \u201cest\u00e1 totalmente empenhado em criar as condi\u00e7\u00f5es de acessibilidade aos edif\u00edcios p\u00fablicos\u201d.<br>\u201cPor isso, fizemos uma grande for\u00e7a com todos os organismos da Justi\u00e7a, apresent\u00e1mos 36 candidaturas em sede PRR [Plano de Recupera\u00e7\u00e3o e Resili\u00eancia] para fundos que possam permitir a constru\u00e7\u00e3o de melhores acessibilidades, queremos trabalhar com a Associa\u00e7\u00e3o Salvador para ajudar a ultrapassar estes problemas\u201d, afian\u00e7ou. Segundo a titular da pasta da Justi\u00e7a, \u201c\u00e9 um compromisso tamb\u00e9m deste Governo dotar os organismos, quer os tribunais, quer os registos, quer os estabelecimentos prisionais, das acessibilidades que s\u00e3o impostas\u201d.<br>A a\u00e7\u00e3o popular tinha sido interposta pela Associa\u00e7\u00e3o Salvador em 11 de fevereiro de 2019, que alegou, entre outros aspetos, que o diploma de 2006 \u201cestipulou prazos de adapta\u00e7\u00e3o para o Estado e os particulares procederem \u00e0s altera\u00e7\u00f5es necess\u00e1rias nas instala\u00e7\u00f5es, nos edif\u00edcios, estabelecimentos, nos equipamentos e na via p\u00fablica, de modo a assegurar o cumprimento das normas t\u00e9cnicas de acessibilidade\u201d. A associa\u00e7\u00e3o sustentou que, \u201capesar de h\u00e1 muito decorridos os prazos previstos\u201d pelo decreto-lei, \u201cn\u00e3o foi ainda dado o devido cumprimento \u00e0s normas de adapta\u00e7\u00e3o dos edif\u00edcios do Tribunal Judicial de Leiria\u201d, consubstanciando uma \u201cintoler\u00e1vel discrimina\u00e7\u00e3o dos cidad\u00e3os com mobilidade reduzida\u201d.<br>A associa\u00e7\u00e3o identificou, no Pal\u00e1cio da Justi\u00e7a, no im\u00f3vel onde funciona o Ju\u00edzo do Trabalho e nos antigos edif\u00edcios do BNU (Ju\u00edzo Local C\u00edvel) e do liceu Rodrigues Lobo (ju\u00edzos de Com\u00e9rcio e Central C\u00edvel), na cidade de Leiria, barreiras arquitet\u00f3nicas.<br>A senten\u00e7a reconhece que aqueles edif\u00edcios \u201cincumprem, em v\u00e1rios aspetos, as regras t\u00e9cnicas de acessibilidade\u201d, e que minist\u00e9rio e IGFEJ \u201cs\u00e3o respons\u00e1veis pela implementa\u00e7\u00e3o das medidas necess\u00e1rias a colmatar as irregularidades\u201d. Nesse sentido, devem \u201cconjugar as respetivas compet\u00eancias e atribui\u00e7\u00f5es legais por forma a dotar\u201d aqueles edif\u00edcios das \u201cacessibilidades legalmente exigidas\u201d.<br>Entre outros aspetos, o Tribunal determinou a realiza\u00e7\u00e3o de obras para altera\u00e7\u00e3o da dimens\u00e3o de balc\u00f5es e guich\u00e9s de atendimento ou para alargar corredores, a instala\u00e7\u00e3o de rampas de acesso \u00e0s bancadas destinadas aos advogados em salas de audi\u00eancia ou a instala\u00e7\u00e3o de plataformas elevat\u00f3rias.<\/p>\n","protected":false},"excerpt":{"rendered":"<p>in &#8220;Di\u00e1rio de Leiria.pt&#8221;, 10-07-2025 Em 2024, o Minist\u00e9rio da Justi\u00e7a e o Instituto de Gest\u00e3o Financeira e Equipamentos da Justi\u00e7a foram condenados a criar acessibilidades em tribunais de Leiria na sequ\u00eancia de uma a\u00e7\u00e3o&#8230;<\/p>\n","protected":false},"author":16,"featured_media":13257,"comment_status":"closed","ping_status":"open","sticky":false,"template":"","format":"standard","meta":{"_tbt_post_transparent":"","_tbt_post_title":"","_tbt_post_layout":"","_tbt_post_sidebar_id":"","_tbt_post_content_style":"","_tbt_post_vertical_padding":"","_tbt_post_feature":"","_tbt_post_feature_position":"","_tbt_post_header":false,"_tbt_post_footer":false},"categories":[1,5],"tags":[],"class_list":["post-13256","post","type-post","status-publish","format-standard","has-post-thumbnail","hentry","category-geral","category-noticias"],"yoast_head":"<!-- This site is optimized with the Yoast SEO plugin v25.6 - https:\/\/yoast.com\/wordpress\/plugins\/seo\/ -->\n<title>Ministra garante que senten\u00e7a para garantir acessibilidades em tribunais de Leiria vai ser cumprida - Tribunal Judicial da Comarca de Leiria<\/title>\n<meta name=\"robots\" content=\"index, follow, max-snippet:-1, max-image-preview:large, max-video-preview:-1\" \/>\n<link rel=\"canonical\" href=\"https:\/\/comarcas.csm.org.pt\/leiria\/blog\/2025\/07\/11\/ministra-garante-que-sentenca-para-garantir-acessibilidades-em-tribunais-de-leiria-vai-ser-cumprida\/\" \/>\n<meta property=\"og:locale\" content=\"pt_PT\" \/>\n<meta property=\"og:type\" content=\"article\" \/>\n<meta property=\"og:title\" content=\"Ministra garante que senten\u00e7a para garantir acessibilidades em tribunais de Leiria vai ser cumprida - Tribunal Judicial da Comarca de Leiria\" \/>\n<meta property=\"og:description\" content=\"in &#8220;Di\u00e1rio de Leiria.pt&#8221;, 10-07-2025 Em 2024, o Minist\u00e9rio da Justi\u00e7a e o Instituto de Gest\u00e3o Financeira e Equipamentos da Justi\u00e7a foram condenados a criar acessibilidades em tribunais de Leiria na sequ\u00eancia de uma a\u00e7\u00e3o...\" \/>\n<meta property=\"og:url\" content=\"https:\/\/comarcas.csm.org.pt\/leiria\/blog\/2025\/07\/11\/ministra-garante-que-sentenca-para-garantir-acessibilidades-em-tribunais-de-leiria-vai-ser-cumprida\/\" \/>\n<meta property=\"og:site_name\" content=\"Tribunal Judicial da Comarca de Leiria\" \/>\n<meta property=\"article:published_time\" content=\"2025-07-11T16:03:33+00:00\" \/>\n<meta property=\"article:modified_time\" content=\"2025-07-11T16:03:35+00:00\" \/>\n<meta property=\"og:image\" content=\"https:\/\/comarcas.csm.org.pt\/leiria\/wp-content\/uploads\/sites\/16\/2025\/07\/image-1.png\" \/>\n\t<meta property=\"og:image:width\" content=\"1920\" \/>\n\t<meta property=\"og:image:height\" content=\"1082\" \/>\n\t<meta property=\"og:image:type\" content=\"image\/png\" \/>\n<meta name=\"author\" content=\"leiria\" \/>\n<meta name=\"twitter:card\" content=\"summary_large_image\" \/>\n<meta name=\"twitter:label1\" content=\"Escrito por\" \/>\n\t<meta name=\"twitter:data1\" content=\"leiria\" \/>\n\t<meta name=\"twitter:label2\" content=\"Tempo estimado de leitura\" \/>\n\t<meta name=\"twitter:data2\" content=\"4 minutos\" \/>\n<script type=\"application\/ld+json\" class=\"yoast-schema-graph\">{\"@context\":\"https:\/\/schema.org\",\"@graph\":[{\"@type\":\"Article\",\"@id\":\"https:\/\/comarcas.csm.org.pt\/leiria\/blog\/2025\/07\/11\/ministra-garante-que-sentenca-para-garantir-acessibilidades-em-tribunais-de-leiria-vai-ser-cumprida\/#article\",\"isPartOf\":{\"@id\":\"https:\/\/comarcas.csm.org.pt\/leiria\/blog\/2025\/07\/11\/ministra-garante-que-sentenca-para-garantir-acessibilidades-em-tribunais-de-leiria-vai-ser-cumprida\/\"},\"author\":{\"name\":\"leiria\",\"@id\":\"https:\/\/comarcas.csm.org.pt\/leiria\/#\/schema\/person\/9057b6fbd670d5a2e931712cd357d806\"},\"headline\":\"Ministra garante que senten\u00e7a para garantir acessibilidades em tribunais de Leiria vai ser cumprida\",\"datePublished\":\"2025-07-11T16:03:33+00:00\",\"dateModified\":\"2025-07-11T16:03:35+00:00\",\"mainEntityOfPage\":{\"@id\":\"https:\/\/comarcas.csm.org.pt\/leiria\/blog\/2025\/07\/11\/ministra-garante-que-sentenca-para-garantir-acessibilidades-em-tribunais-de-leiria-vai-ser-cumprida\/\"},\"wordCount\":738,\"publisher\":{\"@id\":\"https:\/\/comarcas.csm.org.pt\/leiria\/#organization\"},\"image\":{\"@id\":\"https:\/\/comarcas.csm.org.pt\/leiria\/blog\/2025\/07\/11\/ministra-garante-que-sentenca-para-garantir-acessibilidades-em-tribunais-de-leiria-vai-ser-cumprida\/#primaryimage\"},\"thumbnailUrl\":\"https:\/\/comarcas.csm.org.pt\/leiria\/wp-content\/uploads\/sites\/16\/2025\/07\/image-1.png\",\"articleSection\":[\"Geral\",\"Not\u00edcias\"],\"inLanguage\":\"pt-PT\"},{\"@type\":\"WebPage\",\"@id\":\"https:\/\/comarcas.csm.org.pt\/leiria\/blog\/2025\/07\/11\/ministra-garante-que-sentenca-para-garantir-acessibilidades-em-tribunais-de-leiria-vai-ser-cumprida\/\",\"url\":\"https:\/\/comarcas.csm.org.pt\/leiria\/blog\/2025\/07\/11\/ministra-garante-que-sentenca-para-garantir-acessibilidades-em-tribunais-de-leiria-vai-ser-cumprida\/\",\"name\":\"Ministra garante que senten\u00e7a para garantir acessibilidades em tribunais de Leiria vai ser cumprida - Tribunal Judicial da Comarca de Leiria\",\"isPartOf\":{\"@id\":\"https:\/\/comarcas.csm.org.pt\/leiria\/#website\"},\"primaryImageOfPage\":{\"@id\":\"https:\/\/comarcas.csm.org.pt\/leiria\/blog\/2025\/07\/11\/ministra-garante-que-sentenca-para-garantir-acessibilidades-em-tribunais-de-leiria-vai-ser-cumprida\/#primaryimage\"},\"image\":{\"@id\":\"https:\/\/comarcas.csm.org.pt\/leiria\/blog\/2025\/07\/11\/ministra-garante-que-sentenca-para-garantir-acessibilidades-em-tribunais-de-leiria-vai-ser-cumprida\/#primaryimage\"},\"thumbnailUrl\":\"https:\/\/comarcas.csm.org.pt\/leiria\/wp-content\/uploads\/sites\/16\/2025\/07\/image-1.png\",\"datePublished\":\"2025-07-11T16:03:33+00:00\",\"dateModified\":\"2025-07-11T16:03:35+00:00\",\"breadcrumb\":{\"@id\":\"https:\/\/comarcas.csm.org.pt\/leiria\/blog\/2025\/07\/11\/ministra-garante-que-sentenca-para-garantir-acessibilidades-em-tribunais-de-leiria-vai-ser-cumprida\/#breadcrumb\"},\"inLanguage\":\"pt-PT\",\"potentialAction\":[{\"@type\":\"ReadAction\",\"target\":[\"https:\/\/comarcas.csm.org.pt\/leiria\/blog\/2025\/07\/11\/ministra-garante-que-sentenca-para-garantir-acessibilidades-em-tribunais-de-leiria-vai-ser-cumprida\/\"]}]},{\"@type\":\"ImageObject\",\"inLanguage\":\"pt-PT\",\"@id\":\"https:\/\/comarcas.csm.org.pt\/leiria\/blog\/2025\/07\/11\/ministra-garante-que-sentenca-para-garantir-acessibilidades-em-tribunais-de-leiria-vai-ser-cumprida\/#primaryimage\",\"url\":\"https:\/\/comarcas.csm.org.pt\/leiria\/wp-content\/uploads\/sites\/16\/2025\/07\/image-1.png\",\"contentUrl\":\"https:\/\/comarcas.csm.org.pt\/leiria\/wp-content\/uploads\/sites\/16\/2025\/07\/image-1.png\",\"width\":1920,\"height\":1082},{\"@type\":\"BreadcrumbList\",\"@id\":\"https:\/\/comarcas.csm.org.pt\/leiria\/blog\/2025\/07\/11\/ministra-garante-que-sentenca-para-garantir-acessibilidades-em-tribunais-de-leiria-vai-ser-cumprida\/#breadcrumb\",\"itemListElement\":[{\"@type\":\"ListItem\",\"position\":1,\"name\":\"In\u00edcio\",\"item\":\"https:\/\/comarcas.csm.org.pt\/leiria\/\"},{\"@type\":\"ListItem\",\"position\":2,\"name\":\"Ministra garante que senten\u00e7a para garantir acessibilidades em tribunais de Leiria vai ser cumprida\"}]},{\"@type\":\"WebSite\",\"@id\":\"https:\/\/comarcas.csm.org.pt\/leiria\/#website\",\"url\":\"https:\/\/comarcas.csm.org.pt\/leiria\/\",\"name\":\"Tribunal Judicial da Comarca de Leiria\",\"description\":\"Tribunal Judicial da Comarca de Aveiro\",\"publisher\":{\"@id\":\"https:\/\/comarcas.csm.org.pt\/leiria\/#organization\"},\"potentialAction\":[{\"@type\":\"SearchAction\",\"target\":{\"@type\":\"EntryPoint\",\"urlTemplate\":\"https:\/\/comarcas.csm.org.pt\/leiria\/?s={search_term_string}\"},\"query-input\":{\"@type\":\"PropertyValueSpecification\",\"valueRequired\":true,\"valueName\":\"search_term_string\"}}],\"inLanguage\":\"pt-PT\"},{\"@type\":\"Organization\",\"@id\":\"https:\/\/comarcas.csm.org.pt\/leiria\/#organization\",\"name\":\"Tribunal Judicial da Comarca de Leiria\",\"url\":\"https:\/\/comarcas.csm.org.pt\/leiria\/\",\"logo\":{\"@type\":\"ImageObject\",\"inLanguage\":\"pt-PT\",\"@id\":\"https:\/\/comarcas.csm.org.pt\/leiria\/#\/schema\/logo\/image\/\",\"url\":\"https:\/\/comarcas.csm.org.pt\/leiria\/wp-content\/uploads\/sites\/16\/2024\/11\/Leiria_positivo-horizontal.png\",\"contentUrl\":\"https:\/\/comarcas.csm.org.pt\/leiria\/wp-content\/uploads\/sites\/16\/2024\/11\/Leiria_positivo-horizontal.png\",\"width\":5088,\"height\":890,\"caption\":\"Tribunal Judicial da Comarca de Leiria\"},\"image\":{\"@id\":\"https:\/\/comarcas.csm.org.pt\/leiria\/#\/schema\/logo\/image\/\"}},{\"@type\":\"Person\",\"@id\":\"https:\/\/comarcas.csm.org.pt\/leiria\/#\/schema\/person\/9057b6fbd670d5a2e931712cd357d806\",\"name\":\"leiria\",\"image\":{\"@type\":\"ImageObject\",\"inLanguage\":\"pt-PT\",\"@id\":\"https:\/\/comarcas.csm.org.pt\/leiria\/#\/schema\/person\/image\/\",\"url\":\"https:\/\/secure.gravatar.com\/avatar\/399a72a2630b07d71a4e0167744303361d26ed8a993be2c5686bbe5ff44b469f?s=96&d=mm&r=g\",\"contentUrl\":\"https:\/\/secure.gravatar.com\/avatar\/399a72a2630b07d71a4e0167744303361d26ed8a993be2c5686bbe5ff44b469f?s=96&d=mm&r=g\",\"caption\":\"leiria\"},\"url\":\"https:\/\/comarcas.csm.org.pt\/leiria\/blog\/author\/leiria\/\"}]}<\/script>\n<!-- \/ Yoast SEO plugin. -->","yoast_head_json":{"title":"Ministra garante que senten\u00e7a para garantir acessibilidades em tribunais de Leiria vai ser cumprida - Tribunal Judicial da Comarca de Leiria","robots":{"index":"index","follow":"follow","max-snippet":"max-snippet:-1","max-image-preview":"max-image-preview:large","max-video-preview":"max-video-preview:-1"},"canonical":"https:\/\/comarcas.csm.org.pt\/leiria\/blog\/2025\/07\/11\/ministra-garante-que-sentenca-para-garantir-acessibilidades-em-tribunais-de-leiria-vai-ser-cumprida\/","og_locale":"pt_PT","og_type":"article","og_title":"Ministra garante que senten\u00e7a para garantir acessibilidades em tribunais de Leiria vai ser cumprida - Tribunal Judicial da Comarca de Leiria","og_description":"in &#8220;Di\u00e1rio de Leiria.pt&#8221;, 10-07-2025 Em 2024, o Minist\u00e9rio da Justi\u00e7a e o Instituto de Gest\u00e3o Financeira e Equipamentos da Justi\u00e7a foram condenados a criar acessibilidades em tribunais de Leiria na sequ\u00eancia de uma a\u00e7\u00e3o...","og_url":"https:\/\/comarcas.csm.org.pt\/leiria\/blog\/2025\/07\/11\/ministra-garante-que-sentenca-para-garantir-acessibilidades-em-tribunais-de-leiria-vai-ser-cumprida\/","og_site_name":"Tribunal Judicial da Comarca de Leiria","article_published_time":"2025-07-11T16:03:33+00:00","article_modified_time":"2025-07-11T16:03:35+00:00","og_image":[{"width":1920,"height":1082,"url":"https:\/\/comarcas.csm.org.pt\/leiria\/wp-content\/uploads\/sites\/16\/2025\/07\/image-1.png","type":"image\/png"}],"author":"leiria","twitter_card":"summary_large_image","twitter_misc":{"Escrito por":"leiria","Tempo estimado de leitura":"4 minutos"},"schema":{"@context":"https:\/\/schema.org","@graph":[{"@type":"Article","@id":"https:\/\/comarcas.csm.org.pt\/leiria\/blog\/2025\/07\/11\/ministra-garante-que-sentenca-para-garantir-acessibilidades-em-tribunais-de-leiria-vai-ser-cumprida\/#article","isPartOf":{"@id":"https:\/\/comarcas.csm.org.pt\/leiria\/blog\/2025\/07\/11\/ministra-garante-que-sentenca-para-garantir-acessibilidades-em-tribunais-de-leiria-vai-ser-cumprida\/"},"author":{"name":"leiria","@id":"https:\/\/comarcas.csm.org.pt\/leiria\/#\/schema\/person\/9057b6fbd670d5a2e931712cd357d806"},"headline":"Ministra garante que senten\u00e7a para garantir acessibilidades em tribunais de Leiria vai ser cumprida","datePublished":"2025-07-11T16:03:33+00:00","dateModified":"2025-07-11T16:03:35+00:00","mainEntityOfPage":{"@id":"https:\/\/comarcas.csm.org.pt\/leiria\/blog\/2025\/07\/11\/ministra-garante-que-sentenca-para-garantir-acessibilidades-em-tribunais-de-leiria-vai-ser-cumprida\/"},"wordCount":738,"publisher":{"@id":"https:\/\/comarcas.csm.org.pt\/leiria\/#organization"},"image":{"@id":"https:\/\/comarcas.csm.org.pt\/leiria\/blog\/2025\/07\/11\/ministra-garante-que-sentenca-para-garantir-acessibilidades-em-tribunais-de-leiria-vai-ser-cumprida\/#primaryimage"},"thumbnailUrl":"https:\/\/comarcas.csm.org.pt\/leiria\/wp-content\/uploads\/sites\/16\/2025\/07\/image-1.png","articleSection":["Geral","Not\u00edcias"],"inLanguage":"pt-PT"},{"@type":"WebPage","@id":"https:\/\/comarcas.csm.org.pt\/leiria\/blog\/2025\/07\/11\/ministra-garante-que-sentenca-para-garantir-acessibilidades-em-tribunais-de-leiria-vai-ser-cumprida\/","url":"https:\/\/comarcas.csm.org.pt\/leiria\/blog\/2025\/07\/11\/ministra-garante-que-sentenca-para-garantir-acessibilidades-em-tribunais-de-leiria-vai-ser-cumprida\/","name":"Ministra garante que senten\u00e7a para garantir acessibilidades em tribunais de Leiria vai ser cumprida - Tribunal Judicial da Comarca de Leiria","isPartOf":{"@id":"https:\/\/comarcas.csm.org.pt\/leiria\/#website"},"primaryImageOfPage":{"@id":"https:\/\/comarcas.csm.org.pt\/leiria\/blog\/2025\/07\/11\/ministra-garante-que-sentenca-para-garantir-acessibilidades-em-tribunais-de-leiria-vai-ser-cumprida\/#primaryimage"},"image":{"@id":"https:\/\/comarcas.csm.org.pt\/leiria\/blog\/2025\/07\/11\/ministra-garante-que-sentenca-para-garantir-acessibilidades-em-tribunais-de-leiria-vai-ser-cumprida\/#primaryimage"},"thumbnailUrl":"https:\/\/comarcas.csm.org.pt\/leiria\/wp-content\/uploads\/sites\/16\/2025\/07\/image-1.png","datePublished":"2025-07-11T16:03:33+00:00","dateModified":"2025-07-11T16:03:35+00:00","breadcrumb":{"@id":"https:\/\/comarcas.csm.org.pt\/leiria\/blog\/2025\/07\/11\/ministra-garante-que-sentenca-para-garantir-acessibilidades-em-tribunais-de-leiria-vai-ser-cumprida\/#breadcrumb"},"inLanguage":"pt-PT","potentialAction":[{"@type":"ReadAction","target":["https:\/\/comarcas.csm.org.pt\/leiria\/blog\/2025\/07\/11\/ministra-garante-que-sentenca-para-garantir-acessibilidades-em-tribunais-de-leiria-vai-ser-cumprida\/"]}]},{"@type":"ImageObject","inLanguage":"pt-PT","@id":"https:\/\/comarcas.csm.org.pt\/leiria\/blog\/2025\/07\/11\/ministra-garante-que-sentenca-para-garantir-acessibilidades-em-tribunais-de-leiria-vai-ser-cumprida\/#primaryimage","url":"https:\/\/comarcas.csm.org.pt\/leiria\/wp-content\/uploads\/sites\/16\/2025\/07\/image-1.png","contentUrl":"https:\/\/comarcas.csm.org.pt\/leiria\/wp-content\/uploads\/sites\/16\/2025\/07\/image-1.png","width":1920,"height":1082},{"@type":"BreadcrumbList","@id":"https:\/\/comarcas.csm.org.pt\/leiria\/blog\/2025\/07\/11\/ministra-garante-que-sentenca-para-garantir-acessibilidades-em-tribunais-de-leiria-vai-ser-cumprida\/#breadcrumb","itemListElement":[{"@type":"ListItem","position":1,"name":"In\u00edcio","item":"https:\/\/comarcas.csm.org.pt\/leiria\/"},{"@type":"ListItem","position":2,"name":"Ministra garante que senten\u00e7a para garantir acessibilidades em tribunais de Leiria vai ser cumprida"}]},{"@type":"WebSite","@id":"https:\/\/comarcas.csm.org.pt\/leiria\/#website","url":"https:\/\/comarcas.csm.org.pt\/leiria\/","name":"Tribunal Judicial da Comarca de Leiria","description":"Tribunal Judicial da Comarca de Aveiro","publisher":{"@id":"https:\/\/comarcas.csm.org.pt\/leiria\/#organization"},"potentialAction":[{"@type":"SearchAction","target":{"@type":"EntryPoint","urlTemplate":"https:\/\/comarcas.csm.org.pt\/leiria\/?s={search_term_string}"},"query-input":{"@type":"PropertyValueSpecification","valueRequired":true,"valueName":"search_term_string"}}],"inLanguage":"pt-PT"},{"@type":"Organization","@id":"https:\/\/comarcas.csm.org.pt\/leiria\/#organization","name":"Tribunal Judicial da Comarca de Leiria","url":"https:\/\/comarcas.csm.org.pt\/leiria\/","logo":{"@type":"ImageObject","inLanguage":"pt-PT","@id":"https:\/\/comarcas.csm.org.pt\/leiria\/#\/schema\/logo\/image\/","url":"https:\/\/comarcas.csm.org.pt\/leiria\/wp-content\/uploads\/sites\/16\/2024\/11\/Leiria_positivo-horizontal.png","contentUrl":"https:\/\/comarcas.csm.org.pt\/leiria\/wp-content\/uploads\/sites\/16\/2024\/11\/Leiria_positivo-horizontal.png","width":5088,"height":890,"caption":"Tribunal Judicial da Comarca de Leiria"},"image":{"@id":"https:\/\/comarcas.csm.org.pt\/leiria\/#\/schema\/logo\/image\/"}},{"@type":"Person","@id":"https:\/\/comarcas.csm.org.pt\/leiria\/#\/schema\/person\/9057b6fbd670d5a2e931712cd357d806","name":"leiria","image":{"@type":"ImageObject","inLanguage":"pt-PT","@id":"https:\/\/comarcas.csm.org.pt\/leiria\/#\/schema\/person\/image\/","url":"https:\/\/secure.gravatar.com\/avatar\/399a72a2630b07d71a4e0167744303361d26ed8a993be2c5686bbe5ff44b469f?s=96&d=mm&r=g","contentUrl":"https:\/\/secure.gravatar.com\/avatar\/399a72a2630b07d71a4e0167744303361d26ed8a993be2c5686bbe5ff44b469f?s=96&d=mm&r=g","caption":"leiria"},"url":"https:\/\/comarcas.csm.org.pt\/leiria\/blog\/author\/leiria\/"}]}},"_links":{"self":[{"href":"https:\/\/comarcas.csm.org.pt\/leiria\/wp-json\/wp\/v2\/posts\/13256","targetHints":{"allow":["GET"]}}],"collection":[{"href":"https:\/\/comarcas.csm.org.pt\/leiria\/wp-json\/wp\/v2\/posts"}],"about":[{"href":"https:\/\/comarcas.csm.org.pt\/leiria\/wp-json\/wp\/v2\/types\/post"}],"author":[{"embeddable":true,"href":"https:\/\/comarcas.csm.org.pt\/leiria\/wp-json\/wp\/v2\/users\/16"}],"replies":[{"embeddable":true,"href":"https:\/\/comarcas.csm.org.pt\/leiria\/wp-json\/wp\/v2\/comments?post=13256"}],"version-history":[{"count":1,"href":"https:\/\/comarcas.csm.org.pt\/leiria\/wp-json\/wp\/v2\/posts\/13256\/revisions"}],"predecessor-version":[{"id":13258,"href":"https:\/\/comarcas.csm.org.pt\/leiria\/wp-json\/wp\/v2\/posts\/13256\/revisions\/13258"}],"wp:featuredmedia":[{"embeddable":true,"href":"https:\/\/comarcas.csm.org.pt\/leiria\/wp-json\/wp\/v2\/media\/13257"}],"wp:attachment":[{"href":"https:\/\/comarcas.csm.org.pt\/leiria\/wp-json\/wp\/v2\/media?parent=13256"}],"wp:term":[{"taxonomy":"category","embeddable":true,"href":"https:\/\/comarcas.csm.org.pt\/leiria\/wp-json\/wp\/v2\/categories?post=13256"},{"taxonomy":"post_tag","embeddable":true,"href":"https:\/\/comarcas.csm.org.pt\/leiria\/wp-json\/wp\/v2\/tags?post=13256"}],"curies":[{"name":"wp","href":"https:\/\/api.w.org\/{rel}","templated":true}]}}