{"id":13304,"date":"2025-07-17T13:17:04","date_gmt":"2025-07-17T13:17:04","guid":{"rendered":"https:\/\/comarcas.csm.org.pt\/leiria\/?p=13304"},"modified":"2025-07-17T13:17:05","modified_gmt":"2025-07-17T13:17:05","slug":"proprietaria-de-lar-ilegal-de-peniche-proibida-de-exercer-a-actividade","status":"publish","type":"post","link":"https:\/\/comarcas.csm.org.pt\/leiria\/blog\/2025\/07\/17\/proprietaria-de-lar-ilegal-de-peniche-proibida-de-exercer-a-actividade\/","title":{"rendered":"Propriet\u00e1ria de lar ilegal de Peniche proibida de exercer a actividade"},"content":{"rendered":"\n<p><a href=\"https:\/\/www.jornaldeleiria.pt\/noticia\/proprietaria-de-lar-ilegal-de-peniche-proibida-de-exercer-a-actividade\">in &#8220;JL -Jornal de Leiria.pt&#8221;, de 16.07.2025<\/a><\/p>\n\n\n\n<p>Estabelecimento foi encerrado no in\u00edcio da semana em Peniche pela Seguran\u00e7a Social por suspeita de maus-tratos.<\/p>\n\n\n\n<p>O Tribunal de Leiria proibiu hoje a propriet\u00e1ria de um lar ilegal, encerrado no in\u00edcio da semana em Peniche pela Seguran\u00e7a Social por suspeita de maus-tratos, de exercer a atividade e de contactar com idosos.<\/p>\n\n\n\n<p>Depois de ter sido hoje presente a primeiro interrogat\u00f3rio judicial, o Tribunal de Leiria aplicou como medida de coac\u00e7\u00e3o \u00e0 arguida, de 26 anos, a proibi\u00e7\u00e3o de exercer a actividade e de contactar com idosos, disse \u00e0 ag\u00eancia Lusa fonte oficial da GNR.<\/p>\n\n\n\n<p>Na segunda-feira, o Instituto da Seguran\u00e7a Social (ISS)&nbsp;<a href=\"https:\/\/www.jornaldeleiria.pt\/noticia\/lar-encerrado-em-peniche-por-suspeitas-de-maus-tratos\" target=\"_blank\" rel=\"noreferrer noopener\">encerrou o lar ilegal<\/a>&nbsp;em Casais Brancos, no concelho de Peniche, onde foram encontrados tr\u00eas idosos sozinhos e onde existem suspeitas de maus-tratos.<\/p>\n\n\n\n<p>\u201cO encerramento urgente \u00e9 decretado de forma imediata, na sequ\u00eancia de ac\u00e7\u00e3o de fiscaliza\u00e7\u00e3o do Instituto da Seguran\u00e7a Social, sempre que se verifique um perigo iminente para a vida dos utentes, procedendo-se de imediato \u00e0 retirada dos mesmos e ao respectivo encaminhamento para junto dos familiares ou outras respostas sociais condignas\u201d, justificou a Seguran\u00e7a Social em comunicado.<\/p>\n\n\n\n<p>Na ac\u00e7\u00e3o, os servi\u00e7os de fiscaliza\u00e7\u00e3o do Instituto da Seguran\u00e7a Social foram acompanhados pelo N\u00facleo de Investiga\u00e7\u00e3o e Apoio a V\u00edtimas Espec\u00edficas da GNR e pela Autoridade de Sa\u00fade do Oeste.<\/p>\n\n\n\n<p>A mesma fonte da GNR explicou que foi dado cumprimento a um mandado de busca e deten\u00e7\u00e3o do Minist\u00e9rio P\u00fablico de Peniche, no \u00e2mbito de uma investiga\u00e7\u00e3o que decorria h\u00e1 v\u00e1rios meses por haver \u201csuspeitas de maus-tratos a idosos\u201d neste lar ilegal do distrito de Leiria.<\/p>\n\n\n\n<p>\u201cUma das preocupa\u00e7\u00f5es seria cessar a actividade\u201d, adiantou aquela fonte, revelando que na ac\u00e7\u00e3o foi apreendido o sistema de videovigil\u00e2ncia do lar ilegal para efeitos de investiga\u00e7\u00e3o. \u201cA investiga\u00e7\u00e3o indicava haver mais pessoas, mas s\u00f3 encontr\u00e1mos tr\u00eas\u201d, referiu.<\/p>\n\n\n\n<p>Dois dos idosos foram encaminhados para as fam\u00edlias e o terceiro para uma Estrutura Residencial para Idosos licenciada.<\/p>\n\n\n\n<p><\/p>\n","protected":false},"excerpt":{"rendered":"<p>in &#8220;JL -Jornal de Leiria.pt&#8221;, de 16.07.2025 Estabelecimento foi encerrado no in\u00edcio da semana em Peniche pela Seguran\u00e7a Social por suspeita de maus-tratos. O Tribunal de Leiria proibiu hoje a propriet\u00e1ria de um lar ilegal,&#8230;<\/p>\n","protected":false},"author":16,"featured_media":0,"comment_status":"closed","ping_status":"open","sticky":false,"template":"","format":"standard","meta":{"_tbt_post_transparent":"","_tbt_post_title":"","_tbt_post_layout":"","_tbt_post_sidebar_id":"","_tbt_post_content_style":"","_tbt_post_vertical_padding":"","_tbt_post_feature":"","_tbt_post_feature_position":"","_tbt_post_header":false,"_tbt_post_footer":false},"categories":[1,5],"tags":[],"class_list":["post-13304","post","type-post","status-publish","format-standard","hentry","category-geral","category-noticias"],"yoast_head":"<!-- This site is optimized with the Yoast SEO plugin v25.6 - https:\/\/yoast.com\/wordpress\/plugins\/seo\/ -->\n<title>Propriet\u00e1ria de lar ilegal de Peniche proibida de exercer a actividade - Tribunal Judicial da Comarca de Leiria<\/title>\n<meta name=\"robots\" content=\"index, follow, max-snippet:-1, max-image-preview:large, max-video-preview:-1\" \/>\n<link rel=\"canonical\" href=\"https:\/\/comarcas.csm.org.pt\/leiria\/blog\/2025\/07\/17\/proprietaria-de-lar-ilegal-de-peniche-proibida-de-exercer-a-actividade\/\" \/>\n<meta property=\"og:locale\" content=\"pt_PT\" \/>\n<meta property=\"og:type\" content=\"article\" \/>\n<meta property=\"og:title\" content=\"Propriet\u00e1ria de lar ilegal de Peniche proibida de exercer a actividade - Tribunal Judicial da Comarca de Leiria\" \/>\n<meta property=\"og:description\" content=\"in &#8220;JL -Jornal de Leiria.pt&#8221;, de 16.07.2025 Estabelecimento foi encerrado no in\u00edcio da semana em Peniche pela Seguran\u00e7a Social por suspeita de maus-tratos. O Tribunal de Leiria proibiu hoje a propriet\u00e1ria de um lar ilegal,...\" \/>\n<meta property=\"og:url\" content=\"https:\/\/comarcas.csm.org.pt\/leiria\/blog\/2025\/07\/17\/proprietaria-de-lar-ilegal-de-peniche-proibida-de-exercer-a-actividade\/\" \/>\n<meta property=\"og:site_name\" content=\"Tribunal Judicial da Comarca de Leiria\" \/>\n<meta property=\"article:published_time\" content=\"2025-07-17T13:17:04+00:00\" \/>\n<meta property=\"article:modified_time\" content=\"2025-07-17T13:17:05+00:00\" \/>\n<meta name=\"author\" content=\"leiria\" \/>\n<meta name=\"twitter:card\" content=\"summary_large_image\" \/>\n<meta name=\"twitter:label1\" content=\"Escrito por\" \/>\n\t<meta name=\"twitter:data1\" content=\"leiria\" \/>\n\t<meta name=\"twitter:label2\" content=\"Tempo estimado de leitura\" \/>\n\t<meta name=\"twitter:data2\" content=\"2 minutos\" \/>\n<script type=\"application\/ld+json\" class=\"yoast-schema-graph\">{\"@context\":\"https:\/\/schema.org\",\"@graph\":[{\"@type\":\"Article\",\"@id\":\"https:\/\/comarcas.csm.org.pt\/leiria\/blog\/2025\/07\/17\/proprietaria-de-lar-ilegal-de-peniche-proibida-de-exercer-a-actividade\/#article\",\"isPartOf\":{\"@id\":\"https:\/\/comarcas.csm.org.pt\/leiria\/blog\/2025\/07\/17\/proprietaria-de-lar-ilegal-de-peniche-proibida-de-exercer-a-actividade\/\"},\"author\":{\"name\":\"leiria\",\"@id\":\"https:\/\/comarcas.csm.org.pt\/leiria\/#\/schema\/person\/9057b6fbd670d5a2e931712cd357d806\"},\"headline\":\"Propriet\u00e1ria de lar ilegal de Peniche proibida de exercer a actividade\",\"datePublished\":\"2025-07-17T13:17:04+00:00\",\"dateModified\":\"2025-07-17T13:17:05+00:00\",\"mainEntityOfPage\":{\"@id\":\"https:\/\/comarcas.csm.org.pt\/leiria\/blog\/2025\/07\/17\/proprietaria-de-lar-ilegal-de-peniche-proibida-de-exercer-a-actividade\/\"},\"wordCount\":369,\"publisher\":{\"@id\":\"https:\/\/comarcas.csm.org.pt\/leiria\/#organization\"},\"articleSection\":[\"Geral\",\"Not\u00edcias\"],\"inLanguage\":\"pt-PT\"},{\"@type\":\"WebPage\",\"@id\":\"https:\/\/comarcas.csm.org.pt\/leiria\/blog\/2025\/07\/17\/proprietaria-de-lar-ilegal-de-peniche-proibida-de-exercer-a-actividade\/\",\"url\":\"https:\/\/comarcas.csm.org.pt\/leiria\/blog\/2025\/07\/17\/proprietaria-de-lar-ilegal-de-peniche-proibida-de-exercer-a-actividade\/\",\"name\":\"Propriet\u00e1ria de lar ilegal de Peniche proibida de exercer a actividade - Tribunal Judicial da Comarca de Leiria\",\"isPartOf\":{\"@id\":\"https:\/\/comarcas.csm.org.pt\/leiria\/#website\"},\"datePublished\":\"2025-07-17T13:17:04+00:00\",\"dateModified\":\"2025-07-17T13:17:05+00:00\",\"breadcrumb\":{\"@id\":\"https:\/\/comarcas.csm.org.pt\/leiria\/blog\/2025\/07\/17\/proprietaria-de-lar-ilegal-de-peniche-proibida-de-exercer-a-actividade\/#breadcrumb\"},\"inLanguage\":\"pt-PT\",\"potentialAction\":[{\"@type\":\"ReadAction\",\"target\":[\"https:\/\/comarcas.csm.org.pt\/leiria\/blog\/2025\/07\/17\/proprietaria-de-lar-ilegal-de-peniche-proibida-de-exercer-a-actividade\/\"]}]},{\"@type\":\"BreadcrumbList\",\"@id\":\"https:\/\/comarcas.csm.org.pt\/leiria\/blog\/2025\/07\/17\/proprietaria-de-lar-ilegal-de-peniche-proibida-de-exercer-a-actividade\/#breadcrumb\",\"itemListElement\":[{\"@type\":\"ListItem\",\"position\":1,\"name\":\"In\u00edcio\",\"item\":\"https:\/\/comarcas.csm.org.pt\/leiria\/\"},{\"@type\":\"ListItem\",\"position\":2,\"name\":\"Propriet\u00e1ria de lar ilegal de Peniche proibida de exercer a actividade\"}]},{\"@type\":\"WebSite\",\"@id\":\"https:\/\/comarcas.csm.org.pt\/leiria\/#website\",\"url\":\"https:\/\/comarcas.csm.org.pt\/leiria\/\",\"name\":\"Tribunal Judicial da Comarca de Leiria\",\"description\":\"Tribunal Judicial da Comarca de Aveiro\",\"publisher\":{\"@id\":\"https:\/\/comarcas.csm.org.pt\/leiria\/#organization\"},\"potentialAction\":[{\"@type\":\"SearchAction\",\"target\":{\"@type\":\"EntryPoint\",\"urlTemplate\":\"https:\/\/comarcas.csm.org.pt\/leiria\/?s={search_term_string}\"},\"query-input\":{\"@type\":\"PropertyValueSpecification\",\"valueRequired\":true,\"valueName\":\"search_term_string\"}}],\"inLanguage\":\"pt-PT\"},{\"@type\":\"Organization\",\"@id\":\"https:\/\/comarcas.csm.org.pt\/leiria\/#organization\",\"name\":\"Tribunal Judicial da Comarca de Leiria\",\"url\":\"https:\/\/comarcas.csm.org.pt\/leiria\/\",\"logo\":{\"@type\":\"ImageObject\",\"inLanguage\":\"pt-PT\",\"@id\":\"https:\/\/comarcas.csm.org.pt\/leiria\/#\/schema\/logo\/image\/\",\"url\":\"https:\/\/comarcas.csm.org.pt\/leiria\/wp-content\/uploads\/sites\/16\/2024\/11\/Leiria_positivo-horizontal.png\",\"contentUrl\":\"https:\/\/comarcas.csm.org.pt\/leiria\/wp-content\/uploads\/sites\/16\/2024\/11\/Leiria_positivo-horizontal.png\",\"width\":5088,\"height\":890,\"caption\":\"Tribunal Judicial da Comarca de Leiria\"},\"image\":{\"@id\":\"https:\/\/comarcas.csm.org.pt\/leiria\/#\/schema\/logo\/image\/\"}},{\"@type\":\"Person\",\"@id\":\"https:\/\/comarcas.csm.org.pt\/leiria\/#\/schema\/person\/9057b6fbd670d5a2e931712cd357d806\",\"name\":\"leiria\",\"image\":{\"@type\":\"ImageObject\",\"inLanguage\":\"pt-PT\",\"@id\":\"https:\/\/comarcas.csm.org.pt\/leiria\/#\/schema\/person\/image\/\",\"url\":\"https:\/\/secure.gravatar.com\/avatar\/399a72a2630b07d71a4e0167744303361d26ed8a993be2c5686bbe5ff44b469f?s=96&d=mm&r=g\",\"contentUrl\":\"https:\/\/secure.gravatar.com\/avatar\/399a72a2630b07d71a4e0167744303361d26ed8a993be2c5686bbe5ff44b469f?s=96&d=mm&r=g\",\"caption\":\"leiria\"},\"url\":\"https:\/\/comarcas.csm.org.pt\/leiria\/blog\/author\/leiria\/\"}]}<\/script>\n<!-- \/ Yoast SEO plugin. -->","yoast_head_json":{"title":"Propriet\u00e1ria de lar ilegal de Peniche proibida de exercer a actividade - Tribunal Judicial da Comarca de Leiria","robots":{"index":"index","follow":"follow","max-snippet":"max-snippet:-1","max-image-preview":"max-image-preview:large","max-video-preview":"max-video-preview:-1"},"canonical":"https:\/\/comarcas.csm.org.pt\/leiria\/blog\/2025\/07\/17\/proprietaria-de-lar-ilegal-de-peniche-proibida-de-exercer-a-actividade\/","og_locale":"pt_PT","og_type":"article","og_title":"Propriet\u00e1ria de lar ilegal de Peniche proibida de exercer a actividade - Tribunal Judicial da Comarca de Leiria","og_description":"in &#8220;JL -Jornal de Leiria.pt&#8221;, de 16.07.2025 Estabelecimento foi encerrado no in\u00edcio da semana em Peniche pela Seguran\u00e7a Social por suspeita de maus-tratos. O Tribunal de Leiria proibiu hoje a propriet\u00e1ria de um lar ilegal,...","og_url":"https:\/\/comarcas.csm.org.pt\/leiria\/blog\/2025\/07\/17\/proprietaria-de-lar-ilegal-de-peniche-proibida-de-exercer-a-actividade\/","og_site_name":"Tribunal Judicial da Comarca de Leiria","article_published_time":"2025-07-17T13:17:04+00:00","article_modified_time":"2025-07-17T13:17:05+00:00","author":"leiria","twitter_card":"summary_large_image","twitter_misc":{"Escrito por":"leiria","Tempo estimado de leitura":"2 minutos"},"schema":{"@context":"https:\/\/schema.org","@graph":[{"@type":"Article","@id":"https:\/\/comarcas.csm.org.pt\/leiria\/blog\/2025\/07\/17\/proprietaria-de-lar-ilegal-de-peniche-proibida-de-exercer-a-actividade\/#article","isPartOf":{"@id":"https:\/\/comarcas.csm.org.pt\/leiria\/blog\/2025\/07\/17\/proprietaria-de-lar-ilegal-de-peniche-proibida-de-exercer-a-actividade\/"},"author":{"name":"leiria","@id":"https:\/\/comarcas.csm.org.pt\/leiria\/#\/schema\/person\/9057b6fbd670d5a2e931712cd357d806"},"headline":"Propriet\u00e1ria de lar ilegal de Peniche proibida de exercer a actividade","datePublished":"2025-07-17T13:17:04+00:00","dateModified":"2025-07-17T13:17:05+00:00","mainEntityOfPage":{"@id":"https:\/\/comarcas.csm.org.pt\/leiria\/blog\/2025\/07\/17\/proprietaria-de-lar-ilegal-de-peniche-proibida-de-exercer-a-actividade\/"},"wordCount":369,"publisher":{"@id":"https:\/\/comarcas.csm.org.pt\/leiria\/#organization"},"articleSection":["Geral","Not\u00edcias"],"inLanguage":"pt-PT"},{"@type":"WebPage","@id":"https:\/\/comarcas.csm.org.pt\/leiria\/blog\/2025\/07\/17\/proprietaria-de-lar-ilegal-de-peniche-proibida-de-exercer-a-actividade\/","url":"https:\/\/comarcas.csm.org.pt\/leiria\/blog\/2025\/07\/17\/proprietaria-de-lar-ilegal-de-peniche-proibida-de-exercer-a-actividade\/","name":"Propriet\u00e1ria de lar ilegal de Peniche proibida de exercer a actividade - Tribunal Judicial da Comarca de Leiria","isPartOf":{"@id":"https:\/\/comarcas.csm.org.pt\/leiria\/#website"},"datePublished":"2025-07-17T13:17:04+00:00","dateModified":"2025-07-17T13:17:05+00:00","breadcrumb":{"@id":"https:\/\/comarcas.csm.org.pt\/leiria\/blog\/2025\/07\/17\/proprietaria-de-lar-ilegal-de-peniche-proibida-de-exercer-a-actividade\/#breadcrumb"},"inLanguage":"pt-PT","potentialAction":[{"@type":"ReadAction","target":["https:\/\/comarcas.csm.org.pt\/leiria\/blog\/2025\/07\/17\/proprietaria-de-lar-ilegal-de-peniche-proibida-de-exercer-a-actividade\/"]}]},{"@type":"BreadcrumbList","@id":"https:\/\/comarcas.csm.org.pt\/leiria\/blog\/2025\/07\/17\/proprietaria-de-lar-ilegal-de-peniche-proibida-de-exercer-a-actividade\/#breadcrumb","itemListElement":[{"@type":"ListItem","position":1,"name":"In\u00edcio","item":"https:\/\/comarcas.csm.org.pt\/leiria\/"},{"@type":"ListItem","position":2,"name":"Propriet\u00e1ria de lar ilegal de Peniche proibida de exercer a actividade"}]},{"@type":"WebSite","@id":"https:\/\/comarcas.csm.org.pt\/leiria\/#website","url":"https:\/\/comarcas.csm.org.pt\/leiria\/","name":"Tribunal Judicial da Comarca de Leiria","description":"Tribunal Judicial da Comarca de Aveiro","publisher":{"@id":"https:\/\/comarcas.csm.org.pt\/leiria\/#organization"},"potentialAction":[{"@type":"SearchAction","target":{"@type":"EntryPoint","urlTemplate":"https:\/\/comarcas.csm.org.pt\/leiria\/?s={search_term_string}"},"query-input":{"@type":"PropertyValueSpecification","valueRequired":true,"valueName":"search_term_string"}}],"inLanguage":"pt-PT"},{"@type":"Organization","@id":"https:\/\/comarcas.csm.org.pt\/leiria\/#organization","name":"Tribunal Judicial da Comarca de Leiria","url":"https:\/\/comarcas.csm.org.pt\/leiria\/","logo":{"@type":"ImageObject","inLanguage":"pt-PT","@id":"https:\/\/comarcas.csm.org.pt\/leiria\/#\/schema\/logo\/image\/","url":"https:\/\/comarcas.csm.org.pt\/leiria\/wp-content\/uploads\/sites\/16\/2024\/11\/Leiria_positivo-horizontal.png","contentUrl":"https:\/\/comarcas.csm.org.pt\/leiria\/wp-content\/uploads\/sites\/16\/2024\/11\/Leiria_positivo-horizontal.png","width":5088,"height":890,"caption":"Tribunal Judicial da Comarca de Leiria"},"image":{"@id":"https:\/\/comarcas.csm.org.pt\/leiria\/#\/schema\/logo\/image\/"}},{"@type":"Person","@id":"https:\/\/comarcas.csm.org.pt\/leiria\/#\/schema\/person\/9057b6fbd670d5a2e931712cd357d806","name":"leiria","image":{"@type":"ImageObject","inLanguage":"pt-PT","@id":"https:\/\/comarcas.csm.org.pt\/leiria\/#\/schema\/person\/image\/","url":"https:\/\/secure.gravatar.com\/avatar\/399a72a2630b07d71a4e0167744303361d26ed8a993be2c5686bbe5ff44b469f?s=96&d=mm&r=g","contentUrl":"https:\/\/secure.gravatar.com\/avatar\/399a72a2630b07d71a4e0167744303361d26ed8a993be2c5686bbe5ff44b469f?s=96&d=mm&r=g","caption":"leiria"},"url":"https:\/\/comarcas.csm.org.pt\/leiria\/blog\/author\/leiria\/"}]}},"_links":{"self":[{"href":"https:\/\/comarcas.csm.org.pt\/leiria\/wp-json\/wp\/v2\/posts\/13304","targetHints":{"allow":["GET"]}}],"collection":[{"href":"https:\/\/comarcas.csm.org.pt\/leiria\/wp-json\/wp\/v2\/posts"}],"about":[{"href":"https:\/\/comarcas.csm.org.pt\/leiria\/wp-json\/wp\/v2\/types\/post"}],"author":[{"embeddable":true,"href":"https:\/\/comarcas.csm.org.pt\/leiria\/wp-json\/wp\/v2\/users\/16"}],"replies":[{"embeddable":true,"href":"https:\/\/comarcas.csm.org.pt\/leiria\/wp-json\/wp\/v2\/comments?post=13304"}],"version-history":[{"count":1,"href":"https:\/\/comarcas.csm.org.pt\/leiria\/wp-json\/wp\/v2\/posts\/13304\/revisions"}],"predecessor-version":[{"id":13305,"href":"https:\/\/comarcas.csm.org.pt\/leiria\/wp-json\/wp\/v2\/posts\/13304\/revisions\/13305"}],"wp:attachment":[{"href":"https:\/\/comarcas.csm.org.pt\/leiria\/wp-json\/wp\/v2\/media?parent=13304"}],"wp:term":[{"taxonomy":"category","embeddable":true,"href":"https:\/\/comarcas.csm.org.pt\/leiria\/wp-json\/wp\/v2\/categories?post=13304"},{"taxonomy":"post_tag","embeddable":true,"href":"https:\/\/comarcas.csm.org.pt\/leiria\/wp-json\/wp\/v2\/tags?post=13304"}],"curies":[{"name":"wp","href":"https:\/\/api.w.org\/{rel}","templated":true}]}}