{"id":13463,"date":"2025-11-13T12:07:37","date_gmt":"2025-11-13T12:07:37","guid":{"rendered":"https:\/\/comarcas.csm.org.pt\/leiria\/?p=13463"},"modified":"2025-11-13T12:07:39","modified_gmt":"2025-11-13T12:07:39","slug":"supremo-reduz-para-20-anos-pena-de-prisao-a-homem-que-matou-mulher-em-porto-de-mos","status":"publish","type":"post","link":"https:\/\/comarcas.csm.org.pt\/leiria\/blog\/2025\/11\/13\/supremo-reduz-para-20-anos-pena-de-prisao-a-homem-que-matou-mulher-em-porto-de-mos\/","title":{"rendered":"Supremo reduz para 20 anos pena de pris\u00e3o a homem que matou mulher em Porto de\u00a0M\u00f3s"},"content":{"rendered":"\n<p>In <a href=\"https:\/\/observador.pt\/2025\/11\/12\/supremo-reduz-para-20-anos-pena-de-prisao-a-homem-que-matou-mulher-em-porto-de-mos\/\">&#8220;Observador&#8221;<\/a>, de 12.11.2025<\/p>\n\n\n\n<p>Mulher disse ao marido que queria separar-se. Homem agrediu-a com v\u00e1rios golpes at\u00e9 esta morrer. Em maio de 2025, o Tribunal condenou-o a 22 anos de pris\u00e3o mas agora pena foi reduzida em dois anos.<\/p>\n\n\n\n<p>O Supremo Tribunal de Justi\u00e7a reduziu para 20 anos a pena de pris\u00e3o para um homem que matou a mulher, em maio de 2024, em Porto de M\u00f3s, segundo o ac\u00f3rd\u00e3o ao qual a Lusa teve esta quarta-feira acesso.<\/p>\n\n\n\n<p>\u201c(\u2026) Ponderando todas as circunst\u00e2ncias do caso e tendo em considera\u00e7\u00e3o os crit\u00e9rios jurisprudenciais vigentes, justifica-se uma corre\u00e7\u00e3o quanto \u00e0 pena aplicada ao arguido, reduzindo-se a pena de 22 anos de pris\u00e3o em que foi condenado, para a pena de 20 anos de pris\u00e3o que entendemos adequada, justa e proporcional, ao mesmo tempo suficiente para satisfazer as exig\u00eancias de preven\u00e7\u00e3o, respeitando a medida da culpa\u201d, l\u00ea-se no ac\u00f3rd\u00e3o datado da semana passada.<\/p>\n\n\n\n<p>Em maio \u00faltimo, o Tribunal Judicial de Leiria condenou o arguido a 22 anos de pris\u00e3o pelo crime de homic\u00eddio qualificado da mulher.<\/p>\n\n\n\n<p>O coletivo de ju\u00edzes da 1.\u00aa inst\u00e2ncia, que declarou a indignidade sucess\u00f3ria do arguido, ent\u00e3o de 56 anos, condenou-o ainda a pagar aos dois filhos, maiores de idade, 30 mil euros pela perce\u00e7\u00e3o da morte, 100 mil euros pelo dano morte e 70 mil euros pelo dano moral.<\/p>\n\n\n\n<p>O homem, detido preventivamente, vai ainda ter de indemnizar a Unidade Local de Sa\u00fade (ULS) de Coimbra em 74.106,17 euros e a ULS da Regi\u00e3o de Leiria em 105,31 euros.<\/p>\n\n\n\n<p>O crime aconteceu em maio de 2024, depois de a mulher ter comunicado ao marido que queria separar-se.<\/p>\n\n\n\n<p>Na tarde de dia 25, o arguido, num anexo da resid\u00eancia, desferiu, com uma maceta de ferro, v\u00e1rias pancadas na cabe\u00e7a da mulher e, n\u00e3o obstante esta se ter tentado defender, aquele continuou a bater-lhe noutras partes do corpo.<\/p>\n\n\n\n<p>J\u00e1 depois de a v\u00edtima cair ao ch\u00e3o, o homem continuou a desferir-lhe pancadas com a maceta.<\/p>\n\n\n\n<p>Ap\u00f3s se certificar de que a mulher estava morta, o arguido telefonou para o n\u00famero nacional de emerg\u00eancia, pedindo a presen\u00e7a da pol\u00edcia, pois tinha matado a mulher, falando de forma percet\u00edvel e aud\u00edvel.<\/p>\n\n\n\n<p>Depois, com uma faca, infligiu a si pr\u00f3prio cortes, incluindo no pesco\u00e7o, pelo que n\u00e3o conseguia verbalizar, expressando-se apenas por gestos.<\/p>\n\n\n\n<p>O tribunal de 1.\u00aa inst\u00e2ncia n\u00e3o deu como provado, entre outros aspetos, que a rela\u00e7\u00e3o do casal tenha come\u00e7ado a ser pautada pelo distanciamento e que o arguido tenha agido por ci\u00fames, como sustentava no despacho de acusa\u00e7\u00e3o o Minist\u00e9rio P\u00fablico, confirmado tamb\u00e9m por um juiz de instru\u00e7\u00e3o.<\/p>\n\n\n\n<p>Em julgamento, o homem disse n\u00e3o se lembrar de ter matado a mulher, alegou que aquela o atacou, confirmou o telefonema para o 112 e negou ter autoinfligido cortes.<\/p>\n\n\n\n<p>No ac\u00f3rd\u00e3o do Supremo, os ju\u00edzes conselheiros sustentam que se tinha acentuado o distanciamento entre o casal, num casamento sem viol\u00eancia, e que o arguido, sem antecedentes criminais, \u201cao ver a esposa morta, telefonou \u00e0 pol\u00edcia e confessou que a tinha acabado de matar, permanecendo no mesmo local, e, munido de uma faca, infligiu a si pr\u00f3prio dois cortes\u201d, um deles no pesco\u00e7o.<\/p>\n\n\n\n<p>\u201cAssim, o facto de o arguido ter logo pedido ajuda, confessando que matou a esposa e tentado o suic\u00eddio de forma cred\u00edvel, atenta a gravidade dos golpes e, tendo em conta todo o demais circunstancialismo,<strong>&nbsp;este comportamento n\u00e3o pode deixar de ser visto como um sinal de arrependimento<\/strong>\u201c, factos que o Tribunal de Leiria \u201cn\u00e3o valorizou como tal\u201d, l\u00ea-se no documento.<\/p>\n\n\n\n<p>Na delibera\u00e7\u00e3o, reafirma-se, todavia, que \u201cas exig\u00eancias de preven\u00e7\u00e3o geral assumem aqui uma especial intensidade e deve ter-se em devida aten\u00e7\u00e3o a intensidade da culpa do arguido manifestada na execu\u00e7\u00e3o do crime, revelando uma personalidade particularmente desvaliosa na execu\u00e7\u00e3o do crime de homic\u00eddio\u201d.<\/p>\n","protected":false},"excerpt":{"rendered":"<p>In &#8220;Observador&#8221;, de 12.11.2025 Mulher disse ao marido que queria separar-se. Homem agrediu-a com v\u00e1rios golpes at\u00e9 esta morrer. Em maio de 2025, o Tribunal condenou-o a 22 anos de pris\u00e3o mas agora pena foi&#8230;<\/p>\n","protected":false},"author":16,"featured_media":0,"comment_status":"closed","ping_status":"open","sticky":false,"template":"","format":"standard","meta":{"_tbt_post_transparent":"","_tbt_post_title":"","_tbt_post_layout":"","_tbt_post_sidebar_id":"","_tbt_post_content_style":"","_tbt_post_vertical_padding":"","_tbt_post_feature":"","_tbt_post_feature_position":"","_tbt_post_header":false,"_tbt_post_footer":false},"categories":[1,5],"tags":[],"class_list":["post-13463","post","type-post","status-publish","format-standard","hentry","category-geral","category-noticias"],"yoast_head":"<!-- This site is optimized with the Yoast SEO plugin v25.6 - https:\/\/yoast.com\/wordpress\/plugins\/seo\/ -->\n<title>Supremo reduz para 20 anos pena de pris\u00e3o a homem que matou mulher em Porto de\u00a0M\u00f3s - Tribunal Judicial da Comarca de Leiria<\/title>\n<meta name=\"robots\" content=\"index, follow, max-snippet:-1, max-image-preview:large, max-video-preview:-1\" \/>\n<link rel=\"canonical\" href=\"https:\/\/comarcas.csm.org.pt\/leiria\/blog\/2025\/11\/13\/supremo-reduz-para-20-anos-pena-de-prisao-a-homem-que-matou-mulher-em-porto-de-mos\/\" \/>\n<meta property=\"og:locale\" content=\"pt_PT\" \/>\n<meta property=\"og:type\" content=\"article\" \/>\n<meta property=\"og:title\" content=\"Supremo reduz para 20 anos pena de pris\u00e3o a homem que matou mulher em Porto de\u00a0M\u00f3s - Tribunal Judicial da Comarca de Leiria\" \/>\n<meta property=\"og:description\" content=\"In &#8220;Observador&#8221;, de 12.11.2025 Mulher disse ao marido que queria separar-se. Homem agrediu-a com v\u00e1rios golpes at\u00e9 esta morrer. Em maio de 2025, o Tribunal condenou-o a 22 anos de pris\u00e3o mas agora pena foi...\" \/>\n<meta property=\"og:url\" content=\"https:\/\/comarcas.csm.org.pt\/leiria\/blog\/2025\/11\/13\/supremo-reduz-para-20-anos-pena-de-prisao-a-homem-que-matou-mulher-em-porto-de-mos\/\" \/>\n<meta property=\"og:site_name\" content=\"Tribunal Judicial da Comarca de Leiria\" \/>\n<meta property=\"article:published_time\" content=\"2025-11-13T12:07:37+00:00\" \/>\n<meta property=\"article:modified_time\" content=\"2025-11-13T12:07:39+00:00\" \/>\n<meta name=\"author\" content=\"leiria\" \/>\n<meta name=\"twitter:card\" content=\"summary_large_image\" \/>\n<meta name=\"twitter:label1\" content=\"Escrito por\" \/>\n\t<meta name=\"twitter:data1\" content=\"leiria\" \/>\n\t<meta name=\"twitter:label2\" content=\"Tempo estimado de leitura\" \/>\n\t<meta name=\"twitter:data2\" content=\"4 minutos\" \/>\n<script type=\"application\/ld+json\" class=\"yoast-schema-graph\">{\"@context\":\"https:\/\/schema.org\",\"@graph\":[{\"@type\":\"Article\",\"@id\":\"https:\/\/comarcas.csm.org.pt\/leiria\/blog\/2025\/11\/13\/supremo-reduz-para-20-anos-pena-de-prisao-a-homem-que-matou-mulher-em-porto-de-mos\/#article\",\"isPartOf\":{\"@id\":\"https:\/\/comarcas.csm.org.pt\/leiria\/blog\/2025\/11\/13\/supremo-reduz-para-20-anos-pena-de-prisao-a-homem-que-matou-mulher-em-porto-de-mos\/\"},\"author\":{\"name\":\"leiria\",\"@id\":\"https:\/\/comarcas.csm.org.pt\/leiria\/#\/schema\/person\/9057b6fbd670d5a2e931712cd357d806\"},\"headline\":\"Supremo reduz para 20 anos pena de pris\u00e3o a homem que matou mulher em Porto de\u00a0M\u00f3s\",\"datePublished\":\"2025-11-13T12:07:37+00:00\",\"dateModified\":\"2025-11-13T12:07:39+00:00\",\"mainEntityOfPage\":{\"@id\":\"https:\/\/comarcas.csm.org.pt\/leiria\/blog\/2025\/11\/13\/supremo-reduz-para-20-anos-pena-de-prisao-a-homem-que-matou-mulher-em-porto-de-mos\/\"},\"wordCount\":694,\"publisher\":{\"@id\":\"https:\/\/comarcas.csm.org.pt\/leiria\/#organization\"},\"articleSection\":[\"Geral\",\"Not\u00edcias\"],\"inLanguage\":\"pt-PT\"},{\"@type\":\"WebPage\",\"@id\":\"https:\/\/comarcas.csm.org.pt\/leiria\/blog\/2025\/11\/13\/supremo-reduz-para-20-anos-pena-de-prisao-a-homem-que-matou-mulher-em-porto-de-mos\/\",\"url\":\"https:\/\/comarcas.csm.org.pt\/leiria\/blog\/2025\/11\/13\/supremo-reduz-para-20-anos-pena-de-prisao-a-homem-que-matou-mulher-em-porto-de-mos\/\",\"name\":\"Supremo reduz para 20 anos pena de pris\u00e3o a homem que matou mulher em Porto de\u00a0M\u00f3s - Tribunal Judicial da Comarca de Leiria\",\"isPartOf\":{\"@id\":\"https:\/\/comarcas.csm.org.pt\/leiria\/#website\"},\"datePublished\":\"2025-11-13T12:07:37+00:00\",\"dateModified\":\"2025-11-13T12:07:39+00:00\",\"breadcrumb\":{\"@id\":\"https:\/\/comarcas.csm.org.pt\/leiria\/blog\/2025\/11\/13\/supremo-reduz-para-20-anos-pena-de-prisao-a-homem-que-matou-mulher-em-porto-de-mos\/#breadcrumb\"},\"inLanguage\":\"pt-PT\",\"potentialAction\":[{\"@type\":\"ReadAction\",\"target\":[\"https:\/\/comarcas.csm.org.pt\/leiria\/blog\/2025\/11\/13\/supremo-reduz-para-20-anos-pena-de-prisao-a-homem-que-matou-mulher-em-porto-de-mos\/\"]}]},{\"@type\":\"BreadcrumbList\",\"@id\":\"https:\/\/comarcas.csm.org.pt\/leiria\/blog\/2025\/11\/13\/supremo-reduz-para-20-anos-pena-de-prisao-a-homem-que-matou-mulher-em-porto-de-mos\/#breadcrumb\",\"itemListElement\":[{\"@type\":\"ListItem\",\"position\":1,\"name\":\"In\u00edcio\",\"item\":\"https:\/\/comarcas.csm.org.pt\/leiria\/\"},{\"@type\":\"ListItem\",\"position\":2,\"name\":\"Supremo reduz para 20 anos pena de pris\u00e3o a homem que matou mulher em Porto de\u00a0M\u00f3s\"}]},{\"@type\":\"WebSite\",\"@id\":\"https:\/\/comarcas.csm.org.pt\/leiria\/#website\",\"url\":\"https:\/\/comarcas.csm.org.pt\/leiria\/\",\"name\":\"Tribunal Judicial da Comarca de Leiria\",\"description\":\"Tribunal Judicial da Comarca de Aveiro\",\"publisher\":{\"@id\":\"https:\/\/comarcas.csm.org.pt\/leiria\/#organization\"},\"potentialAction\":[{\"@type\":\"SearchAction\",\"target\":{\"@type\":\"EntryPoint\",\"urlTemplate\":\"https:\/\/comarcas.csm.org.pt\/leiria\/?s={search_term_string}\"},\"query-input\":{\"@type\":\"PropertyValueSpecification\",\"valueRequired\":true,\"valueName\":\"search_term_string\"}}],\"inLanguage\":\"pt-PT\"},{\"@type\":\"Organization\",\"@id\":\"https:\/\/comarcas.csm.org.pt\/leiria\/#organization\",\"name\":\"Tribunal Judicial da Comarca de Leiria\",\"url\":\"https:\/\/comarcas.csm.org.pt\/leiria\/\",\"logo\":{\"@type\":\"ImageObject\",\"inLanguage\":\"pt-PT\",\"@id\":\"https:\/\/comarcas.csm.org.pt\/leiria\/#\/schema\/logo\/image\/\",\"url\":\"https:\/\/comarcas.csm.org.pt\/leiria\/wp-content\/uploads\/sites\/16\/2024\/11\/Leiria_positivo-horizontal.png\",\"contentUrl\":\"https:\/\/comarcas.csm.org.pt\/leiria\/wp-content\/uploads\/sites\/16\/2024\/11\/Leiria_positivo-horizontal.png\",\"width\":5088,\"height\":890,\"caption\":\"Tribunal Judicial da Comarca de Leiria\"},\"image\":{\"@id\":\"https:\/\/comarcas.csm.org.pt\/leiria\/#\/schema\/logo\/image\/\"}},{\"@type\":\"Person\",\"@id\":\"https:\/\/comarcas.csm.org.pt\/leiria\/#\/schema\/person\/9057b6fbd670d5a2e931712cd357d806\",\"name\":\"leiria\",\"image\":{\"@type\":\"ImageObject\",\"inLanguage\":\"pt-PT\",\"@id\":\"https:\/\/comarcas.csm.org.pt\/leiria\/#\/schema\/person\/image\/\",\"url\":\"https:\/\/secure.gravatar.com\/avatar\/399a72a2630b07d71a4e0167744303361d26ed8a993be2c5686bbe5ff44b469f?s=96&d=mm&r=g\",\"contentUrl\":\"https:\/\/secure.gravatar.com\/avatar\/399a72a2630b07d71a4e0167744303361d26ed8a993be2c5686bbe5ff44b469f?s=96&d=mm&r=g\",\"caption\":\"leiria\"},\"url\":\"https:\/\/comarcas.csm.org.pt\/leiria\/blog\/author\/leiria\/\"}]}<\/script>\n<!-- \/ Yoast SEO plugin. -->","yoast_head_json":{"title":"Supremo reduz para 20 anos pena de pris\u00e3o a homem que matou mulher em Porto de\u00a0M\u00f3s - Tribunal Judicial da Comarca de Leiria","robots":{"index":"index","follow":"follow","max-snippet":"max-snippet:-1","max-image-preview":"max-image-preview:large","max-video-preview":"max-video-preview:-1"},"canonical":"https:\/\/comarcas.csm.org.pt\/leiria\/blog\/2025\/11\/13\/supremo-reduz-para-20-anos-pena-de-prisao-a-homem-que-matou-mulher-em-porto-de-mos\/","og_locale":"pt_PT","og_type":"article","og_title":"Supremo reduz para 20 anos pena de pris\u00e3o a homem que matou mulher em Porto de\u00a0M\u00f3s - Tribunal Judicial da Comarca de Leiria","og_description":"In &#8220;Observador&#8221;, de 12.11.2025 Mulher disse ao marido que queria separar-se. Homem agrediu-a com v\u00e1rios golpes at\u00e9 esta morrer. Em maio de 2025, o Tribunal condenou-o a 22 anos de pris\u00e3o mas agora pena foi...","og_url":"https:\/\/comarcas.csm.org.pt\/leiria\/blog\/2025\/11\/13\/supremo-reduz-para-20-anos-pena-de-prisao-a-homem-que-matou-mulher-em-porto-de-mos\/","og_site_name":"Tribunal Judicial da Comarca de Leiria","article_published_time":"2025-11-13T12:07:37+00:00","article_modified_time":"2025-11-13T12:07:39+00:00","author":"leiria","twitter_card":"summary_large_image","twitter_misc":{"Escrito por":"leiria","Tempo estimado de leitura":"4 minutos"},"schema":{"@context":"https:\/\/schema.org","@graph":[{"@type":"Article","@id":"https:\/\/comarcas.csm.org.pt\/leiria\/blog\/2025\/11\/13\/supremo-reduz-para-20-anos-pena-de-prisao-a-homem-que-matou-mulher-em-porto-de-mos\/#article","isPartOf":{"@id":"https:\/\/comarcas.csm.org.pt\/leiria\/blog\/2025\/11\/13\/supremo-reduz-para-20-anos-pena-de-prisao-a-homem-que-matou-mulher-em-porto-de-mos\/"},"author":{"name":"leiria","@id":"https:\/\/comarcas.csm.org.pt\/leiria\/#\/schema\/person\/9057b6fbd670d5a2e931712cd357d806"},"headline":"Supremo reduz para 20 anos pena de pris\u00e3o a homem que matou mulher em Porto de\u00a0M\u00f3s","datePublished":"2025-11-13T12:07:37+00:00","dateModified":"2025-11-13T12:07:39+00:00","mainEntityOfPage":{"@id":"https:\/\/comarcas.csm.org.pt\/leiria\/blog\/2025\/11\/13\/supremo-reduz-para-20-anos-pena-de-prisao-a-homem-que-matou-mulher-em-porto-de-mos\/"},"wordCount":694,"publisher":{"@id":"https:\/\/comarcas.csm.org.pt\/leiria\/#organization"},"articleSection":["Geral","Not\u00edcias"],"inLanguage":"pt-PT"},{"@type":"WebPage","@id":"https:\/\/comarcas.csm.org.pt\/leiria\/blog\/2025\/11\/13\/supremo-reduz-para-20-anos-pena-de-prisao-a-homem-que-matou-mulher-em-porto-de-mos\/","url":"https:\/\/comarcas.csm.org.pt\/leiria\/blog\/2025\/11\/13\/supremo-reduz-para-20-anos-pena-de-prisao-a-homem-que-matou-mulher-em-porto-de-mos\/","name":"Supremo reduz para 20 anos pena de pris\u00e3o a homem que matou mulher em Porto de\u00a0M\u00f3s - Tribunal Judicial da Comarca de Leiria","isPartOf":{"@id":"https:\/\/comarcas.csm.org.pt\/leiria\/#website"},"datePublished":"2025-11-13T12:07:37+00:00","dateModified":"2025-11-13T12:07:39+00:00","breadcrumb":{"@id":"https:\/\/comarcas.csm.org.pt\/leiria\/blog\/2025\/11\/13\/supremo-reduz-para-20-anos-pena-de-prisao-a-homem-que-matou-mulher-em-porto-de-mos\/#breadcrumb"},"inLanguage":"pt-PT","potentialAction":[{"@type":"ReadAction","target":["https:\/\/comarcas.csm.org.pt\/leiria\/blog\/2025\/11\/13\/supremo-reduz-para-20-anos-pena-de-prisao-a-homem-que-matou-mulher-em-porto-de-mos\/"]}]},{"@type":"BreadcrumbList","@id":"https:\/\/comarcas.csm.org.pt\/leiria\/blog\/2025\/11\/13\/supremo-reduz-para-20-anos-pena-de-prisao-a-homem-que-matou-mulher-em-porto-de-mos\/#breadcrumb","itemListElement":[{"@type":"ListItem","position":1,"name":"In\u00edcio","item":"https:\/\/comarcas.csm.org.pt\/leiria\/"},{"@type":"ListItem","position":2,"name":"Supremo reduz para 20 anos pena de pris\u00e3o a homem que matou mulher em Porto de\u00a0M\u00f3s"}]},{"@type":"WebSite","@id":"https:\/\/comarcas.csm.org.pt\/leiria\/#website","url":"https:\/\/comarcas.csm.org.pt\/leiria\/","name":"Tribunal Judicial da Comarca de Leiria","description":"Tribunal Judicial da Comarca de Aveiro","publisher":{"@id":"https:\/\/comarcas.csm.org.pt\/leiria\/#organization"},"potentialAction":[{"@type":"SearchAction","target":{"@type":"EntryPoint","urlTemplate":"https:\/\/comarcas.csm.org.pt\/leiria\/?s={search_term_string}"},"query-input":{"@type":"PropertyValueSpecification","valueRequired":true,"valueName":"search_term_string"}}],"inLanguage":"pt-PT"},{"@type":"Organization","@id":"https:\/\/comarcas.csm.org.pt\/leiria\/#organization","name":"Tribunal Judicial da Comarca de Leiria","url":"https:\/\/comarcas.csm.org.pt\/leiria\/","logo":{"@type":"ImageObject","inLanguage":"pt-PT","@id":"https:\/\/comarcas.csm.org.pt\/leiria\/#\/schema\/logo\/image\/","url":"https:\/\/comarcas.csm.org.pt\/leiria\/wp-content\/uploads\/sites\/16\/2024\/11\/Leiria_positivo-horizontal.png","contentUrl":"https:\/\/comarcas.csm.org.pt\/leiria\/wp-content\/uploads\/sites\/16\/2024\/11\/Leiria_positivo-horizontal.png","width":5088,"height":890,"caption":"Tribunal Judicial da Comarca de Leiria"},"image":{"@id":"https:\/\/comarcas.csm.org.pt\/leiria\/#\/schema\/logo\/image\/"}},{"@type":"Person","@id":"https:\/\/comarcas.csm.org.pt\/leiria\/#\/schema\/person\/9057b6fbd670d5a2e931712cd357d806","name":"leiria","image":{"@type":"ImageObject","inLanguage":"pt-PT","@id":"https:\/\/comarcas.csm.org.pt\/leiria\/#\/schema\/person\/image\/","url":"https:\/\/secure.gravatar.com\/avatar\/399a72a2630b07d71a4e0167744303361d26ed8a993be2c5686bbe5ff44b469f?s=96&d=mm&r=g","contentUrl":"https:\/\/secure.gravatar.com\/avatar\/399a72a2630b07d71a4e0167744303361d26ed8a993be2c5686bbe5ff44b469f?s=96&d=mm&r=g","caption":"leiria"},"url":"https:\/\/comarcas.csm.org.pt\/leiria\/blog\/author\/leiria\/"}]}},"_links":{"self":[{"href":"https:\/\/comarcas.csm.org.pt\/leiria\/wp-json\/wp\/v2\/posts\/13463","targetHints":{"allow":["GET"]}}],"collection":[{"href":"https:\/\/comarcas.csm.org.pt\/leiria\/wp-json\/wp\/v2\/posts"}],"about":[{"href":"https:\/\/comarcas.csm.org.pt\/leiria\/wp-json\/wp\/v2\/types\/post"}],"author":[{"embeddable":true,"href":"https:\/\/comarcas.csm.org.pt\/leiria\/wp-json\/wp\/v2\/users\/16"}],"replies":[{"embeddable":true,"href":"https:\/\/comarcas.csm.org.pt\/leiria\/wp-json\/wp\/v2\/comments?post=13463"}],"version-history":[{"count":1,"href":"https:\/\/comarcas.csm.org.pt\/leiria\/wp-json\/wp\/v2\/posts\/13463\/revisions"}],"predecessor-version":[{"id":13464,"href":"https:\/\/comarcas.csm.org.pt\/leiria\/wp-json\/wp\/v2\/posts\/13463\/revisions\/13464"}],"wp:attachment":[{"href":"https:\/\/comarcas.csm.org.pt\/leiria\/wp-json\/wp\/v2\/media?parent=13463"}],"wp:term":[{"taxonomy":"category","embeddable":true,"href":"https:\/\/comarcas.csm.org.pt\/leiria\/wp-json\/wp\/v2\/categories?post=13463"},{"taxonomy":"post_tag","embeddable":true,"href":"https:\/\/comarcas.csm.org.pt\/leiria\/wp-json\/wp\/v2\/tags?post=13463"}],"curies":[{"name":"wp","href":"https:\/\/api.w.org\/{rel}","templated":true}]}}