{"id":13465,"date":"2025-11-13T12:24:52","date_gmt":"2025-11-13T12:24:52","guid":{"rendered":"https:\/\/comarcas.csm.org.pt\/leiria\/?p=13465"},"modified":"2025-11-13T12:24:54","modified_gmt":"2025-11-13T12:24:54","slug":"quatro-anos-de-prisao-para-bombeira-no-quadro-de-reserva-de-pedrogao","status":"publish","type":"post","link":"https:\/\/comarcas.csm.org.pt\/leiria\/blog\/2025\/11\/13\/quatro-anos-de-prisao-para-bombeira-no-quadro-de-reserva-de-pedrogao\/","title":{"rendered":"Quatro anos de pris\u00e3o para bombeira no quadro de reserva de Pedr\u00f3g\u00e3o"},"content":{"rendered":"\n<p>In <a href=\"https:\/\/www.lusa.pt\/article\/2025-11-12\/46019544\/inc%C3%AAndios-quatro-anos-de-pris%C3%A3o-para-bombeira-no-quadro-de-reserva-de-pedr%C3%B3g%C3%A3o-grande\">&#8220;Lusa&#8221;<\/a>, de 12.11.2025<\/p>\n\n\n\n<p>O Tribunal de Leiria condenou hoje uma bombeira no quadro de reserva da corpora\u00e7\u00e3o de Pedr\u00f3g\u00e3o Grande na pena \u00fanica de quatro anos de pris\u00e3o por dois crimes de inc\u00eandio florestal, a cumprir internada em estabelecimento para inimput\u00e1veis.<\/p>\n\n\n\n<p><strong>O<\/strong> coletivo de ju\u00edzes considerou que, a arguida, de 45 anos, em pris\u00e3o preventiva e que hoje esteve ausente da leitura do ac\u00f3rd\u00e3o, tem perturba\u00e7\u00e3o de desenvolvimento intelectual de gravidade ligeira, como a per\u00edcia concluiu, mas no momento da pr\u00e1tica dos factos tinha capacidade de avaliar a ilicitude dos mesmos e para reconhecer que \u00e9 errado atear fogos.<\/p>\n\n\n\n<p>&#8220;(&#8230;) Ainda que a capacidade de autodetermina\u00e7\u00e3o da arguida se encontrasse diminu\u00edda, tendo em conta a baixa toler\u00e2ncia \u00e0 frustra\u00e7\u00e3o condicionada pelas suas limita\u00e7\u00f5es cognitivas, sintomatologia ansiosa e depressiva, tal n\u00e3o \u00e9 suficiente para considerarmos a arguida como inimput\u00e1vel&#8221;, adiantou o ac\u00f3rd\u00e3o.<\/p>\n\n\n\n<p>Para o tribunal, a anomalia ps\u00edquica de que a mulher, sem antecedentes criminais, padece n\u00e3o tem gravidade suficiente para que seja declarada inimput\u00e1vel.<\/p>\n\n\n\n<p>&#8220;[A arguida] confessou uma parte dos factos de que vinha acusada, mas menorizou a gravidade dos factos&#8221;, referiu o juiz-presidente, justificando a n\u00e3o suspens\u00e3o da pena com a conduta anterior e posterior aos factos que apresenta &#8220;fatores de risco&#8221;.<\/p>\n\n\n\n<p>Segundo o despacho de acusa\u00e7\u00e3o, julgado totalmente procedente, o caso remonta \u00e0 tarde de 02 de junho de 2024, quando a mulher saiu de casa e na caminhada habitual em dire\u00e7\u00e3o \u00e0 zona de Vale de G\u00f3is entrou num caminho florestal, onde, ap\u00f3s ter fumado um cigarro, arremessou a sua ponta acesa para o ch\u00e3o, que &#8220;se encontrava densamente povoado de mato e feno&#8221;, provocando um foco de inc\u00eandio.<\/p>\n\n\n\n<p>O fogo propagou-se e ardeu uma \u00e1rea florestal de cerca de 200 metros quadrados, de acordo com o Minist\u00e9rio P\u00fablico (MP).<\/p>\n\n\n\n<p>Seguindo depois o seu trajeto para Vale de G\u00f3is, a arguida, cerca de dois minutos mais tarde, acendeu outro cigarro e &#8220;colocou-o, aceso, no ch\u00e3o, em cima de denso mato e feno&#8221;, o que originou novo foco de inc\u00eandio, &#8220;tendo ardido uma \u00e1rea florestal de cerca de 4.500 metros quadrados&#8221;.<\/p>\n\n\n\n<p>A bombeira abandonou o local e, atrav\u00e9s do seu telem\u00f3vel, deu o alerta para a Linha SOS Inc\u00eandios (n.\u00ba 117) e iniciou o percurso de regresso a casa, relatou o MP.<\/p>\n\n\n\n<p>&#8220;A \u00e1rea onde os inc\u00eandios deflagraram insere-se em zona florestal composta de eucaliptos, sobreiros, carvalhos, pinheiro-bravo e mato, tudo numa mancha cont\u00ednua horizontal de combust\u00edvel vegetal, com centenas de hectares, cont\u00edgua ao parque de campismo de Pedr\u00f3g\u00e3o Grande&#8221; (distrito de Leiria), onde estavam 22 pessoas.<\/p>\n\n\n\n<p>O MP adiantou que &#8220;os locais onde deflagraram os dois focos de inc\u00eandio encontravam-se ainda a cerca de 800 metros de zona residencial&#8221;, precisamente onde morava a arguida.<\/p>\n\n\n\n<p>Os inc\u00eandios foram combatidos por 57 operacionais, apoiados por 16 viaturas e tr\u00eas meios a\u00e9reos, e, &#8220;n\u00e3o fora a pronta mobiliza\u00e7\u00e3o e interven\u00e7\u00e3o&#8221; destes meios, os fogos &#8220;ter-se-iam propagado&#8221; \u00e0 mancha florestal envolvente, ao parque de campismo e \u00e0 resid\u00eancia onde vivia a arguida.<\/p>\n\n\n\n<p>&#8220;A arguida \u00e9 bombeira h\u00e1 cerca de 22 anos, encontrando-se na reserva&#8221; dado &#8220;n\u00e3o ter feito piquetes durante um ano, por se ter incompatibilizado com o comandante dos bombeiros&#8221;, acrescentou o MP.<\/p>\n\n\n\n<p>Em julgamento, a arguida, que chegou a estar em pris\u00e3o domicili\u00e1ria, mas viu a medida de coa\u00e7\u00e3o agravada, admitiu ter provocado um inc\u00eandio &#8220;por descuido&#8221;, negando ser a autora do outro.<\/p>\n\n\n\n<p>Ent\u00e3o, a mulher disse que fez uma caminhada e, &#8220;por distra\u00e7\u00e3o&#8221;, tocou com a ponta do cigarro nos fetos e ateou o fogo.<\/p>\n\n\n\n<p>&#8220;Tentei apagar com os p\u00e9s e n\u00e3o consegui. Liguei para o 117 de imediato. N\u00e3o foi de prop\u00f3sito. Foi descuido&#8221;, declarou em julgamento.<\/p>\n","protected":false},"excerpt":{"rendered":"<p>In &#8220;Lusa&#8221;, de 12.11.2025 O Tribunal de Leiria condenou hoje uma bombeira no quadro de reserva da corpora\u00e7\u00e3o de Pedr\u00f3g\u00e3o Grande na pena \u00fanica de quatro anos de pris\u00e3o por dois crimes de inc\u00eandio florestal,&#8230;<\/p>\n","protected":false},"author":16,"featured_media":0,"comment_status":"closed","ping_status":"open","sticky":false,"template":"","format":"standard","meta":{"_tbt_post_transparent":"","_tbt_post_title":"","_tbt_post_layout":"","_tbt_post_sidebar_id":"","_tbt_post_content_style":"","_tbt_post_vertical_padding":"","_tbt_post_feature":"","_tbt_post_feature_position":"","_tbt_post_header":false,"_tbt_post_footer":false},"categories":[1,5],"tags":[],"class_list":["post-13465","post","type-post","status-publish","format-standard","hentry","category-geral","category-noticias"],"yoast_head":"<!-- This site is optimized with the Yoast SEO plugin v25.6 - https:\/\/yoast.com\/wordpress\/plugins\/seo\/ -->\n<title>Quatro anos de pris\u00e3o para bombeira no quadro de reserva de Pedr\u00f3g\u00e3o - Tribunal Judicial da Comarca de Leiria<\/title>\n<meta name=\"robots\" content=\"index, follow, max-snippet:-1, max-image-preview:large, max-video-preview:-1\" \/>\n<link rel=\"canonical\" href=\"https:\/\/comarcas.csm.org.pt\/leiria\/blog\/2025\/11\/13\/quatro-anos-de-prisao-para-bombeira-no-quadro-de-reserva-de-pedrogao\/\" \/>\n<meta property=\"og:locale\" content=\"pt_PT\" \/>\n<meta property=\"og:type\" content=\"article\" \/>\n<meta property=\"og:title\" content=\"Quatro anos de pris\u00e3o para bombeira no quadro de reserva de Pedr\u00f3g\u00e3o - Tribunal Judicial da Comarca de Leiria\" \/>\n<meta property=\"og:description\" content=\"In &#8220;Lusa&#8221;, de 12.11.2025 O Tribunal de Leiria condenou hoje uma bombeira no quadro de reserva da corpora\u00e7\u00e3o de Pedr\u00f3g\u00e3o Grande na pena \u00fanica de quatro anos de pris\u00e3o por dois crimes de inc\u00eandio florestal,...\" \/>\n<meta property=\"og:url\" content=\"https:\/\/comarcas.csm.org.pt\/leiria\/blog\/2025\/11\/13\/quatro-anos-de-prisao-para-bombeira-no-quadro-de-reserva-de-pedrogao\/\" \/>\n<meta property=\"og:site_name\" content=\"Tribunal Judicial da Comarca de Leiria\" \/>\n<meta property=\"article:published_time\" content=\"2025-11-13T12:24:52+00:00\" \/>\n<meta property=\"article:modified_time\" content=\"2025-11-13T12:24:54+00:00\" \/>\n<meta name=\"author\" content=\"leiria\" \/>\n<meta name=\"twitter:card\" content=\"summary_large_image\" \/>\n<meta name=\"twitter:label1\" content=\"Escrito por\" \/>\n\t<meta name=\"twitter:data1\" content=\"leiria\" \/>\n\t<meta name=\"twitter:label2\" content=\"Tempo estimado de leitura\" \/>\n\t<meta name=\"twitter:data2\" content=\"4 minutos\" \/>\n<script type=\"application\/ld+json\" class=\"yoast-schema-graph\">{\"@context\":\"https:\/\/schema.org\",\"@graph\":[{\"@type\":\"Article\",\"@id\":\"https:\/\/comarcas.csm.org.pt\/leiria\/blog\/2025\/11\/13\/quatro-anos-de-prisao-para-bombeira-no-quadro-de-reserva-de-pedrogao\/#article\",\"isPartOf\":{\"@id\":\"https:\/\/comarcas.csm.org.pt\/leiria\/blog\/2025\/11\/13\/quatro-anos-de-prisao-para-bombeira-no-quadro-de-reserva-de-pedrogao\/\"},\"author\":{\"name\":\"leiria\",\"@id\":\"https:\/\/comarcas.csm.org.pt\/leiria\/#\/schema\/person\/9057b6fbd670d5a2e931712cd357d806\"},\"headline\":\"Quatro anos de pris\u00e3o para bombeira no quadro de reserva de Pedr\u00f3g\u00e3o\",\"datePublished\":\"2025-11-13T12:24:52+00:00\",\"dateModified\":\"2025-11-13T12:24:54+00:00\",\"mainEntityOfPage\":{\"@id\":\"https:\/\/comarcas.csm.org.pt\/leiria\/blog\/2025\/11\/13\/quatro-anos-de-prisao-para-bombeira-no-quadro-de-reserva-de-pedrogao\/\"},\"wordCount\":660,\"publisher\":{\"@id\":\"https:\/\/comarcas.csm.org.pt\/leiria\/#organization\"},\"articleSection\":[\"Geral\",\"Not\u00edcias\"],\"inLanguage\":\"pt-PT\"},{\"@type\":\"WebPage\",\"@id\":\"https:\/\/comarcas.csm.org.pt\/leiria\/blog\/2025\/11\/13\/quatro-anos-de-prisao-para-bombeira-no-quadro-de-reserva-de-pedrogao\/\",\"url\":\"https:\/\/comarcas.csm.org.pt\/leiria\/blog\/2025\/11\/13\/quatro-anos-de-prisao-para-bombeira-no-quadro-de-reserva-de-pedrogao\/\",\"name\":\"Quatro anos de pris\u00e3o para bombeira no quadro de reserva de Pedr\u00f3g\u00e3o - Tribunal Judicial da Comarca de Leiria\",\"isPartOf\":{\"@id\":\"https:\/\/comarcas.csm.org.pt\/leiria\/#website\"},\"datePublished\":\"2025-11-13T12:24:52+00:00\",\"dateModified\":\"2025-11-13T12:24:54+00:00\",\"breadcrumb\":{\"@id\":\"https:\/\/comarcas.csm.org.pt\/leiria\/blog\/2025\/11\/13\/quatro-anos-de-prisao-para-bombeira-no-quadro-de-reserva-de-pedrogao\/#breadcrumb\"},\"inLanguage\":\"pt-PT\",\"potentialAction\":[{\"@type\":\"ReadAction\",\"target\":[\"https:\/\/comarcas.csm.org.pt\/leiria\/blog\/2025\/11\/13\/quatro-anos-de-prisao-para-bombeira-no-quadro-de-reserva-de-pedrogao\/\"]}]},{\"@type\":\"BreadcrumbList\",\"@id\":\"https:\/\/comarcas.csm.org.pt\/leiria\/blog\/2025\/11\/13\/quatro-anos-de-prisao-para-bombeira-no-quadro-de-reserva-de-pedrogao\/#breadcrumb\",\"itemListElement\":[{\"@type\":\"ListItem\",\"position\":1,\"name\":\"In\u00edcio\",\"item\":\"https:\/\/comarcas.csm.org.pt\/leiria\/\"},{\"@type\":\"ListItem\",\"position\":2,\"name\":\"Quatro anos de pris\u00e3o para bombeira no quadro de reserva de Pedr\u00f3g\u00e3o\"}]},{\"@type\":\"WebSite\",\"@id\":\"https:\/\/comarcas.csm.org.pt\/leiria\/#website\",\"url\":\"https:\/\/comarcas.csm.org.pt\/leiria\/\",\"name\":\"Tribunal Judicial da Comarca de Leiria\",\"description\":\"Tribunal Judicial da Comarca de Aveiro\",\"publisher\":{\"@id\":\"https:\/\/comarcas.csm.org.pt\/leiria\/#organization\"},\"potentialAction\":[{\"@type\":\"SearchAction\",\"target\":{\"@type\":\"EntryPoint\",\"urlTemplate\":\"https:\/\/comarcas.csm.org.pt\/leiria\/?s={search_term_string}\"},\"query-input\":{\"@type\":\"PropertyValueSpecification\",\"valueRequired\":true,\"valueName\":\"search_term_string\"}}],\"inLanguage\":\"pt-PT\"},{\"@type\":\"Organization\",\"@id\":\"https:\/\/comarcas.csm.org.pt\/leiria\/#organization\",\"name\":\"Tribunal Judicial da Comarca de Leiria\",\"url\":\"https:\/\/comarcas.csm.org.pt\/leiria\/\",\"logo\":{\"@type\":\"ImageObject\",\"inLanguage\":\"pt-PT\",\"@id\":\"https:\/\/comarcas.csm.org.pt\/leiria\/#\/schema\/logo\/image\/\",\"url\":\"https:\/\/comarcas.csm.org.pt\/leiria\/wp-content\/uploads\/sites\/16\/2024\/11\/Leiria_positivo-horizontal.png\",\"contentUrl\":\"https:\/\/comarcas.csm.org.pt\/leiria\/wp-content\/uploads\/sites\/16\/2024\/11\/Leiria_positivo-horizontal.png\",\"width\":5088,\"height\":890,\"caption\":\"Tribunal Judicial da Comarca de Leiria\"},\"image\":{\"@id\":\"https:\/\/comarcas.csm.org.pt\/leiria\/#\/schema\/logo\/image\/\"}},{\"@type\":\"Person\",\"@id\":\"https:\/\/comarcas.csm.org.pt\/leiria\/#\/schema\/person\/9057b6fbd670d5a2e931712cd357d806\",\"name\":\"leiria\",\"image\":{\"@type\":\"ImageObject\",\"inLanguage\":\"pt-PT\",\"@id\":\"https:\/\/comarcas.csm.org.pt\/leiria\/#\/schema\/person\/image\/\",\"url\":\"https:\/\/secure.gravatar.com\/avatar\/399a72a2630b07d71a4e0167744303361d26ed8a993be2c5686bbe5ff44b469f?s=96&d=mm&r=g\",\"contentUrl\":\"https:\/\/secure.gravatar.com\/avatar\/399a72a2630b07d71a4e0167744303361d26ed8a993be2c5686bbe5ff44b469f?s=96&d=mm&r=g\",\"caption\":\"leiria\"},\"url\":\"https:\/\/comarcas.csm.org.pt\/leiria\/blog\/author\/leiria\/\"}]}<\/script>\n<!-- \/ Yoast SEO plugin. -->","yoast_head_json":{"title":"Quatro anos de pris\u00e3o para bombeira no quadro de reserva de Pedr\u00f3g\u00e3o - Tribunal Judicial da Comarca de Leiria","robots":{"index":"index","follow":"follow","max-snippet":"max-snippet:-1","max-image-preview":"max-image-preview:large","max-video-preview":"max-video-preview:-1"},"canonical":"https:\/\/comarcas.csm.org.pt\/leiria\/blog\/2025\/11\/13\/quatro-anos-de-prisao-para-bombeira-no-quadro-de-reserva-de-pedrogao\/","og_locale":"pt_PT","og_type":"article","og_title":"Quatro anos de pris\u00e3o para bombeira no quadro de reserva de Pedr\u00f3g\u00e3o - Tribunal Judicial da Comarca de Leiria","og_description":"In &#8220;Lusa&#8221;, de 12.11.2025 O Tribunal de Leiria condenou hoje uma bombeira no quadro de reserva da corpora\u00e7\u00e3o de Pedr\u00f3g\u00e3o Grande na pena \u00fanica de quatro anos de pris\u00e3o por dois crimes de inc\u00eandio florestal,...","og_url":"https:\/\/comarcas.csm.org.pt\/leiria\/blog\/2025\/11\/13\/quatro-anos-de-prisao-para-bombeira-no-quadro-de-reserva-de-pedrogao\/","og_site_name":"Tribunal Judicial da Comarca de Leiria","article_published_time":"2025-11-13T12:24:52+00:00","article_modified_time":"2025-11-13T12:24:54+00:00","author":"leiria","twitter_card":"summary_large_image","twitter_misc":{"Escrito por":"leiria","Tempo estimado de leitura":"4 minutos"},"schema":{"@context":"https:\/\/schema.org","@graph":[{"@type":"Article","@id":"https:\/\/comarcas.csm.org.pt\/leiria\/blog\/2025\/11\/13\/quatro-anos-de-prisao-para-bombeira-no-quadro-de-reserva-de-pedrogao\/#article","isPartOf":{"@id":"https:\/\/comarcas.csm.org.pt\/leiria\/blog\/2025\/11\/13\/quatro-anos-de-prisao-para-bombeira-no-quadro-de-reserva-de-pedrogao\/"},"author":{"name":"leiria","@id":"https:\/\/comarcas.csm.org.pt\/leiria\/#\/schema\/person\/9057b6fbd670d5a2e931712cd357d806"},"headline":"Quatro anos de pris\u00e3o para bombeira no quadro de reserva de Pedr\u00f3g\u00e3o","datePublished":"2025-11-13T12:24:52+00:00","dateModified":"2025-11-13T12:24:54+00:00","mainEntityOfPage":{"@id":"https:\/\/comarcas.csm.org.pt\/leiria\/blog\/2025\/11\/13\/quatro-anos-de-prisao-para-bombeira-no-quadro-de-reserva-de-pedrogao\/"},"wordCount":660,"publisher":{"@id":"https:\/\/comarcas.csm.org.pt\/leiria\/#organization"},"articleSection":["Geral","Not\u00edcias"],"inLanguage":"pt-PT"},{"@type":"WebPage","@id":"https:\/\/comarcas.csm.org.pt\/leiria\/blog\/2025\/11\/13\/quatro-anos-de-prisao-para-bombeira-no-quadro-de-reserva-de-pedrogao\/","url":"https:\/\/comarcas.csm.org.pt\/leiria\/blog\/2025\/11\/13\/quatro-anos-de-prisao-para-bombeira-no-quadro-de-reserva-de-pedrogao\/","name":"Quatro anos de pris\u00e3o para bombeira no quadro de reserva de Pedr\u00f3g\u00e3o - Tribunal Judicial da Comarca de Leiria","isPartOf":{"@id":"https:\/\/comarcas.csm.org.pt\/leiria\/#website"},"datePublished":"2025-11-13T12:24:52+00:00","dateModified":"2025-11-13T12:24:54+00:00","breadcrumb":{"@id":"https:\/\/comarcas.csm.org.pt\/leiria\/blog\/2025\/11\/13\/quatro-anos-de-prisao-para-bombeira-no-quadro-de-reserva-de-pedrogao\/#breadcrumb"},"inLanguage":"pt-PT","potentialAction":[{"@type":"ReadAction","target":["https:\/\/comarcas.csm.org.pt\/leiria\/blog\/2025\/11\/13\/quatro-anos-de-prisao-para-bombeira-no-quadro-de-reserva-de-pedrogao\/"]}]},{"@type":"BreadcrumbList","@id":"https:\/\/comarcas.csm.org.pt\/leiria\/blog\/2025\/11\/13\/quatro-anos-de-prisao-para-bombeira-no-quadro-de-reserva-de-pedrogao\/#breadcrumb","itemListElement":[{"@type":"ListItem","position":1,"name":"In\u00edcio","item":"https:\/\/comarcas.csm.org.pt\/leiria\/"},{"@type":"ListItem","position":2,"name":"Quatro anos de pris\u00e3o para bombeira no quadro de reserva de Pedr\u00f3g\u00e3o"}]},{"@type":"WebSite","@id":"https:\/\/comarcas.csm.org.pt\/leiria\/#website","url":"https:\/\/comarcas.csm.org.pt\/leiria\/","name":"Tribunal Judicial da Comarca de Leiria","description":"Tribunal Judicial da Comarca de Aveiro","publisher":{"@id":"https:\/\/comarcas.csm.org.pt\/leiria\/#organization"},"potentialAction":[{"@type":"SearchAction","target":{"@type":"EntryPoint","urlTemplate":"https:\/\/comarcas.csm.org.pt\/leiria\/?s={search_term_string}"},"query-input":{"@type":"PropertyValueSpecification","valueRequired":true,"valueName":"search_term_string"}}],"inLanguage":"pt-PT"},{"@type":"Organization","@id":"https:\/\/comarcas.csm.org.pt\/leiria\/#organization","name":"Tribunal Judicial da Comarca de Leiria","url":"https:\/\/comarcas.csm.org.pt\/leiria\/","logo":{"@type":"ImageObject","inLanguage":"pt-PT","@id":"https:\/\/comarcas.csm.org.pt\/leiria\/#\/schema\/logo\/image\/","url":"https:\/\/comarcas.csm.org.pt\/leiria\/wp-content\/uploads\/sites\/16\/2024\/11\/Leiria_positivo-horizontal.png","contentUrl":"https:\/\/comarcas.csm.org.pt\/leiria\/wp-content\/uploads\/sites\/16\/2024\/11\/Leiria_positivo-horizontal.png","width":5088,"height":890,"caption":"Tribunal Judicial da Comarca de Leiria"},"image":{"@id":"https:\/\/comarcas.csm.org.pt\/leiria\/#\/schema\/logo\/image\/"}},{"@type":"Person","@id":"https:\/\/comarcas.csm.org.pt\/leiria\/#\/schema\/person\/9057b6fbd670d5a2e931712cd357d806","name":"leiria","image":{"@type":"ImageObject","inLanguage":"pt-PT","@id":"https:\/\/comarcas.csm.org.pt\/leiria\/#\/schema\/person\/image\/","url":"https:\/\/secure.gravatar.com\/avatar\/399a72a2630b07d71a4e0167744303361d26ed8a993be2c5686bbe5ff44b469f?s=96&d=mm&r=g","contentUrl":"https:\/\/secure.gravatar.com\/avatar\/399a72a2630b07d71a4e0167744303361d26ed8a993be2c5686bbe5ff44b469f?s=96&d=mm&r=g","caption":"leiria"},"url":"https:\/\/comarcas.csm.org.pt\/leiria\/blog\/author\/leiria\/"}]}},"_links":{"self":[{"href":"https:\/\/comarcas.csm.org.pt\/leiria\/wp-json\/wp\/v2\/posts\/13465","targetHints":{"allow":["GET"]}}],"collection":[{"href":"https:\/\/comarcas.csm.org.pt\/leiria\/wp-json\/wp\/v2\/posts"}],"about":[{"href":"https:\/\/comarcas.csm.org.pt\/leiria\/wp-json\/wp\/v2\/types\/post"}],"author":[{"embeddable":true,"href":"https:\/\/comarcas.csm.org.pt\/leiria\/wp-json\/wp\/v2\/users\/16"}],"replies":[{"embeddable":true,"href":"https:\/\/comarcas.csm.org.pt\/leiria\/wp-json\/wp\/v2\/comments?post=13465"}],"version-history":[{"count":1,"href":"https:\/\/comarcas.csm.org.pt\/leiria\/wp-json\/wp\/v2\/posts\/13465\/revisions"}],"predecessor-version":[{"id":13466,"href":"https:\/\/comarcas.csm.org.pt\/leiria\/wp-json\/wp\/v2\/posts\/13465\/revisions\/13466"}],"wp:attachment":[{"href":"https:\/\/comarcas.csm.org.pt\/leiria\/wp-json\/wp\/v2\/media?parent=13465"}],"wp:term":[{"taxonomy":"category","embeddable":true,"href":"https:\/\/comarcas.csm.org.pt\/leiria\/wp-json\/wp\/v2\/categories?post=13465"},{"taxonomy":"post_tag","embeddable":true,"href":"https:\/\/comarcas.csm.org.pt\/leiria\/wp-json\/wp\/v2\/tags?post=13465"}],"curies":[{"name":"wp","href":"https:\/\/api.w.org\/{rel}","templated":true}]}}