{"id":13479,"date":"2025-12-03T12:19:24","date_gmt":"2025-12-03T12:19:24","guid":{"rendered":"https:\/\/comarcas.csm.org.pt\/leiria\/?p=13479"},"modified":"2025-12-03T12:19:26","modified_gmt":"2025-12-03T12:19:26","slug":"advogado-nega-no-tribunal-da-marinha-grande-alegada-burla-qualificada","status":"publish","type":"post","link":"https:\/\/comarcas.csm.org.pt\/leiria\/blog\/2025\/12\/03\/advogado-nega-no-tribunal-da-marinha-grande-alegada-burla-qualificada\/","title":{"rendered":"Advogado nega no Tribunal da Marinha Grande alegada burla qualificada"},"content":{"rendered":"\n<p>Minist\u00e9rio P\u00fablico acusa advogado, m\u00e3e e outra advogada de fazerem a v\u00edtima &#8220;cair em erro e entregar aos arguidos elevadas quantias&#8221;.<\/p>\n\n\n\n<p><a href=\"https:\/\/www.cmjornal.pt\/portugal\/detalhe\/advogado-nega-no-tribunal-da-marinha-grande-alegada-burla-qualificada\">in &#8220;CM.pt&#8221;, 02.12.2025, ag\u00eancia lusa<\/a><\/p>\n\n\n\n<p>Um advogado negou, esta ter\u00e7a-feira, no Tribunal da Marinha Grande a alegada burla qualificada de que foi acusado juntamente com a m\u00e3e e outra advogada, num caso em que um emigrante lhes emprestou dinheiro para comprar um lar inexistente.<\/p>\n\n\n\n<p>&#8220;N\u00e3o corresponde \u00e0 verdade&#8221;, afirmou o advogado, de 27 anos.<\/p>\n\n\n\n<p>De acordo com o Minist\u00e9rio P\u00fablico (MP), a advogada, de 52 anos, residente na Marinha Grande (Leiria), ao aperceber-se de que o homem, emigrante em Fran\u00e7a, tinha uma &#8220;abastada situa\u00e7\u00e3o econ\u00f3mica&#8221;, deu conhecimento \u00e0 outra arguida, de 56 anos, e ao filho desta.<\/p>\n\n\n\n<p>Depois, &#8220;de comum acordo, formularam o prop\u00f3sito de fazerem&#8221; a v\u00edtima &#8220;cair em erro e entregar aos arguidos elevadas quantias&#8221;.<\/p>\n\n\n\n<p>A advogada contactou o emigrante e &#8220;sugeriu-lhe que o mesmo fizesse um empr\u00e9stimo de capital para aquisi\u00e7\u00e3o de um lar em Palmela&#8221;, tendo referido, &#8220;falsamente, que este empr\u00e9stimo seria realizado a favor&#8221; da outra arguida e que seria &#8220;apenas por um ano, at\u00e9 que a mesma conseguisse a concess\u00e3o de um empr\u00e9stimo&#8221;.<\/p>\n\n\n\n<p>Convencido de que seria um neg\u00f3cio rent\u00e1vel, o lesado emprestou 220 mil euros, que foi entregando em v\u00e1rias ocasi\u00f5es.<\/p>\n\n\n\n<p>No in\u00edcio de 2020, o emigrante pediu \u00e0s arguidas a devolu\u00e7\u00e3o das quantias, mas estas foram protelando.<\/p>\n\n\n\n<p>Ainda segundo o MP, as arguidas deixaram de atender o telefone ao emigrante que, quando se deslocou a Portugal, conseguiu celebrar um contrato de hipoteca volunt\u00e1ria e unilateral, com termo de reconhecimento de d\u00edvida e acordo de pagamento, com uma das arguidas e familiares desta.<\/p>\n\n\n\n<p>Neste contrato, os fiadores &#8220;hipotecaram cinco bens im\u00f3veis, de que eram possuidores e herdeiros, como garantia de pagamento&#8221;.<\/p>\n\n\n\n<p>Com este contrato, a advogada fez crer, &#8220;falsamente, que pretendia devolver-lhe as quantias emprestadas&#8221; e &#8220;comprometeu-se a pagar at\u00e9 ao dia 30 de maio de 2020 a quantia de 244.860 euros (valor do empr\u00e9stimo e respetivos juros) e, n\u00e3o o fazendo, a entregar um bem im\u00f3vel de sua propriedade&#8221; ao lesado.<\/p>\n\n\n\n<p>Em julgamento, o advogado disse que quando entrou na faculdade abriu uma conta, cujo acesso deu \u00e0 m\u00e3e por esta estar insolvente, incluindo cheques por si assinados.<\/p>\n\n\n\n<p>&#8220;Dei o acesso da conta \u00e0 minha m\u00e3e e era ela que usava&#8221;, assegurou, admitindo saber que &#8220;houve um neg\u00f3cio de um lar em que ela esteve envolvida&#8221;, mas que desconhece os pormenores.<\/p>\n\n\n\n<p>O advogado referiu que a m\u00e3e &#8220;trabalhou muitos anos em lares&#8221;, pelo que &#8220;ter\u00e1 sido chamada para esse neg\u00f3cio por causa da experi\u00eancia que tem&#8221;, e adiantou que ela &#8220;ficou insolvente por causa de d\u00edvidas por causa do div\u00f3rcio&#8221; e n\u00e3o por &#8220;irresponsabilidade dela&#8221;, justificando que &#8220;n\u00e3o andava a controlar o que ela fazia&#8221;, numa alus\u00e3o \u00e0 conta banc\u00e1ria.<\/p>\n\n\n\n<p>Este arguido garantiu que &#8220;n\u00e3o acedia \u00e0 conta com regularidade&#8221; e, quando questionado como sabia o montante dispon\u00edvel na conta, justificou que quando precisava pedia dinheiro \u00e0 m\u00e3e, que dava em numer\u00e1rio ou dizia que podia usar o MB Way.<\/p>\n\n\n\n<p>O tribunal tamb\u00e9m ouviu a m\u00e3e do advogado, tendo esta explicado como conheceu o lesado e como se chegou \u00e0 conversa de que este &#8220;podia facilitar o empr\u00e9stimo&#8221;, para entrar &#8220;com a cau\u00e7\u00e3o para o neg\u00f3cio&#8221;.<\/p>\n\n\n\n<p>Segundo a arguida, que trabalha na \u00e1rea da restaura\u00e7\u00e3o, o lesado &#8220;emprestou 150 mil euros mais 30 mil&#8221;.<\/p>\n\n\n\n<p>Esclareceu que o montante era a forma de &#8220;segurar o neg\u00f3cio do lar&#8221;, at\u00e9 o banco fazer a documenta\u00e7\u00e3o, tendo os montantes sido depositados na conta do filho.<\/p>\n\n\n\n<p>&#8220;Passei dinheiro por algumas pessoas da fam\u00edlia e depois levantei&#8221;. Entregou depois a um dos s\u00f3cios no neg\u00f3cio, declarou.<\/p>\n\n\n\n<p>A arguida reconheceu que o lesado pediu &#8220;muita vez&#8221; a devolu\u00e7\u00e3o do dinheiro, tendo-lhe feito a ela e aos filhos uma persegui\u00e7\u00e3o.<\/p>\n\n\n\n<p>&#8220;Como precisava de paz, passei uma procura\u00e7\u00e3o [ao lesado] de plenos poderes, para vender os bens que eu tinha, para pagar a d\u00edvida&#8221;.<\/p>\n\n\n\n<p>A mulher garantiu que &#8220;procurava um lar para trabalhar&#8221;.<\/p>\n\n\n\n<p>&#8220;Entrei nisto para fazer um neg\u00f3cio para trabalhar. N\u00e3o tenho como pagar, tentei fazer neg\u00f3cio e sei que n\u00e3o correu bem, mas da\u00ed at\u00e9 tentar burlar vai uma dist\u00e2ncia muito grande&#8221;.<\/p>\n","protected":false},"excerpt":{"rendered":"<p>Minist\u00e9rio P\u00fablico acusa advogado, m\u00e3e e outra advogada de fazerem a v\u00edtima &#8220;cair em erro e entregar aos arguidos elevadas quantias&#8221;. in &#8220;CM.pt&#8221;, 02.12.2025, ag\u00eancia lusa Um advogado negou, esta ter\u00e7a-feira, no Tribunal da Marinha&#8230;<\/p>\n","protected":false},"author":16,"featured_media":0,"comment_status":"closed","ping_status":"open","sticky":false,"template":"","format":"standard","meta":{"_tbt_post_transparent":"","_tbt_post_title":"","_tbt_post_layout":"","_tbt_post_sidebar_id":"","_tbt_post_content_style":"","_tbt_post_vertical_padding":"","_tbt_post_feature":"","_tbt_post_feature_position":"","_tbt_post_header":false,"_tbt_post_footer":false},"categories":[1,5],"tags":[],"class_list":["post-13479","post","type-post","status-publish","format-standard","hentry","category-geral","category-noticias"],"yoast_head":"<!-- This site is optimized with the Yoast SEO plugin v25.6 - https:\/\/yoast.com\/wordpress\/plugins\/seo\/ -->\n<title>Advogado nega no Tribunal da Marinha Grande alegada burla qualificada - Tribunal Judicial da Comarca de Leiria<\/title>\n<meta name=\"robots\" content=\"index, follow, max-snippet:-1, max-image-preview:large, max-video-preview:-1\" \/>\n<link rel=\"canonical\" href=\"https:\/\/comarcas.csm.org.pt\/leiria\/blog\/2025\/12\/03\/advogado-nega-no-tribunal-da-marinha-grande-alegada-burla-qualificada\/\" \/>\n<meta property=\"og:locale\" content=\"pt_PT\" \/>\n<meta property=\"og:type\" content=\"article\" \/>\n<meta property=\"og:title\" content=\"Advogado nega no Tribunal da Marinha Grande alegada burla qualificada - Tribunal Judicial da Comarca de Leiria\" \/>\n<meta property=\"og:description\" content=\"Minist\u00e9rio P\u00fablico acusa advogado, m\u00e3e e outra advogada de fazerem a v\u00edtima &#8220;cair em erro e entregar aos arguidos elevadas quantias&#8221;. in &#8220;CM.pt&#8221;, 02.12.2025, ag\u00eancia lusa Um advogado negou, esta ter\u00e7a-feira, no Tribunal da Marinha...\" \/>\n<meta property=\"og:url\" content=\"https:\/\/comarcas.csm.org.pt\/leiria\/blog\/2025\/12\/03\/advogado-nega-no-tribunal-da-marinha-grande-alegada-burla-qualificada\/\" \/>\n<meta property=\"og:site_name\" content=\"Tribunal Judicial da Comarca de Leiria\" \/>\n<meta property=\"article:published_time\" content=\"2025-12-03T12:19:24+00:00\" \/>\n<meta property=\"article:modified_time\" content=\"2025-12-03T12:19:26+00:00\" \/>\n<meta name=\"author\" content=\"leiria\" \/>\n<meta name=\"twitter:card\" content=\"summary_large_image\" \/>\n<meta name=\"twitter:label1\" content=\"Escrito por\" \/>\n\t<meta name=\"twitter:data1\" content=\"leiria\" \/>\n\t<meta name=\"twitter:label2\" content=\"Tempo estimado de leitura\" \/>\n\t<meta name=\"twitter:data2\" content=\"4 minutos\" \/>\n<script type=\"application\/ld+json\" class=\"yoast-schema-graph\">{\"@context\":\"https:\/\/schema.org\",\"@graph\":[{\"@type\":\"Article\",\"@id\":\"https:\/\/comarcas.csm.org.pt\/leiria\/blog\/2025\/12\/03\/advogado-nega-no-tribunal-da-marinha-grande-alegada-burla-qualificada\/#article\",\"isPartOf\":{\"@id\":\"https:\/\/comarcas.csm.org.pt\/leiria\/blog\/2025\/12\/03\/advogado-nega-no-tribunal-da-marinha-grande-alegada-burla-qualificada\/\"},\"author\":{\"name\":\"leiria\",\"@id\":\"https:\/\/comarcas.csm.org.pt\/leiria\/#\/schema\/person\/9057b6fbd670d5a2e931712cd357d806\"},\"headline\":\"Advogado nega no Tribunal da Marinha Grande alegada burla qualificada\",\"datePublished\":\"2025-12-03T12:19:24+00:00\",\"dateModified\":\"2025-12-03T12:19:26+00:00\",\"mainEntityOfPage\":{\"@id\":\"https:\/\/comarcas.csm.org.pt\/leiria\/blog\/2025\/12\/03\/advogado-nega-no-tribunal-da-marinha-grande-alegada-burla-qualificada\/\"},\"wordCount\":745,\"publisher\":{\"@id\":\"https:\/\/comarcas.csm.org.pt\/leiria\/#organization\"},\"articleSection\":[\"Geral\",\"Not\u00edcias\"],\"inLanguage\":\"pt-PT\"},{\"@type\":\"WebPage\",\"@id\":\"https:\/\/comarcas.csm.org.pt\/leiria\/blog\/2025\/12\/03\/advogado-nega-no-tribunal-da-marinha-grande-alegada-burla-qualificada\/\",\"url\":\"https:\/\/comarcas.csm.org.pt\/leiria\/blog\/2025\/12\/03\/advogado-nega-no-tribunal-da-marinha-grande-alegada-burla-qualificada\/\",\"name\":\"Advogado nega no Tribunal da Marinha Grande alegada burla qualificada - Tribunal Judicial da Comarca de Leiria\",\"isPartOf\":{\"@id\":\"https:\/\/comarcas.csm.org.pt\/leiria\/#website\"},\"datePublished\":\"2025-12-03T12:19:24+00:00\",\"dateModified\":\"2025-12-03T12:19:26+00:00\",\"breadcrumb\":{\"@id\":\"https:\/\/comarcas.csm.org.pt\/leiria\/blog\/2025\/12\/03\/advogado-nega-no-tribunal-da-marinha-grande-alegada-burla-qualificada\/#breadcrumb\"},\"inLanguage\":\"pt-PT\",\"potentialAction\":[{\"@type\":\"ReadAction\",\"target\":[\"https:\/\/comarcas.csm.org.pt\/leiria\/blog\/2025\/12\/03\/advogado-nega-no-tribunal-da-marinha-grande-alegada-burla-qualificada\/\"]}]},{\"@type\":\"BreadcrumbList\",\"@id\":\"https:\/\/comarcas.csm.org.pt\/leiria\/blog\/2025\/12\/03\/advogado-nega-no-tribunal-da-marinha-grande-alegada-burla-qualificada\/#breadcrumb\",\"itemListElement\":[{\"@type\":\"ListItem\",\"position\":1,\"name\":\"In\u00edcio\",\"item\":\"https:\/\/comarcas.csm.org.pt\/leiria\/\"},{\"@type\":\"ListItem\",\"position\":2,\"name\":\"Advogado nega no Tribunal da Marinha Grande alegada burla qualificada\"}]},{\"@type\":\"WebSite\",\"@id\":\"https:\/\/comarcas.csm.org.pt\/leiria\/#website\",\"url\":\"https:\/\/comarcas.csm.org.pt\/leiria\/\",\"name\":\"Tribunal Judicial da Comarca de Leiria\",\"description\":\"Tribunal Judicial da Comarca de Aveiro\",\"publisher\":{\"@id\":\"https:\/\/comarcas.csm.org.pt\/leiria\/#organization\"},\"potentialAction\":[{\"@type\":\"SearchAction\",\"target\":{\"@type\":\"EntryPoint\",\"urlTemplate\":\"https:\/\/comarcas.csm.org.pt\/leiria\/?s={search_term_string}\"},\"query-input\":{\"@type\":\"PropertyValueSpecification\",\"valueRequired\":true,\"valueName\":\"search_term_string\"}}],\"inLanguage\":\"pt-PT\"},{\"@type\":\"Organization\",\"@id\":\"https:\/\/comarcas.csm.org.pt\/leiria\/#organization\",\"name\":\"Tribunal Judicial da Comarca de Leiria\",\"url\":\"https:\/\/comarcas.csm.org.pt\/leiria\/\",\"logo\":{\"@type\":\"ImageObject\",\"inLanguage\":\"pt-PT\",\"@id\":\"https:\/\/comarcas.csm.org.pt\/leiria\/#\/schema\/logo\/image\/\",\"url\":\"https:\/\/comarcas.csm.org.pt\/leiria\/wp-content\/uploads\/sites\/16\/2024\/11\/Leiria_positivo-horizontal.png\",\"contentUrl\":\"https:\/\/comarcas.csm.org.pt\/leiria\/wp-content\/uploads\/sites\/16\/2024\/11\/Leiria_positivo-horizontal.png\",\"width\":5088,\"height\":890,\"caption\":\"Tribunal Judicial da Comarca de Leiria\"},\"image\":{\"@id\":\"https:\/\/comarcas.csm.org.pt\/leiria\/#\/schema\/logo\/image\/\"}},{\"@type\":\"Person\",\"@id\":\"https:\/\/comarcas.csm.org.pt\/leiria\/#\/schema\/person\/9057b6fbd670d5a2e931712cd357d806\",\"name\":\"leiria\",\"image\":{\"@type\":\"ImageObject\",\"inLanguage\":\"pt-PT\",\"@id\":\"https:\/\/comarcas.csm.org.pt\/leiria\/#\/schema\/person\/image\/\",\"url\":\"https:\/\/secure.gravatar.com\/avatar\/399a72a2630b07d71a4e0167744303361d26ed8a993be2c5686bbe5ff44b469f?s=96&d=mm&r=g\",\"contentUrl\":\"https:\/\/secure.gravatar.com\/avatar\/399a72a2630b07d71a4e0167744303361d26ed8a993be2c5686bbe5ff44b469f?s=96&d=mm&r=g\",\"caption\":\"leiria\"},\"url\":\"https:\/\/comarcas.csm.org.pt\/leiria\/blog\/author\/leiria\/\"}]}<\/script>\n<!-- \/ Yoast SEO plugin. -->","yoast_head_json":{"title":"Advogado nega no Tribunal da Marinha Grande alegada burla qualificada - Tribunal Judicial da Comarca de Leiria","robots":{"index":"index","follow":"follow","max-snippet":"max-snippet:-1","max-image-preview":"max-image-preview:large","max-video-preview":"max-video-preview:-1"},"canonical":"https:\/\/comarcas.csm.org.pt\/leiria\/blog\/2025\/12\/03\/advogado-nega-no-tribunal-da-marinha-grande-alegada-burla-qualificada\/","og_locale":"pt_PT","og_type":"article","og_title":"Advogado nega no Tribunal da Marinha Grande alegada burla qualificada - Tribunal Judicial da Comarca de Leiria","og_description":"Minist\u00e9rio P\u00fablico acusa advogado, m\u00e3e e outra advogada de fazerem a v\u00edtima &#8220;cair em erro e entregar aos arguidos elevadas quantias&#8221;. in &#8220;CM.pt&#8221;, 02.12.2025, ag\u00eancia lusa Um advogado negou, esta ter\u00e7a-feira, no Tribunal da Marinha...","og_url":"https:\/\/comarcas.csm.org.pt\/leiria\/blog\/2025\/12\/03\/advogado-nega-no-tribunal-da-marinha-grande-alegada-burla-qualificada\/","og_site_name":"Tribunal Judicial da Comarca de Leiria","article_published_time":"2025-12-03T12:19:24+00:00","article_modified_time":"2025-12-03T12:19:26+00:00","author":"leiria","twitter_card":"summary_large_image","twitter_misc":{"Escrito por":"leiria","Tempo estimado de leitura":"4 minutos"},"schema":{"@context":"https:\/\/schema.org","@graph":[{"@type":"Article","@id":"https:\/\/comarcas.csm.org.pt\/leiria\/blog\/2025\/12\/03\/advogado-nega-no-tribunal-da-marinha-grande-alegada-burla-qualificada\/#article","isPartOf":{"@id":"https:\/\/comarcas.csm.org.pt\/leiria\/blog\/2025\/12\/03\/advogado-nega-no-tribunal-da-marinha-grande-alegada-burla-qualificada\/"},"author":{"name":"leiria","@id":"https:\/\/comarcas.csm.org.pt\/leiria\/#\/schema\/person\/9057b6fbd670d5a2e931712cd357d806"},"headline":"Advogado nega no Tribunal da Marinha Grande alegada burla qualificada","datePublished":"2025-12-03T12:19:24+00:00","dateModified":"2025-12-03T12:19:26+00:00","mainEntityOfPage":{"@id":"https:\/\/comarcas.csm.org.pt\/leiria\/blog\/2025\/12\/03\/advogado-nega-no-tribunal-da-marinha-grande-alegada-burla-qualificada\/"},"wordCount":745,"publisher":{"@id":"https:\/\/comarcas.csm.org.pt\/leiria\/#organization"},"articleSection":["Geral","Not\u00edcias"],"inLanguage":"pt-PT"},{"@type":"WebPage","@id":"https:\/\/comarcas.csm.org.pt\/leiria\/blog\/2025\/12\/03\/advogado-nega-no-tribunal-da-marinha-grande-alegada-burla-qualificada\/","url":"https:\/\/comarcas.csm.org.pt\/leiria\/blog\/2025\/12\/03\/advogado-nega-no-tribunal-da-marinha-grande-alegada-burla-qualificada\/","name":"Advogado nega no Tribunal da Marinha Grande alegada burla qualificada - Tribunal Judicial da Comarca de Leiria","isPartOf":{"@id":"https:\/\/comarcas.csm.org.pt\/leiria\/#website"},"datePublished":"2025-12-03T12:19:24+00:00","dateModified":"2025-12-03T12:19:26+00:00","breadcrumb":{"@id":"https:\/\/comarcas.csm.org.pt\/leiria\/blog\/2025\/12\/03\/advogado-nega-no-tribunal-da-marinha-grande-alegada-burla-qualificada\/#breadcrumb"},"inLanguage":"pt-PT","potentialAction":[{"@type":"ReadAction","target":["https:\/\/comarcas.csm.org.pt\/leiria\/blog\/2025\/12\/03\/advogado-nega-no-tribunal-da-marinha-grande-alegada-burla-qualificada\/"]}]},{"@type":"BreadcrumbList","@id":"https:\/\/comarcas.csm.org.pt\/leiria\/blog\/2025\/12\/03\/advogado-nega-no-tribunal-da-marinha-grande-alegada-burla-qualificada\/#breadcrumb","itemListElement":[{"@type":"ListItem","position":1,"name":"In\u00edcio","item":"https:\/\/comarcas.csm.org.pt\/leiria\/"},{"@type":"ListItem","position":2,"name":"Advogado nega no Tribunal da Marinha Grande alegada burla qualificada"}]},{"@type":"WebSite","@id":"https:\/\/comarcas.csm.org.pt\/leiria\/#website","url":"https:\/\/comarcas.csm.org.pt\/leiria\/","name":"Tribunal Judicial da Comarca de Leiria","description":"Tribunal Judicial da Comarca de Aveiro","publisher":{"@id":"https:\/\/comarcas.csm.org.pt\/leiria\/#organization"},"potentialAction":[{"@type":"SearchAction","target":{"@type":"EntryPoint","urlTemplate":"https:\/\/comarcas.csm.org.pt\/leiria\/?s={search_term_string}"},"query-input":{"@type":"PropertyValueSpecification","valueRequired":true,"valueName":"search_term_string"}}],"inLanguage":"pt-PT"},{"@type":"Organization","@id":"https:\/\/comarcas.csm.org.pt\/leiria\/#organization","name":"Tribunal Judicial da Comarca de Leiria","url":"https:\/\/comarcas.csm.org.pt\/leiria\/","logo":{"@type":"ImageObject","inLanguage":"pt-PT","@id":"https:\/\/comarcas.csm.org.pt\/leiria\/#\/schema\/logo\/image\/","url":"https:\/\/comarcas.csm.org.pt\/leiria\/wp-content\/uploads\/sites\/16\/2024\/11\/Leiria_positivo-horizontal.png","contentUrl":"https:\/\/comarcas.csm.org.pt\/leiria\/wp-content\/uploads\/sites\/16\/2024\/11\/Leiria_positivo-horizontal.png","width":5088,"height":890,"caption":"Tribunal Judicial da Comarca de Leiria"},"image":{"@id":"https:\/\/comarcas.csm.org.pt\/leiria\/#\/schema\/logo\/image\/"}},{"@type":"Person","@id":"https:\/\/comarcas.csm.org.pt\/leiria\/#\/schema\/person\/9057b6fbd670d5a2e931712cd357d806","name":"leiria","image":{"@type":"ImageObject","inLanguage":"pt-PT","@id":"https:\/\/comarcas.csm.org.pt\/leiria\/#\/schema\/person\/image\/","url":"https:\/\/secure.gravatar.com\/avatar\/399a72a2630b07d71a4e0167744303361d26ed8a993be2c5686bbe5ff44b469f?s=96&d=mm&r=g","contentUrl":"https:\/\/secure.gravatar.com\/avatar\/399a72a2630b07d71a4e0167744303361d26ed8a993be2c5686bbe5ff44b469f?s=96&d=mm&r=g","caption":"leiria"},"url":"https:\/\/comarcas.csm.org.pt\/leiria\/blog\/author\/leiria\/"}]}},"_links":{"self":[{"href":"https:\/\/comarcas.csm.org.pt\/leiria\/wp-json\/wp\/v2\/posts\/13479","targetHints":{"allow":["GET"]}}],"collection":[{"href":"https:\/\/comarcas.csm.org.pt\/leiria\/wp-json\/wp\/v2\/posts"}],"about":[{"href":"https:\/\/comarcas.csm.org.pt\/leiria\/wp-json\/wp\/v2\/types\/post"}],"author":[{"embeddable":true,"href":"https:\/\/comarcas.csm.org.pt\/leiria\/wp-json\/wp\/v2\/users\/16"}],"replies":[{"embeddable":true,"href":"https:\/\/comarcas.csm.org.pt\/leiria\/wp-json\/wp\/v2\/comments?post=13479"}],"version-history":[{"count":1,"href":"https:\/\/comarcas.csm.org.pt\/leiria\/wp-json\/wp\/v2\/posts\/13479\/revisions"}],"predecessor-version":[{"id":13480,"href":"https:\/\/comarcas.csm.org.pt\/leiria\/wp-json\/wp\/v2\/posts\/13479\/revisions\/13480"}],"wp:attachment":[{"href":"https:\/\/comarcas.csm.org.pt\/leiria\/wp-json\/wp\/v2\/media?parent=13479"}],"wp:term":[{"taxonomy":"category","embeddable":true,"href":"https:\/\/comarcas.csm.org.pt\/leiria\/wp-json\/wp\/v2\/categories?post=13479"},{"taxonomy":"post_tag","embeddable":true,"href":"https:\/\/comarcas.csm.org.pt\/leiria\/wp-json\/wp\/v2\/tags?post=13479"}],"curies":[{"name":"wp","href":"https:\/\/api.w.org\/{rel}","templated":true}]}}