{"id":13481,"date":"2025-12-04T13:49:32","date_gmt":"2025-12-04T13:49:32","guid":{"rendered":"https:\/\/comarcas.csm.org.pt\/leiria\/?p=13481"},"modified":"2025-12-04T13:49:49","modified_gmt":"2025-12-04T13:49:49","slug":"julgamento-sobre-trafico-de-droga-comecou-em-leiria-apenas-com-identificacao-de-arguidos","status":"publish","type":"post","link":"https:\/\/comarcas.csm.org.pt\/leiria\/blog\/2025\/12\/04\/julgamento-sobre-trafico-de-droga-comecou-em-leiria-apenas-com-identificacao-de-arguidos\/","title":{"rendered":"Julgamento sobre tr\u00e1fico de droga come\u00e7ou em Leiria apenas com identifica\u00e7\u00e3o de\u00a0arguidos"},"content":{"rendered":"\n<p>In <a href=\"https:\/\/observador.pt\/2025\/12\/03\/julgamento-sobre-trafico-de-droga-comecou-em-leiria-apenas-com-identificacao-de-arguidos\/\">&#8220;observador<\/a>&#8220;, de 3.12.2025<\/p>\n\n\n\n<p>Dos 9 arguidos acusados de tr\u00e1fico de droga s\u00f3 8 compareceram em tribunal. Juiz responsabiliza diretor do EPL, diz que s\u00f3 foi avisado 15 minutos antes e que o julgamento estava marcado h\u00e1 v\u00e1rios meses<\/p>\n\n\n\n<p>O julgamento de um caso de tr\u00e1fico de coca\u00edna importada dissimulada em lulas congeladas come\u00e7ou esta quarta-feira, em Leiria, apenas com a identifica\u00e7\u00e3o dos arguidos, porque&nbsp;<strong>um outro n\u00e3o foi transportado por falta de meios dos servi\u00e7os prisionais<\/strong>.<\/p>\n\n\n\n<p>A aus\u00eancia desse arguido, por impossibilidade do Estabelecimento Prisional de Lisboa (EPL), motivou cr\u00edticas do procurador da Rep\u00fablica e de advogados, e levou o presidente do tribunal coletivo a considerar o \u201cato inadmiss\u00edvel\u201d e a atribuir responsabilidade ao diretor daquela pris\u00e3o.<\/p>\n\n\n\n<p><strong>Dos 10 arguidos (nove homens e uma sociedade), sete est\u00e3o em pris\u00e3o preventiva.<\/strong><\/p>\n\n\n\n<p>O presidente do coletivo de ju\u00edzes explicou que \u201cforam designadas datas para o julgamento h\u00e1 v\u00e1rios meses\u201d, tendo sido notificados os arguidos e seus defensores, e requisitada a presen\u00e7a dos que est\u00e3o detidos preventivamente aos respetivos estabelecimentos prisionais, sem que, at\u00e9 \u00e0 data, tenha havido qualquer comunica\u00e7\u00e3o de indisponibilidade.<\/p>\n\n\n\n<p>\u201c[Os arguidos] est\u00e3o presos h\u00e1 mais de um ano\u201d, declarou o magistrado judicial, notando que os autos \u201cforam classificados de especial complexidade\u201d e envolvem meios humanos consider\u00e1veis, incluindo de seguran\u00e7a.<\/p>\n\n\n\n<p>O juiz adiantou que&nbsp;<strong>\u201cn\u00e3o se compreende\u201d que hoje, \u201ccerca de 15 minutos antes da hora\u201d do in\u00edcio do julgamento e \u201capenas ap\u00f3s insist\u00eancia\u201d junto do EPL, \u201ctenha dele vindo um lac\u00f3nico \u2019email\u2019 que invoca dificuldades de meios humanos e log\u00edsticos para assegurar a compar\u00eancia\u201d dos reclusos nas dilig\u00eancias deste dia.<\/strong><\/p>\n\n\n\n<p>O juiz determinou que se oficie ao diretor do EPL sobre as raz\u00f5es que, \u201cefetivamente, levaram \u00e0 n\u00e3o condu\u00e7\u00e3o do arguido\u201d ao Tribunal Judicial de Leiria, assim como \u00e0 Dire\u00e7\u00e3o-Geral&nbsp;de Reinser\u00e7\u00e3o e&nbsp;Servi\u00e7os Prisionais&nbsp;informando do sucedido e a pedir \u201cos bons of\u00edcios para a condu\u00e7\u00e3o do arguido\u201d na pr\u00f3xima data, dia 10.<\/p>\n\n\n\n<p>Segundo os despachos de acusa\u00e7\u00e3o e de pron\u00fancia, aos nove homens, com idades entre os 27 e os 63 anos, est\u00e1 imputada a alegada pr\u00e1tica em coautoria dos&nbsp;<strong>crimes de tr\u00e1fico e outras atividades il\u00edcitas agravado e um crime de associa\u00e7\u00e3o criminosa.<\/strong><\/p>\n\n\n\n<p>Dois arguidos respondem ainda por um&nbsp;<strong>crime de deten\u00e7\u00e3o de arma e muni\u00e7\u00f5es proibidas<\/strong>, enquanto outro tamb\u00e9m por&nbsp;<strong>falsifica\u00e7\u00e3o de documento aut\u00eantico<\/strong>. J\u00e1 a sociedade, de Torres Vedras (Lisboa), vai a julgamento pelo crime de&nbsp;<strong>tr\u00e1fico estupefacientes agravado<\/strong>.<\/p>\n\n\n\n<p>No despacho de acusa\u00e7\u00e3o l\u00ea-se que, pelo menos desde fevereiro de 2024, os arguidos decidiram formar um grupo, liderado por dois deles, para se dedicar \u00e0 compra e introdu\u00e7\u00e3o de coca\u00edna em Portugal.<\/p>\n\n\n\n<p>A coca\u00edna seria transportada por via mar\u00edtima em contentores provenientes da Am\u00e9rica do Sul e, depois, por via terrestre, para outros pa\u00edses da Europa, que \u201cadquiririam, por si ou por interpostas pessoas, a indiv\u00edduos de identidade e por pre\u00e7o n\u00e3o concretamente apurados\u201d, para obterem \u201cmuito grandes vantagens econ\u00f3micas\u201d, de acordo com o despacho do Minist\u00e9rio P\u00fablico (MP).<\/p>\n\n\n\n<p>A este grupo aderiram outros sete arguidos, sendo que a atividade era \u201cexecutada por todos, em comunh\u00e3o de esfor\u00e7os, divis\u00e3o de tarefas e de acordo com as indica\u00e7\u00f5es dadas\u201d pelos l\u00edderes do grupo.<\/p>\n\n\n\n<p>O MP relatou que o grupo decidiu comprar&nbsp;<strong>coca\u00edna proveniente do Equador<\/strong>&nbsp;\u201cacondicionada e misturada em paletes contendo caixas de peixe congelado (lula congelada)\u201d, que tinha como destino o armaz\u00e9m de uma empresa de \u00d3bidos (Leiria).<\/p>\n\n\n\n<p>Ap\u00f3s a droga entrar em Portugal via porto de Lisboa e chegar ao armaz\u00e9m em \u00d3bidos misturada em paletes contendo caixas de lulas congeladas, pelo menos sete dos suspeitos diligenciavam pela sua retirada, assim como pela sua posterior distribui\u00e7\u00e3o pelo pa\u00eds e Europa, \u201cmais concretamente Pa\u00edses Baixos e com liga\u00e7\u00e3o \u00e0 Turquia\u201d.<\/p>\n\n\n\n<p>Ap\u00f3s exame pericial \u00e0 coca\u00edna apreendida, constatou-se que o peso l\u00edquido era na ordem dos&nbsp;<strong>1.144 quilogramas<\/strong>, sendo que o valor desta coca\u00edna ronda os&nbsp;<strong>34,5 milh\u00f5es de euros<\/strong>, \u201csem contar com poss\u00edveis cortes do produto, que, neste caso, duplicaria ou triplicaria o valor\u201d, referiu o MP.<\/p>\n","protected":false},"excerpt":{"rendered":"<p>In &#8220;observador&#8220;, de 3.12.2025 Dos 9 arguidos acusados de tr\u00e1fico de droga s\u00f3 8 compareceram em tribunal. Juiz responsabiliza diretor do EPL, diz que s\u00f3 foi avisado 15 minutos antes e que o julgamento estava&#8230;<\/p>\n","protected":false},"author":16,"featured_media":0,"comment_status":"closed","ping_status":"open","sticky":false,"template":"","format":"standard","meta":{"_tbt_post_transparent":"","_tbt_post_title":"","_tbt_post_layout":"","_tbt_post_sidebar_id":"","_tbt_post_content_style":"","_tbt_post_vertical_padding":"","_tbt_post_feature":"","_tbt_post_feature_position":"","_tbt_post_header":false,"_tbt_post_footer":false},"categories":[1,5],"tags":[],"class_list":["post-13481","post","type-post","status-publish","format-standard","hentry","category-geral","category-noticias"],"yoast_head":"<!-- This site is optimized with the Yoast SEO plugin v25.6 - https:\/\/yoast.com\/wordpress\/plugins\/seo\/ -->\n<title>Julgamento sobre tr\u00e1fico de droga come\u00e7ou em Leiria apenas com identifica\u00e7\u00e3o de\u00a0arguidos - Tribunal Judicial da Comarca de Leiria<\/title>\n<meta name=\"robots\" content=\"index, follow, max-snippet:-1, max-image-preview:large, max-video-preview:-1\" \/>\n<link rel=\"canonical\" href=\"https:\/\/comarcas.csm.org.pt\/leiria\/blog\/2025\/12\/04\/julgamento-sobre-trafico-de-droga-comecou-em-leiria-apenas-com-identificacao-de-arguidos\/\" \/>\n<meta property=\"og:locale\" content=\"pt_PT\" \/>\n<meta property=\"og:type\" content=\"article\" \/>\n<meta property=\"og:title\" content=\"Julgamento sobre tr\u00e1fico de droga come\u00e7ou em Leiria apenas com identifica\u00e7\u00e3o de\u00a0arguidos - Tribunal Judicial da Comarca de Leiria\" \/>\n<meta property=\"og:description\" content=\"In &#8220;observador&#8220;, de 3.12.2025 Dos 9 arguidos acusados de tr\u00e1fico de droga s\u00f3 8 compareceram em tribunal. Juiz responsabiliza diretor do EPL, diz que s\u00f3 foi avisado 15 minutos antes e que o julgamento estava...\" \/>\n<meta property=\"og:url\" content=\"https:\/\/comarcas.csm.org.pt\/leiria\/blog\/2025\/12\/04\/julgamento-sobre-trafico-de-droga-comecou-em-leiria-apenas-com-identificacao-de-arguidos\/\" \/>\n<meta property=\"og:site_name\" content=\"Tribunal Judicial da Comarca de Leiria\" \/>\n<meta property=\"article:published_time\" content=\"2025-12-04T13:49:32+00:00\" \/>\n<meta property=\"article:modified_time\" content=\"2025-12-04T13:49:49+00:00\" \/>\n<meta name=\"author\" content=\"leiria\" \/>\n<meta name=\"twitter:card\" content=\"summary_large_image\" \/>\n<meta name=\"twitter:label1\" content=\"Escrito por\" \/>\n\t<meta name=\"twitter:data1\" content=\"leiria\" \/>\n\t<meta name=\"twitter:label2\" content=\"Tempo estimado de leitura\" \/>\n\t<meta name=\"twitter:data2\" content=\"4 minutos\" \/>\n<script type=\"application\/ld+json\" class=\"yoast-schema-graph\">{\"@context\":\"https:\/\/schema.org\",\"@graph\":[{\"@type\":\"Article\",\"@id\":\"https:\/\/comarcas.csm.org.pt\/leiria\/blog\/2025\/12\/04\/julgamento-sobre-trafico-de-droga-comecou-em-leiria-apenas-com-identificacao-de-arguidos\/#article\",\"isPartOf\":{\"@id\":\"https:\/\/comarcas.csm.org.pt\/leiria\/blog\/2025\/12\/04\/julgamento-sobre-trafico-de-droga-comecou-em-leiria-apenas-com-identificacao-de-arguidos\/\"},\"author\":{\"name\":\"leiria\",\"@id\":\"https:\/\/comarcas.csm.org.pt\/leiria\/#\/schema\/person\/9057b6fbd670d5a2e931712cd357d806\"},\"headline\":\"Julgamento sobre tr\u00e1fico de droga come\u00e7ou em Leiria apenas com identifica\u00e7\u00e3o de\u00a0arguidos\",\"datePublished\":\"2025-12-04T13:49:32+00:00\",\"dateModified\":\"2025-12-04T13:49:49+00:00\",\"mainEntityOfPage\":{\"@id\":\"https:\/\/comarcas.csm.org.pt\/leiria\/blog\/2025\/12\/04\/julgamento-sobre-trafico-de-droga-comecou-em-leiria-apenas-com-identificacao-de-arguidos\/\"},\"wordCount\":749,\"publisher\":{\"@id\":\"https:\/\/comarcas.csm.org.pt\/leiria\/#organization\"},\"articleSection\":[\"Geral\",\"Not\u00edcias\"],\"inLanguage\":\"pt-PT\"},{\"@type\":\"WebPage\",\"@id\":\"https:\/\/comarcas.csm.org.pt\/leiria\/blog\/2025\/12\/04\/julgamento-sobre-trafico-de-droga-comecou-em-leiria-apenas-com-identificacao-de-arguidos\/\",\"url\":\"https:\/\/comarcas.csm.org.pt\/leiria\/blog\/2025\/12\/04\/julgamento-sobre-trafico-de-droga-comecou-em-leiria-apenas-com-identificacao-de-arguidos\/\",\"name\":\"Julgamento sobre tr\u00e1fico de droga come\u00e7ou em Leiria apenas com identifica\u00e7\u00e3o de\u00a0arguidos - Tribunal Judicial da Comarca de Leiria\",\"isPartOf\":{\"@id\":\"https:\/\/comarcas.csm.org.pt\/leiria\/#website\"},\"datePublished\":\"2025-12-04T13:49:32+00:00\",\"dateModified\":\"2025-12-04T13:49:49+00:00\",\"breadcrumb\":{\"@id\":\"https:\/\/comarcas.csm.org.pt\/leiria\/blog\/2025\/12\/04\/julgamento-sobre-trafico-de-droga-comecou-em-leiria-apenas-com-identificacao-de-arguidos\/#breadcrumb\"},\"inLanguage\":\"pt-PT\",\"potentialAction\":[{\"@type\":\"ReadAction\",\"target\":[\"https:\/\/comarcas.csm.org.pt\/leiria\/blog\/2025\/12\/04\/julgamento-sobre-trafico-de-droga-comecou-em-leiria-apenas-com-identificacao-de-arguidos\/\"]}]},{\"@type\":\"BreadcrumbList\",\"@id\":\"https:\/\/comarcas.csm.org.pt\/leiria\/blog\/2025\/12\/04\/julgamento-sobre-trafico-de-droga-comecou-em-leiria-apenas-com-identificacao-de-arguidos\/#breadcrumb\",\"itemListElement\":[{\"@type\":\"ListItem\",\"position\":1,\"name\":\"In\u00edcio\",\"item\":\"https:\/\/comarcas.csm.org.pt\/leiria\/\"},{\"@type\":\"ListItem\",\"position\":2,\"name\":\"Julgamento sobre tr\u00e1fico de droga come\u00e7ou em Leiria apenas com identifica\u00e7\u00e3o de\u00a0arguidos\"}]},{\"@type\":\"WebSite\",\"@id\":\"https:\/\/comarcas.csm.org.pt\/leiria\/#website\",\"url\":\"https:\/\/comarcas.csm.org.pt\/leiria\/\",\"name\":\"Tribunal Judicial da Comarca de Leiria\",\"description\":\"Tribunal Judicial da Comarca de Aveiro\",\"publisher\":{\"@id\":\"https:\/\/comarcas.csm.org.pt\/leiria\/#organization\"},\"potentialAction\":[{\"@type\":\"SearchAction\",\"target\":{\"@type\":\"EntryPoint\",\"urlTemplate\":\"https:\/\/comarcas.csm.org.pt\/leiria\/?s={search_term_string}\"},\"query-input\":{\"@type\":\"PropertyValueSpecification\",\"valueRequired\":true,\"valueName\":\"search_term_string\"}}],\"inLanguage\":\"pt-PT\"},{\"@type\":\"Organization\",\"@id\":\"https:\/\/comarcas.csm.org.pt\/leiria\/#organization\",\"name\":\"Tribunal Judicial da Comarca de Leiria\",\"url\":\"https:\/\/comarcas.csm.org.pt\/leiria\/\",\"logo\":{\"@type\":\"ImageObject\",\"inLanguage\":\"pt-PT\",\"@id\":\"https:\/\/comarcas.csm.org.pt\/leiria\/#\/schema\/logo\/image\/\",\"url\":\"https:\/\/comarcas.csm.org.pt\/leiria\/wp-content\/uploads\/sites\/16\/2024\/11\/Leiria_positivo-horizontal.png\",\"contentUrl\":\"https:\/\/comarcas.csm.org.pt\/leiria\/wp-content\/uploads\/sites\/16\/2024\/11\/Leiria_positivo-horizontal.png\",\"width\":5088,\"height\":890,\"caption\":\"Tribunal Judicial da Comarca de Leiria\"},\"image\":{\"@id\":\"https:\/\/comarcas.csm.org.pt\/leiria\/#\/schema\/logo\/image\/\"}},{\"@type\":\"Person\",\"@id\":\"https:\/\/comarcas.csm.org.pt\/leiria\/#\/schema\/person\/9057b6fbd670d5a2e931712cd357d806\",\"name\":\"leiria\",\"image\":{\"@type\":\"ImageObject\",\"inLanguage\":\"pt-PT\",\"@id\":\"https:\/\/comarcas.csm.org.pt\/leiria\/#\/schema\/person\/image\/\",\"url\":\"https:\/\/secure.gravatar.com\/avatar\/399a72a2630b07d71a4e0167744303361d26ed8a993be2c5686bbe5ff44b469f?s=96&d=mm&r=g\",\"contentUrl\":\"https:\/\/secure.gravatar.com\/avatar\/399a72a2630b07d71a4e0167744303361d26ed8a993be2c5686bbe5ff44b469f?s=96&d=mm&r=g\",\"caption\":\"leiria\"},\"url\":\"https:\/\/comarcas.csm.org.pt\/leiria\/blog\/author\/leiria\/\"}]}<\/script>\n<!-- \/ Yoast SEO plugin. -->","yoast_head_json":{"title":"Julgamento sobre tr\u00e1fico de droga come\u00e7ou em Leiria apenas com identifica\u00e7\u00e3o de\u00a0arguidos - Tribunal Judicial da Comarca de Leiria","robots":{"index":"index","follow":"follow","max-snippet":"max-snippet:-1","max-image-preview":"max-image-preview:large","max-video-preview":"max-video-preview:-1"},"canonical":"https:\/\/comarcas.csm.org.pt\/leiria\/blog\/2025\/12\/04\/julgamento-sobre-trafico-de-droga-comecou-em-leiria-apenas-com-identificacao-de-arguidos\/","og_locale":"pt_PT","og_type":"article","og_title":"Julgamento sobre tr\u00e1fico de droga come\u00e7ou em Leiria apenas com identifica\u00e7\u00e3o de\u00a0arguidos - Tribunal Judicial da Comarca de Leiria","og_description":"In &#8220;observador&#8220;, de 3.12.2025 Dos 9 arguidos acusados de tr\u00e1fico de droga s\u00f3 8 compareceram em tribunal. Juiz responsabiliza diretor do EPL, diz que s\u00f3 foi avisado 15 minutos antes e que o julgamento estava...","og_url":"https:\/\/comarcas.csm.org.pt\/leiria\/blog\/2025\/12\/04\/julgamento-sobre-trafico-de-droga-comecou-em-leiria-apenas-com-identificacao-de-arguidos\/","og_site_name":"Tribunal Judicial da Comarca de Leiria","article_published_time":"2025-12-04T13:49:32+00:00","article_modified_time":"2025-12-04T13:49:49+00:00","author":"leiria","twitter_card":"summary_large_image","twitter_misc":{"Escrito por":"leiria","Tempo estimado de leitura":"4 minutos"},"schema":{"@context":"https:\/\/schema.org","@graph":[{"@type":"Article","@id":"https:\/\/comarcas.csm.org.pt\/leiria\/blog\/2025\/12\/04\/julgamento-sobre-trafico-de-droga-comecou-em-leiria-apenas-com-identificacao-de-arguidos\/#article","isPartOf":{"@id":"https:\/\/comarcas.csm.org.pt\/leiria\/blog\/2025\/12\/04\/julgamento-sobre-trafico-de-droga-comecou-em-leiria-apenas-com-identificacao-de-arguidos\/"},"author":{"name":"leiria","@id":"https:\/\/comarcas.csm.org.pt\/leiria\/#\/schema\/person\/9057b6fbd670d5a2e931712cd357d806"},"headline":"Julgamento sobre tr\u00e1fico de droga come\u00e7ou em Leiria apenas com identifica\u00e7\u00e3o de\u00a0arguidos","datePublished":"2025-12-04T13:49:32+00:00","dateModified":"2025-12-04T13:49:49+00:00","mainEntityOfPage":{"@id":"https:\/\/comarcas.csm.org.pt\/leiria\/blog\/2025\/12\/04\/julgamento-sobre-trafico-de-droga-comecou-em-leiria-apenas-com-identificacao-de-arguidos\/"},"wordCount":749,"publisher":{"@id":"https:\/\/comarcas.csm.org.pt\/leiria\/#organization"},"articleSection":["Geral","Not\u00edcias"],"inLanguage":"pt-PT"},{"@type":"WebPage","@id":"https:\/\/comarcas.csm.org.pt\/leiria\/blog\/2025\/12\/04\/julgamento-sobre-trafico-de-droga-comecou-em-leiria-apenas-com-identificacao-de-arguidos\/","url":"https:\/\/comarcas.csm.org.pt\/leiria\/blog\/2025\/12\/04\/julgamento-sobre-trafico-de-droga-comecou-em-leiria-apenas-com-identificacao-de-arguidos\/","name":"Julgamento sobre tr\u00e1fico de droga come\u00e7ou em Leiria apenas com identifica\u00e7\u00e3o de\u00a0arguidos - Tribunal Judicial da Comarca de Leiria","isPartOf":{"@id":"https:\/\/comarcas.csm.org.pt\/leiria\/#website"},"datePublished":"2025-12-04T13:49:32+00:00","dateModified":"2025-12-04T13:49:49+00:00","breadcrumb":{"@id":"https:\/\/comarcas.csm.org.pt\/leiria\/blog\/2025\/12\/04\/julgamento-sobre-trafico-de-droga-comecou-em-leiria-apenas-com-identificacao-de-arguidos\/#breadcrumb"},"inLanguage":"pt-PT","potentialAction":[{"@type":"ReadAction","target":["https:\/\/comarcas.csm.org.pt\/leiria\/blog\/2025\/12\/04\/julgamento-sobre-trafico-de-droga-comecou-em-leiria-apenas-com-identificacao-de-arguidos\/"]}]},{"@type":"BreadcrumbList","@id":"https:\/\/comarcas.csm.org.pt\/leiria\/blog\/2025\/12\/04\/julgamento-sobre-trafico-de-droga-comecou-em-leiria-apenas-com-identificacao-de-arguidos\/#breadcrumb","itemListElement":[{"@type":"ListItem","position":1,"name":"In\u00edcio","item":"https:\/\/comarcas.csm.org.pt\/leiria\/"},{"@type":"ListItem","position":2,"name":"Julgamento sobre tr\u00e1fico de droga come\u00e7ou em Leiria apenas com identifica\u00e7\u00e3o de\u00a0arguidos"}]},{"@type":"WebSite","@id":"https:\/\/comarcas.csm.org.pt\/leiria\/#website","url":"https:\/\/comarcas.csm.org.pt\/leiria\/","name":"Tribunal Judicial da Comarca de Leiria","description":"Tribunal Judicial da Comarca de Aveiro","publisher":{"@id":"https:\/\/comarcas.csm.org.pt\/leiria\/#organization"},"potentialAction":[{"@type":"SearchAction","target":{"@type":"EntryPoint","urlTemplate":"https:\/\/comarcas.csm.org.pt\/leiria\/?s={search_term_string}"},"query-input":{"@type":"PropertyValueSpecification","valueRequired":true,"valueName":"search_term_string"}}],"inLanguage":"pt-PT"},{"@type":"Organization","@id":"https:\/\/comarcas.csm.org.pt\/leiria\/#organization","name":"Tribunal Judicial da Comarca de Leiria","url":"https:\/\/comarcas.csm.org.pt\/leiria\/","logo":{"@type":"ImageObject","inLanguage":"pt-PT","@id":"https:\/\/comarcas.csm.org.pt\/leiria\/#\/schema\/logo\/image\/","url":"https:\/\/comarcas.csm.org.pt\/leiria\/wp-content\/uploads\/sites\/16\/2024\/11\/Leiria_positivo-horizontal.png","contentUrl":"https:\/\/comarcas.csm.org.pt\/leiria\/wp-content\/uploads\/sites\/16\/2024\/11\/Leiria_positivo-horizontal.png","width":5088,"height":890,"caption":"Tribunal Judicial da Comarca de Leiria"},"image":{"@id":"https:\/\/comarcas.csm.org.pt\/leiria\/#\/schema\/logo\/image\/"}},{"@type":"Person","@id":"https:\/\/comarcas.csm.org.pt\/leiria\/#\/schema\/person\/9057b6fbd670d5a2e931712cd357d806","name":"leiria","image":{"@type":"ImageObject","inLanguage":"pt-PT","@id":"https:\/\/comarcas.csm.org.pt\/leiria\/#\/schema\/person\/image\/","url":"https:\/\/secure.gravatar.com\/avatar\/399a72a2630b07d71a4e0167744303361d26ed8a993be2c5686bbe5ff44b469f?s=96&d=mm&r=g","contentUrl":"https:\/\/secure.gravatar.com\/avatar\/399a72a2630b07d71a4e0167744303361d26ed8a993be2c5686bbe5ff44b469f?s=96&d=mm&r=g","caption":"leiria"},"url":"https:\/\/comarcas.csm.org.pt\/leiria\/blog\/author\/leiria\/"}]}},"_links":{"self":[{"href":"https:\/\/comarcas.csm.org.pt\/leiria\/wp-json\/wp\/v2\/posts\/13481","targetHints":{"allow":["GET"]}}],"collection":[{"href":"https:\/\/comarcas.csm.org.pt\/leiria\/wp-json\/wp\/v2\/posts"}],"about":[{"href":"https:\/\/comarcas.csm.org.pt\/leiria\/wp-json\/wp\/v2\/types\/post"}],"author":[{"embeddable":true,"href":"https:\/\/comarcas.csm.org.pt\/leiria\/wp-json\/wp\/v2\/users\/16"}],"replies":[{"embeddable":true,"href":"https:\/\/comarcas.csm.org.pt\/leiria\/wp-json\/wp\/v2\/comments?post=13481"}],"version-history":[{"count":2,"href":"https:\/\/comarcas.csm.org.pt\/leiria\/wp-json\/wp\/v2\/posts\/13481\/revisions"}],"predecessor-version":[{"id":13483,"href":"https:\/\/comarcas.csm.org.pt\/leiria\/wp-json\/wp\/v2\/posts\/13481\/revisions\/13483"}],"wp:attachment":[{"href":"https:\/\/comarcas.csm.org.pt\/leiria\/wp-json\/wp\/v2\/media?parent=13481"}],"wp:term":[{"taxonomy":"category","embeddable":true,"href":"https:\/\/comarcas.csm.org.pt\/leiria\/wp-json\/wp\/v2\/categories?post=13481"},{"taxonomy":"post_tag","embeddable":true,"href":"https:\/\/comarcas.csm.org.pt\/leiria\/wp-json\/wp\/v2\/tags?post=13481"}],"curies":[{"name":"wp","href":"https:\/\/api.w.org\/{rel}","templated":true}]}}