{"id":13484,"date":"2025-12-04T13:52:11","date_gmt":"2025-12-04T13:52:11","guid":{"rendered":"https:\/\/comarcas.csm.org.pt\/leiria\/?p=13484"},"modified":"2025-12-04T13:53:02","modified_gmt":"2025-12-04T13:53:02","slug":"homem-condenado-em-leiria-a-sete-anos-de-prisao-por-crimes-sexuais-contra-menores","status":"publish","type":"post","link":"https:\/\/comarcas.csm.org.pt\/leiria\/blog\/2025\/12\/04\/homem-condenado-em-leiria-a-sete-anos-de-prisao-por-crimes-sexuais-contra-menores\/","title":{"rendered":"Homem condenado em Leiria a sete anos de pris\u00e3o por crimes sexuais contra\u00a0menores"},"content":{"rendered":"\n<p>In &#8220;<a href=\"https:\/\/observador.pt\/2025\/12\/03\/homem-condenado-em-leiria-a-sete-anos-de-prisao-por-crimes-sexuais-contra-menores\/\">observador<\/a>&#8220;, de 3.12.2025<\/p>\n\n\n\n<p>Para o tribunal, o arguido &#8220;agiu, em cada uma das ocasi\u00f5es, com o prop\u00f3sito concretizado de compelir&#8221; os menores \u00e0 pr\u00e1tica de atos sexuais, &#8220;aproveitando-se da idade&#8221; das v\u00edtimas.<\/p>\n\n\n\n<p>Um homem, de 45 anos, foi esta quarta-feira condenado, no Tribunal Judicial de Leiria, na pena \u00fanica de sete anos de pris\u00e3o por v\u00e1rios crimes sexuais contra seis menores.<\/p>\n\n\n\n<p>O coletivo de ju\u00edzes deu como provados nove crimes de abuso sexual de crian\u00e7as, dois dos quais na forma tentada, e um crime de atos sexuais com adolescentes.<\/p>\n\n\n\n<p>O arguido, atualmente detido preventivamente, ficou ainda proibido de exercer profiss\u00e3o, emprego, fun\u00e7\u00f5es ou atividades, p\u00fablicas ou privadas, cujo exerc\u00edcio envolva contacto regular com menores, por um per\u00edodo de 10 anos.<\/p>\n\n\n\n<p>O homem, que era \u00e0 data dos crimes motorista de pesados de mercadorias, vai ter tamb\u00e9m de indemnizar os menores em quantias que variam entre os 500 e os dois mil euros.<\/p>\n\n\n\n<p>Na leitura do ac\u00f3rd\u00e3o, o juiz presidente afirmou que o tribunal n\u00e3o acreditou na vers\u00e3o do arguido, mas na dos ofendidos.<\/p>\n\n\n\n<p><strong>\u201c[O tribunal] espera que o senhor aproveite o tempo que passar preso para refletir sobre a sua vida e na postura que tem em rela\u00e7\u00e3o aos outros, especialmente menores\u201d<\/strong>, declarou o presidente do tribunal coletivo.<\/p>\n\n\n\n<p>Para o tribunal, o arguido \u201cagiu, em cada uma das ocasi\u00f5es, com o prop\u00f3sito concretizado de compelir\u201d os menores \u00e0 pr\u00e1tica de atos sexuais, \u201caproveitando-se da idade daqueles, da confian\u00e7a e da proximidade que com ele mantinham\u201d.<\/p>\n\n\n\n<p>\u201cAtuou o arguido (\u2026) com a vontade repetida de satisfazer os seus instintos libidinosos, sabendo as idades dos ofendidos e que atentava contra o livre desenvolvimento da personalidade e a liberdade ao n\u00edvel da sexualidade\u201d dos menores, \u201cbem como que punha em crise os sentimentos de pudor e vergonha dos mesmos\u201d, adiantou.<\/p>\n\n\n\n<p>No ac\u00f3rd\u00e3o l\u00ea-se que \u201cos menores at\u00e9 relataram, com suficiente pormenor, os acontecimentos de que foram involunt\u00e1rios protagonistas, mostrando-se cred\u00edveis\u201d, pelo que, a nega\u00e7\u00e3o dos factos feita pelo arguido \u201cfoi completamente desvalorizada, at\u00e9 porque desprovida de senso\u201d.<\/p>\n\n\n\n<p>\u201cCom efeito, perante duas declara\u00e7\u00f5es contradit\u00f3rias,&nbsp;<strong>s\u00f3 a que se mostra mais cred\u00edvel pode ser valorada<\/strong>\u201c, justificou o documento.<\/p>\n\n\n\n<p>Em setembro de 2024, a Pol\u00edcia Judici\u00e1ria (PJ) anunciou a deten\u00e7\u00e3o do homem, suspeito de abuso sexual contra sete menores, ent\u00e3o com idades entre os 12 e os 17 anos, nos concelhos de Caldas da Rainha (distrito de Leiria) e Torres Vedras (distrito de Lisboa).<\/p>\n\n\n\n<p>Segundo a PJ, o arguido \u201cn\u00e3o \u00e9 familiar das v\u00edtimas, mas encontrava-se num c\u00edrculo em que, de alguma forma, tinha acesso a elas\u201d.<\/p>\n\n\n\n<p>O coletivo de ju\u00edzes, que julgou parcialmente procedente a acusa\u00e7\u00e3o do Minist\u00e9rio P\u00fablico, considerou que, relativamente a uma menor, a conduta do arguido reconduz-se \u00e0 troca de mensagens e a uma palmada nas n\u00e1degas.<\/p>\n\n\n\n<p>\u201cOra, olhando detidamente para o teor das mensagens em causa, n\u00e3o vemos nelas qualquer conte\u00fado explicitamente sexual\u201d, embora \u201cdesadequadas (considerando as idades do arguido e da menor), de muito mau gosto e inapropriadas\u201d, sendo que a palmada \u201c\u00e9 tamb\u00e9m um ato desadequado\u201d, de \u201cmuito mau gosto, inapropriado e at\u00e9 abusivo\u201d, mas \u201cn\u00e3o \u00e9 um ato sexual de relevo\u201d, pelo que estas condutas do arguido n\u00e3o t\u00eam enquadramento penal.<\/p>\n\n\n\n<p><\/p>\n","protected":false},"excerpt":{"rendered":"<p>In &#8220;observador&#8220;, de 3.12.2025 Para o tribunal, o arguido &#8220;agiu, em cada uma das ocasi\u00f5es, com o prop\u00f3sito concretizado de compelir&#8221; os menores \u00e0 pr\u00e1tica de atos sexuais, &#8220;aproveitando-se da idade&#8221; das v\u00edtimas. Um homem,&#8230;<\/p>\n","protected":false},"author":16,"featured_media":0,"comment_status":"closed","ping_status":"open","sticky":false,"template":"","format":"standard","meta":{"_tbt_post_transparent":"","_tbt_post_title":"","_tbt_post_layout":"","_tbt_post_sidebar_id":"","_tbt_post_content_style":"","_tbt_post_vertical_padding":"","_tbt_post_feature":"","_tbt_post_feature_position":"","_tbt_post_header":false,"_tbt_post_footer":false},"categories":[1,5],"tags":[],"class_list":["post-13484","post","type-post","status-publish","format-standard","hentry","category-geral","category-noticias"],"yoast_head":"<!-- This site is optimized with the Yoast SEO plugin v25.6 - https:\/\/yoast.com\/wordpress\/plugins\/seo\/ -->\n<title>Homem condenado em Leiria a sete anos de pris\u00e3o por crimes sexuais contra\u00a0menores - Tribunal Judicial da Comarca de Leiria<\/title>\n<meta name=\"robots\" content=\"index, follow, max-snippet:-1, max-image-preview:large, max-video-preview:-1\" \/>\n<link rel=\"canonical\" href=\"https:\/\/comarcas.csm.org.pt\/leiria\/blog\/2025\/12\/04\/homem-condenado-em-leiria-a-sete-anos-de-prisao-por-crimes-sexuais-contra-menores\/\" \/>\n<meta property=\"og:locale\" content=\"pt_PT\" \/>\n<meta property=\"og:type\" content=\"article\" \/>\n<meta property=\"og:title\" content=\"Homem condenado em Leiria a sete anos de pris\u00e3o por crimes sexuais contra\u00a0menores - Tribunal Judicial da Comarca de Leiria\" \/>\n<meta property=\"og:description\" content=\"In &#8220;observador&#8220;, de 3.12.2025 Para o tribunal, o arguido &#8220;agiu, em cada uma das ocasi\u00f5es, com o prop\u00f3sito concretizado de compelir&#8221; os menores \u00e0 pr\u00e1tica de atos sexuais, &#8220;aproveitando-se da idade&#8221; das v\u00edtimas. Um homem,...\" \/>\n<meta property=\"og:url\" content=\"https:\/\/comarcas.csm.org.pt\/leiria\/blog\/2025\/12\/04\/homem-condenado-em-leiria-a-sete-anos-de-prisao-por-crimes-sexuais-contra-menores\/\" \/>\n<meta property=\"og:site_name\" content=\"Tribunal Judicial da Comarca de Leiria\" \/>\n<meta property=\"article:published_time\" content=\"2025-12-04T13:52:11+00:00\" \/>\n<meta property=\"article:modified_time\" content=\"2025-12-04T13:53:02+00:00\" \/>\n<meta name=\"author\" content=\"leiria\" \/>\n<meta name=\"twitter:card\" content=\"summary_large_image\" \/>\n<meta name=\"twitter:label1\" content=\"Escrito por\" \/>\n\t<meta name=\"twitter:data1\" content=\"leiria\" \/>\n\t<meta name=\"twitter:label2\" content=\"Tempo estimado de leitura\" \/>\n\t<meta name=\"twitter:data2\" content=\"3 minutos\" \/>\n<script type=\"application\/ld+json\" class=\"yoast-schema-graph\">{\"@context\":\"https:\/\/schema.org\",\"@graph\":[{\"@type\":\"Article\",\"@id\":\"https:\/\/comarcas.csm.org.pt\/leiria\/blog\/2025\/12\/04\/homem-condenado-em-leiria-a-sete-anos-de-prisao-por-crimes-sexuais-contra-menores\/#article\",\"isPartOf\":{\"@id\":\"https:\/\/comarcas.csm.org.pt\/leiria\/blog\/2025\/12\/04\/homem-condenado-em-leiria-a-sete-anos-de-prisao-por-crimes-sexuais-contra-menores\/\"},\"author\":{\"name\":\"leiria\",\"@id\":\"https:\/\/comarcas.csm.org.pt\/leiria\/#\/schema\/person\/9057b6fbd670d5a2e931712cd357d806\"},\"headline\":\"Homem condenado em Leiria a sete anos de pris\u00e3o por crimes sexuais contra\u00a0menores\",\"datePublished\":\"2025-12-04T13:52:11+00:00\",\"dateModified\":\"2025-12-04T13:53:02+00:00\",\"mainEntityOfPage\":{\"@id\":\"https:\/\/comarcas.csm.org.pt\/leiria\/blog\/2025\/12\/04\/homem-condenado-em-leiria-a-sete-anos-de-prisao-por-crimes-sexuais-contra-menores\/\"},\"wordCount\":576,\"publisher\":{\"@id\":\"https:\/\/comarcas.csm.org.pt\/leiria\/#organization\"},\"articleSection\":[\"Geral\",\"Not\u00edcias\"],\"inLanguage\":\"pt-PT\"},{\"@type\":\"WebPage\",\"@id\":\"https:\/\/comarcas.csm.org.pt\/leiria\/blog\/2025\/12\/04\/homem-condenado-em-leiria-a-sete-anos-de-prisao-por-crimes-sexuais-contra-menores\/\",\"url\":\"https:\/\/comarcas.csm.org.pt\/leiria\/blog\/2025\/12\/04\/homem-condenado-em-leiria-a-sete-anos-de-prisao-por-crimes-sexuais-contra-menores\/\",\"name\":\"Homem condenado em Leiria a sete anos de pris\u00e3o por crimes sexuais contra\u00a0menores - Tribunal Judicial da Comarca de Leiria\",\"isPartOf\":{\"@id\":\"https:\/\/comarcas.csm.org.pt\/leiria\/#website\"},\"datePublished\":\"2025-12-04T13:52:11+00:00\",\"dateModified\":\"2025-12-04T13:53:02+00:00\",\"breadcrumb\":{\"@id\":\"https:\/\/comarcas.csm.org.pt\/leiria\/blog\/2025\/12\/04\/homem-condenado-em-leiria-a-sete-anos-de-prisao-por-crimes-sexuais-contra-menores\/#breadcrumb\"},\"inLanguage\":\"pt-PT\",\"potentialAction\":[{\"@type\":\"ReadAction\",\"target\":[\"https:\/\/comarcas.csm.org.pt\/leiria\/blog\/2025\/12\/04\/homem-condenado-em-leiria-a-sete-anos-de-prisao-por-crimes-sexuais-contra-menores\/\"]}]},{\"@type\":\"BreadcrumbList\",\"@id\":\"https:\/\/comarcas.csm.org.pt\/leiria\/blog\/2025\/12\/04\/homem-condenado-em-leiria-a-sete-anos-de-prisao-por-crimes-sexuais-contra-menores\/#breadcrumb\",\"itemListElement\":[{\"@type\":\"ListItem\",\"position\":1,\"name\":\"In\u00edcio\",\"item\":\"https:\/\/comarcas.csm.org.pt\/leiria\/\"},{\"@type\":\"ListItem\",\"position\":2,\"name\":\"Homem condenado em Leiria a sete anos de pris\u00e3o por crimes sexuais contra\u00a0menores\"}]},{\"@type\":\"WebSite\",\"@id\":\"https:\/\/comarcas.csm.org.pt\/leiria\/#website\",\"url\":\"https:\/\/comarcas.csm.org.pt\/leiria\/\",\"name\":\"Tribunal Judicial da Comarca de Leiria\",\"description\":\"Tribunal Judicial da Comarca de Aveiro\",\"publisher\":{\"@id\":\"https:\/\/comarcas.csm.org.pt\/leiria\/#organization\"},\"potentialAction\":[{\"@type\":\"SearchAction\",\"target\":{\"@type\":\"EntryPoint\",\"urlTemplate\":\"https:\/\/comarcas.csm.org.pt\/leiria\/?s={search_term_string}\"},\"query-input\":{\"@type\":\"PropertyValueSpecification\",\"valueRequired\":true,\"valueName\":\"search_term_string\"}}],\"inLanguage\":\"pt-PT\"},{\"@type\":\"Organization\",\"@id\":\"https:\/\/comarcas.csm.org.pt\/leiria\/#organization\",\"name\":\"Tribunal Judicial da Comarca de Leiria\",\"url\":\"https:\/\/comarcas.csm.org.pt\/leiria\/\",\"logo\":{\"@type\":\"ImageObject\",\"inLanguage\":\"pt-PT\",\"@id\":\"https:\/\/comarcas.csm.org.pt\/leiria\/#\/schema\/logo\/image\/\",\"url\":\"https:\/\/comarcas.csm.org.pt\/leiria\/wp-content\/uploads\/sites\/16\/2024\/11\/Leiria_positivo-horizontal.png\",\"contentUrl\":\"https:\/\/comarcas.csm.org.pt\/leiria\/wp-content\/uploads\/sites\/16\/2024\/11\/Leiria_positivo-horizontal.png\",\"width\":5088,\"height\":890,\"caption\":\"Tribunal Judicial da Comarca de Leiria\"},\"image\":{\"@id\":\"https:\/\/comarcas.csm.org.pt\/leiria\/#\/schema\/logo\/image\/\"}},{\"@type\":\"Person\",\"@id\":\"https:\/\/comarcas.csm.org.pt\/leiria\/#\/schema\/person\/9057b6fbd670d5a2e931712cd357d806\",\"name\":\"leiria\",\"image\":{\"@type\":\"ImageObject\",\"inLanguage\":\"pt-PT\",\"@id\":\"https:\/\/comarcas.csm.org.pt\/leiria\/#\/schema\/person\/image\/\",\"url\":\"https:\/\/secure.gravatar.com\/avatar\/399a72a2630b07d71a4e0167744303361d26ed8a993be2c5686bbe5ff44b469f?s=96&d=mm&r=g\",\"contentUrl\":\"https:\/\/secure.gravatar.com\/avatar\/399a72a2630b07d71a4e0167744303361d26ed8a993be2c5686bbe5ff44b469f?s=96&d=mm&r=g\",\"caption\":\"leiria\"},\"url\":\"https:\/\/comarcas.csm.org.pt\/leiria\/blog\/author\/leiria\/\"}]}<\/script>\n<!-- \/ Yoast SEO plugin. -->","yoast_head_json":{"title":"Homem condenado em Leiria a sete anos de pris\u00e3o por crimes sexuais contra\u00a0menores - Tribunal Judicial da Comarca de Leiria","robots":{"index":"index","follow":"follow","max-snippet":"max-snippet:-1","max-image-preview":"max-image-preview:large","max-video-preview":"max-video-preview:-1"},"canonical":"https:\/\/comarcas.csm.org.pt\/leiria\/blog\/2025\/12\/04\/homem-condenado-em-leiria-a-sete-anos-de-prisao-por-crimes-sexuais-contra-menores\/","og_locale":"pt_PT","og_type":"article","og_title":"Homem condenado em Leiria a sete anos de pris\u00e3o por crimes sexuais contra\u00a0menores - Tribunal Judicial da Comarca de Leiria","og_description":"In &#8220;observador&#8220;, de 3.12.2025 Para o tribunal, o arguido &#8220;agiu, em cada uma das ocasi\u00f5es, com o prop\u00f3sito concretizado de compelir&#8221; os menores \u00e0 pr\u00e1tica de atos sexuais, &#8220;aproveitando-se da idade&#8221; das v\u00edtimas. Um homem,...","og_url":"https:\/\/comarcas.csm.org.pt\/leiria\/blog\/2025\/12\/04\/homem-condenado-em-leiria-a-sete-anos-de-prisao-por-crimes-sexuais-contra-menores\/","og_site_name":"Tribunal Judicial da Comarca de Leiria","article_published_time":"2025-12-04T13:52:11+00:00","article_modified_time":"2025-12-04T13:53:02+00:00","author":"leiria","twitter_card":"summary_large_image","twitter_misc":{"Escrito por":"leiria","Tempo estimado de leitura":"3 minutos"},"schema":{"@context":"https:\/\/schema.org","@graph":[{"@type":"Article","@id":"https:\/\/comarcas.csm.org.pt\/leiria\/blog\/2025\/12\/04\/homem-condenado-em-leiria-a-sete-anos-de-prisao-por-crimes-sexuais-contra-menores\/#article","isPartOf":{"@id":"https:\/\/comarcas.csm.org.pt\/leiria\/blog\/2025\/12\/04\/homem-condenado-em-leiria-a-sete-anos-de-prisao-por-crimes-sexuais-contra-menores\/"},"author":{"name":"leiria","@id":"https:\/\/comarcas.csm.org.pt\/leiria\/#\/schema\/person\/9057b6fbd670d5a2e931712cd357d806"},"headline":"Homem condenado em Leiria a sete anos de pris\u00e3o por crimes sexuais contra\u00a0menores","datePublished":"2025-12-04T13:52:11+00:00","dateModified":"2025-12-04T13:53:02+00:00","mainEntityOfPage":{"@id":"https:\/\/comarcas.csm.org.pt\/leiria\/blog\/2025\/12\/04\/homem-condenado-em-leiria-a-sete-anos-de-prisao-por-crimes-sexuais-contra-menores\/"},"wordCount":576,"publisher":{"@id":"https:\/\/comarcas.csm.org.pt\/leiria\/#organization"},"articleSection":["Geral","Not\u00edcias"],"inLanguage":"pt-PT"},{"@type":"WebPage","@id":"https:\/\/comarcas.csm.org.pt\/leiria\/blog\/2025\/12\/04\/homem-condenado-em-leiria-a-sete-anos-de-prisao-por-crimes-sexuais-contra-menores\/","url":"https:\/\/comarcas.csm.org.pt\/leiria\/blog\/2025\/12\/04\/homem-condenado-em-leiria-a-sete-anos-de-prisao-por-crimes-sexuais-contra-menores\/","name":"Homem condenado em Leiria a sete anos de pris\u00e3o por crimes sexuais contra\u00a0menores - Tribunal Judicial da Comarca de Leiria","isPartOf":{"@id":"https:\/\/comarcas.csm.org.pt\/leiria\/#website"},"datePublished":"2025-12-04T13:52:11+00:00","dateModified":"2025-12-04T13:53:02+00:00","breadcrumb":{"@id":"https:\/\/comarcas.csm.org.pt\/leiria\/blog\/2025\/12\/04\/homem-condenado-em-leiria-a-sete-anos-de-prisao-por-crimes-sexuais-contra-menores\/#breadcrumb"},"inLanguage":"pt-PT","potentialAction":[{"@type":"ReadAction","target":["https:\/\/comarcas.csm.org.pt\/leiria\/blog\/2025\/12\/04\/homem-condenado-em-leiria-a-sete-anos-de-prisao-por-crimes-sexuais-contra-menores\/"]}]},{"@type":"BreadcrumbList","@id":"https:\/\/comarcas.csm.org.pt\/leiria\/blog\/2025\/12\/04\/homem-condenado-em-leiria-a-sete-anos-de-prisao-por-crimes-sexuais-contra-menores\/#breadcrumb","itemListElement":[{"@type":"ListItem","position":1,"name":"In\u00edcio","item":"https:\/\/comarcas.csm.org.pt\/leiria\/"},{"@type":"ListItem","position":2,"name":"Homem condenado em Leiria a sete anos de pris\u00e3o por crimes sexuais contra\u00a0menores"}]},{"@type":"WebSite","@id":"https:\/\/comarcas.csm.org.pt\/leiria\/#website","url":"https:\/\/comarcas.csm.org.pt\/leiria\/","name":"Tribunal Judicial da Comarca de Leiria","description":"Tribunal Judicial da Comarca de Aveiro","publisher":{"@id":"https:\/\/comarcas.csm.org.pt\/leiria\/#organization"},"potentialAction":[{"@type":"SearchAction","target":{"@type":"EntryPoint","urlTemplate":"https:\/\/comarcas.csm.org.pt\/leiria\/?s={search_term_string}"},"query-input":{"@type":"PropertyValueSpecification","valueRequired":true,"valueName":"search_term_string"}}],"inLanguage":"pt-PT"},{"@type":"Organization","@id":"https:\/\/comarcas.csm.org.pt\/leiria\/#organization","name":"Tribunal Judicial da Comarca de Leiria","url":"https:\/\/comarcas.csm.org.pt\/leiria\/","logo":{"@type":"ImageObject","inLanguage":"pt-PT","@id":"https:\/\/comarcas.csm.org.pt\/leiria\/#\/schema\/logo\/image\/","url":"https:\/\/comarcas.csm.org.pt\/leiria\/wp-content\/uploads\/sites\/16\/2024\/11\/Leiria_positivo-horizontal.png","contentUrl":"https:\/\/comarcas.csm.org.pt\/leiria\/wp-content\/uploads\/sites\/16\/2024\/11\/Leiria_positivo-horizontal.png","width":5088,"height":890,"caption":"Tribunal Judicial da Comarca de Leiria"},"image":{"@id":"https:\/\/comarcas.csm.org.pt\/leiria\/#\/schema\/logo\/image\/"}},{"@type":"Person","@id":"https:\/\/comarcas.csm.org.pt\/leiria\/#\/schema\/person\/9057b6fbd670d5a2e931712cd357d806","name":"leiria","image":{"@type":"ImageObject","inLanguage":"pt-PT","@id":"https:\/\/comarcas.csm.org.pt\/leiria\/#\/schema\/person\/image\/","url":"https:\/\/secure.gravatar.com\/avatar\/399a72a2630b07d71a4e0167744303361d26ed8a993be2c5686bbe5ff44b469f?s=96&d=mm&r=g","contentUrl":"https:\/\/secure.gravatar.com\/avatar\/399a72a2630b07d71a4e0167744303361d26ed8a993be2c5686bbe5ff44b469f?s=96&d=mm&r=g","caption":"leiria"},"url":"https:\/\/comarcas.csm.org.pt\/leiria\/blog\/author\/leiria\/"}]}},"_links":{"self":[{"href":"https:\/\/comarcas.csm.org.pt\/leiria\/wp-json\/wp\/v2\/posts\/13484","targetHints":{"allow":["GET"]}}],"collection":[{"href":"https:\/\/comarcas.csm.org.pt\/leiria\/wp-json\/wp\/v2\/posts"}],"about":[{"href":"https:\/\/comarcas.csm.org.pt\/leiria\/wp-json\/wp\/v2\/types\/post"}],"author":[{"embeddable":true,"href":"https:\/\/comarcas.csm.org.pt\/leiria\/wp-json\/wp\/v2\/users\/16"}],"replies":[{"embeddable":true,"href":"https:\/\/comarcas.csm.org.pt\/leiria\/wp-json\/wp\/v2\/comments?post=13484"}],"version-history":[{"count":2,"href":"https:\/\/comarcas.csm.org.pt\/leiria\/wp-json\/wp\/v2\/posts\/13484\/revisions"}],"predecessor-version":[{"id":13486,"href":"https:\/\/comarcas.csm.org.pt\/leiria\/wp-json\/wp\/v2\/posts\/13484\/revisions\/13486"}],"wp:attachment":[{"href":"https:\/\/comarcas.csm.org.pt\/leiria\/wp-json\/wp\/v2\/media?parent=13484"}],"wp:term":[{"taxonomy":"category","embeddable":true,"href":"https:\/\/comarcas.csm.org.pt\/leiria\/wp-json\/wp\/v2\/categories?post=13484"},{"taxonomy":"post_tag","embeddable":true,"href":"https:\/\/comarcas.csm.org.pt\/leiria\/wp-json\/wp\/v2\/tags?post=13484"}],"curies":[{"name":"wp","href":"https:\/\/api.w.org\/{rel}","templated":true}]}}