{"id":13487,"date":"2025-12-09T13:52:42","date_gmt":"2025-12-09T13:52:42","guid":{"rendered":"https:\/\/comarcas.csm.org.pt\/leiria\/?p=13487"},"modified":"2025-12-09T13:52:43","modified_gmt":"2025-12-09T13:52:43","slug":"homem-julgado-em-leiria-por-um-crime-de-homicidio-consumado-e-dois-tentados","status":"publish","type":"post","link":"https:\/\/comarcas.csm.org.pt\/leiria\/blog\/2025\/12\/09\/homem-julgado-em-leiria-por-um-crime-de-homicidio-consumado-e-dois-tentados\/","title":{"rendered":"Homem julgado em Leiria por um crime de homic\u00eddio consumado e dois tentados"},"content":{"rendered":"\n<p>In &#8220;<a href=\"https:\/\/www.regiaodeleiria.pt\/2025\/12\/homem-julgado-em-leiria-por-um-crime-de-homicidio-consumado-e-dois-tentados\/\">Regi\u00e3o de Leiria<\/a>&#8220;, de 9.12.2025<\/p>\n\n\n\n<p>Em causa est\u00e1 a morte de um homem, de 72 anos, e ferimentos na mulher e no filho, na sequ\u00eancia de uma suposta d\u00edvida de 500 euros.<\/p>\n\n\n\n<p>Um homem de 32 anos vai ser julgado em Leiria pela alegada pr\u00e1tica de tr\u00eas crimes de homic\u00eddio qualificado, um consumado e dois tentados, que ocorreram em mar\u00e7o numa resid\u00eancia em \u00d3bidos.<\/p>\n\n\n\n<p>O arguido, detido preventivamente, vai ainda responder pelos crimes de deten\u00e7\u00e3o de arma proibida e viola\u00e7\u00e3o de domic\u00edlio, de acordo com o despacho de acusa\u00e7\u00e3o consultado pela ag\u00eancia Lusa.<\/p>\n\n\n\n<p>Em causa est\u00e1 a morte de um homem, de 72 anos, e ferimentos na mulher e no filho, na sequ\u00eancia de uma suposta d\u00edvida de 500 euros.<\/p>\n\n\n\n<p>Segundo o despacho final do Minist\u00e9rio P\u00fablico (MP), a fam\u00edlia conhecia h\u00e1 cerca de quatro anos o arguido, que trabalhou com o filho do casal na agricultura, \u201ctendo, desde ent\u00e3o, neg\u00f3cios de contornos\u201d n\u00e3o apurados em conjunto.<\/p>\n\n\n\n<p>No \u00e2mbito de tais neg\u00f3cios, o arguido vendeu ao septuagen\u00e1rio um carro por 500 euros, mas aquele n\u00e3o pagou, facto que lhe \u201cprovocou grande revolta\u201d.<\/p>\n\n\n\n<p>O MP referiu que o arguido era \u201cvisita habitual da resid\u00eancia das v\u00edtimas\u201d, onde chegou a viver por um breve per\u00edodo, pelo que sabia que as janelas da marquise, apesar de fechadas, nunca ficavam trancadas.<\/p>\n\n\n\n<p>Pelas 03h00 de dia 21 de mar\u00e7o, o arguido, \u201crevoltado por se sentir enganado e com instinto de vingan\u00e7a\u201d, deslocando-se de Lisboa num motociclo, dirigiu-se \u00e0 casa do casal e filho com a inten\u00e7\u00e3o de os matar, transportando consigo uma faca, cujo cabo tinha forrado com fita adesiva, \u201cpara permitir maior firmeza\u201d ao desferir golpes.<\/p>\n\n\n\n<p>Depois de entrar na habita\u00e7\u00e3o pela marquise, o arguido matou o septuagen\u00e1rio que estava a dormir sozinho.<\/p>\n\n\n\n<p>O ru\u00eddo acordou a mulher da v\u00edtima, que estava noutro quarto a dormir com a neta, menor de idade, e ainda o filho e a companheira deste, que estavam noutro quarto.<\/p>\n\n\n\n<p>A mulher, de 69 anos, acabou esfaqueada, v\u00e1rias vezes, assim como o filho, com 30 anos, que se colocou \u00e0 frente da companheira, tendo exortado o arguido a largar a faca e tentou mesmo retir\u00e1-la enquanto era agredido com a arma branca.<\/p>\n\n\n\n<p>Quando o jovem come\u00e7ou a deslocar-se para a divis\u00e3o onde estava a filha menor, para garantir que o arguido n\u00e3o entrava, era seguido por aquele que gritava, em ingl\u00eas, \u201cperdi o meu dinheiro, perdi a minha fam\u00edlia\u201d, relatou o MP.<\/p>\n\n\n\n<p>O jovem escorregou e caiu, o arguido colocou-se em cima dele para lhe desferir um golpe com a faca na zona do peito, mas a v\u00edtima agarrou-a pelo gume.<\/p>\n\n\n\n<p>A companheira agarrou o bra\u00e7o do suspeito e, para afastar o arguido do filho, a m\u00e3e desferiu v\u00e1rios golpes com duas pe\u00e7as decorativas na cabe\u00e7a daquele.<\/p>\n\n\n\n<p>O MP, que descreve as les\u00f5es na m\u00e3e e filho, sustentou que aquelas \u201ceram id\u00f3neas a provocar\u201d a morte, caso n\u00e3o tivessem sido prontamente socorridos.<\/p>\n\n\n\n<p>A companheira e a crian\u00e7a n\u00e3o foram atingidas, \u201cgra\u00e7as \u00e0 prote\u00e7\u00e3o que lhes foi garantida pelas v\u00edtimas\u201d, e conseguiram resguardar-se no quarto onde estava a menor e trancado a porta, tendo a primeira contactado o 112.<\/p>\n\n\n\n<p>Para o MP, o arguido agiu com inten\u00e7\u00e3o de matar o septuagen\u00e1rio, a mulher e o filho, ao entrar \u201csub-repticiamente no interior da resid\u00eancia de madrugada\u201d, por um \u201cmotivo f\u00fatil (uma pretensa d\u00edvida de 500 euros)\u201d.<\/p>\n\n\n\n<p>O julgamento, por um tribunal coletivo, est\u00e1 previsto iniciar em 08 de janeiro de 2026, no Tribunal Judicial de Leiria.<\/p>\n\n\n\n<p>O arguido, estafeta de profiss\u00e3o, incorre na pena m\u00e1xima, 25 anos de pris\u00e3o, e na pena acess\u00f3ria de expuls\u00e3o do pa\u00eds.<\/p>\n\n\n\n<p><\/p>\n","protected":false},"excerpt":{"rendered":"<p>In &#8220;Regi\u00e3o de Leiria&#8220;, de 9.12.2025 Em causa est\u00e1 a morte de um homem, de 72 anos, e ferimentos na mulher e no filho, na sequ\u00eancia de uma suposta d\u00edvida de 500 euros. Um homem&#8230;<\/p>\n","protected":false},"author":16,"featured_media":0,"comment_status":"closed","ping_status":"open","sticky":false,"template":"","format":"standard","meta":{"_tbt_post_transparent":"","_tbt_post_title":"","_tbt_post_layout":"","_tbt_post_sidebar_id":"","_tbt_post_content_style":"","_tbt_post_vertical_padding":"","_tbt_post_feature":"","_tbt_post_feature_position":"","_tbt_post_header":false,"_tbt_post_footer":false},"categories":[1,5],"tags":[],"class_list":["post-13487","post","type-post","status-publish","format-standard","hentry","category-geral","category-noticias"],"yoast_head":"<!-- This site is optimized with the Yoast SEO plugin v25.6 - https:\/\/yoast.com\/wordpress\/plugins\/seo\/ -->\n<title>Homem julgado em Leiria por um crime de homic\u00eddio consumado e dois tentados - Tribunal Judicial da Comarca de Leiria<\/title>\n<meta name=\"robots\" content=\"index, follow, max-snippet:-1, max-image-preview:large, max-video-preview:-1\" \/>\n<link rel=\"canonical\" href=\"https:\/\/comarcas.csm.org.pt\/leiria\/blog\/2025\/12\/09\/homem-julgado-em-leiria-por-um-crime-de-homicidio-consumado-e-dois-tentados\/\" \/>\n<meta property=\"og:locale\" content=\"pt_PT\" \/>\n<meta property=\"og:type\" content=\"article\" \/>\n<meta property=\"og:title\" content=\"Homem julgado em Leiria por um crime de homic\u00eddio consumado e dois tentados - Tribunal Judicial da Comarca de Leiria\" \/>\n<meta property=\"og:description\" content=\"In &#8220;Regi\u00e3o de Leiria&#8220;, de 9.12.2025 Em causa est\u00e1 a morte de um homem, de 72 anos, e ferimentos na mulher e no filho, na sequ\u00eancia de uma suposta d\u00edvida de 500 euros. Um homem...\" \/>\n<meta property=\"og:url\" content=\"https:\/\/comarcas.csm.org.pt\/leiria\/blog\/2025\/12\/09\/homem-julgado-em-leiria-por-um-crime-de-homicidio-consumado-e-dois-tentados\/\" \/>\n<meta property=\"og:site_name\" content=\"Tribunal Judicial da Comarca de Leiria\" \/>\n<meta property=\"article:published_time\" content=\"2025-12-09T13:52:42+00:00\" \/>\n<meta property=\"article:modified_time\" content=\"2025-12-09T13:52:43+00:00\" \/>\n<meta name=\"author\" content=\"leiria\" \/>\n<meta name=\"twitter:card\" content=\"summary_large_image\" \/>\n<meta name=\"twitter:label1\" content=\"Escrito por\" \/>\n\t<meta name=\"twitter:data1\" content=\"leiria\" \/>\n\t<meta name=\"twitter:label2\" content=\"Tempo estimado de leitura\" \/>\n\t<meta name=\"twitter:data2\" content=\"4 minutos\" \/>\n<script type=\"application\/ld+json\" class=\"yoast-schema-graph\">{\"@context\":\"https:\/\/schema.org\",\"@graph\":[{\"@type\":\"Article\",\"@id\":\"https:\/\/comarcas.csm.org.pt\/leiria\/blog\/2025\/12\/09\/homem-julgado-em-leiria-por-um-crime-de-homicidio-consumado-e-dois-tentados\/#article\",\"isPartOf\":{\"@id\":\"https:\/\/comarcas.csm.org.pt\/leiria\/blog\/2025\/12\/09\/homem-julgado-em-leiria-por-um-crime-de-homicidio-consumado-e-dois-tentados\/\"},\"author\":{\"name\":\"leiria\",\"@id\":\"https:\/\/comarcas.csm.org.pt\/leiria\/#\/schema\/person\/9057b6fbd670d5a2e931712cd357d806\"},\"headline\":\"Homem julgado em Leiria por um crime de homic\u00eddio consumado e dois tentados\",\"datePublished\":\"2025-12-09T13:52:42+00:00\",\"dateModified\":\"2025-12-09T13:52:43+00:00\",\"mainEntityOfPage\":{\"@id\":\"https:\/\/comarcas.csm.org.pt\/leiria\/blog\/2025\/12\/09\/homem-julgado-em-leiria-por-um-crime-de-homicidio-consumado-e-dois-tentados\/\"},\"wordCount\":659,\"publisher\":{\"@id\":\"https:\/\/comarcas.csm.org.pt\/leiria\/#organization\"},\"articleSection\":[\"Geral\",\"Not\u00edcias\"],\"inLanguage\":\"pt-PT\"},{\"@type\":\"WebPage\",\"@id\":\"https:\/\/comarcas.csm.org.pt\/leiria\/blog\/2025\/12\/09\/homem-julgado-em-leiria-por-um-crime-de-homicidio-consumado-e-dois-tentados\/\",\"url\":\"https:\/\/comarcas.csm.org.pt\/leiria\/blog\/2025\/12\/09\/homem-julgado-em-leiria-por-um-crime-de-homicidio-consumado-e-dois-tentados\/\",\"name\":\"Homem julgado em Leiria por um crime de homic\u00eddio consumado e dois tentados - Tribunal Judicial da Comarca de Leiria\",\"isPartOf\":{\"@id\":\"https:\/\/comarcas.csm.org.pt\/leiria\/#website\"},\"datePublished\":\"2025-12-09T13:52:42+00:00\",\"dateModified\":\"2025-12-09T13:52:43+00:00\",\"breadcrumb\":{\"@id\":\"https:\/\/comarcas.csm.org.pt\/leiria\/blog\/2025\/12\/09\/homem-julgado-em-leiria-por-um-crime-de-homicidio-consumado-e-dois-tentados\/#breadcrumb\"},\"inLanguage\":\"pt-PT\",\"potentialAction\":[{\"@type\":\"ReadAction\",\"target\":[\"https:\/\/comarcas.csm.org.pt\/leiria\/blog\/2025\/12\/09\/homem-julgado-em-leiria-por-um-crime-de-homicidio-consumado-e-dois-tentados\/\"]}]},{\"@type\":\"BreadcrumbList\",\"@id\":\"https:\/\/comarcas.csm.org.pt\/leiria\/blog\/2025\/12\/09\/homem-julgado-em-leiria-por-um-crime-de-homicidio-consumado-e-dois-tentados\/#breadcrumb\",\"itemListElement\":[{\"@type\":\"ListItem\",\"position\":1,\"name\":\"In\u00edcio\",\"item\":\"https:\/\/comarcas.csm.org.pt\/leiria\/\"},{\"@type\":\"ListItem\",\"position\":2,\"name\":\"Homem julgado em Leiria por um crime de homic\u00eddio consumado e dois tentados\"}]},{\"@type\":\"WebSite\",\"@id\":\"https:\/\/comarcas.csm.org.pt\/leiria\/#website\",\"url\":\"https:\/\/comarcas.csm.org.pt\/leiria\/\",\"name\":\"Tribunal Judicial da Comarca de Leiria\",\"description\":\"Tribunal Judicial da Comarca de Aveiro\",\"publisher\":{\"@id\":\"https:\/\/comarcas.csm.org.pt\/leiria\/#organization\"},\"potentialAction\":[{\"@type\":\"SearchAction\",\"target\":{\"@type\":\"EntryPoint\",\"urlTemplate\":\"https:\/\/comarcas.csm.org.pt\/leiria\/?s={search_term_string}\"},\"query-input\":{\"@type\":\"PropertyValueSpecification\",\"valueRequired\":true,\"valueName\":\"search_term_string\"}}],\"inLanguage\":\"pt-PT\"},{\"@type\":\"Organization\",\"@id\":\"https:\/\/comarcas.csm.org.pt\/leiria\/#organization\",\"name\":\"Tribunal Judicial da Comarca de Leiria\",\"url\":\"https:\/\/comarcas.csm.org.pt\/leiria\/\",\"logo\":{\"@type\":\"ImageObject\",\"inLanguage\":\"pt-PT\",\"@id\":\"https:\/\/comarcas.csm.org.pt\/leiria\/#\/schema\/logo\/image\/\",\"url\":\"https:\/\/comarcas.csm.org.pt\/leiria\/wp-content\/uploads\/sites\/16\/2024\/11\/Leiria_positivo-horizontal.png\",\"contentUrl\":\"https:\/\/comarcas.csm.org.pt\/leiria\/wp-content\/uploads\/sites\/16\/2024\/11\/Leiria_positivo-horizontal.png\",\"width\":5088,\"height\":890,\"caption\":\"Tribunal Judicial da Comarca de Leiria\"},\"image\":{\"@id\":\"https:\/\/comarcas.csm.org.pt\/leiria\/#\/schema\/logo\/image\/\"}},{\"@type\":\"Person\",\"@id\":\"https:\/\/comarcas.csm.org.pt\/leiria\/#\/schema\/person\/9057b6fbd670d5a2e931712cd357d806\",\"name\":\"leiria\",\"image\":{\"@type\":\"ImageObject\",\"inLanguage\":\"pt-PT\",\"@id\":\"https:\/\/comarcas.csm.org.pt\/leiria\/#\/schema\/person\/image\/\",\"url\":\"https:\/\/secure.gravatar.com\/avatar\/399a72a2630b07d71a4e0167744303361d26ed8a993be2c5686bbe5ff44b469f?s=96&d=mm&r=g\",\"contentUrl\":\"https:\/\/secure.gravatar.com\/avatar\/399a72a2630b07d71a4e0167744303361d26ed8a993be2c5686bbe5ff44b469f?s=96&d=mm&r=g\",\"caption\":\"leiria\"},\"url\":\"https:\/\/comarcas.csm.org.pt\/leiria\/blog\/author\/leiria\/\"}]}<\/script>\n<!-- \/ Yoast SEO plugin. -->","yoast_head_json":{"title":"Homem julgado em Leiria por um crime de homic\u00eddio consumado e dois tentados - Tribunal Judicial da Comarca de Leiria","robots":{"index":"index","follow":"follow","max-snippet":"max-snippet:-1","max-image-preview":"max-image-preview:large","max-video-preview":"max-video-preview:-1"},"canonical":"https:\/\/comarcas.csm.org.pt\/leiria\/blog\/2025\/12\/09\/homem-julgado-em-leiria-por-um-crime-de-homicidio-consumado-e-dois-tentados\/","og_locale":"pt_PT","og_type":"article","og_title":"Homem julgado em Leiria por um crime de homic\u00eddio consumado e dois tentados - Tribunal Judicial da Comarca de Leiria","og_description":"In &#8220;Regi\u00e3o de Leiria&#8220;, de 9.12.2025 Em causa est\u00e1 a morte de um homem, de 72 anos, e ferimentos na mulher e no filho, na sequ\u00eancia de uma suposta d\u00edvida de 500 euros. Um homem...","og_url":"https:\/\/comarcas.csm.org.pt\/leiria\/blog\/2025\/12\/09\/homem-julgado-em-leiria-por-um-crime-de-homicidio-consumado-e-dois-tentados\/","og_site_name":"Tribunal Judicial da Comarca de Leiria","article_published_time":"2025-12-09T13:52:42+00:00","article_modified_time":"2025-12-09T13:52:43+00:00","author":"leiria","twitter_card":"summary_large_image","twitter_misc":{"Escrito por":"leiria","Tempo estimado de leitura":"4 minutos"},"schema":{"@context":"https:\/\/schema.org","@graph":[{"@type":"Article","@id":"https:\/\/comarcas.csm.org.pt\/leiria\/blog\/2025\/12\/09\/homem-julgado-em-leiria-por-um-crime-de-homicidio-consumado-e-dois-tentados\/#article","isPartOf":{"@id":"https:\/\/comarcas.csm.org.pt\/leiria\/blog\/2025\/12\/09\/homem-julgado-em-leiria-por-um-crime-de-homicidio-consumado-e-dois-tentados\/"},"author":{"name":"leiria","@id":"https:\/\/comarcas.csm.org.pt\/leiria\/#\/schema\/person\/9057b6fbd670d5a2e931712cd357d806"},"headline":"Homem julgado em Leiria por um crime de homic\u00eddio consumado e dois tentados","datePublished":"2025-12-09T13:52:42+00:00","dateModified":"2025-12-09T13:52:43+00:00","mainEntityOfPage":{"@id":"https:\/\/comarcas.csm.org.pt\/leiria\/blog\/2025\/12\/09\/homem-julgado-em-leiria-por-um-crime-de-homicidio-consumado-e-dois-tentados\/"},"wordCount":659,"publisher":{"@id":"https:\/\/comarcas.csm.org.pt\/leiria\/#organization"},"articleSection":["Geral","Not\u00edcias"],"inLanguage":"pt-PT"},{"@type":"WebPage","@id":"https:\/\/comarcas.csm.org.pt\/leiria\/blog\/2025\/12\/09\/homem-julgado-em-leiria-por-um-crime-de-homicidio-consumado-e-dois-tentados\/","url":"https:\/\/comarcas.csm.org.pt\/leiria\/blog\/2025\/12\/09\/homem-julgado-em-leiria-por-um-crime-de-homicidio-consumado-e-dois-tentados\/","name":"Homem julgado em Leiria por um crime de homic\u00eddio consumado e dois tentados - Tribunal Judicial da Comarca de Leiria","isPartOf":{"@id":"https:\/\/comarcas.csm.org.pt\/leiria\/#website"},"datePublished":"2025-12-09T13:52:42+00:00","dateModified":"2025-12-09T13:52:43+00:00","breadcrumb":{"@id":"https:\/\/comarcas.csm.org.pt\/leiria\/blog\/2025\/12\/09\/homem-julgado-em-leiria-por-um-crime-de-homicidio-consumado-e-dois-tentados\/#breadcrumb"},"inLanguage":"pt-PT","potentialAction":[{"@type":"ReadAction","target":["https:\/\/comarcas.csm.org.pt\/leiria\/blog\/2025\/12\/09\/homem-julgado-em-leiria-por-um-crime-de-homicidio-consumado-e-dois-tentados\/"]}]},{"@type":"BreadcrumbList","@id":"https:\/\/comarcas.csm.org.pt\/leiria\/blog\/2025\/12\/09\/homem-julgado-em-leiria-por-um-crime-de-homicidio-consumado-e-dois-tentados\/#breadcrumb","itemListElement":[{"@type":"ListItem","position":1,"name":"In\u00edcio","item":"https:\/\/comarcas.csm.org.pt\/leiria\/"},{"@type":"ListItem","position":2,"name":"Homem julgado em Leiria por um crime de homic\u00eddio consumado e dois tentados"}]},{"@type":"WebSite","@id":"https:\/\/comarcas.csm.org.pt\/leiria\/#website","url":"https:\/\/comarcas.csm.org.pt\/leiria\/","name":"Tribunal Judicial da Comarca de Leiria","description":"Tribunal Judicial da Comarca de Aveiro","publisher":{"@id":"https:\/\/comarcas.csm.org.pt\/leiria\/#organization"},"potentialAction":[{"@type":"SearchAction","target":{"@type":"EntryPoint","urlTemplate":"https:\/\/comarcas.csm.org.pt\/leiria\/?s={search_term_string}"},"query-input":{"@type":"PropertyValueSpecification","valueRequired":true,"valueName":"search_term_string"}}],"inLanguage":"pt-PT"},{"@type":"Organization","@id":"https:\/\/comarcas.csm.org.pt\/leiria\/#organization","name":"Tribunal Judicial da Comarca de Leiria","url":"https:\/\/comarcas.csm.org.pt\/leiria\/","logo":{"@type":"ImageObject","inLanguage":"pt-PT","@id":"https:\/\/comarcas.csm.org.pt\/leiria\/#\/schema\/logo\/image\/","url":"https:\/\/comarcas.csm.org.pt\/leiria\/wp-content\/uploads\/sites\/16\/2024\/11\/Leiria_positivo-horizontal.png","contentUrl":"https:\/\/comarcas.csm.org.pt\/leiria\/wp-content\/uploads\/sites\/16\/2024\/11\/Leiria_positivo-horizontal.png","width":5088,"height":890,"caption":"Tribunal Judicial da Comarca de Leiria"},"image":{"@id":"https:\/\/comarcas.csm.org.pt\/leiria\/#\/schema\/logo\/image\/"}},{"@type":"Person","@id":"https:\/\/comarcas.csm.org.pt\/leiria\/#\/schema\/person\/9057b6fbd670d5a2e931712cd357d806","name":"leiria","image":{"@type":"ImageObject","inLanguage":"pt-PT","@id":"https:\/\/comarcas.csm.org.pt\/leiria\/#\/schema\/person\/image\/","url":"https:\/\/secure.gravatar.com\/avatar\/399a72a2630b07d71a4e0167744303361d26ed8a993be2c5686bbe5ff44b469f?s=96&d=mm&r=g","contentUrl":"https:\/\/secure.gravatar.com\/avatar\/399a72a2630b07d71a4e0167744303361d26ed8a993be2c5686bbe5ff44b469f?s=96&d=mm&r=g","caption":"leiria"},"url":"https:\/\/comarcas.csm.org.pt\/leiria\/blog\/author\/leiria\/"}]}},"_links":{"self":[{"href":"https:\/\/comarcas.csm.org.pt\/leiria\/wp-json\/wp\/v2\/posts\/13487","targetHints":{"allow":["GET"]}}],"collection":[{"href":"https:\/\/comarcas.csm.org.pt\/leiria\/wp-json\/wp\/v2\/posts"}],"about":[{"href":"https:\/\/comarcas.csm.org.pt\/leiria\/wp-json\/wp\/v2\/types\/post"}],"author":[{"embeddable":true,"href":"https:\/\/comarcas.csm.org.pt\/leiria\/wp-json\/wp\/v2\/users\/16"}],"replies":[{"embeddable":true,"href":"https:\/\/comarcas.csm.org.pt\/leiria\/wp-json\/wp\/v2\/comments?post=13487"}],"version-history":[{"count":1,"href":"https:\/\/comarcas.csm.org.pt\/leiria\/wp-json\/wp\/v2\/posts\/13487\/revisions"}],"predecessor-version":[{"id":13488,"href":"https:\/\/comarcas.csm.org.pt\/leiria\/wp-json\/wp\/v2\/posts\/13487\/revisions\/13488"}],"wp:attachment":[{"href":"https:\/\/comarcas.csm.org.pt\/leiria\/wp-json\/wp\/v2\/media?parent=13487"}],"wp:term":[{"taxonomy":"category","embeddable":true,"href":"https:\/\/comarcas.csm.org.pt\/leiria\/wp-json\/wp\/v2\/categories?post=13487"},{"taxonomy":"post_tag","embeddable":true,"href":"https:\/\/comarcas.csm.org.pt\/leiria\/wp-json\/wp\/v2\/tags?post=13487"}],"curies":[{"name":"wp","href":"https:\/\/api.w.org\/{rel}","templated":true}]}}