{"id":13490,"date":"2025-12-18T13:47:38","date_gmt":"2025-12-18T13:47:38","guid":{"rendered":"https:\/\/comarcas.csm.org.pt\/leiria\/?p=13490"},"modified":"2025-12-18T13:49:22","modified_gmt":"2025-12-18T13:49:22","slug":"chefe-da-psp-vai-a-julgamento-em-leiria-por-14-crimes","status":"publish","type":"post","link":"https:\/\/comarcas.csm.org.pt\/leiria\/blog\/2025\/12\/18\/chefe-da-psp-vai-a-julgamento-em-leiria-por-14-crimes\/","title":{"rendered":"Chefe da PSP vai a julgamento em Leiria por 14 crimes"},"content":{"rendered":"\n<p>In &#8220;<a href=\"https:\/\/www.regiaodeleiria.pt\/2025\/12\/chefe-da-psp-vai-a-julgamento-em-leiria-por-14-crimes\/\">Regi\u00e3o de Leiria<\/a>&#8220;, de 17.12.2025<\/p>\n\n\n\n<p>Em mar\u00e7o, a mulher do arguido fez queixa na esquadra da PSP da Nazar\u00e9, tendo o arguido sido detido em Lisboa, onde trabalhava.<\/p>\n\n\n\n<p>Um chefe da Pol\u00edcia de Seguran\u00e7a P\u00fablica (PSP), que trabalhou numa unidade espec\u00edfica de viol\u00eancia dom\u00e9stica, vai ser julgado por 14 crimes, incluindo viol\u00eancia dom\u00e9stica agravada, amea\u00e7a e ofensa \u00e0 integridade f\u00edsica, \u00e0 mulher e aos sogros.<\/p>\n\n\n\n<p>O juiz de instru\u00e7\u00e3o criminal de Leiria julgou improcedente a argui\u00e7\u00e3o de nulidade parcial do inqu\u00e9rito suscitada pelo arguido e pronunciou-o \u201cpelos factos e qualifica\u00e7\u00e3o jur\u00eddica constantes da acusa\u00e7\u00e3o deduzida pelo Minist\u00e9rio P\u00fablico (MP)\u201d, segundo a decis\u00e3o instrut\u00f3ria datada de dia 8 e \u00e0 qual a ag\u00eancia Lusa teve agora acesso.<\/p>\n\n\n\n<p>O chefe da PSP vai ser julgado num tribunal coletivo, em Leiria, por um crime de viol\u00eancia dom\u00e9stica agravado, nove crimes de amea\u00e7a agravados, tr\u00eas crimes de introdu\u00e7\u00e3o em lugar vedado ao p\u00fablico e um crime de ofensa \u00e0 integridade f\u00edsica, de que foram v\u00edtimas a mulher, com quem tem um filho menor, e os sogros.<\/p>\n\n\n\n<p>O arguido, de 41 anos, que trabalhava numa esquadra em Lisboa, vai continuar a aguardar o desenvolvimento do processo sujeito \u00e0 medida de coa\u00e7\u00e3o de obriga\u00e7\u00e3o de perman\u00eancia na habita\u00e7\u00e3o com vigil\u00e2ncia eletr\u00f3nica.<\/p>\n\n\n\n<p>De acordo com o despacho de acusa\u00e7\u00e3o, a mulher foi sujeita a maus-tratos psicol\u00f3gicos reiterados, e a sentimentos de terror e humilha\u00e7\u00e3o por parte do arguido, vivendo em constante sobressalto, pois teme que aquele a mate e aos seus pais.<\/p>\n\n\n\n<p>O MP adiantou que a v\u00edtima, desde o in\u00edcio do relacionamento, suportou que aquele a controlasse, lhe dirigisse express\u00f5es que a humilhavam e menosprezavam, e mesmo que lhe batesse.<\/p>\n\n\n\n<p>Descrevendo, entre outras, situa\u00e7\u00f5es em que ocorreram amea\u00e7as de morte \u00e0 mulher e aos pais desta, o MP relatou que numa ocasi\u00e3o em que a ofendida iniciou uma grava\u00e7\u00e3o com o seu telem\u00f3vel para sua prote\u00e7\u00e3o, o arguido desferiu-lhe v\u00e1rios encontr\u00f5es, pisou-lhe os p\u00e9s e vincou as suas unhas na orelha, tendo a v\u00edtima necessitado de receber tratamento hospitalar.<\/p>\n\n\n\n<p>Ainda segundo o despacho final do MP, quando a mulher lhe dizia que os comportamentos integravam viol\u00eancia dom\u00e9stica, o arguido referia-se a procuradoras que estavam de turno, querendo demonstrar que de nada valia fazer queixa, mantendo perante ela um sentimento de impunidade e abusando da posi\u00e7\u00e3o profissional que tinha para a condicionar.<\/p>\n\n\n\n<p>O MP acrescentou que, devido aos comportamentos do arguido, que s\u00e3o reiterados e atuais, as v\u00edtimas \u201cvivem num clima de terror\u201d, pois receiam que aquele possa concretizar os an\u00fancios de morte que lhes dirige.<\/p>\n\n\n\n<p>Em mar\u00e7o, a mulher do arguido fez queixa na esquadra da PSP da Nazar\u00e9, tendo o arguido sido detido em Lisboa por elementos de Leiria desta for\u00e7a policial.<\/p>\n\n\n\n<p>Na ocasi\u00e3o, a PSP fez \u201ca apreens\u00e3o cautelar de armas que o suspeito tinha, uma arma de servi\u00e7o, um bast\u00e3o extens\u00edvel e uma arma pessoal\u201d.<\/p>\n\n\n\n<p>A acusa\u00e7\u00e3o descreveu que quando elementos da PSP se deslocaram a casa do casal para recolher as armas que detinha, uma vez que se encontrava de baixa psiqui\u00e1trica, este ter\u00e1 recusado e voltado a amea\u00e7ar a mulher.<\/p>\n\n\n\n<p>\u201cMesmo que levem as armas, existem sempre as armas brancas, as facas!\u201d, indicou o Minist\u00e9rio P\u00fablico.<\/p>\n\n\n\n<p>\u201cVou-me matar, mas n\u00e3o vou sozinho\u201d, acrescentou.<\/p>\n\n\n\n<p>Em setembro, a PSP informou a Lusa que, \u201cpor despacho de 20 de mar\u00e7o de 2025, foi determinada a instaura\u00e7\u00e3o de processo disciplinar ao referido elemento policial\u201d, processo que est\u00e1 no Comando Metropolitano de Pol\u00edcia de Lisboa (Cometlis) e encontra-se a aguardar decis\u00e3o judicial.<\/p>\n","protected":false},"excerpt":{"rendered":"<p>In &#8220;Regi\u00e3o de Leiria&#8220;, de 17.12.2025 Em mar\u00e7o, a mulher do arguido fez queixa na esquadra da PSP da Nazar\u00e9, tendo o arguido sido detido em Lisboa, onde trabalhava. Um chefe da Pol\u00edcia de Seguran\u00e7a&#8230;<\/p>\n","protected":false},"author":16,"featured_media":0,"comment_status":"closed","ping_status":"open","sticky":false,"template":"","format":"standard","meta":{"_tbt_post_transparent":"","_tbt_post_title":"","_tbt_post_layout":"","_tbt_post_sidebar_id":"","_tbt_post_content_style":"","_tbt_post_vertical_padding":"","_tbt_post_feature":"","_tbt_post_feature_position":"","_tbt_post_header":false,"_tbt_post_footer":false},"categories":[1,5],"tags":[],"class_list":["post-13490","post","type-post","status-publish","format-standard","hentry","category-geral","category-noticias"],"yoast_head":"<!-- This site is optimized with the Yoast SEO plugin v25.6 - https:\/\/yoast.com\/wordpress\/plugins\/seo\/ -->\n<title>Chefe da PSP vai a julgamento em Leiria por 14 crimes - Tribunal Judicial da Comarca de Leiria<\/title>\n<meta name=\"robots\" content=\"index, follow, max-snippet:-1, max-image-preview:large, max-video-preview:-1\" \/>\n<link rel=\"canonical\" href=\"https:\/\/comarcas.csm.org.pt\/leiria\/blog\/2025\/12\/18\/chefe-da-psp-vai-a-julgamento-em-leiria-por-14-crimes\/\" \/>\n<meta property=\"og:locale\" content=\"pt_PT\" \/>\n<meta property=\"og:type\" content=\"article\" \/>\n<meta property=\"og:title\" content=\"Chefe da PSP vai a julgamento em Leiria por 14 crimes - Tribunal Judicial da Comarca de Leiria\" \/>\n<meta property=\"og:description\" content=\"In &#8220;Regi\u00e3o de Leiria&#8220;, de 17.12.2025 Em mar\u00e7o, a mulher do arguido fez queixa na esquadra da PSP da Nazar\u00e9, tendo o arguido sido detido em Lisboa, onde trabalhava. Um chefe da Pol\u00edcia de Seguran\u00e7a...\" \/>\n<meta property=\"og:url\" content=\"https:\/\/comarcas.csm.org.pt\/leiria\/blog\/2025\/12\/18\/chefe-da-psp-vai-a-julgamento-em-leiria-por-14-crimes\/\" \/>\n<meta property=\"og:site_name\" content=\"Tribunal Judicial da Comarca de Leiria\" \/>\n<meta property=\"article:published_time\" content=\"2025-12-18T13:47:38+00:00\" \/>\n<meta property=\"article:modified_time\" content=\"2025-12-18T13:49:22+00:00\" \/>\n<meta name=\"author\" content=\"leiria\" \/>\n<meta name=\"twitter:card\" content=\"summary_large_image\" \/>\n<meta name=\"twitter:label1\" content=\"Escrito por\" \/>\n\t<meta name=\"twitter:data1\" content=\"leiria\" \/>\n\t<meta name=\"twitter:label2\" content=\"Tempo estimado de leitura\" \/>\n\t<meta name=\"twitter:data2\" content=\"4 minutos\" \/>\n<script type=\"application\/ld+json\" class=\"yoast-schema-graph\">{\"@context\":\"https:\/\/schema.org\",\"@graph\":[{\"@type\":\"Article\",\"@id\":\"https:\/\/comarcas.csm.org.pt\/leiria\/blog\/2025\/12\/18\/chefe-da-psp-vai-a-julgamento-em-leiria-por-14-crimes\/#article\",\"isPartOf\":{\"@id\":\"https:\/\/comarcas.csm.org.pt\/leiria\/blog\/2025\/12\/18\/chefe-da-psp-vai-a-julgamento-em-leiria-por-14-crimes\/\"},\"author\":{\"name\":\"leiria\",\"@id\":\"https:\/\/comarcas.csm.org.pt\/leiria\/#\/schema\/person\/9057b6fbd670d5a2e931712cd357d806\"},\"headline\":\"Chefe da PSP vai a julgamento em Leiria por 14 crimes\",\"datePublished\":\"2025-12-18T13:47:38+00:00\",\"dateModified\":\"2025-12-18T13:49:22+00:00\",\"mainEntityOfPage\":{\"@id\":\"https:\/\/comarcas.csm.org.pt\/leiria\/blog\/2025\/12\/18\/chefe-da-psp-vai-a-julgamento-em-leiria-por-14-crimes\/\"},\"wordCount\":651,\"publisher\":{\"@id\":\"https:\/\/comarcas.csm.org.pt\/leiria\/#organization\"},\"articleSection\":[\"Geral\",\"Not\u00edcias\"],\"inLanguage\":\"pt-PT\"},{\"@type\":\"WebPage\",\"@id\":\"https:\/\/comarcas.csm.org.pt\/leiria\/blog\/2025\/12\/18\/chefe-da-psp-vai-a-julgamento-em-leiria-por-14-crimes\/\",\"url\":\"https:\/\/comarcas.csm.org.pt\/leiria\/blog\/2025\/12\/18\/chefe-da-psp-vai-a-julgamento-em-leiria-por-14-crimes\/\",\"name\":\"Chefe da PSP vai a julgamento em Leiria por 14 crimes - Tribunal Judicial da Comarca de Leiria\",\"isPartOf\":{\"@id\":\"https:\/\/comarcas.csm.org.pt\/leiria\/#website\"},\"datePublished\":\"2025-12-18T13:47:38+00:00\",\"dateModified\":\"2025-12-18T13:49:22+00:00\",\"breadcrumb\":{\"@id\":\"https:\/\/comarcas.csm.org.pt\/leiria\/blog\/2025\/12\/18\/chefe-da-psp-vai-a-julgamento-em-leiria-por-14-crimes\/#breadcrumb\"},\"inLanguage\":\"pt-PT\",\"potentialAction\":[{\"@type\":\"ReadAction\",\"target\":[\"https:\/\/comarcas.csm.org.pt\/leiria\/blog\/2025\/12\/18\/chefe-da-psp-vai-a-julgamento-em-leiria-por-14-crimes\/\"]}]},{\"@type\":\"BreadcrumbList\",\"@id\":\"https:\/\/comarcas.csm.org.pt\/leiria\/blog\/2025\/12\/18\/chefe-da-psp-vai-a-julgamento-em-leiria-por-14-crimes\/#breadcrumb\",\"itemListElement\":[{\"@type\":\"ListItem\",\"position\":1,\"name\":\"In\u00edcio\",\"item\":\"https:\/\/comarcas.csm.org.pt\/leiria\/\"},{\"@type\":\"ListItem\",\"position\":2,\"name\":\"Chefe da PSP vai a julgamento em Leiria por 14 crimes\"}]},{\"@type\":\"WebSite\",\"@id\":\"https:\/\/comarcas.csm.org.pt\/leiria\/#website\",\"url\":\"https:\/\/comarcas.csm.org.pt\/leiria\/\",\"name\":\"Tribunal Judicial da Comarca de Leiria\",\"description\":\"Tribunal Judicial da Comarca de Aveiro\",\"publisher\":{\"@id\":\"https:\/\/comarcas.csm.org.pt\/leiria\/#organization\"},\"potentialAction\":[{\"@type\":\"SearchAction\",\"target\":{\"@type\":\"EntryPoint\",\"urlTemplate\":\"https:\/\/comarcas.csm.org.pt\/leiria\/?s={search_term_string}\"},\"query-input\":{\"@type\":\"PropertyValueSpecification\",\"valueRequired\":true,\"valueName\":\"search_term_string\"}}],\"inLanguage\":\"pt-PT\"},{\"@type\":\"Organization\",\"@id\":\"https:\/\/comarcas.csm.org.pt\/leiria\/#organization\",\"name\":\"Tribunal Judicial da Comarca de Leiria\",\"url\":\"https:\/\/comarcas.csm.org.pt\/leiria\/\",\"logo\":{\"@type\":\"ImageObject\",\"inLanguage\":\"pt-PT\",\"@id\":\"https:\/\/comarcas.csm.org.pt\/leiria\/#\/schema\/logo\/image\/\",\"url\":\"https:\/\/comarcas.csm.org.pt\/leiria\/wp-content\/uploads\/sites\/16\/2024\/11\/Leiria_positivo-horizontal.png\",\"contentUrl\":\"https:\/\/comarcas.csm.org.pt\/leiria\/wp-content\/uploads\/sites\/16\/2024\/11\/Leiria_positivo-horizontal.png\",\"width\":5088,\"height\":890,\"caption\":\"Tribunal Judicial da Comarca de Leiria\"},\"image\":{\"@id\":\"https:\/\/comarcas.csm.org.pt\/leiria\/#\/schema\/logo\/image\/\"}},{\"@type\":\"Person\",\"@id\":\"https:\/\/comarcas.csm.org.pt\/leiria\/#\/schema\/person\/9057b6fbd670d5a2e931712cd357d806\",\"name\":\"leiria\",\"image\":{\"@type\":\"ImageObject\",\"inLanguage\":\"pt-PT\",\"@id\":\"https:\/\/comarcas.csm.org.pt\/leiria\/#\/schema\/person\/image\/\",\"url\":\"https:\/\/secure.gravatar.com\/avatar\/399a72a2630b07d71a4e0167744303361d26ed8a993be2c5686bbe5ff44b469f?s=96&d=mm&r=g\",\"contentUrl\":\"https:\/\/secure.gravatar.com\/avatar\/399a72a2630b07d71a4e0167744303361d26ed8a993be2c5686bbe5ff44b469f?s=96&d=mm&r=g\",\"caption\":\"leiria\"},\"url\":\"https:\/\/comarcas.csm.org.pt\/leiria\/blog\/author\/leiria\/\"}]}<\/script>\n<!-- \/ Yoast SEO plugin. -->","yoast_head_json":{"title":"Chefe da PSP vai a julgamento em Leiria por 14 crimes - Tribunal Judicial da Comarca de Leiria","robots":{"index":"index","follow":"follow","max-snippet":"max-snippet:-1","max-image-preview":"max-image-preview:large","max-video-preview":"max-video-preview:-1"},"canonical":"https:\/\/comarcas.csm.org.pt\/leiria\/blog\/2025\/12\/18\/chefe-da-psp-vai-a-julgamento-em-leiria-por-14-crimes\/","og_locale":"pt_PT","og_type":"article","og_title":"Chefe da PSP vai a julgamento em Leiria por 14 crimes - Tribunal Judicial da Comarca de Leiria","og_description":"In &#8220;Regi\u00e3o de Leiria&#8220;, de 17.12.2025 Em mar\u00e7o, a mulher do arguido fez queixa na esquadra da PSP da Nazar\u00e9, tendo o arguido sido detido em Lisboa, onde trabalhava. Um chefe da Pol\u00edcia de Seguran\u00e7a...","og_url":"https:\/\/comarcas.csm.org.pt\/leiria\/blog\/2025\/12\/18\/chefe-da-psp-vai-a-julgamento-em-leiria-por-14-crimes\/","og_site_name":"Tribunal Judicial da Comarca de Leiria","article_published_time":"2025-12-18T13:47:38+00:00","article_modified_time":"2025-12-18T13:49:22+00:00","author":"leiria","twitter_card":"summary_large_image","twitter_misc":{"Escrito por":"leiria","Tempo estimado de leitura":"4 minutos"},"schema":{"@context":"https:\/\/schema.org","@graph":[{"@type":"Article","@id":"https:\/\/comarcas.csm.org.pt\/leiria\/blog\/2025\/12\/18\/chefe-da-psp-vai-a-julgamento-em-leiria-por-14-crimes\/#article","isPartOf":{"@id":"https:\/\/comarcas.csm.org.pt\/leiria\/blog\/2025\/12\/18\/chefe-da-psp-vai-a-julgamento-em-leiria-por-14-crimes\/"},"author":{"name":"leiria","@id":"https:\/\/comarcas.csm.org.pt\/leiria\/#\/schema\/person\/9057b6fbd670d5a2e931712cd357d806"},"headline":"Chefe da PSP vai a julgamento em Leiria por 14 crimes","datePublished":"2025-12-18T13:47:38+00:00","dateModified":"2025-12-18T13:49:22+00:00","mainEntityOfPage":{"@id":"https:\/\/comarcas.csm.org.pt\/leiria\/blog\/2025\/12\/18\/chefe-da-psp-vai-a-julgamento-em-leiria-por-14-crimes\/"},"wordCount":651,"publisher":{"@id":"https:\/\/comarcas.csm.org.pt\/leiria\/#organization"},"articleSection":["Geral","Not\u00edcias"],"inLanguage":"pt-PT"},{"@type":"WebPage","@id":"https:\/\/comarcas.csm.org.pt\/leiria\/blog\/2025\/12\/18\/chefe-da-psp-vai-a-julgamento-em-leiria-por-14-crimes\/","url":"https:\/\/comarcas.csm.org.pt\/leiria\/blog\/2025\/12\/18\/chefe-da-psp-vai-a-julgamento-em-leiria-por-14-crimes\/","name":"Chefe da PSP vai a julgamento em Leiria por 14 crimes - Tribunal Judicial da Comarca de Leiria","isPartOf":{"@id":"https:\/\/comarcas.csm.org.pt\/leiria\/#website"},"datePublished":"2025-12-18T13:47:38+00:00","dateModified":"2025-12-18T13:49:22+00:00","breadcrumb":{"@id":"https:\/\/comarcas.csm.org.pt\/leiria\/blog\/2025\/12\/18\/chefe-da-psp-vai-a-julgamento-em-leiria-por-14-crimes\/#breadcrumb"},"inLanguage":"pt-PT","potentialAction":[{"@type":"ReadAction","target":["https:\/\/comarcas.csm.org.pt\/leiria\/blog\/2025\/12\/18\/chefe-da-psp-vai-a-julgamento-em-leiria-por-14-crimes\/"]}]},{"@type":"BreadcrumbList","@id":"https:\/\/comarcas.csm.org.pt\/leiria\/blog\/2025\/12\/18\/chefe-da-psp-vai-a-julgamento-em-leiria-por-14-crimes\/#breadcrumb","itemListElement":[{"@type":"ListItem","position":1,"name":"In\u00edcio","item":"https:\/\/comarcas.csm.org.pt\/leiria\/"},{"@type":"ListItem","position":2,"name":"Chefe da PSP vai a julgamento em Leiria por 14 crimes"}]},{"@type":"WebSite","@id":"https:\/\/comarcas.csm.org.pt\/leiria\/#website","url":"https:\/\/comarcas.csm.org.pt\/leiria\/","name":"Tribunal Judicial da Comarca de Leiria","description":"Tribunal Judicial da Comarca de Aveiro","publisher":{"@id":"https:\/\/comarcas.csm.org.pt\/leiria\/#organization"},"potentialAction":[{"@type":"SearchAction","target":{"@type":"EntryPoint","urlTemplate":"https:\/\/comarcas.csm.org.pt\/leiria\/?s={search_term_string}"},"query-input":{"@type":"PropertyValueSpecification","valueRequired":true,"valueName":"search_term_string"}}],"inLanguage":"pt-PT"},{"@type":"Organization","@id":"https:\/\/comarcas.csm.org.pt\/leiria\/#organization","name":"Tribunal Judicial da Comarca de Leiria","url":"https:\/\/comarcas.csm.org.pt\/leiria\/","logo":{"@type":"ImageObject","inLanguage":"pt-PT","@id":"https:\/\/comarcas.csm.org.pt\/leiria\/#\/schema\/logo\/image\/","url":"https:\/\/comarcas.csm.org.pt\/leiria\/wp-content\/uploads\/sites\/16\/2024\/11\/Leiria_positivo-horizontal.png","contentUrl":"https:\/\/comarcas.csm.org.pt\/leiria\/wp-content\/uploads\/sites\/16\/2024\/11\/Leiria_positivo-horizontal.png","width":5088,"height":890,"caption":"Tribunal Judicial da Comarca de Leiria"},"image":{"@id":"https:\/\/comarcas.csm.org.pt\/leiria\/#\/schema\/logo\/image\/"}},{"@type":"Person","@id":"https:\/\/comarcas.csm.org.pt\/leiria\/#\/schema\/person\/9057b6fbd670d5a2e931712cd357d806","name":"leiria","image":{"@type":"ImageObject","inLanguage":"pt-PT","@id":"https:\/\/comarcas.csm.org.pt\/leiria\/#\/schema\/person\/image\/","url":"https:\/\/secure.gravatar.com\/avatar\/399a72a2630b07d71a4e0167744303361d26ed8a993be2c5686bbe5ff44b469f?s=96&d=mm&r=g","contentUrl":"https:\/\/secure.gravatar.com\/avatar\/399a72a2630b07d71a4e0167744303361d26ed8a993be2c5686bbe5ff44b469f?s=96&d=mm&r=g","caption":"leiria"},"url":"https:\/\/comarcas.csm.org.pt\/leiria\/blog\/author\/leiria\/"}]}},"_links":{"self":[{"href":"https:\/\/comarcas.csm.org.pt\/leiria\/wp-json\/wp\/v2\/posts\/13490","targetHints":{"allow":["GET"]}}],"collection":[{"href":"https:\/\/comarcas.csm.org.pt\/leiria\/wp-json\/wp\/v2\/posts"}],"about":[{"href":"https:\/\/comarcas.csm.org.pt\/leiria\/wp-json\/wp\/v2\/types\/post"}],"author":[{"embeddable":true,"href":"https:\/\/comarcas.csm.org.pt\/leiria\/wp-json\/wp\/v2\/users\/16"}],"replies":[{"embeddable":true,"href":"https:\/\/comarcas.csm.org.pt\/leiria\/wp-json\/wp\/v2\/comments?post=13490"}],"version-history":[{"count":3,"href":"https:\/\/comarcas.csm.org.pt\/leiria\/wp-json\/wp\/v2\/posts\/13490\/revisions"}],"predecessor-version":[{"id":13493,"href":"https:\/\/comarcas.csm.org.pt\/leiria\/wp-json\/wp\/v2\/posts\/13490\/revisions\/13493"}],"wp:attachment":[{"href":"https:\/\/comarcas.csm.org.pt\/leiria\/wp-json\/wp\/v2\/media?parent=13490"}],"wp:term":[{"taxonomy":"category","embeddable":true,"href":"https:\/\/comarcas.csm.org.pt\/leiria\/wp-json\/wp\/v2\/categories?post=13490"},{"taxonomy":"post_tag","embeddable":true,"href":"https:\/\/comarcas.csm.org.pt\/leiria\/wp-json\/wp\/v2\/tags?post=13490"}],"curies":[{"name":"wp","href":"https:\/\/api.w.org\/{rel}","templated":true}]}}