{"id":13495,"date":"2026-01-05T14:23:34","date_gmt":"2026-01-05T14:23:34","guid":{"rendered":"https:\/\/comarcas.csm.org.pt\/leiria\/?p=13495"},"modified":"2026-01-05T14:23:35","modified_gmt":"2026-01-05T14:23:35","slug":"penas-de-prisao-efectiva-para-tres-arguidos-por-trafico-de-droga","status":"publish","type":"post","link":"https:\/\/comarcas.csm.org.pt\/leiria\/blog\/2026\/01\/05\/penas-de-prisao-efectiva-para-tres-arguidos-por-trafico-de-droga\/","title":{"rendered":"Penas de pris\u00e3o efectiva para tr\u00eas arguidos por tr\u00e1fico de droga"},"content":{"rendered":"\n<p>In <a href=\"https:\/\/www.jornaldeleiria.pt\/noticia\/penas-de-prisao-efectiva-para-tres-arguidos-por-trafico-de-droga\">Jornal de Leiria<\/a>, de 22.12.2025<\/p>\n\n\n\n<p><strong>Suspeitos, nove homens e duas mulheres, foram detidos nos distritos de Leiria, Beja e Faro, em Novembro do ano passado.<\/strong><\/p>\n\n\n\n<p>O Tribunal Judicial de Leiria condenou a pris\u00e3o efectiva tr\u00eas arguidos por tr\u00e1fico de droga, num processo que envolvia 11 arguidos, duas mulheres e nove homens, um dos quais foi absolvido.<\/p>\n\n\n\n<p>As penas de pris\u00e3o pelo crime de tr\u00e1fico de estupefacientes variam entre os cinco anos e tr\u00eas meses e os cinco anos e nove meses, segundo a delibera\u00e7\u00e3o do tribunal colectivo de sexta-feira \u00e0 qual a ag\u00eancia Lusa teve acesso.<\/p>\n\n\n\n<p>Outros seis arguidos foram condenados em penas de pris\u00e3o entre os dois anos (tr\u00e1fico de menor gravidade) e quatro anos e nove meses (tr\u00e1fico de estupefacientes), todas suspensas na sua execu\u00e7\u00e3o e, em todos os casos, sujeitos a regime de prova.<\/p>\n\n\n\n<p>Um s\u00e9timo arguido foi condenado na pena \u00fanica de dois anos de pris\u00e3o, tamb\u00e9m suspensa na sua execu\u00e7\u00e3o e sujeita a regime de prova, pelo crime de tr\u00e1fico de menor gravidade e deten\u00e7\u00e3o de arma proibida.<\/p>\n\n\n\n<p>O tribunal colectivo deu como provado que quatro dos condenados \u201cdistribu\u00edram produto estupefaciente com o intuito de obterem lucros monet\u00e1rios decorrentes da venda a pre\u00e7os mais altos do que aqueles que despenderam na sua aquisi\u00e7\u00e3o\u201d.<\/p>\n\n\n\n<p>Por outro lado, sustentou que todos, com idades entre os 21 e os 51 anos, um dos quais detido preventivamente e outro em pris\u00e3o domicili\u00e1ria (tendo sido determinada a uma arguida, ausente do julgamento, pris\u00e3o preventiva que est\u00e1 por executar), \u201cconheciam as caracter\u00edsticas, natureza e efeitos lesivos da sa\u00fade das subst\u00e2ncias\u201d que \u201cdetinham e que alguns vendiam, bem sabendo que a sua aquisi\u00e7\u00e3o, deten\u00e7\u00e3o, venda e ced\u00eancia a qualquer t\u00edtulo eram proibidas e criminalmente punidas\u201d.<\/p>\n\n\n\n<p>O colectivo de ju\u00edzes declarou perdidos a favor do Estado os produtos estupefacientes e subst\u00e2ncias de corte apreendidos, assim como os objectos que embalem ou guardem o produto estupefaciente, que dever\u00e3o ser todos destru\u00eddos, do dinheiro apreendido aos arguidos condenados, e ainda das muni\u00e7\u00f5es, cartuchos e carregadores, neste caso com consequente inutiliza\u00e7\u00e3o.<\/p>\n\n\n\n<p>Em 27 de Novembro de 2024, a Guarda Nacional Republicana (GNR) anunciou ter detido 11 pessoas suspeitas do crime de tr\u00e1fico de droga, nos distritos de Leiria, Beja e Faro, e revelou ter apreendido milhares de doses de estupefacientes, dinheiro e viaturas.<\/p>\n\n\n\n<p>Em comunicado, o Comando Territorial de Leiria da GNR explicou que deteve nove homens e duas mulheres, nos concelhos de Leiria, Marinha Grande, Nazar\u00e9, Castro Verde e Albufeira.<\/p>\n\n\n\n<p>Ent\u00e3o, a GNR aprendeu 10.538,50 doses de coca\u00edna, 5.598 doses de MDMA, 116,20 doses de haxixe, 1,64 doses de can\u00e1bis, 67,6 gramas de quetamina (nova subst\u00e2ncia estupefaciente) e 5.260 ml de GHB (conhecida como a droga da viola\u00e7\u00e3o).<\/p>\n\n\n\n<p>Seis viaturas ligeiras, dois motociclos, 5.547,72 euros em numer\u00e1rio, 17 telem\u00f3veis e cinco balan\u00e7as de precis\u00e3o contavam-se tamb\u00e9m entre as apreens\u00f5es, assim como comprimidos de venda n\u00e3o autorizada, artigos tecnol\u00f3gicos e utens\u00edlios relativos \u00e0 suposta pr\u00e1tica do crime de tr\u00e1fico de droga.<\/p>\n","protected":false},"excerpt":{"rendered":"<p>In Jornal de Leiria, de 22.12.2025 Suspeitos, nove homens e duas mulheres, foram detidos nos distritos de Leiria, Beja e Faro, em Novembro do ano passado. O Tribunal Judicial de Leiria condenou a pris\u00e3o efectiva&#8230;<\/p>\n","protected":false},"author":16,"featured_media":0,"comment_status":"closed","ping_status":"open","sticky":false,"template":"","format":"standard","meta":{"_tbt_post_transparent":"","_tbt_post_title":"","_tbt_post_layout":"","_tbt_post_sidebar_id":"","_tbt_post_content_style":"","_tbt_post_vertical_padding":"","_tbt_post_feature":"","_tbt_post_feature_position":"","_tbt_post_header":false,"_tbt_post_footer":false},"categories":[1,5],"tags":[],"class_list":["post-13495","post","type-post","status-publish","format-standard","hentry","category-geral","category-noticias"],"yoast_head":"<!-- This site is optimized with the Yoast SEO plugin v25.6 - https:\/\/yoast.com\/wordpress\/plugins\/seo\/ -->\n<title>Penas de pris\u00e3o efectiva para tr\u00eas arguidos por tr\u00e1fico de droga - Tribunal Judicial da Comarca de Leiria<\/title>\n<meta name=\"robots\" content=\"index, follow, max-snippet:-1, max-image-preview:large, max-video-preview:-1\" \/>\n<link rel=\"canonical\" href=\"https:\/\/comarcas.csm.org.pt\/leiria\/blog\/2026\/01\/05\/penas-de-prisao-efectiva-para-tres-arguidos-por-trafico-de-droga\/\" \/>\n<meta property=\"og:locale\" content=\"pt_PT\" \/>\n<meta property=\"og:type\" content=\"article\" \/>\n<meta property=\"og:title\" content=\"Penas de pris\u00e3o efectiva para tr\u00eas arguidos por tr\u00e1fico de droga - Tribunal Judicial da Comarca de Leiria\" \/>\n<meta property=\"og:description\" content=\"In Jornal de Leiria, de 22.12.2025 Suspeitos, nove homens e duas mulheres, foram detidos nos distritos de Leiria, Beja e Faro, em Novembro do ano passado. O Tribunal Judicial de Leiria condenou a pris\u00e3o efectiva...\" \/>\n<meta property=\"og:url\" content=\"https:\/\/comarcas.csm.org.pt\/leiria\/blog\/2026\/01\/05\/penas-de-prisao-efectiva-para-tres-arguidos-por-trafico-de-droga\/\" \/>\n<meta property=\"og:site_name\" content=\"Tribunal Judicial da Comarca de Leiria\" \/>\n<meta property=\"article:published_time\" content=\"2026-01-05T14:23:34+00:00\" \/>\n<meta property=\"article:modified_time\" content=\"2026-01-05T14:23:35+00:00\" \/>\n<meta name=\"author\" content=\"leiria\" \/>\n<meta name=\"twitter:card\" content=\"summary_large_image\" \/>\n<meta name=\"twitter:label1\" content=\"Escrito por\" \/>\n\t<meta name=\"twitter:data1\" content=\"leiria\" \/>\n\t<meta name=\"twitter:label2\" content=\"Tempo estimado de leitura\" \/>\n\t<meta name=\"twitter:data2\" content=\"3 minutos\" \/>\n<script type=\"application\/ld+json\" class=\"yoast-schema-graph\">{\"@context\":\"https:\/\/schema.org\",\"@graph\":[{\"@type\":\"Article\",\"@id\":\"https:\/\/comarcas.csm.org.pt\/leiria\/blog\/2026\/01\/05\/penas-de-prisao-efectiva-para-tres-arguidos-por-trafico-de-droga\/#article\",\"isPartOf\":{\"@id\":\"https:\/\/comarcas.csm.org.pt\/leiria\/blog\/2026\/01\/05\/penas-de-prisao-efectiva-para-tres-arguidos-por-trafico-de-droga\/\"},\"author\":{\"name\":\"leiria\",\"@id\":\"https:\/\/comarcas.csm.org.pt\/leiria\/#\/schema\/person\/9057b6fbd670d5a2e931712cd357d806\"},\"headline\":\"Penas de pris\u00e3o efectiva para tr\u00eas arguidos por tr\u00e1fico de droga\",\"datePublished\":\"2026-01-05T14:23:34+00:00\",\"dateModified\":\"2026-01-05T14:23:35+00:00\",\"mainEntityOfPage\":{\"@id\":\"https:\/\/comarcas.csm.org.pt\/leiria\/blog\/2026\/01\/05\/penas-de-prisao-efectiva-para-tres-arguidos-por-trafico-de-droga\/\"},\"wordCount\":538,\"publisher\":{\"@id\":\"https:\/\/comarcas.csm.org.pt\/leiria\/#organization\"},\"articleSection\":[\"Geral\",\"Not\u00edcias\"],\"inLanguage\":\"pt-PT\"},{\"@type\":\"WebPage\",\"@id\":\"https:\/\/comarcas.csm.org.pt\/leiria\/blog\/2026\/01\/05\/penas-de-prisao-efectiva-para-tres-arguidos-por-trafico-de-droga\/\",\"url\":\"https:\/\/comarcas.csm.org.pt\/leiria\/blog\/2026\/01\/05\/penas-de-prisao-efectiva-para-tres-arguidos-por-trafico-de-droga\/\",\"name\":\"Penas de pris\u00e3o efectiva para tr\u00eas arguidos por tr\u00e1fico de droga - Tribunal Judicial da Comarca de Leiria\",\"isPartOf\":{\"@id\":\"https:\/\/comarcas.csm.org.pt\/leiria\/#website\"},\"datePublished\":\"2026-01-05T14:23:34+00:00\",\"dateModified\":\"2026-01-05T14:23:35+00:00\",\"breadcrumb\":{\"@id\":\"https:\/\/comarcas.csm.org.pt\/leiria\/blog\/2026\/01\/05\/penas-de-prisao-efectiva-para-tres-arguidos-por-trafico-de-droga\/#breadcrumb\"},\"inLanguage\":\"pt-PT\",\"potentialAction\":[{\"@type\":\"ReadAction\",\"target\":[\"https:\/\/comarcas.csm.org.pt\/leiria\/blog\/2026\/01\/05\/penas-de-prisao-efectiva-para-tres-arguidos-por-trafico-de-droga\/\"]}]},{\"@type\":\"BreadcrumbList\",\"@id\":\"https:\/\/comarcas.csm.org.pt\/leiria\/blog\/2026\/01\/05\/penas-de-prisao-efectiva-para-tres-arguidos-por-trafico-de-droga\/#breadcrumb\",\"itemListElement\":[{\"@type\":\"ListItem\",\"position\":1,\"name\":\"In\u00edcio\",\"item\":\"https:\/\/comarcas.csm.org.pt\/leiria\/\"},{\"@type\":\"ListItem\",\"position\":2,\"name\":\"Penas de pris\u00e3o efectiva para tr\u00eas arguidos por tr\u00e1fico de droga\"}]},{\"@type\":\"WebSite\",\"@id\":\"https:\/\/comarcas.csm.org.pt\/leiria\/#website\",\"url\":\"https:\/\/comarcas.csm.org.pt\/leiria\/\",\"name\":\"Tribunal Judicial da Comarca de Leiria\",\"description\":\"Tribunal Judicial da Comarca de Aveiro\",\"publisher\":{\"@id\":\"https:\/\/comarcas.csm.org.pt\/leiria\/#organization\"},\"potentialAction\":[{\"@type\":\"SearchAction\",\"target\":{\"@type\":\"EntryPoint\",\"urlTemplate\":\"https:\/\/comarcas.csm.org.pt\/leiria\/?s={search_term_string}\"},\"query-input\":{\"@type\":\"PropertyValueSpecification\",\"valueRequired\":true,\"valueName\":\"search_term_string\"}}],\"inLanguage\":\"pt-PT\"},{\"@type\":\"Organization\",\"@id\":\"https:\/\/comarcas.csm.org.pt\/leiria\/#organization\",\"name\":\"Tribunal Judicial da Comarca de Leiria\",\"url\":\"https:\/\/comarcas.csm.org.pt\/leiria\/\",\"logo\":{\"@type\":\"ImageObject\",\"inLanguage\":\"pt-PT\",\"@id\":\"https:\/\/comarcas.csm.org.pt\/leiria\/#\/schema\/logo\/image\/\",\"url\":\"https:\/\/comarcas.csm.org.pt\/leiria\/wp-content\/uploads\/sites\/16\/2024\/11\/Leiria_positivo-horizontal.png\",\"contentUrl\":\"https:\/\/comarcas.csm.org.pt\/leiria\/wp-content\/uploads\/sites\/16\/2024\/11\/Leiria_positivo-horizontal.png\",\"width\":5088,\"height\":890,\"caption\":\"Tribunal Judicial da Comarca de Leiria\"},\"image\":{\"@id\":\"https:\/\/comarcas.csm.org.pt\/leiria\/#\/schema\/logo\/image\/\"}},{\"@type\":\"Person\",\"@id\":\"https:\/\/comarcas.csm.org.pt\/leiria\/#\/schema\/person\/9057b6fbd670d5a2e931712cd357d806\",\"name\":\"leiria\",\"image\":{\"@type\":\"ImageObject\",\"inLanguage\":\"pt-PT\",\"@id\":\"https:\/\/comarcas.csm.org.pt\/leiria\/#\/schema\/person\/image\/\",\"url\":\"https:\/\/secure.gravatar.com\/avatar\/399a72a2630b07d71a4e0167744303361d26ed8a993be2c5686bbe5ff44b469f?s=96&d=mm&r=g\",\"contentUrl\":\"https:\/\/secure.gravatar.com\/avatar\/399a72a2630b07d71a4e0167744303361d26ed8a993be2c5686bbe5ff44b469f?s=96&d=mm&r=g\",\"caption\":\"leiria\"},\"url\":\"https:\/\/comarcas.csm.org.pt\/leiria\/blog\/author\/leiria\/\"}]}<\/script>\n<!-- \/ Yoast SEO plugin. -->","yoast_head_json":{"title":"Penas de pris\u00e3o efectiva para tr\u00eas arguidos por tr\u00e1fico de droga - Tribunal Judicial da Comarca de Leiria","robots":{"index":"index","follow":"follow","max-snippet":"max-snippet:-1","max-image-preview":"max-image-preview:large","max-video-preview":"max-video-preview:-1"},"canonical":"https:\/\/comarcas.csm.org.pt\/leiria\/blog\/2026\/01\/05\/penas-de-prisao-efectiva-para-tres-arguidos-por-trafico-de-droga\/","og_locale":"pt_PT","og_type":"article","og_title":"Penas de pris\u00e3o efectiva para tr\u00eas arguidos por tr\u00e1fico de droga - Tribunal Judicial da Comarca de Leiria","og_description":"In Jornal de Leiria, de 22.12.2025 Suspeitos, nove homens e duas mulheres, foram detidos nos distritos de Leiria, Beja e Faro, em Novembro do ano passado. O Tribunal Judicial de Leiria condenou a pris\u00e3o efectiva...","og_url":"https:\/\/comarcas.csm.org.pt\/leiria\/blog\/2026\/01\/05\/penas-de-prisao-efectiva-para-tres-arguidos-por-trafico-de-droga\/","og_site_name":"Tribunal Judicial da Comarca de Leiria","article_published_time":"2026-01-05T14:23:34+00:00","article_modified_time":"2026-01-05T14:23:35+00:00","author":"leiria","twitter_card":"summary_large_image","twitter_misc":{"Escrito por":"leiria","Tempo estimado de leitura":"3 minutos"},"schema":{"@context":"https:\/\/schema.org","@graph":[{"@type":"Article","@id":"https:\/\/comarcas.csm.org.pt\/leiria\/blog\/2026\/01\/05\/penas-de-prisao-efectiva-para-tres-arguidos-por-trafico-de-droga\/#article","isPartOf":{"@id":"https:\/\/comarcas.csm.org.pt\/leiria\/blog\/2026\/01\/05\/penas-de-prisao-efectiva-para-tres-arguidos-por-trafico-de-droga\/"},"author":{"name":"leiria","@id":"https:\/\/comarcas.csm.org.pt\/leiria\/#\/schema\/person\/9057b6fbd670d5a2e931712cd357d806"},"headline":"Penas de pris\u00e3o efectiva para tr\u00eas arguidos por tr\u00e1fico de droga","datePublished":"2026-01-05T14:23:34+00:00","dateModified":"2026-01-05T14:23:35+00:00","mainEntityOfPage":{"@id":"https:\/\/comarcas.csm.org.pt\/leiria\/blog\/2026\/01\/05\/penas-de-prisao-efectiva-para-tres-arguidos-por-trafico-de-droga\/"},"wordCount":538,"publisher":{"@id":"https:\/\/comarcas.csm.org.pt\/leiria\/#organization"},"articleSection":["Geral","Not\u00edcias"],"inLanguage":"pt-PT"},{"@type":"WebPage","@id":"https:\/\/comarcas.csm.org.pt\/leiria\/blog\/2026\/01\/05\/penas-de-prisao-efectiva-para-tres-arguidos-por-trafico-de-droga\/","url":"https:\/\/comarcas.csm.org.pt\/leiria\/blog\/2026\/01\/05\/penas-de-prisao-efectiva-para-tres-arguidos-por-trafico-de-droga\/","name":"Penas de pris\u00e3o efectiva para tr\u00eas arguidos por tr\u00e1fico de droga - Tribunal Judicial da Comarca de Leiria","isPartOf":{"@id":"https:\/\/comarcas.csm.org.pt\/leiria\/#website"},"datePublished":"2026-01-05T14:23:34+00:00","dateModified":"2026-01-05T14:23:35+00:00","breadcrumb":{"@id":"https:\/\/comarcas.csm.org.pt\/leiria\/blog\/2026\/01\/05\/penas-de-prisao-efectiva-para-tres-arguidos-por-trafico-de-droga\/#breadcrumb"},"inLanguage":"pt-PT","potentialAction":[{"@type":"ReadAction","target":["https:\/\/comarcas.csm.org.pt\/leiria\/blog\/2026\/01\/05\/penas-de-prisao-efectiva-para-tres-arguidos-por-trafico-de-droga\/"]}]},{"@type":"BreadcrumbList","@id":"https:\/\/comarcas.csm.org.pt\/leiria\/blog\/2026\/01\/05\/penas-de-prisao-efectiva-para-tres-arguidos-por-trafico-de-droga\/#breadcrumb","itemListElement":[{"@type":"ListItem","position":1,"name":"In\u00edcio","item":"https:\/\/comarcas.csm.org.pt\/leiria\/"},{"@type":"ListItem","position":2,"name":"Penas de pris\u00e3o efectiva para tr\u00eas arguidos por tr\u00e1fico de droga"}]},{"@type":"WebSite","@id":"https:\/\/comarcas.csm.org.pt\/leiria\/#website","url":"https:\/\/comarcas.csm.org.pt\/leiria\/","name":"Tribunal Judicial da Comarca de Leiria","description":"Tribunal Judicial da Comarca de Aveiro","publisher":{"@id":"https:\/\/comarcas.csm.org.pt\/leiria\/#organization"},"potentialAction":[{"@type":"SearchAction","target":{"@type":"EntryPoint","urlTemplate":"https:\/\/comarcas.csm.org.pt\/leiria\/?s={search_term_string}"},"query-input":{"@type":"PropertyValueSpecification","valueRequired":true,"valueName":"search_term_string"}}],"inLanguage":"pt-PT"},{"@type":"Organization","@id":"https:\/\/comarcas.csm.org.pt\/leiria\/#organization","name":"Tribunal Judicial da Comarca de Leiria","url":"https:\/\/comarcas.csm.org.pt\/leiria\/","logo":{"@type":"ImageObject","inLanguage":"pt-PT","@id":"https:\/\/comarcas.csm.org.pt\/leiria\/#\/schema\/logo\/image\/","url":"https:\/\/comarcas.csm.org.pt\/leiria\/wp-content\/uploads\/sites\/16\/2024\/11\/Leiria_positivo-horizontal.png","contentUrl":"https:\/\/comarcas.csm.org.pt\/leiria\/wp-content\/uploads\/sites\/16\/2024\/11\/Leiria_positivo-horizontal.png","width":5088,"height":890,"caption":"Tribunal Judicial da Comarca de Leiria"},"image":{"@id":"https:\/\/comarcas.csm.org.pt\/leiria\/#\/schema\/logo\/image\/"}},{"@type":"Person","@id":"https:\/\/comarcas.csm.org.pt\/leiria\/#\/schema\/person\/9057b6fbd670d5a2e931712cd357d806","name":"leiria","image":{"@type":"ImageObject","inLanguage":"pt-PT","@id":"https:\/\/comarcas.csm.org.pt\/leiria\/#\/schema\/person\/image\/","url":"https:\/\/secure.gravatar.com\/avatar\/399a72a2630b07d71a4e0167744303361d26ed8a993be2c5686bbe5ff44b469f?s=96&d=mm&r=g","contentUrl":"https:\/\/secure.gravatar.com\/avatar\/399a72a2630b07d71a4e0167744303361d26ed8a993be2c5686bbe5ff44b469f?s=96&d=mm&r=g","caption":"leiria"},"url":"https:\/\/comarcas.csm.org.pt\/leiria\/blog\/author\/leiria\/"}]}},"_links":{"self":[{"href":"https:\/\/comarcas.csm.org.pt\/leiria\/wp-json\/wp\/v2\/posts\/13495","targetHints":{"allow":["GET"]}}],"collection":[{"href":"https:\/\/comarcas.csm.org.pt\/leiria\/wp-json\/wp\/v2\/posts"}],"about":[{"href":"https:\/\/comarcas.csm.org.pt\/leiria\/wp-json\/wp\/v2\/types\/post"}],"author":[{"embeddable":true,"href":"https:\/\/comarcas.csm.org.pt\/leiria\/wp-json\/wp\/v2\/users\/16"}],"replies":[{"embeddable":true,"href":"https:\/\/comarcas.csm.org.pt\/leiria\/wp-json\/wp\/v2\/comments?post=13495"}],"version-history":[{"count":1,"href":"https:\/\/comarcas.csm.org.pt\/leiria\/wp-json\/wp\/v2\/posts\/13495\/revisions"}],"predecessor-version":[{"id":13496,"href":"https:\/\/comarcas.csm.org.pt\/leiria\/wp-json\/wp\/v2\/posts\/13495\/revisions\/13496"}],"wp:attachment":[{"href":"https:\/\/comarcas.csm.org.pt\/leiria\/wp-json\/wp\/v2\/media?parent=13495"}],"wp:term":[{"taxonomy":"category","embeddable":true,"href":"https:\/\/comarcas.csm.org.pt\/leiria\/wp-json\/wp\/v2\/categories?post=13495"},{"taxonomy":"post_tag","embeddable":true,"href":"https:\/\/comarcas.csm.org.pt\/leiria\/wp-json\/wp\/v2\/tags?post=13495"}],"curies":[{"name":"wp","href":"https:\/\/api.w.org\/{rel}","templated":true}]}}