{"id":13499,"date":"2026-01-05T14:33:06","date_gmt":"2026-01-05T14:33:06","guid":{"rendered":"https:\/\/comarcas.csm.org.pt\/leiria\/?p=13499"},"modified":"2026-01-05T14:33:08","modified_gmt":"2026-01-05T14:33:08","slug":"psp-detem-homem-em-flagrante-por-exibicionismo-perante-mae-e-filho-menor","status":"publish","type":"post","link":"https:\/\/comarcas.csm.org.pt\/leiria\/blog\/2026\/01\/05\/psp-detem-homem-em-flagrante-por-exibicionismo-perante-mae-e-filho-menor\/","title":{"rendered":"PSP det\u00e9m homem em flagrante por exibicionismo perante m\u00e3e e filho menor"},"content":{"rendered":"\n<p>In &#8220;<a href=\"https:\/\/www.jornaldeleiria.pt\/noticia\/psp-detem-homem-em-flagrante-por-exibicionismo-perante-mae-e-filho-menor\">Jornal de Leiria<\/a>&#8220;, de 5.01.2026<\/p>\n\n\n\n<p>Um homem, de 58 anos de idade, foi detido em flagrante delito pela pr\u00e1tica do crime de importuna\u00e7\u00e3o sexual, em Caldas da Rainha, informa a PSP.<\/p>\n\n\n\n<p>De acordo com a pol\u00edcia, os factos ocorreram dia 22 de Dezembro, cerca das 19 horas, na \u00e1rea de restaura\u00e7\u00e3o de um espa\u00e7o comercial da cidade de Caldas da Rainha.<\/p>\n\n\n\n<p>&#8220;O homem foi surpreendido no momento em que praticava actos de natureza exibicionista perante uma mulher que se encontrava acompanhada pelo seu filho menor, de apenas 9 anos de idade. A deten\u00e7\u00e3o foi concretizada por uma equipa da PSP que se encontrava no local em plena actividade operacional e de preven\u00e7\u00e3o de proximidade, precisamente com o intuito de garantir a seguran\u00e7a dos cidad\u00e3os em zonas de grande aflu\u00eancia&#8221;, refere a mesma fonte.<\/p>\n\n\n\n<p>&#8220;Esta presen\u00e7a estrat\u00e9gica e vigilante junto da comunidade permitiu uma reac\u00e7\u00e3o imediata, interrompendo no momento a conduta il\u00edcita do homem e assegurando a protec\u00e7\u00e3o priorit\u00e1ria das v\u00edtimas&#8221;, prossegue a pol\u00edcia.<br><br>&#8220;Possuindo j\u00e1 antecedentes criminais pela pr\u00e1tica do crime de viol\u00eancia dom\u00e9stica, o homem foi conduzido \u00e0s instala\u00e7\u00f5es policiais da PSP, assim como as v\u00edtimas e uma testemunha, com vista \u00e0 realiza\u00e7\u00e3o das dilig\u00eancias necess\u00e1rias \u00e0 recolha imediata de prova. O homem foi presente \u00e0 autoridade judici\u00e1ria competente no dia seguinte \u00e0 ocorr\u00eancia tendo sido agendada audi\u00eancia de julgamento sum\u00e1rio, a qual viria a ser adiada para data posterior, a pedido da defesa&#8221;, refere ainda.<\/p>\n","protected":false},"excerpt":{"rendered":"<p>In &#8220;Jornal de Leiria&#8220;, de 5.01.2026 Um homem, de 58 anos de idade, foi detido em flagrante delito pela pr\u00e1tica do crime de importuna\u00e7\u00e3o sexual, em Caldas da Rainha, informa a PSP. De acordo com&#8230;<\/p>\n","protected":false},"author":16,"featured_media":0,"comment_status":"closed","ping_status":"open","sticky":false,"template":"","format":"standard","meta":{"_tbt_post_transparent":"","_tbt_post_title":"","_tbt_post_layout":"","_tbt_post_sidebar_id":"","_tbt_post_content_style":"","_tbt_post_vertical_padding":"","_tbt_post_feature":"","_tbt_post_feature_position":"","_tbt_post_header":false,"_tbt_post_footer":false},"categories":[1,5],"tags":[],"class_list":["post-13499","post","type-post","status-publish","format-standard","hentry","category-geral","category-noticias"],"yoast_head":"<!-- This site is optimized with the Yoast SEO plugin v25.6 - https:\/\/yoast.com\/wordpress\/plugins\/seo\/ -->\n<title>PSP det\u00e9m homem em flagrante por exibicionismo perante m\u00e3e e filho menor - Tribunal Judicial da Comarca de Leiria<\/title>\n<meta name=\"robots\" content=\"index, follow, max-snippet:-1, max-image-preview:large, max-video-preview:-1\" \/>\n<link rel=\"canonical\" href=\"https:\/\/comarcas.csm.org.pt\/leiria\/blog\/2026\/01\/05\/psp-detem-homem-em-flagrante-por-exibicionismo-perante-mae-e-filho-menor\/\" \/>\n<meta property=\"og:locale\" content=\"pt_PT\" \/>\n<meta property=\"og:type\" content=\"article\" \/>\n<meta property=\"og:title\" content=\"PSP det\u00e9m homem em flagrante por exibicionismo perante m\u00e3e e filho menor - Tribunal Judicial da Comarca de Leiria\" \/>\n<meta property=\"og:description\" content=\"In &#8220;Jornal de Leiria&#8220;, de 5.01.2026 Um homem, de 58 anos de idade, foi detido em flagrante delito pela pr\u00e1tica do crime de importuna\u00e7\u00e3o sexual, em Caldas da Rainha, informa a PSP. De acordo com...\" \/>\n<meta property=\"og:url\" content=\"https:\/\/comarcas.csm.org.pt\/leiria\/blog\/2026\/01\/05\/psp-detem-homem-em-flagrante-por-exibicionismo-perante-mae-e-filho-menor\/\" \/>\n<meta property=\"og:site_name\" content=\"Tribunal Judicial da Comarca de Leiria\" \/>\n<meta property=\"article:published_time\" content=\"2026-01-05T14:33:06+00:00\" \/>\n<meta property=\"article:modified_time\" content=\"2026-01-05T14:33:08+00:00\" \/>\n<meta name=\"author\" content=\"leiria\" \/>\n<meta name=\"twitter:card\" content=\"summary_large_image\" \/>\n<meta name=\"twitter:label1\" content=\"Escrito por\" \/>\n\t<meta name=\"twitter:data1\" content=\"leiria\" \/>\n\t<meta name=\"twitter:label2\" content=\"Tempo estimado de leitura\" \/>\n\t<meta name=\"twitter:data2\" content=\"2 minutos\" \/>\n<script type=\"application\/ld+json\" class=\"yoast-schema-graph\">{\"@context\":\"https:\/\/schema.org\",\"@graph\":[{\"@type\":\"Article\",\"@id\":\"https:\/\/comarcas.csm.org.pt\/leiria\/blog\/2026\/01\/05\/psp-detem-homem-em-flagrante-por-exibicionismo-perante-mae-e-filho-menor\/#article\",\"isPartOf\":{\"@id\":\"https:\/\/comarcas.csm.org.pt\/leiria\/blog\/2026\/01\/05\/psp-detem-homem-em-flagrante-por-exibicionismo-perante-mae-e-filho-menor\/\"},\"author\":{\"name\":\"leiria\",\"@id\":\"https:\/\/comarcas.csm.org.pt\/leiria\/#\/schema\/person\/9057b6fbd670d5a2e931712cd357d806\"},\"headline\":\"PSP det\u00e9m homem em flagrante por exibicionismo perante m\u00e3e e filho menor\",\"datePublished\":\"2026-01-05T14:33:06+00:00\",\"dateModified\":\"2026-01-05T14:33:08+00:00\",\"mainEntityOfPage\":{\"@id\":\"https:\/\/comarcas.csm.org.pt\/leiria\/blog\/2026\/01\/05\/psp-detem-homem-em-flagrante-por-exibicionismo-perante-mae-e-filho-menor\/\"},\"wordCount\":273,\"publisher\":{\"@id\":\"https:\/\/comarcas.csm.org.pt\/leiria\/#organization\"},\"articleSection\":[\"Geral\",\"Not\u00edcias\"],\"inLanguage\":\"pt-PT\"},{\"@type\":\"WebPage\",\"@id\":\"https:\/\/comarcas.csm.org.pt\/leiria\/blog\/2026\/01\/05\/psp-detem-homem-em-flagrante-por-exibicionismo-perante-mae-e-filho-menor\/\",\"url\":\"https:\/\/comarcas.csm.org.pt\/leiria\/blog\/2026\/01\/05\/psp-detem-homem-em-flagrante-por-exibicionismo-perante-mae-e-filho-menor\/\",\"name\":\"PSP det\u00e9m homem em flagrante por exibicionismo perante m\u00e3e e filho menor - Tribunal Judicial da Comarca de Leiria\",\"isPartOf\":{\"@id\":\"https:\/\/comarcas.csm.org.pt\/leiria\/#website\"},\"datePublished\":\"2026-01-05T14:33:06+00:00\",\"dateModified\":\"2026-01-05T14:33:08+00:00\",\"breadcrumb\":{\"@id\":\"https:\/\/comarcas.csm.org.pt\/leiria\/blog\/2026\/01\/05\/psp-detem-homem-em-flagrante-por-exibicionismo-perante-mae-e-filho-menor\/#breadcrumb\"},\"inLanguage\":\"pt-PT\",\"potentialAction\":[{\"@type\":\"ReadAction\",\"target\":[\"https:\/\/comarcas.csm.org.pt\/leiria\/blog\/2026\/01\/05\/psp-detem-homem-em-flagrante-por-exibicionismo-perante-mae-e-filho-menor\/\"]}]},{\"@type\":\"BreadcrumbList\",\"@id\":\"https:\/\/comarcas.csm.org.pt\/leiria\/blog\/2026\/01\/05\/psp-detem-homem-em-flagrante-por-exibicionismo-perante-mae-e-filho-menor\/#breadcrumb\",\"itemListElement\":[{\"@type\":\"ListItem\",\"position\":1,\"name\":\"In\u00edcio\",\"item\":\"https:\/\/comarcas.csm.org.pt\/leiria\/\"},{\"@type\":\"ListItem\",\"position\":2,\"name\":\"PSP det\u00e9m homem em flagrante por exibicionismo perante m\u00e3e e filho menor\"}]},{\"@type\":\"WebSite\",\"@id\":\"https:\/\/comarcas.csm.org.pt\/leiria\/#website\",\"url\":\"https:\/\/comarcas.csm.org.pt\/leiria\/\",\"name\":\"Tribunal Judicial da Comarca de Leiria\",\"description\":\"Tribunal Judicial da Comarca de Aveiro\",\"publisher\":{\"@id\":\"https:\/\/comarcas.csm.org.pt\/leiria\/#organization\"},\"potentialAction\":[{\"@type\":\"SearchAction\",\"target\":{\"@type\":\"EntryPoint\",\"urlTemplate\":\"https:\/\/comarcas.csm.org.pt\/leiria\/?s={search_term_string}\"},\"query-input\":{\"@type\":\"PropertyValueSpecification\",\"valueRequired\":true,\"valueName\":\"search_term_string\"}}],\"inLanguage\":\"pt-PT\"},{\"@type\":\"Organization\",\"@id\":\"https:\/\/comarcas.csm.org.pt\/leiria\/#organization\",\"name\":\"Tribunal Judicial da Comarca de Leiria\",\"url\":\"https:\/\/comarcas.csm.org.pt\/leiria\/\",\"logo\":{\"@type\":\"ImageObject\",\"inLanguage\":\"pt-PT\",\"@id\":\"https:\/\/comarcas.csm.org.pt\/leiria\/#\/schema\/logo\/image\/\",\"url\":\"https:\/\/comarcas.csm.org.pt\/leiria\/wp-content\/uploads\/sites\/16\/2024\/11\/Leiria_positivo-horizontal.png\",\"contentUrl\":\"https:\/\/comarcas.csm.org.pt\/leiria\/wp-content\/uploads\/sites\/16\/2024\/11\/Leiria_positivo-horizontal.png\",\"width\":5088,\"height\":890,\"caption\":\"Tribunal Judicial da Comarca de Leiria\"},\"image\":{\"@id\":\"https:\/\/comarcas.csm.org.pt\/leiria\/#\/schema\/logo\/image\/\"}},{\"@type\":\"Person\",\"@id\":\"https:\/\/comarcas.csm.org.pt\/leiria\/#\/schema\/person\/9057b6fbd670d5a2e931712cd357d806\",\"name\":\"leiria\",\"image\":{\"@type\":\"ImageObject\",\"inLanguage\":\"pt-PT\",\"@id\":\"https:\/\/comarcas.csm.org.pt\/leiria\/#\/schema\/person\/image\/\",\"url\":\"https:\/\/secure.gravatar.com\/avatar\/399a72a2630b07d71a4e0167744303361d26ed8a993be2c5686bbe5ff44b469f?s=96&d=mm&r=g\",\"contentUrl\":\"https:\/\/secure.gravatar.com\/avatar\/399a72a2630b07d71a4e0167744303361d26ed8a993be2c5686bbe5ff44b469f?s=96&d=mm&r=g\",\"caption\":\"leiria\"},\"url\":\"https:\/\/comarcas.csm.org.pt\/leiria\/blog\/author\/leiria\/\"}]}<\/script>\n<!-- \/ Yoast SEO plugin. -->","yoast_head_json":{"title":"PSP det\u00e9m homem em flagrante por exibicionismo perante m\u00e3e e filho menor - Tribunal Judicial da Comarca de Leiria","robots":{"index":"index","follow":"follow","max-snippet":"max-snippet:-1","max-image-preview":"max-image-preview:large","max-video-preview":"max-video-preview:-1"},"canonical":"https:\/\/comarcas.csm.org.pt\/leiria\/blog\/2026\/01\/05\/psp-detem-homem-em-flagrante-por-exibicionismo-perante-mae-e-filho-menor\/","og_locale":"pt_PT","og_type":"article","og_title":"PSP det\u00e9m homem em flagrante por exibicionismo perante m\u00e3e e filho menor - Tribunal Judicial da Comarca de Leiria","og_description":"In &#8220;Jornal de Leiria&#8220;, de 5.01.2026 Um homem, de 58 anos de idade, foi detido em flagrante delito pela pr\u00e1tica do crime de importuna\u00e7\u00e3o sexual, em Caldas da Rainha, informa a PSP. De acordo com...","og_url":"https:\/\/comarcas.csm.org.pt\/leiria\/blog\/2026\/01\/05\/psp-detem-homem-em-flagrante-por-exibicionismo-perante-mae-e-filho-menor\/","og_site_name":"Tribunal Judicial da Comarca de Leiria","article_published_time":"2026-01-05T14:33:06+00:00","article_modified_time":"2026-01-05T14:33:08+00:00","author":"leiria","twitter_card":"summary_large_image","twitter_misc":{"Escrito por":"leiria","Tempo estimado de leitura":"2 minutos"},"schema":{"@context":"https:\/\/schema.org","@graph":[{"@type":"Article","@id":"https:\/\/comarcas.csm.org.pt\/leiria\/blog\/2026\/01\/05\/psp-detem-homem-em-flagrante-por-exibicionismo-perante-mae-e-filho-menor\/#article","isPartOf":{"@id":"https:\/\/comarcas.csm.org.pt\/leiria\/blog\/2026\/01\/05\/psp-detem-homem-em-flagrante-por-exibicionismo-perante-mae-e-filho-menor\/"},"author":{"name":"leiria","@id":"https:\/\/comarcas.csm.org.pt\/leiria\/#\/schema\/person\/9057b6fbd670d5a2e931712cd357d806"},"headline":"PSP det\u00e9m homem em flagrante por exibicionismo perante m\u00e3e e filho menor","datePublished":"2026-01-05T14:33:06+00:00","dateModified":"2026-01-05T14:33:08+00:00","mainEntityOfPage":{"@id":"https:\/\/comarcas.csm.org.pt\/leiria\/blog\/2026\/01\/05\/psp-detem-homem-em-flagrante-por-exibicionismo-perante-mae-e-filho-menor\/"},"wordCount":273,"publisher":{"@id":"https:\/\/comarcas.csm.org.pt\/leiria\/#organization"},"articleSection":["Geral","Not\u00edcias"],"inLanguage":"pt-PT"},{"@type":"WebPage","@id":"https:\/\/comarcas.csm.org.pt\/leiria\/blog\/2026\/01\/05\/psp-detem-homem-em-flagrante-por-exibicionismo-perante-mae-e-filho-menor\/","url":"https:\/\/comarcas.csm.org.pt\/leiria\/blog\/2026\/01\/05\/psp-detem-homem-em-flagrante-por-exibicionismo-perante-mae-e-filho-menor\/","name":"PSP det\u00e9m homem em flagrante por exibicionismo perante m\u00e3e e filho menor - Tribunal Judicial da Comarca de Leiria","isPartOf":{"@id":"https:\/\/comarcas.csm.org.pt\/leiria\/#website"},"datePublished":"2026-01-05T14:33:06+00:00","dateModified":"2026-01-05T14:33:08+00:00","breadcrumb":{"@id":"https:\/\/comarcas.csm.org.pt\/leiria\/blog\/2026\/01\/05\/psp-detem-homem-em-flagrante-por-exibicionismo-perante-mae-e-filho-menor\/#breadcrumb"},"inLanguage":"pt-PT","potentialAction":[{"@type":"ReadAction","target":["https:\/\/comarcas.csm.org.pt\/leiria\/blog\/2026\/01\/05\/psp-detem-homem-em-flagrante-por-exibicionismo-perante-mae-e-filho-menor\/"]}]},{"@type":"BreadcrumbList","@id":"https:\/\/comarcas.csm.org.pt\/leiria\/blog\/2026\/01\/05\/psp-detem-homem-em-flagrante-por-exibicionismo-perante-mae-e-filho-menor\/#breadcrumb","itemListElement":[{"@type":"ListItem","position":1,"name":"In\u00edcio","item":"https:\/\/comarcas.csm.org.pt\/leiria\/"},{"@type":"ListItem","position":2,"name":"PSP det\u00e9m homem em flagrante por exibicionismo perante m\u00e3e e filho menor"}]},{"@type":"WebSite","@id":"https:\/\/comarcas.csm.org.pt\/leiria\/#website","url":"https:\/\/comarcas.csm.org.pt\/leiria\/","name":"Tribunal Judicial da Comarca de Leiria","description":"Tribunal Judicial da Comarca de Aveiro","publisher":{"@id":"https:\/\/comarcas.csm.org.pt\/leiria\/#organization"},"potentialAction":[{"@type":"SearchAction","target":{"@type":"EntryPoint","urlTemplate":"https:\/\/comarcas.csm.org.pt\/leiria\/?s={search_term_string}"},"query-input":{"@type":"PropertyValueSpecification","valueRequired":true,"valueName":"search_term_string"}}],"inLanguage":"pt-PT"},{"@type":"Organization","@id":"https:\/\/comarcas.csm.org.pt\/leiria\/#organization","name":"Tribunal Judicial da Comarca de Leiria","url":"https:\/\/comarcas.csm.org.pt\/leiria\/","logo":{"@type":"ImageObject","inLanguage":"pt-PT","@id":"https:\/\/comarcas.csm.org.pt\/leiria\/#\/schema\/logo\/image\/","url":"https:\/\/comarcas.csm.org.pt\/leiria\/wp-content\/uploads\/sites\/16\/2024\/11\/Leiria_positivo-horizontal.png","contentUrl":"https:\/\/comarcas.csm.org.pt\/leiria\/wp-content\/uploads\/sites\/16\/2024\/11\/Leiria_positivo-horizontal.png","width":5088,"height":890,"caption":"Tribunal Judicial da Comarca de Leiria"},"image":{"@id":"https:\/\/comarcas.csm.org.pt\/leiria\/#\/schema\/logo\/image\/"}},{"@type":"Person","@id":"https:\/\/comarcas.csm.org.pt\/leiria\/#\/schema\/person\/9057b6fbd670d5a2e931712cd357d806","name":"leiria","image":{"@type":"ImageObject","inLanguage":"pt-PT","@id":"https:\/\/comarcas.csm.org.pt\/leiria\/#\/schema\/person\/image\/","url":"https:\/\/secure.gravatar.com\/avatar\/399a72a2630b07d71a4e0167744303361d26ed8a993be2c5686bbe5ff44b469f?s=96&d=mm&r=g","contentUrl":"https:\/\/secure.gravatar.com\/avatar\/399a72a2630b07d71a4e0167744303361d26ed8a993be2c5686bbe5ff44b469f?s=96&d=mm&r=g","caption":"leiria"},"url":"https:\/\/comarcas.csm.org.pt\/leiria\/blog\/author\/leiria\/"}]}},"_links":{"self":[{"href":"https:\/\/comarcas.csm.org.pt\/leiria\/wp-json\/wp\/v2\/posts\/13499","targetHints":{"allow":["GET"]}}],"collection":[{"href":"https:\/\/comarcas.csm.org.pt\/leiria\/wp-json\/wp\/v2\/posts"}],"about":[{"href":"https:\/\/comarcas.csm.org.pt\/leiria\/wp-json\/wp\/v2\/types\/post"}],"author":[{"embeddable":true,"href":"https:\/\/comarcas.csm.org.pt\/leiria\/wp-json\/wp\/v2\/users\/16"}],"replies":[{"embeddable":true,"href":"https:\/\/comarcas.csm.org.pt\/leiria\/wp-json\/wp\/v2\/comments?post=13499"}],"version-history":[{"count":1,"href":"https:\/\/comarcas.csm.org.pt\/leiria\/wp-json\/wp\/v2\/posts\/13499\/revisions"}],"predecessor-version":[{"id":13500,"href":"https:\/\/comarcas.csm.org.pt\/leiria\/wp-json\/wp\/v2\/posts\/13499\/revisions\/13500"}],"wp:attachment":[{"href":"https:\/\/comarcas.csm.org.pt\/leiria\/wp-json\/wp\/v2\/media?parent=13499"}],"wp:term":[{"taxonomy":"category","embeddable":true,"href":"https:\/\/comarcas.csm.org.pt\/leiria\/wp-json\/wp\/v2\/categories?post=13499"},{"taxonomy":"post_tag","embeddable":true,"href":"https:\/\/comarcas.csm.org.pt\/leiria\/wp-json\/wp\/v2\/tags?post=13499"}],"curies":[{"name":"wp","href":"https:\/\/api.w.org\/{rel}","templated":true}]}}