{"id":13501,"date":"2026-01-08T16:05:47","date_gmt":"2026-01-08T16:05:47","guid":{"rendered":"https:\/\/comarcas.csm.org.pt\/leiria\/?p=13501"},"modified":"2026-01-08T16:07:28","modified_gmt":"2026-01-08T16:07:28","slug":"professor-julgado-no-tribunal-de-leiria-por-dois-crimes-de-maus-tratos-a-alunos","status":"publish","type":"post","link":"https:\/\/comarcas.csm.org.pt\/leiria\/blog\/2026\/01\/08\/professor-julgado-no-tribunal-de-leiria-por-dois-crimes-de-maus-tratos-a-alunos\/","title":{"rendered":"Professor julgado no Tribunal de Leiria por dois crimes de maus-tratos a alunos"},"content":{"rendered":"\n<p>In &#8220;<a href=\"https:\/\/www.diarioleiria.pt\/2026\/01\/08\/professor-julgado-no-tribunal-de-leiria-por-dois-crimes-de-maus-tratos-a-alunos\/\">Di\u00e1rio de Leiria<\/a>&#8220;, de 8.01.2026<\/p>\n\n\n\n<p>O Tribunal Judicial de Leiria come\u00e7a a julgar no dia 23 um professor acusado de dois crimes de maus-tratos em concurso aparente com dois crimes de ofensa \u00e0 integridade f\u00edsica qualificada.<\/p>\n\n\n\n<p>No despacho de acusa\u00e7\u00e3o, consultado pela ag\u00eancia Lusa, l\u00ea-se que o arguido, de 51 anos, professor numa escola do 1.\u00ba ciclo do concelho de Leiria, em outubro de 2021 desferiu uma chapada a uma aluna, ent\u00e3o com 06 anos, por aquela ter \u201cum comportamento irrequieto\u201d, a\u00e7\u00e3o que repetiu noutras ocasi\u00f5es.<\/p>\n\n\n\n<p>Entre outros aspetos, o Minist\u00e9rio P\u00fablico referiu que, em fevereiro do ano seguinte, por a aluna se ter recusado a olhar para o quadro, o professor agarrou-a pelo queixo e deu-lhe \u201ctr\u00eas ou quatro bofetadas no rosto\u201d.<\/p>\n\n\n\n<p>Depois, empurrou-a para fora da sala de aula em dire\u00e7\u00e3o \u00e0 casa de banho, \u201cao mesmo tempo que lhe ia dando diversas chapadas no rosto\u201d.<\/p>\n\n\n\n<p>Quando professor e aluna se encontravam na casa de banho, aquele \u201clavou a cara da menor com for\u00e7a, esfregou papel no seu rosto com muita for\u00e7a e disse-lhe aos berros: \u2018Vai para a sala de aula\u2019\u201d.<\/p>\n\n\n\n<p>Segundo o MP, \u201ca menor ficou magoada no rosto, n\u00e3o s\u00f3 pela for\u00e7a que o arguido utilizou quando lhe esfregou o rosto, mas tamb\u00e9m porque tinha uma ferida no olho direito que havia sido causada\u201d por aquele.<\/p>\n\n\n\n<p>Esta situa\u00e7\u00e3o causou nervosismo e medo nos colegas da menor, sustentou o MP.<\/p>\n\n\n\n<p>Ainda de acordo com o despacho de acusa\u00e7\u00e3o, em mar\u00e7o de 2024, um outro menor, ent\u00e3o com 09 anos, estava numa aula de karat\u00e9 na escola.<\/p>\n\n\n\n<p>Como a crian\u00e7a estava a perturbar a aula, uma professora chamou-a \u00e0 aten\u00e7\u00e3o e chamou o arguido, que n\u00e3o era docente daquela.<\/p>\n\n\n\n<p>O arguido, que vai ser julgado por um tribunal singular, disse \u00e0 crian\u00e7a \u201cpara pedir desculpa \u00e0 turma, o que o menor n\u00e3o fez de imediato\u201d, acabando por lhe dar duas chapadas, o que foi presenciado pela professora e quatro colegas.<\/p>\n\n\n\n<p>Para o MP, o docente agiu com inten\u00e7\u00e3o de \u201cmolestar f\u00edsica e psicologicamente os menores\u201d, o que fez de forma reiterada em rela\u00e7\u00e3o \u00e0 crian\u00e7a de 06 anos.<\/p>\n\n\n\n<p>Segundo o despacho de acusa\u00e7\u00e3o, o professor \u201cconhecia as idades dos menores e sabia que os mesmos se encontravam ao seu cuidado, sendo respons\u00e1vel pela sua educa\u00e7\u00e3o, sa\u00fade e bem-estar, na qualidade de coordenador e professor\u201d na escola.<\/p>\n\n\n\n<p>O arguido submeteu-os a tratamentos desrespeitosos da sua sa\u00fade f\u00edsica e ps\u00edquica, \u201cexpondo-os a um ambiente de terror psicol\u00f3gico, viol\u00eancia e agressividade\u201d, adiantou o MP, considerando que aquele atuou \u201cde uma forma especialmente censur\u00e1vel, uma vez que agrediu os mesmos em frente aos seus colegas de escola, de forma totalmente inesperada, e adotou um comportamento absolutamente intoler\u00e1vel\u201d.<\/p>\n\n\n\n<p>A ag\u00eancia Lusa enviou, em outubro de 2025, um pedido de informa\u00e7\u00e3o, que reiterou na quarta-feira, ao Minist\u00e9rio da Educa\u00e7\u00e3o, Ci\u00eancia e Inova\u00e7\u00e3o, questionando, entre outras perguntas, se o docente foi alvo de processo disciplinar, mas n\u00e3o obteve resposta.<\/p>\n","protected":false},"excerpt":{"rendered":"<p>In &#8220;Di\u00e1rio de Leiria&#8220;, de 8.01.2026 O Tribunal Judicial de Leiria come\u00e7a a julgar no dia 23 um professor acusado de dois crimes de maus-tratos em concurso aparente com dois crimes de ofensa \u00e0 integridade&#8230;<\/p>\n","protected":false},"author":16,"featured_media":0,"comment_status":"closed","ping_status":"open","sticky":false,"template":"","format":"standard","meta":{"_tbt_post_transparent":"","_tbt_post_title":"","_tbt_post_layout":"","_tbt_post_sidebar_id":"","_tbt_post_content_style":"","_tbt_post_vertical_padding":"","_tbt_post_feature":"","_tbt_post_feature_position":"","_tbt_post_header":false,"_tbt_post_footer":false},"categories":[1,5],"tags":[],"class_list":["post-13501","post","type-post","status-publish","format-standard","hentry","category-geral","category-noticias"],"yoast_head":"<!-- This site is optimized with the Yoast SEO plugin v25.6 - https:\/\/yoast.com\/wordpress\/plugins\/seo\/ -->\n<title>Professor julgado no Tribunal de Leiria por dois crimes de maus-tratos a alunos - Tribunal Judicial da Comarca de Leiria<\/title>\n<meta name=\"robots\" content=\"index, follow, max-snippet:-1, max-image-preview:large, max-video-preview:-1\" \/>\n<link rel=\"canonical\" href=\"https:\/\/comarcas.csm.org.pt\/leiria\/blog\/2026\/01\/08\/professor-julgado-no-tribunal-de-leiria-por-dois-crimes-de-maus-tratos-a-alunos\/\" \/>\n<meta property=\"og:locale\" content=\"pt_PT\" \/>\n<meta property=\"og:type\" content=\"article\" \/>\n<meta property=\"og:title\" content=\"Professor julgado no Tribunal de Leiria por dois crimes de maus-tratos a alunos - Tribunal Judicial da Comarca de Leiria\" \/>\n<meta property=\"og:description\" content=\"In &#8220;Di\u00e1rio de Leiria&#8220;, de 8.01.2026 O Tribunal Judicial de Leiria come\u00e7a a julgar no dia 23 um professor acusado de dois crimes de maus-tratos em concurso aparente com dois crimes de ofensa \u00e0 integridade...\" \/>\n<meta property=\"og:url\" content=\"https:\/\/comarcas.csm.org.pt\/leiria\/blog\/2026\/01\/08\/professor-julgado-no-tribunal-de-leiria-por-dois-crimes-de-maus-tratos-a-alunos\/\" \/>\n<meta property=\"og:site_name\" content=\"Tribunal Judicial da Comarca de Leiria\" \/>\n<meta property=\"article:published_time\" content=\"2026-01-08T16:05:47+00:00\" \/>\n<meta property=\"article:modified_time\" content=\"2026-01-08T16:07:28+00:00\" \/>\n<meta name=\"author\" content=\"leiria\" \/>\n<meta name=\"twitter:card\" content=\"summary_large_image\" \/>\n<meta name=\"twitter:label1\" content=\"Escrito por\" \/>\n\t<meta name=\"twitter:data1\" content=\"leiria\" \/>\n\t<meta name=\"twitter:label2\" content=\"Tempo estimado de leitura\" \/>\n\t<meta name=\"twitter:data2\" content=\"3 minutos\" \/>\n<script type=\"application\/ld+json\" class=\"yoast-schema-graph\">{\"@context\":\"https:\/\/schema.org\",\"@graph\":[{\"@type\":\"Article\",\"@id\":\"https:\/\/comarcas.csm.org.pt\/leiria\/blog\/2026\/01\/08\/professor-julgado-no-tribunal-de-leiria-por-dois-crimes-de-maus-tratos-a-alunos\/#article\",\"isPartOf\":{\"@id\":\"https:\/\/comarcas.csm.org.pt\/leiria\/blog\/2026\/01\/08\/professor-julgado-no-tribunal-de-leiria-por-dois-crimes-de-maus-tratos-a-alunos\/\"},\"author\":{\"name\":\"leiria\",\"@id\":\"https:\/\/comarcas.csm.org.pt\/leiria\/#\/schema\/person\/9057b6fbd670d5a2e931712cd357d806\"},\"headline\":\"Professor julgado no Tribunal de Leiria por dois crimes de maus-tratos a alunos\",\"datePublished\":\"2026-01-08T16:05:47+00:00\",\"dateModified\":\"2026-01-08T16:07:28+00:00\",\"mainEntityOfPage\":{\"@id\":\"https:\/\/comarcas.csm.org.pt\/leiria\/blog\/2026\/01\/08\/professor-julgado-no-tribunal-de-leiria-por-dois-crimes-de-maus-tratos-a-alunos\/\"},\"wordCount\":532,\"publisher\":{\"@id\":\"https:\/\/comarcas.csm.org.pt\/leiria\/#organization\"},\"articleSection\":[\"Geral\",\"Not\u00edcias\"],\"inLanguage\":\"pt-PT\"},{\"@type\":\"WebPage\",\"@id\":\"https:\/\/comarcas.csm.org.pt\/leiria\/blog\/2026\/01\/08\/professor-julgado-no-tribunal-de-leiria-por-dois-crimes-de-maus-tratos-a-alunos\/\",\"url\":\"https:\/\/comarcas.csm.org.pt\/leiria\/blog\/2026\/01\/08\/professor-julgado-no-tribunal-de-leiria-por-dois-crimes-de-maus-tratos-a-alunos\/\",\"name\":\"Professor julgado no Tribunal de Leiria por dois crimes de maus-tratos a alunos - Tribunal Judicial da Comarca de Leiria\",\"isPartOf\":{\"@id\":\"https:\/\/comarcas.csm.org.pt\/leiria\/#website\"},\"datePublished\":\"2026-01-08T16:05:47+00:00\",\"dateModified\":\"2026-01-08T16:07:28+00:00\",\"breadcrumb\":{\"@id\":\"https:\/\/comarcas.csm.org.pt\/leiria\/blog\/2026\/01\/08\/professor-julgado-no-tribunal-de-leiria-por-dois-crimes-de-maus-tratos-a-alunos\/#breadcrumb\"},\"inLanguage\":\"pt-PT\",\"potentialAction\":[{\"@type\":\"ReadAction\",\"target\":[\"https:\/\/comarcas.csm.org.pt\/leiria\/blog\/2026\/01\/08\/professor-julgado-no-tribunal-de-leiria-por-dois-crimes-de-maus-tratos-a-alunos\/\"]}]},{\"@type\":\"BreadcrumbList\",\"@id\":\"https:\/\/comarcas.csm.org.pt\/leiria\/blog\/2026\/01\/08\/professor-julgado-no-tribunal-de-leiria-por-dois-crimes-de-maus-tratos-a-alunos\/#breadcrumb\",\"itemListElement\":[{\"@type\":\"ListItem\",\"position\":1,\"name\":\"In\u00edcio\",\"item\":\"https:\/\/comarcas.csm.org.pt\/leiria\/\"},{\"@type\":\"ListItem\",\"position\":2,\"name\":\"Professor julgado no Tribunal de Leiria por dois crimes de maus-tratos a alunos\"}]},{\"@type\":\"WebSite\",\"@id\":\"https:\/\/comarcas.csm.org.pt\/leiria\/#website\",\"url\":\"https:\/\/comarcas.csm.org.pt\/leiria\/\",\"name\":\"Tribunal Judicial da Comarca de Leiria\",\"description\":\"Tribunal Judicial da Comarca de Aveiro\",\"publisher\":{\"@id\":\"https:\/\/comarcas.csm.org.pt\/leiria\/#organization\"},\"potentialAction\":[{\"@type\":\"SearchAction\",\"target\":{\"@type\":\"EntryPoint\",\"urlTemplate\":\"https:\/\/comarcas.csm.org.pt\/leiria\/?s={search_term_string}\"},\"query-input\":{\"@type\":\"PropertyValueSpecification\",\"valueRequired\":true,\"valueName\":\"search_term_string\"}}],\"inLanguage\":\"pt-PT\"},{\"@type\":\"Organization\",\"@id\":\"https:\/\/comarcas.csm.org.pt\/leiria\/#organization\",\"name\":\"Tribunal Judicial da Comarca de Leiria\",\"url\":\"https:\/\/comarcas.csm.org.pt\/leiria\/\",\"logo\":{\"@type\":\"ImageObject\",\"inLanguage\":\"pt-PT\",\"@id\":\"https:\/\/comarcas.csm.org.pt\/leiria\/#\/schema\/logo\/image\/\",\"url\":\"https:\/\/comarcas.csm.org.pt\/leiria\/wp-content\/uploads\/sites\/16\/2024\/11\/Leiria_positivo-horizontal.png\",\"contentUrl\":\"https:\/\/comarcas.csm.org.pt\/leiria\/wp-content\/uploads\/sites\/16\/2024\/11\/Leiria_positivo-horizontal.png\",\"width\":5088,\"height\":890,\"caption\":\"Tribunal Judicial da Comarca de Leiria\"},\"image\":{\"@id\":\"https:\/\/comarcas.csm.org.pt\/leiria\/#\/schema\/logo\/image\/\"}},{\"@type\":\"Person\",\"@id\":\"https:\/\/comarcas.csm.org.pt\/leiria\/#\/schema\/person\/9057b6fbd670d5a2e931712cd357d806\",\"name\":\"leiria\",\"image\":{\"@type\":\"ImageObject\",\"inLanguage\":\"pt-PT\",\"@id\":\"https:\/\/comarcas.csm.org.pt\/leiria\/#\/schema\/person\/image\/\",\"url\":\"https:\/\/secure.gravatar.com\/avatar\/399a72a2630b07d71a4e0167744303361d26ed8a993be2c5686bbe5ff44b469f?s=96&d=mm&r=g\",\"contentUrl\":\"https:\/\/secure.gravatar.com\/avatar\/399a72a2630b07d71a4e0167744303361d26ed8a993be2c5686bbe5ff44b469f?s=96&d=mm&r=g\",\"caption\":\"leiria\"},\"url\":\"https:\/\/comarcas.csm.org.pt\/leiria\/blog\/author\/leiria\/\"}]}<\/script>\n<!-- \/ Yoast SEO plugin. -->","yoast_head_json":{"title":"Professor julgado no Tribunal de Leiria por dois crimes de maus-tratos a alunos - Tribunal Judicial da Comarca de Leiria","robots":{"index":"index","follow":"follow","max-snippet":"max-snippet:-1","max-image-preview":"max-image-preview:large","max-video-preview":"max-video-preview:-1"},"canonical":"https:\/\/comarcas.csm.org.pt\/leiria\/blog\/2026\/01\/08\/professor-julgado-no-tribunal-de-leiria-por-dois-crimes-de-maus-tratos-a-alunos\/","og_locale":"pt_PT","og_type":"article","og_title":"Professor julgado no Tribunal de Leiria por dois crimes de maus-tratos a alunos - Tribunal Judicial da Comarca de Leiria","og_description":"In &#8220;Di\u00e1rio de Leiria&#8220;, de 8.01.2026 O Tribunal Judicial de Leiria come\u00e7a a julgar no dia 23 um professor acusado de dois crimes de maus-tratos em concurso aparente com dois crimes de ofensa \u00e0 integridade...","og_url":"https:\/\/comarcas.csm.org.pt\/leiria\/blog\/2026\/01\/08\/professor-julgado-no-tribunal-de-leiria-por-dois-crimes-de-maus-tratos-a-alunos\/","og_site_name":"Tribunal Judicial da Comarca de Leiria","article_published_time":"2026-01-08T16:05:47+00:00","article_modified_time":"2026-01-08T16:07:28+00:00","author":"leiria","twitter_card":"summary_large_image","twitter_misc":{"Escrito por":"leiria","Tempo estimado de leitura":"3 minutos"},"schema":{"@context":"https:\/\/schema.org","@graph":[{"@type":"Article","@id":"https:\/\/comarcas.csm.org.pt\/leiria\/blog\/2026\/01\/08\/professor-julgado-no-tribunal-de-leiria-por-dois-crimes-de-maus-tratos-a-alunos\/#article","isPartOf":{"@id":"https:\/\/comarcas.csm.org.pt\/leiria\/blog\/2026\/01\/08\/professor-julgado-no-tribunal-de-leiria-por-dois-crimes-de-maus-tratos-a-alunos\/"},"author":{"name":"leiria","@id":"https:\/\/comarcas.csm.org.pt\/leiria\/#\/schema\/person\/9057b6fbd670d5a2e931712cd357d806"},"headline":"Professor julgado no Tribunal de Leiria por dois crimes de maus-tratos a alunos","datePublished":"2026-01-08T16:05:47+00:00","dateModified":"2026-01-08T16:07:28+00:00","mainEntityOfPage":{"@id":"https:\/\/comarcas.csm.org.pt\/leiria\/blog\/2026\/01\/08\/professor-julgado-no-tribunal-de-leiria-por-dois-crimes-de-maus-tratos-a-alunos\/"},"wordCount":532,"publisher":{"@id":"https:\/\/comarcas.csm.org.pt\/leiria\/#organization"},"articleSection":["Geral","Not\u00edcias"],"inLanguage":"pt-PT"},{"@type":"WebPage","@id":"https:\/\/comarcas.csm.org.pt\/leiria\/blog\/2026\/01\/08\/professor-julgado-no-tribunal-de-leiria-por-dois-crimes-de-maus-tratos-a-alunos\/","url":"https:\/\/comarcas.csm.org.pt\/leiria\/blog\/2026\/01\/08\/professor-julgado-no-tribunal-de-leiria-por-dois-crimes-de-maus-tratos-a-alunos\/","name":"Professor julgado no Tribunal de Leiria por dois crimes de maus-tratos a alunos - Tribunal Judicial da Comarca de Leiria","isPartOf":{"@id":"https:\/\/comarcas.csm.org.pt\/leiria\/#website"},"datePublished":"2026-01-08T16:05:47+00:00","dateModified":"2026-01-08T16:07:28+00:00","breadcrumb":{"@id":"https:\/\/comarcas.csm.org.pt\/leiria\/blog\/2026\/01\/08\/professor-julgado-no-tribunal-de-leiria-por-dois-crimes-de-maus-tratos-a-alunos\/#breadcrumb"},"inLanguage":"pt-PT","potentialAction":[{"@type":"ReadAction","target":["https:\/\/comarcas.csm.org.pt\/leiria\/blog\/2026\/01\/08\/professor-julgado-no-tribunal-de-leiria-por-dois-crimes-de-maus-tratos-a-alunos\/"]}]},{"@type":"BreadcrumbList","@id":"https:\/\/comarcas.csm.org.pt\/leiria\/blog\/2026\/01\/08\/professor-julgado-no-tribunal-de-leiria-por-dois-crimes-de-maus-tratos-a-alunos\/#breadcrumb","itemListElement":[{"@type":"ListItem","position":1,"name":"In\u00edcio","item":"https:\/\/comarcas.csm.org.pt\/leiria\/"},{"@type":"ListItem","position":2,"name":"Professor julgado no Tribunal de Leiria por dois crimes de maus-tratos a alunos"}]},{"@type":"WebSite","@id":"https:\/\/comarcas.csm.org.pt\/leiria\/#website","url":"https:\/\/comarcas.csm.org.pt\/leiria\/","name":"Tribunal Judicial da Comarca de Leiria","description":"Tribunal Judicial da Comarca de Aveiro","publisher":{"@id":"https:\/\/comarcas.csm.org.pt\/leiria\/#organization"},"potentialAction":[{"@type":"SearchAction","target":{"@type":"EntryPoint","urlTemplate":"https:\/\/comarcas.csm.org.pt\/leiria\/?s={search_term_string}"},"query-input":{"@type":"PropertyValueSpecification","valueRequired":true,"valueName":"search_term_string"}}],"inLanguage":"pt-PT"},{"@type":"Organization","@id":"https:\/\/comarcas.csm.org.pt\/leiria\/#organization","name":"Tribunal Judicial da Comarca de Leiria","url":"https:\/\/comarcas.csm.org.pt\/leiria\/","logo":{"@type":"ImageObject","inLanguage":"pt-PT","@id":"https:\/\/comarcas.csm.org.pt\/leiria\/#\/schema\/logo\/image\/","url":"https:\/\/comarcas.csm.org.pt\/leiria\/wp-content\/uploads\/sites\/16\/2024\/11\/Leiria_positivo-horizontal.png","contentUrl":"https:\/\/comarcas.csm.org.pt\/leiria\/wp-content\/uploads\/sites\/16\/2024\/11\/Leiria_positivo-horizontal.png","width":5088,"height":890,"caption":"Tribunal Judicial da Comarca de Leiria"},"image":{"@id":"https:\/\/comarcas.csm.org.pt\/leiria\/#\/schema\/logo\/image\/"}},{"@type":"Person","@id":"https:\/\/comarcas.csm.org.pt\/leiria\/#\/schema\/person\/9057b6fbd670d5a2e931712cd357d806","name":"leiria","image":{"@type":"ImageObject","inLanguage":"pt-PT","@id":"https:\/\/comarcas.csm.org.pt\/leiria\/#\/schema\/person\/image\/","url":"https:\/\/secure.gravatar.com\/avatar\/399a72a2630b07d71a4e0167744303361d26ed8a993be2c5686bbe5ff44b469f?s=96&d=mm&r=g","contentUrl":"https:\/\/secure.gravatar.com\/avatar\/399a72a2630b07d71a4e0167744303361d26ed8a993be2c5686bbe5ff44b469f?s=96&d=mm&r=g","caption":"leiria"},"url":"https:\/\/comarcas.csm.org.pt\/leiria\/blog\/author\/leiria\/"}]}},"_links":{"self":[{"href":"https:\/\/comarcas.csm.org.pt\/leiria\/wp-json\/wp\/v2\/posts\/13501","targetHints":{"allow":["GET"]}}],"collection":[{"href":"https:\/\/comarcas.csm.org.pt\/leiria\/wp-json\/wp\/v2\/posts"}],"about":[{"href":"https:\/\/comarcas.csm.org.pt\/leiria\/wp-json\/wp\/v2\/types\/post"}],"author":[{"embeddable":true,"href":"https:\/\/comarcas.csm.org.pt\/leiria\/wp-json\/wp\/v2\/users\/16"}],"replies":[{"embeddable":true,"href":"https:\/\/comarcas.csm.org.pt\/leiria\/wp-json\/wp\/v2\/comments?post=13501"}],"version-history":[{"count":2,"href":"https:\/\/comarcas.csm.org.pt\/leiria\/wp-json\/wp\/v2\/posts\/13501\/revisions"}],"predecessor-version":[{"id":13503,"href":"https:\/\/comarcas.csm.org.pt\/leiria\/wp-json\/wp\/v2\/posts\/13501\/revisions\/13503"}],"wp:attachment":[{"href":"https:\/\/comarcas.csm.org.pt\/leiria\/wp-json\/wp\/v2\/media?parent=13501"}],"wp:term":[{"taxonomy":"category","embeddable":true,"href":"https:\/\/comarcas.csm.org.pt\/leiria\/wp-json\/wp\/v2\/categories?post=13501"},{"taxonomy":"post_tag","embeddable":true,"href":"https:\/\/comarcas.csm.org.pt\/leiria\/wp-json\/wp\/v2\/tags?post=13501"}],"curies":[{"name":"wp","href":"https:\/\/api.w.org\/{rel}","templated":true}]}}