{"id":13509,"date":"2026-01-14T11:45:25","date_gmt":"2026-01-14T11:45:25","guid":{"rendered":"https:\/\/comarcas.csm.org.pt\/leiria\/?p=13509"},"modified":"2026-01-14T11:45:27","modified_gmt":"2026-01-14T11:45:27","slug":"homem-atingido-a-tiro-esta-tarde-na-marinha-grande","status":"publish","type":"post","link":"https:\/\/comarcas.csm.org.pt\/leiria\/blog\/2026\/01\/14\/homem-atingido-a-tiro-esta-tarde-na-marinha-grande\/","title":{"rendered":"Homem atingido a tiro esta tarde na Marinha Grande"},"content":{"rendered":"\n<p>In &#8220;<a href=\"https:\/\/www.regiaodeleiria.pt\/2026\/01\/homem-atingido-a-tiro-esta-tarde-na-marinha-grande\/\">Regi\u00e3o de Leiria<\/a>&#8220;, de 13.01.2026<\/p>\n\n\n\n<p>O homem, considerado \u201cferido ligeiro\u201d, foi transportado para o Hospital de Santo Andr\u00e9, em Leiria.<\/p>\n\n\n\n<p>Um homem foi atingido a tiro, esta tarde, na via p\u00fablica, na cidade da Marinha Grande. Com 47 anos de idade, a v\u00edtima foi atingida \u201ccom ferimentos profundos no membro superior direito\u201d, adianta Eduardo Abreu, comandante dos Bombeiros Volunt\u00e1rios da Marinha Grande, corpora\u00e7\u00e3o que deslocou para o local uma ambul\u00e2ncia e dois bombeiros.<\/p>\n\n\n\n<p>O alerta para a ocorr\u00eancia, na rua Miguel Torga, na cidade vidreira, foi dado pelas 14h25, refere a mesma fonte. O homem, considerado \u201cferido ligeiro\u201d, foi transportado para o Hospital de Santo Andr\u00e9, em Leiria.<\/p>\n\n\n\n<p>De acordo com informa\u00e7\u00f5es do Comando Distrital da Pol\u00edcia de Seguran\u00e7a P\u00fablica de Leiria, o suspeito, que \u201cest\u00e1 bem inserido na sociedade\u201d, entregou-se na esquadra da PSP da Marinha Grande, no distrito de Leiria, logo ap\u00f3s o alegado disparo.<\/p>\n\n\n\n<p>A Pol\u00edcia Judici\u00e1ria ficar\u00e1 agora respons\u00e1vel pela investiga\u00e7\u00e3o.<\/p>\n\n\n\n<p><\/p>\n","protected":false},"excerpt":{"rendered":"<p>In &#8220;Regi\u00e3o de Leiria&#8220;, de 13.01.2026 O homem, considerado \u201cferido ligeiro\u201d, foi transportado para o Hospital de Santo Andr\u00e9, em Leiria. Um homem foi atingido a tiro, esta tarde, na via p\u00fablica, na cidade da&#8230;<\/p>\n","protected":false},"author":16,"featured_media":0,"comment_status":"closed","ping_status":"open","sticky":false,"template":"","format":"standard","meta":{"_tbt_post_transparent":"","_tbt_post_title":"","_tbt_post_layout":"","_tbt_post_sidebar_id":"","_tbt_post_content_style":"","_tbt_post_vertical_padding":"","_tbt_post_feature":"","_tbt_post_feature_position":"","_tbt_post_header":false,"_tbt_post_footer":false},"categories":[1,5],"tags":[],"class_list":["post-13509","post","type-post","status-publish","format-standard","hentry","category-geral","category-noticias"],"yoast_head":"<!-- This site is optimized with the Yoast SEO plugin v25.6 - https:\/\/yoast.com\/wordpress\/plugins\/seo\/ -->\n<title>Homem atingido a tiro esta tarde na Marinha Grande - Tribunal Judicial da Comarca de Leiria<\/title>\n<meta name=\"robots\" content=\"index, follow, max-snippet:-1, max-image-preview:large, max-video-preview:-1\" \/>\n<link rel=\"canonical\" href=\"https:\/\/comarcas.csm.org.pt\/leiria\/blog\/2026\/01\/14\/homem-atingido-a-tiro-esta-tarde-na-marinha-grande\/\" \/>\n<meta property=\"og:locale\" content=\"pt_PT\" \/>\n<meta property=\"og:type\" content=\"article\" \/>\n<meta property=\"og:title\" content=\"Homem atingido a tiro esta tarde na Marinha Grande - Tribunal Judicial da Comarca de Leiria\" \/>\n<meta property=\"og:description\" content=\"In &#8220;Regi\u00e3o de Leiria&#8220;, de 13.01.2026 O homem, considerado \u201cferido ligeiro\u201d, foi transportado para o Hospital de Santo Andr\u00e9, em Leiria. Um homem foi atingido a tiro, esta tarde, na via p\u00fablica, na cidade da...\" \/>\n<meta property=\"og:url\" content=\"https:\/\/comarcas.csm.org.pt\/leiria\/blog\/2026\/01\/14\/homem-atingido-a-tiro-esta-tarde-na-marinha-grande\/\" \/>\n<meta property=\"og:site_name\" content=\"Tribunal Judicial da Comarca de Leiria\" \/>\n<meta property=\"article:published_time\" content=\"2026-01-14T11:45:25+00:00\" \/>\n<meta property=\"article:modified_time\" content=\"2026-01-14T11:45:27+00:00\" \/>\n<meta name=\"author\" content=\"leiria\" \/>\n<meta name=\"twitter:card\" content=\"summary_large_image\" \/>\n<meta name=\"twitter:label1\" content=\"Escrito por\" \/>\n\t<meta name=\"twitter:data1\" content=\"leiria\" \/>\n\t<meta name=\"twitter:label2\" content=\"Tempo estimado de leitura\" \/>\n\t<meta name=\"twitter:data2\" content=\"1 minuto\" \/>\n<script type=\"application\/ld+json\" class=\"yoast-schema-graph\">{\"@context\":\"https:\/\/schema.org\",\"@graph\":[{\"@type\":\"Article\",\"@id\":\"https:\/\/comarcas.csm.org.pt\/leiria\/blog\/2026\/01\/14\/homem-atingido-a-tiro-esta-tarde-na-marinha-grande\/#article\",\"isPartOf\":{\"@id\":\"https:\/\/comarcas.csm.org.pt\/leiria\/blog\/2026\/01\/14\/homem-atingido-a-tiro-esta-tarde-na-marinha-grande\/\"},\"author\":{\"name\":\"leiria\",\"@id\":\"https:\/\/comarcas.csm.org.pt\/leiria\/#\/schema\/person\/9057b6fbd670d5a2e931712cd357d806\"},\"headline\":\"Homem atingido a tiro esta tarde na Marinha Grande\",\"datePublished\":\"2026-01-14T11:45:25+00:00\",\"dateModified\":\"2026-01-14T11:45:27+00:00\",\"mainEntityOfPage\":{\"@id\":\"https:\/\/comarcas.csm.org.pt\/leiria\/blog\/2026\/01\/14\/homem-atingido-a-tiro-esta-tarde-na-marinha-grande\/\"},\"wordCount\":179,\"publisher\":{\"@id\":\"https:\/\/comarcas.csm.org.pt\/leiria\/#organization\"},\"articleSection\":[\"Geral\",\"Not\u00edcias\"],\"inLanguage\":\"pt-PT\"},{\"@type\":\"WebPage\",\"@id\":\"https:\/\/comarcas.csm.org.pt\/leiria\/blog\/2026\/01\/14\/homem-atingido-a-tiro-esta-tarde-na-marinha-grande\/\",\"url\":\"https:\/\/comarcas.csm.org.pt\/leiria\/blog\/2026\/01\/14\/homem-atingido-a-tiro-esta-tarde-na-marinha-grande\/\",\"name\":\"Homem atingido a tiro esta tarde na Marinha Grande - Tribunal Judicial da Comarca de Leiria\",\"isPartOf\":{\"@id\":\"https:\/\/comarcas.csm.org.pt\/leiria\/#website\"},\"datePublished\":\"2026-01-14T11:45:25+00:00\",\"dateModified\":\"2026-01-14T11:45:27+00:00\",\"breadcrumb\":{\"@id\":\"https:\/\/comarcas.csm.org.pt\/leiria\/blog\/2026\/01\/14\/homem-atingido-a-tiro-esta-tarde-na-marinha-grande\/#breadcrumb\"},\"inLanguage\":\"pt-PT\",\"potentialAction\":[{\"@type\":\"ReadAction\",\"target\":[\"https:\/\/comarcas.csm.org.pt\/leiria\/blog\/2026\/01\/14\/homem-atingido-a-tiro-esta-tarde-na-marinha-grande\/\"]}]},{\"@type\":\"BreadcrumbList\",\"@id\":\"https:\/\/comarcas.csm.org.pt\/leiria\/blog\/2026\/01\/14\/homem-atingido-a-tiro-esta-tarde-na-marinha-grande\/#breadcrumb\",\"itemListElement\":[{\"@type\":\"ListItem\",\"position\":1,\"name\":\"In\u00edcio\",\"item\":\"https:\/\/comarcas.csm.org.pt\/leiria\/\"},{\"@type\":\"ListItem\",\"position\":2,\"name\":\"Homem atingido a tiro esta tarde na Marinha Grande\"}]},{\"@type\":\"WebSite\",\"@id\":\"https:\/\/comarcas.csm.org.pt\/leiria\/#website\",\"url\":\"https:\/\/comarcas.csm.org.pt\/leiria\/\",\"name\":\"Tribunal Judicial da Comarca de Leiria\",\"description\":\"Tribunal Judicial da Comarca de Aveiro\",\"publisher\":{\"@id\":\"https:\/\/comarcas.csm.org.pt\/leiria\/#organization\"},\"potentialAction\":[{\"@type\":\"SearchAction\",\"target\":{\"@type\":\"EntryPoint\",\"urlTemplate\":\"https:\/\/comarcas.csm.org.pt\/leiria\/?s={search_term_string}\"},\"query-input\":{\"@type\":\"PropertyValueSpecification\",\"valueRequired\":true,\"valueName\":\"search_term_string\"}}],\"inLanguage\":\"pt-PT\"},{\"@type\":\"Organization\",\"@id\":\"https:\/\/comarcas.csm.org.pt\/leiria\/#organization\",\"name\":\"Tribunal Judicial da Comarca de Leiria\",\"url\":\"https:\/\/comarcas.csm.org.pt\/leiria\/\",\"logo\":{\"@type\":\"ImageObject\",\"inLanguage\":\"pt-PT\",\"@id\":\"https:\/\/comarcas.csm.org.pt\/leiria\/#\/schema\/logo\/image\/\",\"url\":\"https:\/\/comarcas.csm.org.pt\/leiria\/wp-content\/uploads\/sites\/16\/2024\/11\/Leiria_positivo-horizontal.png\",\"contentUrl\":\"https:\/\/comarcas.csm.org.pt\/leiria\/wp-content\/uploads\/sites\/16\/2024\/11\/Leiria_positivo-horizontal.png\",\"width\":5088,\"height\":890,\"caption\":\"Tribunal Judicial da Comarca de Leiria\"},\"image\":{\"@id\":\"https:\/\/comarcas.csm.org.pt\/leiria\/#\/schema\/logo\/image\/\"}},{\"@type\":\"Person\",\"@id\":\"https:\/\/comarcas.csm.org.pt\/leiria\/#\/schema\/person\/9057b6fbd670d5a2e931712cd357d806\",\"name\":\"leiria\",\"image\":{\"@type\":\"ImageObject\",\"inLanguage\":\"pt-PT\",\"@id\":\"https:\/\/comarcas.csm.org.pt\/leiria\/#\/schema\/person\/image\/\",\"url\":\"https:\/\/secure.gravatar.com\/avatar\/399a72a2630b07d71a4e0167744303361d26ed8a993be2c5686bbe5ff44b469f?s=96&d=mm&r=g\",\"contentUrl\":\"https:\/\/secure.gravatar.com\/avatar\/399a72a2630b07d71a4e0167744303361d26ed8a993be2c5686bbe5ff44b469f?s=96&d=mm&r=g\",\"caption\":\"leiria\"},\"url\":\"https:\/\/comarcas.csm.org.pt\/leiria\/blog\/author\/leiria\/\"}]}<\/script>\n<!-- \/ Yoast SEO plugin. -->","yoast_head_json":{"title":"Homem atingido a tiro esta tarde na Marinha Grande - Tribunal Judicial da Comarca de Leiria","robots":{"index":"index","follow":"follow","max-snippet":"max-snippet:-1","max-image-preview":"max-image-preview:large","max-video-preview":"max-video-preview:-1"},"canonical":"https:\/\/comarcas.csm.org.pt\/leiria\/blog\/2026\/01\/14\/homem-atingido-a-tiro-esta-tarde-na-marinha-grande\/","og_locale":"pt_PT","og_type":"article","og_title":"Homem atingido a tiro esta tarde na Marinha Grande - Tribunal Judicial da Comarca de Leiria","og_description":"In &#8220;Regi\u00e3o de Leiria&#8220;, de 13.01.2026 O homem, considerado \u201cferido ligeiro\u201d, foi transportado para o Hospital de Santo Andr\u00e9, em Leiria. Um homem foi atingido a tiro, esta tarde, na via p\u00fablica, na cidade da...","og_url":"https:\/\/comarcas.csm.org.pt\/leiria\/blog\/2026\/01\/14\/homem-atingido-a-tiro-esta-tarde-na-marinha-grande\/","og_site_name":"Tribunal Judicial da Comarca de Leiria","article_published_time":"2026-01-14T11:45:25+00:00","article_modified_time":"2026-01-14T11:45:27+00:00","author":"leiria","twitter_card":"summary_large_image","twitter_misc":{"Escrito por":"leiria","Tempo estimado de leitura":"1 minuto"},"schema":{"@context":"https:\/\/schema.org","@graph":[{"@type":"Article","@id":"https:\/\/comarcas.csm.org.pt\/leiria\/blog\/2026\/01\/14\/homem-atingido-a-tiro-esta-tarde-na-marinha-grande\/#article","isPartOf":{"@id":"https:\/\/comarcas.csm.org.pt\/leiria\/blog\/2026\/01\/14\/homem-atingido-a-tiro-esta-tarde-na-marinha-grande\/"},"author":{"name":"leiria","@id":"https:\/\/comarcas.csm.org.pt\/leiria\/#\/schema\/person\/9057b6fbd670d5a2e931712cd357d806"},"headline":"Homem atingido a tiro esta tarde na Marinha Grande","datePublished":"2026-01-14T11:45:25+00:00","dateModified":"2026-01-14T11:45:27+00:00","mainEntityOfPage":{"@id":"https:\/\/comarcas.csm.org.pt\/leiria\/blog\/2026\/01\/14\/homem-atingido-a-tiro-esta-tarde-na-marinha-grande\/"},"wordCount":179,"publisher":{"@id":"https:\/\/comarcas.csm.org.pt\/leiria\/#organization"},"articleSection":["Geral","Not\u00edcias"],"inLanguage":"pt-PT"},{"@type":"WebPage","@id":"https:\/\/comarcas.csm.org.pt\/leiria\/blog\/2026\/01\/14\/homem-atingido-a-tiro-esta-tarde-na-marinha-grande\/","url":"https:\/\/comarcas.csm.org.pt\/leiria\/blog\/2026\/01\/14\/homem-atingido-a-tiro-esta-tarde-na-marinha-grande\/","name":"Homem atingido a tiro esta tarde na Marinha Grande - Tribunal Judicial da Comarca de Leiria","isPartOf":{"@id":"https:\/\/comarcas.csm.org.pt\/leiria\/#website"},"datePublished":"2026-01-14T11:45:25+00:00","dateModified":"2026-01-14T11:45:27+00:00","breadcrumb":{"@id":"https:\/\/comarcas.csm.org.pt\/leiria\/blog\/2026\/01\/14\/homem-atingido-a-tiro-esta-tarde-na-marinha-grande\/#breadcrumb"},"inLanguage":"pt-PT","potentialAction":[{"@type":"ReadAction","target":["https:\/\/comarcas.csm.org.pt\/leiria\/blog\/2026\/01\/14\/homem-atingido-a-tiro-esta-tarde-na-marinha-grande\/"]}]},{"@type":"BreadcrumbList","@id":"https:\/\/comarcas.csm.org.pt\/leiria\/blog\/2026\/01\/14\/homem-atingido-a-tiro-esta-tarde-na-marinha-grande\/#breadcrumb","itemListElement":[{"@type":"ListItem","position":1,"name":"In\u00edcio","item":"https:\/\/comarcas.csm.org.pt\/leiria\/"},{"@type":"ListItem","position":2,"name":"Homem atingido a tiro esta tarde na Marinha Grande"}]},{"@type":"WebSite","@id":"https:\/\/comarcas.csm.org.pt\/leiria\/#website","url":"https:\/\/comarcas.csm.org.pt\/leiria\/","name":"Tribunal Judicial da Comarca de Leiria","description":"Tribunal Judicial da Comarca de Aveiro","publisher":{"@id":"https:\/\/comarcas.csm.org.pt\/leiria\/#organization"},"potentialAction":[{"@type":"SearchAction","target":{"@type":"EntryPoint","urlTemplate":"https:\/\/comarcas.csm.org.pt\/leiria\/?s={search_term_string}"},"query-input":{"@type":"PropertyValueSpecification","valueRequired":true,"valueName":"search_term_string"}}],"inLanguage":"pt-PT"},{"@type":"Organization","@id":"https:\/\/comarcas.csm.org.pt\/leiria\/#organization","name":"Tribunal Judicial da Comarca de Leiria","url":"https:\/\/comarcas.csm.org.pt\/leiria\/","logo":{"@type":"ImageObject","inLanguage":"pt-PT","@id":"https:\/\/comarcas.csm.org.pt\/leiria\/#\/schema\/logo\/image\/","url":"https:\/\/comarcas.csm.org.pt\/leiria\/wp-content\/uploads\/sites\/16\/2024\/11\/Leiria_positivo-horizontal.png","contentUrl":"https:\/\/comarcas.csm.org.pt\/leiria\/wp-content\/uploads\/sites\/16\/2024\/11\/Leiria_positivo-horizontal.png","width":5088,"height":890,"caption":"Tribunal Judicial da Comarca de Leiria"},"image":{"@id":"https:\/\/comarcas.csm.org.pt\/leiria\/#\/schema\/logo\/image\/"}},{"@type":"Person","@id":"https:\/\/comarcas.csm.org.pt\/leiria\/#\/schema\/person\/9057b6fbd670d5a2e931712cd357d806","name":"leiria","image":{"@type":"ImageObject","inLanguage":"pt-PT","@id":"https:\/\/comarcas.csm.org.pt\/leiria\/#\/schema\/person\/image\/","url":"https:\/\/secure.gravatar.com\/avatar\/399a72a2630b07d71a4e0167744303361d26ed8a993be2c5686bbe5ff44b469f?s=96&d=mm&r=g","contentUrl":"https:\/\/secure.gravatar.com\/avatar\/399a72a2630b07d71a4e0167744303361d26ed8a993be2c5686bbe5ff44b469f?s=96&d=mm&r=g","caption":"leiria"},"url":"https:\/\/comarcas.csm.org.pt\/leiria\/blog\/author\/leiria\/"}]}},"_links":{"self":[{"href":"https:\/\/comarcas.csm.org.pt\/leiria\/wp-json\/wp\/v2\/posts\/13509","targetHints":{"allow":["GET"]}}],"collection":[{"href":"https:\/\/comarcas.csm.org.pt\/leiria\/wp-json\/wp\/v2\/posts"}],"about":[{"href":"https:\/\/comarcas.csm.org.pt\/leiria\/wp-json\/wp\/v2\/types\/post"}],"author":[{"embeddable":true,"href":"https:\/\/comarcas.csm.org.pt\/leiria\/wp-json\/wp\/v2\/users\/16"}],"replies":[{"embeddable":true,"href":"https:\/\/comarcas.csm.org.pt\/leiria\/wp-json\/wp\/v2\/comments?post=13509"}],"version-history":[{"count":1,"href":"https:\/\/comarcas.csm.org.pt\/leiria\/wp-json\/wp\/v2\/posts\/13509\/revisions"}],"predecessor-version":[{"id":13510,"href":"https:\/\/comarcas.csm.org.pt\/leiria\/wp-json\/wp\/v2\/posts\/13509\/revisions\/13510"}],"wp:attachment":[{"href":"https:\/\/comarcas.csm.org.pt\/leiria\/wp-json\/wp\/v2\/media?parent=13509"}],"wp:term":[{"taxonomy":"category","embeddable":true,"href":"https:\/\/comarcas.csm.org.pt\/leiria\/wp-json\/wp\/v2\/categories?post=13509"},{"taxonomy":"post_tag","embeddable":true,"href":"https:\/\/comarcas.csm.org.pt\/leiria\/wp-json\/wp\/v2\/tags?post=13509"}],"curies":[{"name":"wp","href":"https:\/\/api.w.org\/{rel}","templated":true}]}}