{"id":13511,"date":"2026-01-14T11:48:26","date_gmt":"2026-01-14T11:48:26","guid":{"rendered":"https:\/\/comarcas.csm.org.pt\/leiria\/?p=13511"},"modified":"2026-01-14T11:48:28","modified_gmt":"2026-01-14T11:48:28","slug":"psp-das-caldas-da-rainha-detem-em-flagrante-delito-casal-reincidente-em-assaltos","status":"publish","type":"post","link":"https:\/\/comarcas.csm.org.pt\/leiria\/blog\/2026\/01\/14\/psp-das-caldas-da-rainha-detem-em-flagrante-delito-casal-reincidente-em-assaltos\/","title":{"rendered":"PSP das Caldas da Rainha det\u00e9m em flagrante delito casal reincidente em assaltos"},"content":{"rendered":"\n<p>In &#8220;<a href=\"https:\/\/www.regiaodeleiria.pt\/2026\/01\/psp-das-caldas-da-rainha-detem-em-flagrante-delito-casal-reincidente-em-assaltos\/\">Regi\u00e3o de Leiria<\/a>&#8220;, de 14-01-2026<\/p>\n\n\n\n<p>O homem \u00e9 suspeito da autoria de 30 outros assaltos naquela cidade.<\/p>\n\n\n\n<p>Um casal foi detido no passado dia 6 em flagrante delito por assalto a um estabelecimento comercial nas Caldas da Rainha, revelou a PSP, acrescentando que o homem \u00e9 suspeito da autoria de 30 outros assaltos naquela cidade.<\/p>\n\n\n\n<p>Em comunicado, a Pol\u00edcia de Seguran\u00e7a P\u00fablica (PSP) adianta que a deten\u00e7\u00e3o foi feita pela Esquadra de Caldas de Rainha, no momento em que o casal, com 32 e 42 anos, assaltava um estabelecimento comercial.<\/p>\n\n\n\n<p>De acordo com a PSP, o homem \u201cpossui um extenso historial criminal, designadamente pela pr\u00e1tica reiterada de crimes contra o patrim\u00f3nio, os quais t\u00eam gerado forte alarme social e um acentuado sentimento de inseguran\u00e7a, sobretudo nos per\u00edodos noturnos e de madrugada\u201d.<\/p>\n\n\n\n<p>\u201cDe salientar que este homem j\u00e1 havia sido anteriormente condenado a duas penas de pris\u00e3o suspensas na sua execu\u00e7\u00e3o. A Esquadra de Caldas da Rainha tinha procedido \u00e0 sua deten\u00e7\u00e3o, em flagrante delito, no passado m\u00eas de dezembro, na sequ\u00eancia de outros dois furtos a estabelecimentos comerciais ocorridos durante a madrugada\u201d, l\u00ea-se no comunicado.<\/p>\n\n\n\n<p>Acrescenta que a investiga\u00e7\u00e3o sobre o caso permitiu reunir prova para apresentar o homem a primeiro interrogat\u00f3rio judicial.<\/p>\n\n\n\n<p>Segundo a PSP, h\u00e1 a \u201cforte convic\u00e7\u00e3o de que este homem ser\u00e1 respons\u00e1vel pela pr\u00e1tica de mais de 30 furtos desta natureza, seis dos quais em coautoria com a arguida, nos \u00faltimos 10 meses, na cidade de Caldas da Rainha\u201d.<\/p>\n\n\n\n<p>Explica que a deten\u00e7\u00e3o na ter\u00e7a-feira acontece na sequ\u00eancia do patrulhamento no centro da cidade.<\/p>\n\n\n\n<p>\u201cA PSP detetou este casal, cuja conduta levantou suspeitas e com fortes ind\u00edcios de que tinham partido o vidro da porta de entrada de uma loja e acedido ao seu interior\u201d, explica a PSP.<\/p>\n\n\n\n<p>Posteriormente, foi \u201cmontado um dispositivo policial robusto\u201d e a PSP deteve o casal, tendo encontrado na sua posse parte dos objetos roubados.<\/p>\n\n\n\n<p>\u201cAp\u00f3s a sua deten\u00e7\u00e3o, a PSP conseguiu localizar o restante material furtado junto das imedia\u00e7\u00f5es do estabelecimento comercial, tendo sido entregue ao leg\u00edtimo propriet\u00e1rio\u201d, refere.<\/p>\n\n\n\n<p>As duas pessoas foram levadas para interrogat\u00f3rio judicial, tendo sido decretada pris\u00e3o preventiva ao homem, que foi \u201cde imediato conduzido a estabelecimento prisional\u201d, no qual ficar\u00e1 at\u00e9 \u00e0 data do julgamento.<\/p>\n\n\n\n<p>A mulher ficou com termo de identidade e resid\u00eancia.<\/p>\n","protected":false},"excerpt":{"rendered":"<p>In &#8220;Regi\u00e3o de Leiria&#8220;, de 14-01-2026 O homem \u00e9 suspeito da autoria de 30 outros assaltos naquela cidade. Um casal foi detido no passado dia 6 em flagrante delito por assalto a um estabelecimento comercial&#8230;<\/p>\n","protected":false},"author":16,"featured_media":0,"comment_status":"closed","ping_status":"open","sticky":false,"template":"","format":"standard","meta":{"_tbt_post_transparent":"","_tbt_post_title":"","_tbt_post_layout":"","_tbt_post_sidebar_id":"","_tbt_post_content_style":"","_tbt_post_vertical_padding":"","_tbt_post_feature":"","_tbt_post_feature_position":"","_tbt_post_header":false,"_tbt_post_footer":false},"categories":[1,5],"tags":[],"class_list":["post-13511","post","type-post","status-publish","format-standard","hentry","category-geral","category-noticias"],"yoast_head":"<!-- This site is optimized with the Yoast SEO plugin v25.6 - https:\/\/yoast.com\/wordpress\/plugins\/seo\/ -->\n<title>PSP das Caldas da Rainha det\u00e9m em flagrante delito casal reincidente em assaltos - Tribunal Judicial da Comarca de Leiria<\/title>\n<meta name=\"robots\" content=\"index, follow, max-snippet:-1, max-image-preview:large, max-video-preview:-1\" \/>\n<link rel=\"canonical\" href=\"https:\/\/comarcas.csm.org.pt\/leiria\/blog\/2026\/01\/14\/psp-das-caldas-da-rainha-detem-em-flagrante-delito-casal-reincidente-em-assaltos\/\" \/>\n<meta property=\"og:locale\" content=\"pt_PT\" \/>\n<meta property=\"og:type\" content=\"article\" \/>\n<meta property=\"og:title\" content=\"PSP das Caldas da Rainha det\u00e9m em flagrante delito casal reincidente em assaltos - Tribunal Judicial da Comarca de Leiria\" \/>\n<meta property=\"og:description\" content=\"In &#8220;Regi\u00e3o de Leiria&#8220;, de 14-01-2026 O homem \u00e9 suspeito da autoria de 30 outros assaltos naquela cidade. Um casal foi detido no passado dia 6 em flagrante delito por assalto a um estabelecimento comercial...\" \/>\n<meta property=\"og:url\" content=\"https:\/\/comarcas.csm.org.pt\/leiria\/blog\/2026\/01\/14\/psp-das-caldas-da-rainha-detem-em-flagrante-delito-casal-reincidente-em-assaltos\/\" \/>\n<meta property=\"og:site_name\" content=\"Tribunal Judicial da Comarca de Leiria\" \/>\n<meta property=\"article:published_time\" content=\"2026-01-14T11:48:26+00:00\" \/>\n<meta property=\"article:modified_time\" content=\"2026-01-14T11:48:28+00:00\" \/>\n<meta name=\"author\" content=\"leiria\" \/>\n<meta name=\"twitter:card\" content=\"summary_large_image\" \/>\n<meta name=\"twitter:label1\" content=\"Escrito por\" \/>\n\t<meta name=\"twitter:data1\" content=\"leiria\" \/>\n\t<meta name=\"twitter:label2\" content=\"Tempo estimado de leitura\" \/>\n\t<meta name=\"twitter:data2\" content=\"3 minutos\" \/>\n<script type=\"application\/ld+json\" class=\"yoast-schema-graph\">{\"@context\":\"https:\/\/schema.org\",\"@graph\":[{\"@type\":\"Article\",\"@id\":\"https:\/\/comarcas.csm.org.pt\/leiria\/blog\/2026\/01\/14\/psp-das-caldas-da-rainha-detem-em-flagrante-delito-casal-reincidente-em-assaltos\/#article\",\"isPartOf\":{\"@id\":\"https:\/\/comarcas.csm.org.pt\/leiria\/blog\/2026\/01\/14\/psp-das-caldas-da-rainha-detem-em-flagrante-delito-casal-reincidente-em-assaltos\/\"},\"author\":{\"name\":\"leiria\",\"@id\":\"https:\/\/comarcas.csm.org.pt\/leiria\/#\/schema\/person\/9057b6fbd670d5a2e931712cd357d806\"},\"headline\":\"PSP das Caldas da Rainha det\u00e9m em flagrante delito casal reincidente em assaltos\",\"datePublished\":\"2026-01-14T11:48:26+00:00\",\"dateModified\":\"2026-01-14T11:48:28+00:00\",\"mainEntityOfPage\":{\"@id\":\"https:\/\/comarcas.csm.org.pt\/leiria\/blog\/2026\/01\/14\/psp-das-caldas-da-rainha-detem-em-flagrante-delito-casal-reincidente-em-assaltos\/\"},\"wordCount\":417,\"publisher\":{\"@id\":\"https:\/\/comarcas.csm.org.pt\/leiria\/#organization\"},\"articleSection\":[\"Geral\",\"Not\u00edcias\"],\"inLanguage\":\"pt-PT\"},{\"@type\":\"WebPage\",\"@id\":\"https:\/\/comarcas.csm.org.pt\/leiria\/blog\/2026\/01\/14\/psp-das-caldas-da-rainha-detem-em-flagrante-delito-casal-reincidente-em-assaltos\/\",\"url\":\"https:\/\/comarcas.csm.org.pt\/leiria\/blog\/2026\/01\/14\/psp-das-caldas-da-rainha-detem-em-flagrante-delito-casal-reincidente-em-assaltos\/\",\"name\":\"PSP das Caldas da Rainha det\u00e9m em flagrante delito casal reincidente em assaltos - Tribunal Judicial da Comarca de Leiria\",\"isPartOf\":{\"@id\":\"https:\/\/comarcas.csm.org.pt\/leiria\/#website\"},\"datePublished\":\"2026-01-14T11:48:26+00:00\",\"dateModified\":\"2026-01-14T11:48:28+00:00\",\"breadcrumb\":{\"@id\":\"https:\/\/comarcas.csm.org.pt\/leiria\/blog\/2026\/01\/14\/psp-das-caldas-da-rainha-detem-em-flagrante-delito-casal-reincidente-em-assaltos\/#breadcrumb\"},\"inLanguage\":\"pt-PT\",\"potentialAction\":[{\"@type\":\"ReadAction\",\"target\":[\"https:\/\/comarcas.csm.org.pt\/leiria\/blog\/2026\/01\/14\/psp-das-caldas-da-rainha-detem-em-flagrante-delito-casal-reincidente-em-assaltos\/\"]}]},{\"@type\":\"BreadcrumbList\",\"@id\":\"https:\/\/comarcas.csm.org.pt\/leiria\/blog\/2026\/01\/14\/psp-das-caldas-da-rainha-detem-em-flagrante-delito-casal-reincidente-em-assaltos\/#breadcrumb\",\"itemListElement\":[{\"@type\":\"ListItem\",\"position\":1,\"name\":\"In\u00edcio\",\"item\":\"https:\/\/comarcas.csm.org.pt\/leiria\/\"},{\"@type\":\"ListItem\",\"position\":2,\"name\":\"PSP das Caldas da Rainha det\u00e9m em flagrante delito casal reincidente em assaltos\"}]},{\"@type\":\"WebSite\",\"@id\":\"https:\/\/comarcas.csm.org.pt\/leiria\/#website\",\"url\":\"https:\/\/comarcas.csm.org.pt\/leiria\/\",\"name\":\"Tribunal Judicial da Comarca de Leiria\",\"description\":\"Tribunal Judicial da Comarca de Aveiro\",\"publisher\":{\"@id\":\"https:\/\/comarcas.csm.org.pt\/leiria\/#organization\"},\"potentialAction\":[{\"@type\":\"SearchAction\",\"target\":{\"@type\":\"EntryPoint\",\"urlTemplate\":\"https:\/\/comarcas.csm.org.pt\/leiria\/?s={search_term_string}\"},\"query-input\":{\"@type\":\"PropertyValueSpecification\",\"valueRequired\":true,\"valueName\":\"search_term_string\"}}],\"inLanguage\":\"pt-PT\"},{\"@type\":\"Organization\",\"@id\":\"https:\/\/comarcas.csm.org.pt\/leiria\/#organization\",\"name\":\"Tribunal Judicial da Comarca de Leiria\",\"url\":\"https:\/\/comarcas.csm.org.pt\/leiria\/\",\"logo\":{\"@type\":\"ImageObject\",\"inLanguage\":\"pt-PT\",\"@id\":\"https:\/\/comarcas.csm.org.pt\/leiria\/#\/schema\/logo\/image\/\",\"url\":\"https:\/\/comarcas.csm.org.pt\/leiria\/wp-content\/uploads\/sites\/16\/2024\/11\/Leiria_positivo-horizontal.png\",\"contentUrl\":\"https:\/\/comarcas.csm.org.pt\/leiria\/wp-content\/uploads\/sites\/16\/2024\/11\/Leiria_positivo-horizontal.png\",\"width\":5088,\"height\":890,\"caption\":\"Tribunal Judicial da Comarca de Leiria\"},\"image\":{\"@id\":\"https:\/\/comarcas.csm.org.pt\/leiria\/#\/schema\/logo\/image\/\"}},{\"@type\":\"Person\",\"@id\":\"https:\/\/comarcas.csm.org.pt\/leiria\/#\/schema\/person\/9057b6fbd670d5a2e931712cd357d806\",\"name\":\"leiria\",\"image\":{\"@type\":\"ImageObject\",\"inLanguage\":\"pt-PT\",\"@id\":\"https:\/\/comarcas.csm.org.pt\/leiria\/#\/schema\/person\/image\/\",\"url\":\"https:\/\/secure.gravatar.com\/avatar\/399a72a2630b07d71a4e0167744303361d26ed8a993be2c5686bbe5ff44b469f?s=96&d=mm&r=g\",\"contentUrl\":\"https:\/\/secure.gravatar.com\/avatar\/399a72a2630b07d71a4e0167744303361d26ed8a993be2c5686bbe5ff44b469f?s=96&d=mm&r=g\",\"caption\":\"leiria\"},\"url\":\"https:\/\/comarcas.csm.org.pt\/leiria\/blog\/author\/leiria\/\"}]}<\/script>\n<!-- \/ Yoast SEO plugin. -->","yoast_head_json":{"title":"PSP das Caldas da Rainha det\u00e9m em flagrante delito casal reincidente em assaltos - Tribunal Judicial da Comarca de Leiria","robots":{"index":"index","follow":"follow","max-snippet":"max-snippet:-1","max-image-preview":"max-image-preview:large","max-video-preview":"max-video-preview:-1"},"canonical":"https:\/\/comarcas.csm.org.pt\/leiria\/blog\/2026\/01\/14\/psp-das-caldas-da-rainha-detem-em-flagrante-delito-casal-reincidente-em-assaltos\/","og_locale":"pt_PT","og_type":"article","og_title":"PSP das Caldas da Rainha det\u00e9m em flagrante delito casal reincidente em assaltos - Tribunal Judicial da Comarca de Leiria","og_description":"In &#8220;Regi\u00e3o de Leiria&#8220;, de 14-01-2026 O homem \u00e9 suspeito da autoria de 30 outros assaltos naquela cidade. Um casal foi detido no passado dia 6 em flagrante delito por assalto a um estabelecimento comercial...","og_url":"https:\/\/comarcas.csm.org.pt\/leiria\/blog\/2026\/01\/14\/psp-das-caldas-da-rainha-detem-em-flagrante-delito-casal-reincidente-em-assaltos\/","og_site_name":"Tribunal Judicial da Comarca de Leiria","article_published_time":"2026-01-14T11:48:26+00:00","article_modified_time":"2026-01-14T11:48:28+00:00","author":"leiria","twitter_card":"summary_large_image","twitter_misc":{"Escrito por":"leiria","Tempo estimado de leitura":"3 minutos"},"schema":{"@context":"https:\/\/schema.org","@graph":[{"@type":"Article","@id":"https:\/\/comarcas.csm.org.pt\/leiria\/blog\/2026\/01\/14\/psp-das-caldas-da-rainha-detem-em-flagrante-delito-casal-reincidente-em-assaltos\/#article","isPartOf":{"@id":"https:\/\/comarcas.csm.org.pt\/leiria\/blog\/2026\/01\/14\/psp-das-caldas-da-rainha-detem-em-flagrante-delito-casal-reincidente-em-assaltos\/"},"author":{"name":"leiria","@id":"https:\/\/comarcas.csm.org.pt\/leiria\/#\/schema\/person\/9057b6fbd670d5a2e931712cd357d806"},"headline":"PSP das Caldas da Rainha det\u00e9m em flagrante delito casal reincidente em assaltos","datePublished":"2026-01-14T11:48:26+00:00","dateModified":"2026-01-14T11:48:28+00:00","mainEntityOfPage":{"@id":"https:\/\/comarcas.csm.org.pt\/leiria\/blog\/2026\/01\/14\/psp-das-caldas-da-rainha-detem-em-flagrante-delito-casal-reincidente-em-assaltos\/"},"wordCount":417,"publisher":{"@id":"https:\/\/comarcas.csm.org.pt\/leiria\/#organization"},"articleSection":["Geral","Not\u00edcias"],"inLanguage":"pt-PT"},{"@type":"WebPage","@id":"https:\/\/comarcas.csm.org.pt\/leiria\/blog\/2026\/01\/14\/psp-das-caldas-da-rainha-detem-em-flagrante-delito-casal-reincidente-em-assaltos\/","url":"https:\/\/comarcas.csm.org.pt\/leiria\/blog\/2026\/01\/14\/psp-das-caldas-da-rainha-detem-em-flagrante-delito-casal-reincidente-em-assaltos\/","name":"PSP das Caldas da Rainha det\u00e9m em flagrante delito casal reincidente em assaltos - Tribunal Judicial da Comarca de Leiria","isPartOf":{"@id":"https:\/\/comarcas.csm.org.pt\/leiria\/#website"},"datePublished":"2026-01-14T11:48:26+00:00","dateModified":"2026-01-14T11:48:28+00:00","breadcrumb":{"@id":"https:\/\/comarcas.csm.org.pt\/leiria\/blog\/2026\/01\/14\/psp-das-caldas-da-rainha-detem-em-flagrante-delito-casal-reincidente-em-assaltos\/#breadcrumb"},"inLanguage":"pt-PT","potentialAction":[{"@type":"ReadAction","target":["https:\/\/comarcas.csm.org.pt\/leiria\/blog\/2026\/01\/14\/psp-das-caldas-da-rainha-detem-em-flagrante-delito-casal-reincidente-em-assaltos\/"]}]},{"@type":"BreadcrumbList","@id":"https:\/\/comarcas.csm.org.pt\/leiria\/blog\/2026\/01\/14\/psp-das-caldas-da-rainha-detem-em-flagrante-delito-casal-reincidente-em-assaltos\/#breadcrumb","itemListElement":[{"@type":"ListItem","position":1,"name":"In\u00edcio","item":"https:\/\/comarcas.csm.org.pt\/leiria\/"},{"@type":"ListItem","position":2,"name":"PSP das Caldas da Rainha det\u00e9m em flagrante delito casal reincidente em assaltos"}]},{"@type":"WebSite","@id":"https:\/\/comarcas.csm.org.pt\/leiria\/#website","url":"https:\/\/comarcas.csm.org.pt\/leiria\/","name":"Tribunal Judicial da Comarca de Leiria","description":"Tribunal Judicial da Comarca de Aveiro","publisher":{"@id":"https:\/\/comarcas.csm.org.pt\/leiria\/#organization"},"potentialAction":[{"@type":"SearchAction","target":{"@type":"EntryPoint","urlTemplate":"https:\/\/comarcas.csm.org.pt\/leiria\/?s={search_term_string}"},"query-input":{"@type":"PropertyValueSpecification","valueRequired":true,"valueName":"search_term_string"}}],"inLanguage":"pt-PT"},{"@type":"Organization","@id":"https:\/\/comarcas.csm.org.pt\/leiria\/#organization","name":"Tribunal Judicial da Comarca de Leiria","url":"https:\/\/comarcas.csm.org.pt\/leiria\/","logo":{"@type":"ImageObject","inLanguage":"pt-PT","@id":"https:\/\/comarcas.csm.org.pt\/leiria\/#\/schema\/logo\/image\/","url":"https:\/\/comarcas.csm.org.pt\/leiria\/wp-content\/uploads\/sites\/16\/2024\/11\/Leiria_positivo-horizontal.png","contentUrl":"https:\/\/comarcas.csm.org.pt\/leiria\/wp-content\/uploads\/sites\/16\/2024\/11\/Leiria_positivo-horizontal.png","width":5088,"height":890,"caption":"Tribunal Judicial da Comarca de Leiria"},"image":{"@id":"https:\/\/comarcas.csm.org.pt\/leiria\/#\/schema\/logo\/image\/"}},{"@type":"Person","@id":"https:\/\/comarcas.csm.org.pt\/leiria\/#\/schema\/person\/9057b6fbd670d5a2e931712cd357d806","name":"leiria","image":{"@type":"ImageObject","inLanguage":"pt-PT","@id":"https:\/\/comarcas.csm.org.pt\/leiria\/#\/schema\/person\/image\/","url":"https:\/\/secure.gravatar.com\/avatar\/399a72a2630b07d71a4e0167744303361d26ed8a993be2c5686bbe5ff44b469f?s=96&d=mm&r=g","contentUrl":"https:\/\/secure.gravatar.com\/avatar\/399a72a2630b07d71a4e0167744303361d26ed8a993be2c5686bbe5ff44b469f?s=96&d=mm&r=g","caption":"leiria"},"url":"https:\/\/comarcas.csm.org.pt\/leiria\/blog\/author\/leiria\/"}]}},"_links":{"self":[{"href":"https:\/\/comarcas.csm.org.pt\/leiria\/wp-json\/wp\/v2\/posts\/13511","targetHints":{"allow":["GET"]}}],"collection":[{"href":"https:\/\/comarcas.csm.org.pt\/leiria\/wp-json\/wp\/v2\/posts"}],"about":[{"href":"https:\/\/comarcas.csm.org.pt\/leiria\/wp-json\/wp\/v2\/types\/post"}],"author":[{"embeddable":true,"href":"https:\/\/comarcas.csm.org.pt\/leiria\/wp-json\/wp\/v2\/users\/16"}],"replies":[{"embeddable":true,"href":"https:\/\/comarcas.csm.org.pt\/leiria\/wp-json\/wp\/v2\/comments?post=13511"}],"version-history":[{"count":1,"href":"https:\/\/comarcas.csm.org.pt\/leiria\/wp-json\/wp\/v2\/posts\/13511\/revisions"}],"predecessor-version":[{"id":13512,"href":"https:\/\/comarcas.csm.org.pt\/leiria\/wp-json\/wp\/v2\/posts\/13511\/revisions\/13512"}],"wp:attachment":[{"href":"https:\/\/comarcas.csm.org.pt\/leiria\/wp-json\/wp\/v2\/media?parent=13511"}],"wp:term":[{"taxonomy":"category","embeddable":true,"href":"https:\/\/comarcas.csm.org.pt\/leiria\/wp-json\/wp\/v2\/categories?post=13511"},{"taxonomy":"post_tag","embeddable":true,"href":"https:\/\/comarcas.csm.org.pt\/leiria\/wp-json\/wp\/v2\/tags?post=13511"}],"curies":[{"name":"wp","href":"https:\/\/api.w.org\/{rel}","templated":true}]}}