{"id":13513,"date":"2026-01-14T11:50:02","date_gmt":"2026-01-14T11:50:02","guid":{"rendered":"https:\/\/comarcas.csm.org.pt\/leiria\/?p=13513"},"modified":"2026-01-14T11:50:04","modified_gmt":"2026-01-14T11:50:04","slug":"quatro-detidos-e-quase-dois-mil-artigos-contrafeitos-apreendidos-em-pombal","status":"publish","type":"post","link":"https:\/\/comarcas.csm.org.pt\/leiria\/blog\/2026\/01\/14\/quatro-detidos-e-quase-dois-mil-artigos-contrafeitos-apreendidos-em-pombal\/","title":{"rendered":"Quatro detidos e quase dois mil artigos contrafeitos apreendidos em Pombal"},"content":{"rendered":"\n<p>In <a href=\"https:\/\/www.diarioleiria.pt\/2026\/01\/14\/quatro-detidos-e-quase-dois-mil-artigos-contrafeitos-apreendidos-em-pombal\/\">Di\u00e1rio de Leiria<\/a>, de 14-01-2026<\/p>\n\n\n\n<p>GNR deteve, na segunda-feira, em flagrante, tr\u00eas homens e uma mulher, com idades entre os 32 e os 45 anos<\/p>\n\n\n\n<p>A Guarda Nacional Republicana (GNR) anunciou hoje a deten\u00e7\u00e3o de quatro pessoas suspeitas do crime de contrafa\u00e7\u00e3o e a apreens\u00e3o de quase dois mil artigos contrafeitos em dois estabelecimentos comerciais no concelho de Pombal.<\/p>\n\n\n\n<p>Em comunicado, o Comando Territorial de Leiria da GNR referiu que deteve, na segunda-feira, em flagrante, tr\u00eas homens e uma mulher, com idades entre os 32 e os 45 anos, pelo crime de contrafa\u00e7\u00e3o, na localidade de Carri\u00e7o, no concelho de Pombal.<\/p>\n\n\n\n<p>\u201cNo \u00e2mbito de uma opera\u00e7\u00e3o de fiscaliza\u00e7\u00e3o direcionada para a prote\u00e7\u00e3o dos direitos de propriedade industrial e para o combate \u00e0 economia paralela, os militares da Guarda fiscalizaram dois estabelecimentos comerciais\u201d, sendo que no seu interior apreenderam 1.926 artigos contrafeitos, incluindo vestu\u00e1rio e acess\u00f3rios, de \u201cdiversas marcas de prest\u00edgio, reconhecidas no mercado internacional, que se encontravam expostos para venda ao p\u00fablico\u201d, adiantou.<\/p>\n\n\n\n<p>A GNR acrescentou que os suspeitos foram constitu\u00eddos arguidos e os factos comunicados ao Tribunal Judicial de Pombal.<\/p>\n\n\n\n<p>\u00c0 Lusa, fonte do Destacamento Territorial de Pombal explicou que os arguidos s\u00e3o os propriet\u00e1rios das lojas comerciais e tr\u00eas deles \u201ct\u00eam antecedentes criminais pelo mesmo tipo de il\u00edcito\u201d.<\/p>\n\n\n\n<p>Segundo a GNR, a\u00e7\u00f5es como esta \u201ct\u00eam como objetivo primordial garantir o cumprimento dos direitos de propriedade industrial, incidindo no combate direto \u00e0 contrafa\u00e7\u00e3o, \u00e0 imita\u00e7\u00e3o e ao uso ilegal de marca\u201d.<\/p>\n\n\n\n<p>\u201cEstas pr\u00e1ticas lesam os titulares dos direitos e colocam em risco os consumidores, que, ao adquirirem este tipo de artigos, podem comprometer a sua seguran\u00e7a e contribuir para o financiamento de redes de criminalidade organizada\u201d, alertou o Comando Territorial de Leiria da GNR.<\/p>\n","protected":false},"excerpt":{"rendered":"<p>In Di\u00e1rio de Leiria, de 14-01-2026 GNR deteve, na segunda-feira, em flagrante, tr\u00eas homens e uma mulher, com idades entre os 32 e os 45 anos A Guarda Nacional Republicana (GNR) anunciou hoje a deten\u00e7\u00e3o&#8230;<\/p>\n","protected":false},"author":16,"featured_media":0,"comment_status":"closed","ping_status":"open","sticky":false,"template":"","format":"standard","meta":{"_tbt_post_transparent":"","_tbt_post_title":"","_tbt_post_layout":"","_tbt_post_sidebar_id":"","_tbt_post_content_style":"","_tbt_post_vertical_padding":"","_tbt_post_feature":"","_tbt_post_feature_position":"","_tbt_post_header":false,"_tbt_post_footer":false},"categories":[1,5],"tags":[],"class_list":["post-13513","post","type-post","status-publish","format-standard","hentry","category-geral","category-noticias"],"yoast_head":"<!-- This site is optimized with the Yoast SEO plugin v25.6 - https:\/\/yoast.com\/wordpress\/plugins\/seo\/ -->\n<title>Quatro detidos e quase dois mil artigos contrafeitos apreendidos em Pombal - Tribunal Judicial da Comarca de Leiria<\/title>\n<meta name=\"robots\" content=\"index, follow, max-snippet:-1, max-image-preview:large, max-video-preview:-1\" \/>\n<link rel=\"canonical\" href=\"https:\/\/comarcas.csm.org.pt\/leiria\/blog\/2026\/01\/14\/quatro-detidos-e-quase-dois-mil-artigos-contrafeitos-apreendidos-em-pombal\/\" \/>\n<meta property=\"og:locale\" content=\"pt_PT\" \/>\n<meta property=\"og:type\" content=\"article\" \/>\n<meta property=\"og:title\" content=\"Quatro detidos e quase dois mil artigos contrafeitos apreendidos em Pombal - Tribunal Judicial da Comarca de Leiria\" \/>\n<meta property=\"og:description\" content=\"In Di\u00e1rio de Leiria, de 14-01-2026 GNR deteve, na segunda-feira, em flagrante, tr\u00eas homens e uma mulher, com idades entre os 32 e os 45 anos A Guarda Nacional Republicana (GNR) anunciou hoje a deten\u00e7\u00e3o...\" \/>\n<meta property=\"og:url\" content=\"https:\/\/comarcas.csm.org.pt\/leiria\/blog\/2026\/01\/14\/quatro-detidos-e-quase-dois-mil-artigos-contrafeitos-apreendidos-em-pombal\/\" \/>\n<meta property=\"og:site_name\" content=\"Tribunal Judicial da Comarca de Leiria\" \/>\n<meta property=\"article:published_time\" content=\"2026-01-14T11:50:02+00:00\" \/>\n<meta property=\"article:modified_time\" content=\"2026-01-14T11:50:04+00:00\" \/>\n<meta name=\"author\" content=\"leiria\" \/>\n<meta name=\"twitter:card\" content=\"summary_large_image\" \/>\n<meta name=\"twitter:label1\" content=\"Escrito por\" \/>\n\t<meta name=\"twitter:data1\" content=\"leiria\" \/>\n\t<meta name=\"twitter:label2\" content=\"Tempo estimado de leitura\" \/>\n\t<meta name=\"twitter:data2\" content=\"2 minutos\" \/>\n<script type=\"application\/ld+json\" class=\"yoast-schema-graph\">{\"@context\":\"https:\/\/schema.org\",\"@graph\":[{\"@type\":\"Article\",\"@id\":\"https:\/\/comarcas.csm.org.pt\/leiria\/blog\/2026\/01\/14\/quatro-detidos-e-quase-dois-mil-artigos-contrafeitos-apreendidos-em-pombal\/#article\",\"isPartOf\":{\"@id\":\"https:\/\/comarcas.csm.org.pt\/leiria\/blog\/2026\/01\/14\/quatro-detidos-e-quase-dois-mil-artigos-contrafeitos-apreendidos-em-pombal\/\"},\"author\":{\"name\":\"leiria\",\"@id\":\"https:\/\/comarcas.csm.org.pt\/leiria\/#\/schema\/person\/9057b6fbd670d5a2e931712cd357d806\"},\"headline\":\"Quatro detidos e quase dois mil artigos contrafeitos apreendidos em Pombal\",\"datePublished\":\"2026-01-14T11:50:02+00:00\",\"dateModified\":\"2026-01-14T11:50:04+00:00\",\"mainEntityOfPage\":{\"@id\":\"https:\/\/comarcas.csm.org.pt\/leiria\/blog\/2026\/01\/14\/quatro-detidos-e-quase-dois-mil-artigos-contrafeitos-apreendidos-em-pombal\/\"},\"wordCount\":316,\"publisher\":{\"@id\":\"https:\/\/comarcas.csm.org.pt\/leiria\/#organization\"},\"articleSection\":[\"Geral\",\"Not\u00edcias\"],\"inLanguage\":\"pt-PT\"},{\"@type\":\"WebPage\",\"@id\":\"https:\/\/comarcas.csm.org.pt\/leiria\/blog\/2026\/01\/14\/quatro-detidos-e-quase-dois-mil-artigos-contrafeitos-apreendidos-em-pombal\/\",\"url\":\"https:\/\/comarcas.csm.org.pt\/leiria\/blog\/2026\/01\/14\/quatro-detidos-e-quase-dois-mil-artigos-contrafeitos-apreendidos-em-pombal\/\",\"name\":\"Quatro detidos e quase dois mil artigos contrafeitos apreendidos em Pombal - Tribunal Judicial da Comarca de Leiria\",\"isPartOf\":{\"@id\":\"https:\/\/comarcas.csm.org.pt\/leiria\/#website\"},\"datePublished\":\"2026-01-14T11:50:02+00:00\",\"dateModified\":\"2026-01-14T11:50:04+00:00\",\"breadcrumb\":{\"@id\":\"https:\/\/comarcas.csm.org.pt\/leiria\/blog\/2026\/01\/14\/quatro-detidos-e-quase-dois-mil-artigos-contrafeitos-apreendidos-em-pombal\/#breadcrumb\"},\"inLanguage\":\"pt-PT\",\"potentialAction\":[{\"@type\":\"ReadAction\",\"target\":[\"https:\/\/comarcas.csm.org.pt\/leiria\/blog\/2026\/01\/14\/quatro-detidos-e-quase-dois-mil-artigos-contrafeitos-apreendidos-em-pombal\/\"]}]},{\"@type\":\"BreadcrumbList\",\"@id\":\"https:\/\/comarcas.csm.org.pt\/leiria\/blog\/2026\/01\/14\/quatro-detidos-e-quase-dois-mil-artigos-contrafeitos-apreendidos-em-pombal\/#breadcrumb\",\"itemListElement\":[{\"@type\":\"ListItem\",\"position\":1,\"name\":\"In\u00edcio\",\"item\":\"https:\/\/comarcas.csm.org.pt\/leiria\/\"},{\"@type\":\"ListItem\",\"position\":2,\"name\":\"Quatro detidos e quase dois mil artigos contrafeitos apreendidos em Pombal\"}]},{\"@type\":\"WebSite\",\"@id\":\"https:\/\/comarcas.csm.org.pt\/leiria\/#website\",\"url\":\"https:\/\/comarcas.csm.org.pt\/leiria\/\",\"name\":\"Tribunal Judicial da Comarca de Leiria\",\"description\":\"Tribunal Judicial da Comarca de Aveiro\",\"publisher\":{\"@id\":\"https:\/\/comarcas.csm.org.pt\/leiria\/#organization\"},\"potentialAction\":[{\"@type\":\"SearchAction\",\"target\":{\"@type\":\"EntryPoint\",\"urlTemplate\":\"https:\/\/comarcas.csm.org.pt\/leiria\/?s={search_term_string}\"},\"query-input\":{\"@type\":\"PropertyValueSpecification\",\"valueRequired\":true,\"valueName\":\"search_term_string\"}}],\"inLanguage\":\"pt-PT\"},{\"@type\":\"Organization\",\"@id\":\"https:\/\/comarcas.csm.org.pt\/leiria\/#organization\",\"name\":\"Tribunal Judicial da Comarca de Leiria\",\"url\":\"https:\/\/comarcas.csm.org.pt\/leiria\/\",\"logo\":{\"@type\":\"ImageObject\",\"inLanguage\":\"pt-PT\",\"@id\":\"https:\/\/comarcas.csm.org.pt\/leiria\/#\/schema\/logo\/image\/\",\"url\":\"https:\/\/comarcas.csm.org.pt\/leiria\/wp-content\/uploads\/sites\/16\/2024\/11\/Leiria_positivo-horizontal.png\",\"contentUrl\":\"https:\/\/comarcas.csm.org.pt\/leiria\/wp-content\/uploads\/sites\/16\/2024\/11\/Leiria_positivo-horizontal.png\",\"width\":5088,\"height\":890,\"caption\":\"Tribunal Judicial da Comarca de Leiria\"},\"image\":{\"@id\":\"https:\/\/comarcas.csm.org.pt\/leiria\/#\/schema\/logo\/image\/\"}},{\"@type\":\"Person\",\"@id\":\"https:\/\/comarcas.csm.org.pt\/leiria\/#\/schema\/person\/9057b6fbd670d5a2e931712cd357d806\",\"name\":\"leiria\",\"image\":{\"@type\":\"ImageObject\",\"inLanguage\":\"pt-PT\",\"@id\":\"https:\/\/comarcas.csm.org.pt\/leiria\/#\/schema\/person\/image\/\",\"url\":\"https:\/\/secure.gravatar.com\/avatar\/399a72a2630b07d71a4e0167744303361d26ed8a993be2c5686bbe5ff44b469f?s=96&d=mm&r=g\",\"contentUrl\":\"https:\/\/secure.gravatar.com\/avatar\/399a72a2630b07d71a4e0167744303361d26ed8a993be2c5686bbe5ff44b469f?s=96&d=mm&r=g\",\"caption\":\"leiria\"},\"url\":\"https:\/\/comarcas.csm.org.pt\/leiria\/blog\/author\/leiria\/\"}]}<\/script>\n<!-- \/ Yoast SEO plugin. -->","yoast_head_json":{"title":"Quatro detidos e quase dois mil artigos contrafeitos apreendidos em Pombal - Tribunal Judicial da Comarca de Leiria","robots":{"index":"index","follow":"follow","max-snippet":"max-snippet:-1","max-image-preview":"max-image-preview:large","max-video-preview":"max-video-preview:-1"},"canonical":"https:\/\/comarcas.csm.org.pt\/leiria\/blog\/2026\/01\/14\/quatro-detidos-e-quase-dois-mil-artigos-contrafeitos-apreendidos-em-pombal\/","og_locale":"pt_PT","og_type":"article","og_title":"Quatro detidos e quase dois mil artigos contrafeitos apreendidos em Pombal - Tribunal Judicial da Comarca de Leiria","og_description":"In Di\u00e1rio de Leiria, de 14-01-2026 GNR deteve, na segunda-feira, em flagrante, tr\u00eas homens e uma mulher, com idades entre os 32 e os 45 anos A Guarda Nacional Republicana (GNR) anunciou hoje a deten\u00e7\u00e3o...","og_url":"https:\/\/comarcas.csm.org.pt\/leiria\/blog\/2026\/01\/14\/quatro-detidos-e-quase-dois-mil-artigos-contrafeitos-apreendidos-em-pombal\/","og_site_name":"Tribunal Judicial da Comarca de Leiria","article_published_time":"2026-01-14T11:50:02+00:00","article_modified_time":"2026-01-14T11:50:04+00:00","author":"leiria","twitter_card":"summary_large_image","twitter_misc":{"Escrito por":"leiria","Tempo estimado de leitura":"2 minutos"},"schema":{"@context":"https:\/\/schema.org","@graph":[{"@type":"Article","@id":"https:\/\/comarcas.csm.org.pt\/leiria\/blog\/2026\/01\/14\/quatro-detidos-e-quase-dois-mil-artigos-contrafeitos-apreendidos-em-pombal\/#article","isPartOf":{"@id":"https:\/\/comarcas.csm.org.pt\/leiria\/blog\/2026\/01\/14\/quatro-detidos-e-quase-dois-mil-artigos-contrafeitos-apreendidos-em-pombal\/"},"author":{"name":"leiria","@id":"https:\/\/comarcas.csm.org.pt\/leiria\/#\/schema\/person\/9057b6fbd670d5a2e931712cd357d806"},"headline":"Quatro detidos e quase dois mil artigos contrafeitos apreendidos em Pombal","datePublished":"2026-01-14T11:50:02+00:00","dateModified":"2026-01-14T11:50:04+00:00","mainEntityOfPage":{"@id":"https:\/\/comarcas.csm.org.pt\/leiria\/blog\/2026\/01\/14\/quatro-detidos-e-quase-dois-mil-artigos-contrafeitos-apreendidos-em-pombal\/"},"wordCount":316,"publisher":{"@id":"https:\/\/comarcas.csm.org.pt\/leiria\/#organization"},"articleSection":["Geral","Not\u00edcias"],"inLanguage":"pt-PT"},{"@type":"WebPage","@id":"https:\/\/comarcas.csm.org.pt\/leiria\/blog\/2026\/01\/14\/quatro-detidos-e-quase-dois-mil-artigos-contrafeitos-apreendidos-em-pombal\/","url":"https:\/\/comarcas.csm.org.pt\/leiria\/blog\/2026\/01\/14\/quatro-detidos-e-quase-dois-mil-artigos-contrafeitos-apreendidos-em-pombal\/","name":"Quatro detidos e quase dois mil artigos contrafeitos apreendidos em Pombal - Tribunal Judicial da Comarca de Leiria","isPartOf":{"@id":"https:\/\/comarcas.csm.org.pt\/leiria\/#website"},"datePublished":"2026-01-14T11:50:02+00:00","dateModified":"2026-01-14T11:50:04+00:00","breadcrumb":{"@id":"https:\/\/comarcas.csm.org.pt\/leiria\/blog\/2026\/01\/14\/quatro-detidos-e-quase-dois-mil-artigos-contrafeitos-apreendidos-em-pombal\/#breadcrumb"},"inLanguage":"pt-PT","potentialAction":[{"@type":"ReadAction","target":["https:\/\/comarcas.csm.org.pt\/leiria\/blog\/2026\/01\/14\/quatro-detidos-e-quase-dois-mil-artigos-contrafeitos-apreendidos-em-pombal\/"]}]},{"@type":"BreadcrumbList","@id":"https:\/\/comarcas.csm.org.pt\/leiria\/blog\/2026\/01\/14\/quatro-detidos-e-quase-dois-mil-artigos-contrafeitos-apreendidos-em-pombal\/#breadcrumb","itemListElement":[{"@type":"ListItem","position":1,"name":"In\u00edcio","item":"https:\/\/comarcas.csm.org.pt\/leiria\/"},{"@type":"ListItem","position":2,"name":"Quatro detidos e quase dois mil artigos contrafeitos apreendidos em Pombal"}]},{"@type":"WebSite","@id":"https:\/\/comarcas.csm.org.pt\/leiria\/#website","url":"https:\/\/comarcas.csm.org.pt\/leiria\/","name":"Tribunal Judicial da Comarca de Leiria","description":"Tribunal Judicial da Comarca de Aveiro","publisher":{"@id":"https:\/\/comarcas.csm.org.pt\/leiria\/#organization"},"potentialAction":[{"@type":"SearchAction","target":{"@type":"EntryPoint","urlTemplate":"https:\/\/comarcas.csm.org.pt\/leiria\/?s={search_term_string}"},"query-input":{"@type":"PropertyValueSpecification","valueRequired":true,"valueName":"search_term_string"}}],"inLanguage":"pt-PT"},{"@type":"Organization","@id":"https:\/\/comarcas.csm.org.pt\/leiria\/#organization","name":"Tribunal Judicial da Comarca de Leiria","url":"https:\/\/comarcas.csm.org.pt\/leiria\/","logo":{"@type":"ImageObject","inLanguage":"pt-PT","@id":"https:\/\/comarcas.csm.org.pt\/leiria\/#\/schema\/logo\/image\/","url":"https:\/\/comarcas.csm.org.pt\/leiria\/wp-content\/uploads\/sites\/16\/2024\/11\/Leiria_positivo-horizontal.png","contentUrl":"https:\/\/comarcas.csm.org.pt\/leiria\/wp-content\/uploads\/sites\/16\/2024\/11\/Leiria_positivo-horizontal.png","width":5088,"height":890,"caption":"Tribunal Judicial da Comarca de Leiria"},"image":{"@id":"https:\/\/comarcas.csm.org.pt\/leiria\/#\/schema\/logo\/image\/"}},{"@type":"Person","@id":"https:\/\/comarcas.csm.org.pt\/leiria\/#\/schema\/person\/9057b6fbd670d5a2e931712cd357d806","name":"leiria","image":{"@type":"ImageObject","inLanguage":"pt-PT","@id":"https:\/\/comarcas.csm.org.pt\/leiria\/#\/schema\/person\/image\/","url":"https:\/\/secure.gravatar.com\/avatar\/399a72a2630b07d71a4e0167744303361d26ed8a993be2c5686bbe5ff44b469f?s=96&d=mm&r=g","contentUrl":"https:\/\/secure.gravatar.com\/avatar\/399a72a2630b07d71a4e0167744303361d26ed8a993be2c5686bbe5ff44b469f?s=96&d=mm&r=g","caption":"leiria"},"url":"https:\/\/comarcas.csm.org.pt\/leiria\/blog\/author\/leiria\/"}]}},"_links":{"self":[{"href":"https:\/\/comarcas.csm.org.pt\/leiria\/wp-json\/wp\/v2\/posts\/13513","targetHints":{"allow":["GET"]}}],"collection":[{"href":"https:\/\/comarcas.csm.org.pt\/leiria\/wp-json\/wp\/v2\/posts"}],"about":[{"href":"https:\/\/comarcas.csm.org.pt\/leiria\/wp-json\/wp\/v2\/types\/post"}],"author":[{"embeddable":true,"href":"https:\/\/comarcas.csm.org.pt\/leiria\/wp-json\/wp\/v2\/users\/16"}],"replies":[{"embeddable":true,"href":"https:\/\/comarcas.csm.org.pt\/leiria\/wp-json\/wp\/v2\/comments?post=13513"}],"version-history":[{"count":1,"href":"https:\/\/comarcas.csm.org.pt\/leiria\/wp-json\/wp\/v2\/posts\/13513\/revisions"}],"predecessor-version":[{"id":13514,"href":"https:\/\/comarcas.csm.org.pt\/leiria\/wp-json\/wp\/v2\/posts\/13513\/revisions\/13514"}],"wp:attachment":[{"href":"https:\/\/comarcas.csm.org.pt\/leiria\/wp-json\/wp\/v2\/media?parent=13513"}],"wp:term":[{"taxonomy":"category","embeddable":true,"href":"https:\/\/comarcas.csm.org.pt\/leiria\/wp-json\/wp\/v2\/categories?post=13513"},{"taxonomy":"post_tag","embeddable":true,"href":"https:\/\/comarcas.csm.org.pt\/leiria\/wp-json\/wp\/v2\/tags?post=13513"}],"curies":[{"name":"wp","href":"https:\/\/api.w.org\/{rel}","templated":true}]}}