{"id":13518,"date":"2026-01-22T12:23:22","date_gmt":"2026-01-22T12:23:22","guid":{"rendered":"https:\/\/comarcas.csm.org.pt\/leiria\/?p=13518"},"modified":"2026-01-22T12:31:32","modified_gmt":"2026-01-22T12:31:32","slug":"tribunal-de-leiria-condena-homem-a-sete-anos-de-prisao-por-furtos-falsificacao-e-burla","status":"publish","type":"post","link":"https:\/\/comarcas.csm.org.pt\/leiria\/blog\/2026\/01\/22\/tribunal-de-leiria-condena-homem-a-sete-anos-de-prisao-por-furtos-falsificacao-e-burla\/","title":{"rendered":"Tribunal de Leiria condena homem a sete anos de pris\u00e3o por furtos, falsifica\u00e7\u00e3o e burla"},"content":{"rendered":"\n<p>in &#8220;Jornal de Leiria.pt&#8221;, de 22.01.2026<\/p>\n\n\n\n<figure class=\"wp-block-image size-full is-resized\"><img fetchpriority=\"high\" decoding=\"async\" width=\"770\" height=\"470\" src=\"https:\/\/comarcas.csm.org.pt\/leiria\/wp-content\/uploads\/sites\/16\/2026\/01\/image.png\" alt=\"\" class=\"wp-image-13520\" style=\"width:669px;height:auto\" srcset=\"https:\/\/comarcas.csm.org.pt\/leiria\/wp-content\/uploads\/sites\/16\/2026\/01\/image.png 770w, https:\/\/comarcas.csm.org.pt\/leiria\/wp-content\/uploads\/sites\/16\/2026\/01\/image-300x183.png 300w, https:\/\/comarcas.csm.org.pt\/leiria\/wp-content\/uploads\/sites\/16\/2026\/01\/image-768x469.png 768w\" sizes=\"(max-width: 770px) 100vw, 770px\" \/><\/figure>\n\n\n\n<p>O arguido estava acusado de um crime de furto qualificado e 24 crimes de burla qualificada.<\/p>\n\n\n\n<p>O Tribunal Judicial de Leiria condenou hoje um homem na pena \u00fanica de sete anos de pris\u00e3o por dois crimes de furto, um dos quais tentado, cinco crimes de falsifica\u00e7\u00e3o de documento e um crime de burla qualificada.<\/p>\n\n\n\n<p>O arguido, de 34 anos, em pris\u00e3o domicili\u00e1ria com vigil\u00e2ncia electr\u00f3nica e com antecedentes criminais, foi ainda condenado ao pagamento de quase 5.300 euros por danos patrimoniais a dois lesados e a pagar ao Estado 22.726 euros correspondentes \u201c\u00e0 vantagem obtida com a pr\u00e1tica dos crimes\u201d.<\/p>\n\n\n\n<p>O processo resulta da apensa\u00e7\u00e3o de 24 de inqu\u00e9ritos, segundo o ac\u00f3rd\u00e3o.<\/p>\n\n\n\n<p>O arguido estava acusado de um crime de furto qualificado e 24 crimes de burla qualificada, tendo o colectivo de ju\u00edzes, ap\u00f3s altera\u00e7\u00e3o da qualifica\u00e7\u00e3o jur\u00eddica, condenado o homem pela pr\u00e1tica dos crimes de furto (um ano de pris\u00e3o), furto na forma tentada (seis meses de pris\u00e3o), burla qualificada (cinco anos de pris\u00e3o) e cinco crimes de falsifica\u00e7\u00e3o de documento (nove meses de pris\u00e3o por cada um), resultando na pena \u00fanica de sete anos de pris\u00e3o.<\/p>\n\n\n\n<p>Na delibera\u00e7\u00e3o do tribunal colectivo, l\u00ea-se que o arguido \u201cfez seus os equipamentos dos ofendidos\u201d no valor de quase 130 mil euros, causando-lhes um preju\u00edzo patrimonial efectivo de cerca de 12 mil euros \u201cdecorrente dos objetos n\u00e3o recuperados, a que acresce o enriquecimento directo do seu patrim\u00f3nio\u201d no valor de 15.300 euros, o que conseguiu com a venda dos equipamentos a terceiros.<\/p>\n\n\n\n<p>Para o efeito, recorreu \u00e0s redes sociais, alugou ve\u00edculos para a pr\u00e1tica dos actos, efectuou os pagamentos \u201ca t\u00edtulo de aluguer\u201d e recebeu o pagamento dos equipamentos que vendia em numer\u00e1rio, para impossibilitar a sua identifica\u00e7\u00e3o, no per\u00edodo entre Junho e setembro de 2024, fazendo da burla, \u00e0 \u00e9poca, o seu modo de vida.<\/p>\n\n\n\n<p>Com o mesmo objectivo, \u201cassumiu qualidade, que n\u00e3o tem, de legal representante\u201d de uma sociedade, para convencer empresas ofendidas no processo de que \u201cpretendia celebrar contratos de aluguer dos referidos equipamentos, o que servia como mero escopo para lograr que os mesmos lhe fossem entregues\u201d.<\/p>\n\n\n\n<p>O jovem, licenciado, atualmente empregado em empresa de \u2018contact center\u2019, \u201cadmitiu integralmente a pr\u00e1tica dos factos que lhe s\u00e3o imputados, apenas n\u00e3o assumindo os valores dos equipamentos de que se apropriou e que vendeu\u201d.<\/p>\n\n\n\n<p>Em Setembro de 2024, o Comando Territorial de Leiria da Guarda Nacional Republicana (GNR) anunciou a deten\u00e7\u00e3o do homem em Pombal.<\/p>\n\n\n\n<p>Na sequ\u00eancia de uma investiga\u00e7\u00e3o por crimes de burla, que decorria h\u00e1 cerca de dois meses, a GNR apurou que \u201cas v\u00edtimas, propriet\u00e1rios de casas de aluguer e venda de materiais e m\u00e1quinas de constru\u00e7\u00e3o civil, alugaram os seus equipamentos a um suspeito que, posteriormente, efectuava a venda desses equipamentos, com o recurso a plataformas digitais\u201d.<\/p>\n\n\n\n<p><\/p>\n","protected":false},"excerpt":{"rendered":"<p>in &#8220;Jornal de Leiria.pt&#8221;, de 22.01.2026 O arguido estava acusado de um crime de furto qualificado e 24 crimes de burla qualificada. O Tribunal Judicial de Leiria condenou hoje um homem na pena \u00fanica de&#8230;<\/p>\n","protected":false},"author":16,"featured_media":0,"comment_status":"closed","ping_status":"open","sticky":false,"template":"","format":"standard","meta":{"_tbt_post_transparent":"","_tbt_post_title":"","_tbt_post_layout":"","_tbt_post_sidebar_id":"","_tbt_post_content_style":"","_tbt_post_vertical_padding":"","_tbt_post_feature":"","_tbt_post_feature_position":"","_tbt_post_header":false,"_tbt_post_footer":false},"categories":[1,5],"tags":[],"class_list":["post-13518","post","type-post","status-publish","format-standard","hentry","category-geral","category-noticias"],"yoast_head":"<!-- This site is optimized with the Yoast SEO plugin v25.6 - https:\/\/yoast.com\/wordpress\/plugins\/seo\/ -->\n<title>Tribunal de Leiria condena homem a sete anos de pris\u00e3o por furtos, falsifica\u00e7\u00e3o e burla - Tribunal Judicial da Comarca de Leiria<\/title>\n<meta name=\"robots\" content=\"index, follow, max-snippet:-1, max-image-preview:large, max-video-preview:-1\" \/>\n<link rel=\"canonical\" href=\"https:\/\/comarcas.csm.org.pt\/leiria\/blog\/2026\/01\/22\/tribunal-de-leiria-condena-homem-a-sete-anos-de-prisao-por-furtos-falsificacao-e-burla\/\" \/>\n<meta property=\"og:locale\" content=\"pt_PT\" \/>\n<meta property=\"og:type\" content=\"article\" \/>\n<meta property=\"og:title\" content=\"Tribunal de Leiria condena homem a sete anos de pris\u00e3o por furtos, falsifica\u00e7\u00e3o e burla - Tribunal Judicial da Comarca de Leiria\" \/>\n<meta property=\"og:description\" content=\"in &#8220;Jornal de Leiria.pt&#8221;, de 22.01.2026 O arguido estava acusado de um crime de furto qualificado e 24 crimes de burla qualificada. O Tribunal Judicial de Leiria condenou hoje um homem na pena \u00fanica de...\" \/>\n<meta property=\"og:url\" content=\"https:\/\/comarcas.csm.org.pt\/leiria\/blog\/2026\/01\/22\/tribunal-de-leiria-condena-homem-a-sete-anos-de-prisao-por-furtos-falsificacao-e-burla\/\" \/>\n<meta property=\"og:site_name\" content=\"Tribunal Judicial da Comarca de Leiria\" \/>\n<meta property=\"article:published_time\" content=\"2026-01-22T12:23:22+00:00\" \/>\n<meta property=\"article:modified_time\" content=\"2026-01-22T12:31:32+00:00\" \/>\n<meta property=\"og:image\" content=\"https:\/\/comarcas.csm.org.pt\/leiria\/wp-content\/uploads\/sites\/16\/2026\/01\/image.png\" \/>\n\t<meta property=\"og:image:width\" content=\"770\" \/>\n\t<meta property=\"og:image:height\" content=\"470\" \/>\n\t<meta property=\"og:image:type\" content=\"image\/png\" \/>\n<meta name=\"author\" content=\"leiria\" \/>\n<meta name=\"twitter:card\" content=\"summary_large_image\" \/>\n<meta name=\"twitter:label1\" content=\"Escrito por\" \/>\n\t<meta name=\"twitter:data1\" content=\"leiria\" \/>\n\t<meta name=\"twitter:label2\" content=\"Tempo estimado de leitura\" \/>\n\t<meta name=\"twitter:data2\" content=\"3 minutos\" \/>\n<script type=\"application\/ld+json\" class=\"yoast-schema-graph\">{\"@context\":\"https:\/\/schema.org\",\"@graph\":[{\"@type\":\"Article\",\"@id\":\"https:\/\/comarcas.csm.org.pt\/leiria\/blog\/2026\/01\/22\/tribunal-de-leiria-condena-homem-a-sete-anos-de-prisao-por-furtos-falsificacao-e-burla\/#article\",\"isPartOf\":{\"@id\":\"https:\/\/comarcas.csm.org.pt\/leiria\/blog\/2026\/01\/22\/tribunal-de-leiria-condena-homem-a-sete-anos-de-prisao-por-furtos-falsificacao-e-burla\/\"},\"author\":{\"name\":\"leiria\",\"@id\":\"https:\/\/comarcas.csm.org.pt\/leiria\/#\/schema\/person\/9057b6fbd670d5a2e931712cd357d806\"},\"headline\":\"Tribunal de Leiria condena homem a sete anos de pris\u00e3o por furtos, falsifica\u00e7\u00e3o e burla\",\"datePublished\":\"2026-01-22T12:23:22+00:00\",\"dateModified\":\"2026-01-22T12:31:32+00:00\",\"mainEntityOfPage\":{\"@id\":\"https:\/\/comarcas.csm.org.pt\/leiria\/blog\/2026\/01\/22\/tribunal-de-leiria-condena-homem-a-sete-anos-de-prisao-por-furtos-falsificacao-e-burla\/\"},\"wordCount\":515,\"publisher\":{\"@id\":\"https:\/\/comarcas.csm.org.pt\/leiria\/#organization\"},\"image\":{\"@id\":\"https:\/\/comarcas.csm.org.pt\/leiria\/blog\/2026\/01\/22\/tribunal-de-leiria-condena-homem-a-sete-anos-de-prisao-por-furtos-falsificacao-e-burla\/#primaryimage\"},\"thumbnailUrl\":\"https:\/\/comarcas.csm.org.pt\/leiria\/wp-content\/uploads\/sites\/16\/2026\/01\/image.png\",\"articleSection\":[\"Geral\",\"Not\u00edcias\"],\"inLanguage\":\"pt-PT\"},{\"@type\":\"WebPage\",\"@id\":\"https:\/\/comarcas.csm.org.pt\/leiria\/blog\/2026\/01\/22\/tribunal-de-leiria-condena-homem-a-sete-anos-de-prisao-por-furtos-falsificacao-e-burla\/\",\"url\":\"https:\/\/comarcas.csm.org.pt\/leiria\/blog\/2026\/01\/22\/tribunal-de-leiria-condena-homem-a-sete-anos-de-prisao-por-furtos-falsificacao-e-burla\/\",\"name\":\"Tribunal de Leiria condena homem a sete anos de pris\u00e3o por furtos, falsifica\u00e7\u00e3o e burla - Tribunal Judicial da Comarca de Leiria\",\"isPartOf\":{\"@id\":\"https:\/\/comarcas.csm.org.pt\/leiria\/#website\"},\"primaryImageOfPage\":{\"@id\":\"https:\/\/comarcas.csm.org.pt\/leiria\/blog\/2026\/01\/22\/tribunal-de-leiria-condena-homem-a-sete-anos-de-prisao-por-furtos-falsificacao-e-burla\/#primaryimage\"},\"image\":{\"@id\":\"https:\/\/comarcas.csm.org.pt\/leiria\/blog\/2026\/01\/22\/tribunal-de-leiria-condena-homem-a-sete-anos-de-prisao-por-furtos-falsificacao-e-burla\/#primaryimage\"},\"thumbnailUrl\":\"https:\/\/comarcas.csm.org.pt\/leiria\/wp-content\/uploads\/sites\/16\/2026\/01\/image.png\",\"datePublished\":\"2026-01-22T12:23:22+00:00\",\"dateModified\":\"2026-01-22T12:31:32+00:00\",\"breadcrumb\":{\"@id\":\"https:\/\/comarcas.csm.org.pt\/leiria\/blog\/2026\/01\/22\/tribunal-de-leiria-condena-homem-a-sete-anos-de-prisao-por-furtos-falsificacao-e-burla\/#breadcrumb\"},\"inLanguage\":\"pt-PT\",\"potentialAction\":[{\"@type\":\"ReadAction\",\"target\":[\"https:\/\/comarcas.csm.org.pt\/leiria\/blog\/2026\/01\/22\/tribunal-de-leiria-condena-homem-a-sete-anos-de-prisao-por-furtos-falsificacao-e-burla\/\"]}]},{\"@type\":\"ImageObject\",\"inLanguage\":\"pt-PT\",\"@id\":\"https:\/\/comarcas.csm.org.pt\/leiria\/blog\/2026\/01\/22\/tribunal-de-leiria-condena-homem-a-sete-anos-de-prisao-por-furtos-falsificacao-e-burla\/#primaryimage\",\"url\":\"https:\/\/comarcas.csm.org.pt\/leiria\/wp-content\/uploads\/sites\/16\/2026\/01\/image.png\",\"contentUrl\":\"https:\/\/comarcas.csm.org.pt\/leiria\/wp-content\/uploads\/sites\/16\/2026\/01\/image.png\",\"width\":770,\"height\":470},{\"@type\":\"BreadcrumbList\",\"@id\":\"https:\/\/comarcas.csm.org.pt\/leiria\/blog\/2026\/01\/22\/tribunal-de-leiria-condena-homem-a-sete-anos-de-prisao-por-furtos-falsificacao-e-burla\/#breadcrumb\",\"itemListElement\":[{\"@type\":\"ListItem\",\"position\":1,\"name\":\"In\u00edcio\",\"item\":\"https:\/\/comarcas.csm.org.pt\/leiria\/\"},{\"@type\":\"ListItem\",\"position\":2,\"name\":\"Tribunal de Leiria condena homem a sete anos de pris\u00e3o por furtos, falsifica\u00e7\u00e3o e burla\"}]},{\"@type\":\"WebSite\",\"@id\":\"https:\/\/comarcas.csm.org.pt\/leiria\/#website\",\"url\":\"https:\/\/comarcas.csm.org.pt\/leiria\/\",\"name\":\"Tribunal Judicial da Comarca de Leiria\",\"description\":\"Tribunal Judicial da Comarca de Aveiro\",\"publisher\":{\"@id\":\"https:\/\/comarcas.csm.org.pt\/leiria\/#organization\"},\"potentialAction\":[{\"@type\":\"SearchAction\",\"target\":{\"@type\":\"EntryPoint\",\"urlTemplate\":\"https:\/\/comarcas.csm.org.pt\/leiria\/?s={search_term_string}\"},\"query-input\":{\"@type\":\"PropertyValueSpecification\",\"valueRequired\":true,\"valueName\":\"search_term_string\"}}],\"inLanguage\":\"pt-PT\"},{\"@type\":\"Organization\",\"@id\":\"https:\/\/comarcas.csm.org.pt\/leiria\/#organization\",\"name\":\"Tribunal Judicial da Comarca de Leiria\",\"url\":\"https:\/\/comarcas.csm.org.pt\/leiria\/\",\"logo\":{\"@type\":\"ImageObject\",\"inLanguage\":\"pt-PT\",\"@id\":\"https:\/\/comarcas.csm.org.pt\/leiria\/#\/schema\/logo\/image\/\",\"url\":\"https:\/\/comarcas.csm.org.pt\/leiria\/wp-content\/uploads\/sites\/16\/2024\/11\/Leiria_positivo-horizontal.png\",\"contentUrl\":\"https:\/\/comarcas.csm.org.pt\/leiria\/wp-content\/uploads\/sites\/16\/2024\/11\/Leiria_positivo-horizontal.png\",\"width\":5088,\"height\":890,\"caption\":\"Tribunal Judicial da Comarca de Leiria\"},\"image\":{\"@id\":\"https:\/\/comarcas.csm.org.pt\/leiria\/#\/schema\/logo\/image\/\"}},{\"@type\":\"Person\",\"@id\":\"https:\/\/comarcas.csm.org.pt\/leiria\/#\/schema\/person\/9057b6fbd670d5a2e931712cd357d806\",\"name\":\"leiria\",\"image\":{\"@type\":\"ImageObject\",\"inLanguage\":\"pt-PT\",\"@id\":\"https:\/\/comarcas.csm.org.pt\/leiria\/#\/schema\/person\/image\/\",\"url\":\"https:\/\/secure.gravatar.com\/avatar\/399a72a2630b07d71a4e0167744303361d26ed8a993be2c5686bbe5ff44b469f?s=96&d=mm&r=g\",\"contentUrl\":\"https:\/\/secure.gravatar.com\/avatar\/399a72a2630b07d71a4e0167744303361d26ed8a993be2c5686bbe5ff44b469f?s=96&d=mm&r=g\",\"caption\":\"leiria\"},\"url\":\"https:\/\/comarcas.csm.org.pt\/leiria\/blog\/author\/leiria\/\"}]}<\/script>\n<!-- \/ Yoast SEO plugin. -->","yoast_head_json":{"title":"Tribunal de Leiria condena homem a sete anos de pris\u00e3o por furtos, falsifica\u00e7\u00e3o e burla - Tribunal Judicial da Comarca de Leiria","robots":{"index":"index","follow":"follow","max-snippet":"max-snippet:-1","max-image-preview":"max-image-preview:large","max-video-preview":"max-video-preview:-1"},"canonical":"https:\/\/comarcas.csm.org.pt\/leiria\/blog\/2026\/01\/22\/tribunal-de-leiria-condena-homem-a-sete-anos-de-prisao-por-furtos-falsificacao-e-burla\/","og_locale":"pt_PT","og_type":"article","og_title":"Tribunal de Leiria condena homem a sete anos de pris\u00e3o por furtos, falsifica\u00e7\u00e3o e burla - Tribunal Judicial da Comarca de Leiria","og_description":"in &#8220;Jornal de Leiria.pt&#8221;, de 22.01.2026 O arguido estava acusado de um crime de furto qualificado e 24 crimes de burla qualificada. O Tribunal Judicial de Leiria condenou hoje um homem na pena \u00fanica de...","og_url":"https:\/\/comarcas.csm.org.pt\/leiria\/blog\/2026\/01\/22\/tribunal-de-leiria-condena-homem-a-sete-anos-de-prisao-por-furtos-falsificacao-e-burla\/","og_site_name":"Tribunal Judicial da Comarca de Leiria","article_published_time":"2026-01-22T12:23:22+00:00","article_modified_time":"2026-01-22T12:31:32+00:00","og_image":[{"width":770,"height":470,"url":"https:\/\/comarcas.csm.org.pt\/leiria\/wp-content\/uploads\/sites\/16\/2026\/01\/image.png","type":"image\/png"}],"author":"leiria","twitter_card":"summary_large_image","twitter_misc":{"Escrito por":"leiria","Tempo estimado de leitura":"3 minutos"},"schema":{"@context":"https:\/\/schema.org","@graph":[{"@type":"Article","@id":"https:\/\/comarcas.csm.org.pt\/leiria\/blog\/2026\/01\/22\/tribunal-de-leiria-condena-homem-a-sete-anos-de-prisao-por-furtos-falsificacao-e-burla\/#article","isPartOf":{"@id":"https:\/\/comarcas.csm.org.pt\/leiria\/blog\/2026\/01\/22\/tribunal-de-leiria-condena-homem-a-sete-anos-de-prisao-por-furtos-falsificacao-e-burla\/"},"author":{"name":"leiria","@id":"https:\/\/comarcas.csm.org.pt\/leiria\/#\/schema\/person\/9057b6fbd670d5a2e931712cd357d806"},"headline":"Tribunal de Leiria condena homem a sete anos de pris\u00e3o por furtos, falsifica\u00e7\u00e3o e burla","datePublished":"2026-01-22T12:23:22+00:00","dateModified":"2026-01-22T12:31:32+00:00","mainEntityOfPage":{"@id":"https:\/\/comarcas.csm.org.pt\/leiria\/blog\/2026\/01\/22\/tribunal-de-leiria-condena-homem-a-sete-anos-de-prisao-por-furtos-falsificacao-e-burla\/"},"wordCount":515,"publisher":{"@id":"https:\/\/comarcas.csm.org.pt\/leiria\/#organization"},"image":{"@id":"https:\/\/comarcas.csm.org.pt\/leiria\/blog\/2026\/01\/22\/tribunal-de-leiria-condena-homem-a-sete-anos-de-prisao-por-furtos-falsificacao-e-burla\/#primaryimage"},"thumbnailUrl":"https:\/\/comarcas.csm.org.pt\/leiria\/wp-content\/uploads\/sites\/16\/2026\/01\/image.png","articleSection":["Geral","Not\u00edcias"],"inLanguage":"pt-PT"},{"@type":"WebPage","@id":"https:\/\/comarcas.csm.org.pt\/leiria\/blog\/2026\/01\/22\/tribunal-de-leiria-condena-homem-a-sete-anos-de-prisao-por-furtos-falsificacao-e-burla\/","url":"https:\/\/comarcas.csm.org.pt\/leiria\/blog\/2026\/01\/22\/tribunal-de-leiria-condena-homem-a-sete-anos-de-prisao-por-furtos-falsificacao-e-burla\/","name":"Tribunal de Leiria condena homem a sete anos de pris\u00e3o por furtos, falsifica\u00e7\u00e3o e burla - Tribunal Judicial da Comarca de Leiria","isPartOf":{"@id":"https:\/\/comarcas.csm.org.pt\/leiria\/#website"},"primaryImageOfPage":{"@id":"https:\/\/comarcas.csm.org.pt\/leiria\/blog\/2026\/01\/22\/tribunal-de-leiria-condena-homem-a-sete-anos-de-prisao-por-furtos-falsificacao-e-burla\/#primaryimage"},"image":{"@id":"https:\/\/comarcas.csm.org.pt\/leiria\/blog\/2026\/01\/22\/tribunal-de-leiria-condena-homem-a-sete-anos-de-prisao-por-furtos-falsificacao-e-burla\/#primaryimage"},"thumbnailUrl":"https:\/\/comarcas.csm.org.pt\/leiria\/wp-content\/uploads\/sites\/16\/2026\/01\/image.png","datePublished":"2026-01-22T12:23:22+00:00","dateModified":"2026-01-22T12:31:32+00:00","breadcrumb":{"@id":"https:\/\/comarcas.csm.org.pt\/leiria\/blog\/2026\/01\/22\/tribunal-de-leiria-condena-homem-a-sete-anos-de-prisao-por-furtos-falsificacao-e-burla\/#breadcrumb"},"inLanguage":"pt-PT","potentialAction":[{"@type":"ReadAction","target":["https:\/\/comarcas.csm.org.pt\/leiria\/blog\/2026\/01\/22\/tribunal-de-leiria-condena-homem-a-sete-anos-de-prisao-por-furtos-falsificacao-e-burla\/"]}]},{"@type":"ImageObject","inLanguage":"pt-PT","@id":"https:\/\/comarcas.csm.org.pt\/leiria\/blog\/2026\/01\/22\/tribunal-de-leiria-condena-homem-a-sete-anos-de-prisao-por-furtos-falsificacao-e-burla\/#primaryimage","url":"https:\/\/comarcas.csm.org.pt\/leiria\/wp-content\/uploads\/sites\/16\/2026\/01\/image.png","contentUrl":"https:\/\/comarcas.csm.org.pt\/leiria\/wp-content\/uploads\/sites\/16\/2026\/01\/image.png","width":770,"height":470},{"@type":"BreadcrumbList","@id":"https:\/\/comarcas.csm.org.pt\/leiria\/blog\/2026\/01\/22\/tribunal-de-leiria-condena-homem-a-sete-anos-de-prisao-por-furtos-falsificacao-e-burla\/#breadcrumb","itemListElement":[{"@type":"ListItem","position":1,"name":"In\u00edcio","item":"https:\/\/comarcas.csm.org.pt\/leiria\/"},{"@type":"ListItem","position":2,"name":"Tribunal de Leiria condena homem a sete anos de pris\u00e3o por furtos, falsifica\u00e7\u00e3o e burla"}]},{"@type":"WebSite","@id":"https:\/\/comarcas.csm.org.pt\/leiria\/#website","url":"https:\/\/comarcas.csm.org.pt\/leiria\/","name":"Tribunal Judicial da Comarca de Leiria","description":"Tribunal Judicial da Comarca de Aveiro","publisher":{"@id":"https:\/\/comarcas.csm.org.pt\/leiria\/#organization"},"potentialAction":[{"@type":"SearchAction","target":{"@type":"EntryPoint","urlTemplate":"https:\/\/comarcas.csm.org.pt\/leiria\/?s={search_term_string}"},"query-input":{"@type":"PropertyValueSpecification","valueRequired":true,"valueName":"search_term_string"}}],"inLanguage":"pt-PT"},{"@type":"Organization","@id":"https:\/\/comarcas.csm.org.pt\/leiria\/#organization","name":"Tribunal Judicial da Comarca de Leiria","url":"https:\/\/comarcas.csm.org.pt\/leiria\/","logo":{"@type":"ImageObject","inLanguage":"pt-PT","@id":"https:\/\/comarcas.csm.org.pt\/leiria\/#\/schema\/logo\/image\/","url":"https:\/\/comarcas.csm.org.pt\/leiria\/wp-content\/uploads\/sites\/16\/2024\/11\/Leiria_positivo-horizontal.png","contentUrl":"https:\/\/comarcas.csm.org.pt\/leiria\/wp-content\/uploads\/sites\/16\/2024\/11\/Leiria_positivo-horizontal.png","width":5088,"height":890,"caption":"Tribunal Judicial da Comarca de Leiria"},"image":{"@id":"https:\/\/comarcas.csm.org.pt\/leiria\/#\/schema\/logo\/image\/"}},{"@type":"Person","@id":"https:\/\/comarcas.csm.org.pt\/leiria\/#\/schema\/person\/9057b6fbd670d5a2e931712cd357d806","name":"leiria","image":{"@type":"ImageObject","inLanguage":"pt-PT","@id":"https:\/\/comarcas.csm.org.pt\/leiria\/#\/schema\/person\/image\/","url":"https:\/\/secure.gravatar.com\/avatar\/399a72a2630b07d71a4e0167744303361d26ed8a993be2c5686bbe5ff44b469f?s=96&d=mm&r=g","contentUrl":"https:\/\/secure.gravatar.com\/avatar\/399a72a2630b07d71a4e0167744303361d26ed8a993be2c5686bbe5ff44b469f?s=96&d=mm&r=g","caption":"leiria"},"url":"https:\/\/comarcas.csm.org.pt\/leiria\/blog\/author\/leiria\/"}]}},"_links":{"self":[{"href":"https:\/\/comarcas.csm.org.pt\/leiria\/wp-json\/wp\/v2\/posts\/13518","targetHints":{"allow":["GET"]}}],"collection":[{"href":"https:\/\/comarcas.csm.org.pt\/leiria\/wp-json\/wp\/v2\/posts"}],"about":[{"href":"https:\/\/comarcas.csm.org.pt\/leiria\/wp-json\/wp\/v2\/types\/post"}],"author":[{"embeddable":true,"href":"https:\/\/comarcas.csm.org.pt\/leiria\/wp-json\/wp\/v2\/users\/16"}],"replies":[{"embeddable":true,"href":"https:\/\/comarcas.csm.org.pt\/leiria\/wp-json\/wp\/v2\/comments?post=13518"}],"version-history":[{"count":2,"href":"https:\/\/comarcas.csm.org.pt\/leiria\/wp-json\/wp\/v2\/posts\/13518\/revisions"}],"predecessor-version":[{"id":13521,"href":"https:\/\/comarcas.csm.org.pt\/leiria\/wp-json\/wp\/v2\/posts\/13518\/revisions\/13521"}],"wp:attachment":[{"href":"https:\/\/comarcas.csm.org.pt\/leiria\/wp-json\/wp\/v2\/media?parent=13518"}],"wp:term":[{"taxonomy":"category","embeddable":true,"href":"https:\/\/comarcas.csm.org.pt\/leiria\/wp-json\/wp\/v2\/categories?post=13518"},{"taxonomy":"post_tag","embeddable":true,"href":"https:\/\/comarcas.csm.org.pt\/leiria\/wp-json\/wp\/v2\/tags?post=13518"}],"curies":[{"name":"wp","href":"https:\/\/api.w.org\/{rel}","templated":true}]}}