{"id":13522,"date":"2026-01-27T12:15:48","date_gmt":"2026-01-27T12:15:48","guid":{"rendered":"https:\/\/comarcas.csm.org.pt\/leiria\/?p=13522"},"modified":"2026-01-27T12:15:50","modified_gmt":"2026-01-27T12:15:50","slug":"sem-elevador-nem-plataforma-tribunal-de-leiria-continua-sem-acessibilidade-mesmo-depois-de-condenado","status":"publish","type":"post","link":"https:\/\/comarcas.csm.org.pt\/leiria\/blog\/2026\/01\/27\/sem-elevador-nem-plataforma-tribunal-de-leiria-continua-sem-acessibilidade-mesmo-depois-de-condenado\/","title":{"rendered":"Sem elevador nem plataforma: Tribunal de Leiria continua sem acessibilidade mesmo depois de condenado"},"content":{"rendered":"\n<p><a href=\"https:\/\/www.publico.pt\/2026\/01\/26\/local\/noticia\/elevador-plataforma-tribunal-leiria-continua-acessibilidade-condenado-2162497\">in &#8220;P\u00fablico.pt&#8221;, 26.01.2026<\/a><\/p>\n\n\n\n<p>Sem elevador nem plataforma: Tribunal de Leiria continua sem acessibilidade mesmo depois de condenado<br>Apesar de condenado por limitar o acesso a pessoas com defici\u00eancia e mobilidade reduzida, o Tribunal de Leiria nunca cumpriu a senten\u00e7a. Em Dezembro o problema agravou-se.<br><\/p>\n\n\n\n<p>Sem elevador nem plataforma: Tribunal de Leiria continua sem acessibilidade mesmo depois de condenado<br>Passaram 14 meses desde que o Tribunal de Leiria condenou o Minist\u00e9rio da Justi\u00e7a (MJ) e o Instituto de Gest\u00e3o Financeira e Equipamentos da Justi\u00e7a (IGJEF) a criar as devidas acessibilidades nos edif\u00edcios dos tribunais de Leiria, mas a senten\u00e7a nunca foi cumprida. N\u00e3o s\u00f3 o elevador continua sem funcionar, como entretanto o problema se agravou: em Dezembro passado, a plataforma que \u00e9 usada como alternativa por quem \u00e9 portador de defici\u00eancia ou mobilidade reduzida partiu-se, e desde ent\u00e3o tamb\u00e9m est\u00e1 inutilizada.<br><\/p>\n\n\n\n<p><\/p>\n\n\n\n<p><\/p>\n","protected":false},"excerpt":{"rendered":"<p>in &#8220;P\u00fablico.pt&#8221;, 26.01.2026 Sem elevador nem plataforma: Tribunal de Leiria continua sem acessibilidade mesmo depois de condenadoApesar de condenado por limitar o acesso a pessoas com defici\u00eancia e mobilidade reduzida, o Tribunal de Leiria nunca&#8230;<\/p>\n","protected":false},"author":16,"featured_media":0,"comment_status":"closed","ping_status":"open","sticky":false,"template":"","format":"standard","meta":{"_tbt_post_transparent":"","_tbt_post_title":"","_tbt_post_layout":"","_tbt_post_sidebar_id":"","_tbt_post_content_style":"","_tbt_post_vertical_padding":"","_tbt_post_feature":"","_tbt_post_feature_position":"","_tbt_post_header":false,"_tbt_post_footer":false},"categories":[1,5],"tags":[],"class_list":["post-13522","post","type-post","status-publish","format-standard","hentry","category-geral","category-noticias"],"yoast_head":"<!-- This site is optimized with the Yoast SEO plugin v25.6 - https:\/\/yoast.com\/wordpress\/plugins\/seo\/ -->\n<title>Sem elevador nem plataforma: Tribunal de Leiria continua sem acessibilidade mesmo depois de condenado - Tribunal Judicial da Comarca de Leiria<\/title>\n<meta name=\"robots\" content=\"index, follow, max-snippet:-1, max-image-preview:large, max-video-preview:-1\" \/>\n<link rel=\"canonical\" href=\"https:\/\/comarcas.csm.org.pt\/leiria\/blog\/2026\/01\/27\/sem-elevador-nem-plataforma-tribunal-de-leiria-continua-sem-acessibilidade-mesmo-depois-de-condenado\/\" \/>\n<meta property=\"og:locale\" content=\"pt_PT\" \/>\n<meta property=\"og:type\" content=\"article\" \/>\n<meta property=\"og:title\" content=\"Sem elevador nem plataforma: Tribunal de Leiria continua sem acessibilidade mesmo depois de condenado - Tribunal Judicial da Comarca de Leiria\" \/>\n<meta property=\"og:description\" content=\"in &#8220;P\u00fablico.pt&#8221;, 26.01.2026 Sem elevador nem plataforma: Tribunal de Leiria continua sem acessibilidade mesmo depois de condenadoApesar de condenado por limitar o acesso a pessoas com defici\u00eancia e mobilidade reduzida, o Tribunal de Leiria nunca...\" \/>\n<meta property=\"og:url\" content=\"https:\/\/comarcas.csm.org.pt\/leiria\/blog\/2026\/01\/27\/sem-elevador-nem-plataforma-tribunal-de-leiria-continua-sem-acessibilidade-mesmo-depois-de-condenado\/\" \/>\n<meta property=\"og:site_name\" content=\"Tribunal Judicial da Comarca de Leiria\" \/>\n<meta property=\"article:published_time\" content=\"2026-01-27T12:15:48+00:00\" \/>\n<meta property=\"article:modified_time\" content=\"2026-01-27T12:15:50+00:00\" \/>\n<meta name=\"author\" content=\"leiria\" \/>\n<meta name=\"twitter:card\" content=\"summary_large_image\" \/>\n<meta name=\"twitter:label1\" content=\"Escrito por\" \/>\n\t<meta name=\"twitter:data1\" content=\"leiria\" \/>\n\t<meta name=\"twitter:label2\" content=\"Tempo estimado de leitura\" \/>\n\t<meta name=\"twitter:data2\" content=\"1 minuto\" \/>\n<script type=\"application\/ld+json\" class=\"yoast-schema-graph\">{\"@context\":\"https:\/\/schema.org\",\"@graph\":[{\"@type\":\"Article\",\"@id\":\"https:\/\/comarcas.csm.org.pt\/leiria\/blog\/2026\/01\/27\/sem-elevador-nem-plataforma-tribunal-de-leiria-continua-sem-acessibilidade-mesmo-depois-de-condenado\/#article\",\"isPartOf\":{\"@id\":\"https:\/\/comarcas.csm.org.pt\/leiria\/blog\/2026\/01\/27\/sem-elevador-nem-plataforma-tribunal-de-leiria-continua-sem-acessibilidade-mesmo-depois-de-condenado\/\"},\"author\":{\"name\":\"leiria\",\"@id\":\"https:\/\/comarcas.csm.org.pt\/leiria\/#\/schema\/person\/9057b6fbd670d5a2e931712cd357d806\"},\"headline\":\"Sem elevador nem plataforma: Tribunal de Leiria continua sem acessibilidade mesmo depois de condenado\",\"datePublished\":\"2026-01-27T12:15:48+00:00\",\"dateModified\":\"2026-01-27T12:15:50+00:00\",\"mainEntityOfPage\":{\"@id\":\"https:\/\/comarcas.csm.org.pt\/leiria\/blog\/2026\/01\/27\/sem-elevador-nem-plataforma-tribunal-de-leiria-continua-sem-acessibilidade-mesmo-depois-de-condenado\/\"},\"wordCount\":162,\"publisher\":{\"@id\":\"https:\/\/comarcas.csm.org.pt\/leiria\/#organization\"},\"articleSection\":[\"Geral\",\"Not\u00edcias\"],\"inLanguage\":\"pt-PT\"},{\"@type\":\"WebPage\",\"@id\":\"https:\/\/comarcas.csm.org.pt\/leiria\/blog\/2026\/01\/27\/sem-elevador-nem-plataforma-tribunal-de-leiria-continua-sem-acessibilidade-mesmo-depois-de-condenado\/\",\"url\":\"https:\/\/comarcas.csm.org.pt\/leiria\/blog\/2026\/01\/27\/sem-elevador-nem-plataforma-tribunal-de-leiria-continua-sem-acessibilidade-mesmo-depois-de-condenado\/\",\"name\":\"Sem elevador nem plataforma: Tribunal de Leiria continua sem acessibilidade mesmo depois de condenado - Tribunal Judicial da Comarca de Leiria\",\"isPartOf\":{\"@id\":\"https:\/\/comarcas.csm.org.pt\/leiria\/#website\"},\"datePublished\":\"2026-01-27T12:15:48+00:00\",\"dateModified\":\"2026-01-27T12:15:50+00:00\",\"breadcrumb\":{\"@id\":\"https:\/\/comarcas.csm.org.pt\/leiria\/blog\/2026\/01\/27\/sem-elevador-nem-plataforma-tribunal-de-leiria-continua-sem-acessibilidade-mesmo-depois-de-condenado\/#breadcrumb\"},\"inLanguage\":\"pt-PT\",\"potentialAction\":[{\"@type\":\"ReadAction\",\"target\":[\"https:\/\/comarcas.csm.org.pt\/leiria\/blog\/2026\/01\/27\/sem-elevador-nem-plataforma-tribunal-de-leiria-continua-sem-acessibilidade-mesmo-depois-de-condenado\/\"]}]},{\"@type\":\"BreadcrumbList\",\"@id\":\"https:\/\/comarcas.csm.org.pt\/leiria\/blog\/2026\/01\/27\/sem-elevador-nem-plataforma-tribunal-de-leiria-continua-sem-acessibilidade-mesmo-depois-de-condenado\/#breadcrumb\",\"itemListElement\":[{\"@type\":\"ListItem\",\"position\":1,\"name\":\"In\u00edcio\",\"item\":\"https:\/\/comarcas.csm.org.pt\/leiria\/\"},{\"@type\":\"ListItem\",\"position\":2,\"name\":\"Sem elevador nem plataforma: Tribunal de Leiria continua sem acessibilidade mesmo depois de condenado\"}]},{\"@type\":\"WebSite\",\"@id\":\"https:\/\/comarcas.csm.org.pt\/leiria\/#website\",\"url\":\"https:\/\/comarcas.csm.org.pt\/leiria\/\",\"name\":\"Tribunal Judicial da Comarca de Leiria\",\"description\":\"Tribunal Judicial da Comarca de Aveiro\",\"publisher\":{\"@id\":\"https:\/\/comarcas.csm.org.pt\/leiria\/#organization\"},\"potentialAction\":[{\"@type\":\"SearchAction\",\"target\":{\"@type\":\"EntryPoint\",\"urlTemplate\":\"https:\/\/comarcas.csm.org.pt\/leiria\/?s={search_term_string}\"},\"query-input\":{\"@type\":\"PropertyValueSpecification\",\"valueRequired\":true,\"valueName\":\"search_term_string\"}}],\"inLanguage\":\"pt-PT\"},{\"@type\":\"Organization\",\"@id\":\"https:\/\/comarcas.csm.org.pt\/leiria\/#organization\",\"name\":\"Tribunal Judicial da Comarca de Leiria\",\"url\":\"https:\/\/comarcas.csm.org.pt\/leiria\/\",\"logo\":{\"@type\":\"ImageObject\",\"inLanguage\":\"pt-PT\",\"@id\":\"https:\/\/comarcas.csm.org.pt\/leiria\/#\/schema\/logo\/image\/\",\"url\":\"https:\/\/comarcas.csm.org.pt\/leiria\/wp-content\/uploads\/sites\/16\/2024\/11\/Leiria_positivo-horizontal.png\",\"contentUrl\":\"https:\/\/comarcas.csm.org.pt\/leiria\/wp-content\/uploads\/sites\/16\/2024\/11\/Leiria_positivo-horizontal.png\",\"width\":5088,\"height\":890,\"caption\":\"Tribunal Judicial da Comarca de Leiria\"},\"image\":{\"@id\":\"https:\/\/comarcas.csm.org.pt\/leiria\/#\/schema\/logo\/image\/\"}},{\"@type\":\"Person\",\"@id\":\"https:\/\/comarcas.csm.org.pt\/leiria\/#\/schema\/person\/9057b6fbd670d5a2e931712cd357d806\",\"name\":\"leiria\",\"image\":{\"@type\":\"ImageObject\",\"inLanguage\":\"pt-PT\",\"@id\":\"https:\/\/comarcas.csm.org.pt\/leiria\/#\/schema\/person\/image\/\",\"url\":\"https:\/\/secure.gravatar.com\/avatar\/399a72a2630b07d71a4e0167744303361d26ed8a993be2c5686bbe5ff44b469f?s=96&d=mm&r=g\",\"contentUrl\":\"https:\/\/secure.gravatar.com\/avatar\/399a72a2630b07d71a4e0167744303361d26ed8a993be2c5686bbe5ff44b469f?s=96&d=mm&r=g\",\"caption\":\"leiria\"},\"url\":\"https:\/\/comarcas.csm.org.pt\/leiria\/blog\/author\/leiria\/\"}]}<\/script>\n<!-- \/ Yoast SEO plugin. -->","yoast_head_json":{"title":"Sem elevador nem plataforma: Tribunal de Leiria continua sem acessibilidade mesmo depois de condenado - Tribunal Judicial da Comarca de Leiria","robots":{"index":"index","follow":"follow","max-snippet":"max-snippet:-1","max-image-preview":"max-image-preview:large","max-video-preview":"max-video-preview:-1"},"canonical":"https:\/\/comarcas.csm.org.pt\/leiria\/blog\/2026\/01\/27\/sem-elevador-nem-plataforma-tribunal-de-leiria-continua-sem-acessibilidade-mesmo-depois-de-condenado\/","og_locale":"pt_PT","og_type":"article","og_title":"Sem elevador nem plataforma: Tribunal de Leiria continua sem acessibilidade mesmo depois de condenado - Tribunal Judicial da Comarca de Leiria","og_description":"in &#8220;P\u00fablico.pt&#8221;, 26.01.2026 Sem elevador nem plataforma: Tribunal de Leiria continua sem acessibilidade mesmo depois de condenadoApesar de condenado por limitar o acesso a pessoas com defici\u00eancia e mobilidade reduzida, o Tribunal de Leiria nunca...","og_url":"https:\/\/comarcas.csm.org.pt\/leiria\/blog\/2026\/01\/27\/sem-elevador-nem-plataforma-tribunal-de-leiria-continua-sem-acessibilidade-mesmo-depois-de-condenado\/","og_site_name":"Tribunal Judicial da Comarca de Leiria","article_published_time":"2026-01-27T12:15:48+00:00","article_modified_time":"2026-01-27T12:15:50+00:00","author":"leiria","twitter_card":"summary_large_image","twitter_misc":{"Escrito por":"leiria","Tempo estimado de leitura":"1 minuto"},"schema":{"@context":"https:\/\/schema.org","@graph":[{"@type":"Article","@id":"https:\/\/comarcas.csm.org.pt\/leiria\/blog\/2026\/01\/27\/sem-elevador-nem-plataforma-tribunal-de-leiria-continua-sem-acessibilidade-mesmo-depois-de-condenado\/#article","isPartOf":{"@id":"https:\/\/comarcas.csm.org.pt\/leiria\/blog\/2026\/01\/27\/sem-elevador-nem-plataforma-tribunal-de-leiria-continua-sem-acessibilidade-mesmo-depois-de-condenado\/"},"author":{"name":"leiria","@id":"https:\/\/comarcas.csm.org.pt\/leiria\/#\/schema\/person\/9057b6fbd670d5a2e931712cd357d806"},"headline":"Sem elevador nem plataforma: Tribunal de Leiria continua sem acessibilidade mesmo depois de condenado","datePublished":"2026-01-27T12:15:48+00:00","dateModified":"2026-01-27T12:15:50+00:00","mainEntityOfPage":{"@id":"https:\/\/comarcas.csm.org.pt\/leiria\/blog\/2026\/01\/27\/sem-elevador-nem-plataforma-tribunal-de-leiria-continua-sem-acessibilidade-mesmo-depois-de-condenado\/"},"wordCount":162,"publisher":{"@id":"https:\/\/comarcas.csm.org.pt\/leiria\/#organization"},"articleSection":["Geral","Not\u00edcias"],"inLanguage":"pt-PT"},{"@type":"WebPage","@id":"https:\/\/comarcas.csm.org.pt\/leiria\/blog\/2026\/01\/27\/sem-elevador-nem-plataforma-tribunal-de-leiria-continua-sem-acessibilidade-mesmo-depois-de-condenado\/","url":"https:\/\/comarcas.csm.org.pt\/leiria\/blog\/2026\/01\/27\/sem-elevador-nem-plataforma-tribunal-de-leiria-continua-sem-acessibilidade-mesmo-depois-de-condenado\/","name":"Sem elevador nem plataforma: Tribunal de Leiria continua sem acessibilidade mesmo depois de condenado - Tribunal Judicial da Comarca de Leiria","isPartOf":{"@id":"https:\/\/comarcas.csm.org.pt\/leiria\/#website"},"datePublished":"2026-01-27T12:15:48+00:00","dateModified":"2026-01-27T12:15:50+00:00","breadcrumb":{"@id":"https:\/\/comarcas.csm.org.pt\/leiria\/blog\/2026\/01\/27\/sem-elevador-nem-plataforma-tribunal-de-leiria-continua-sem-acessibilidade-mesmo-depois-de-condenado\/#breadcrumb"},"inLanguage":"pt-PT","potentialAction":[{"@type":"ReadAction","target":["https:\/\/comarcas.csm.org.pt\/leiria\/blog\/2026\/01\/27\/sem-elevador-nem-plataforma-tribunal-de-leiria-continua-sem-acessibilidade-mesmo-depois-de-condenado\/"]}]},{"@type":"BreadcrumbList","@id":"https:\/\/comarcas.csm.org.pt\/leiria\/blog\/2026\/01\/27\/sem-elevador-nem-plataforma-tribunal-de-leiria-continua-sem-acessibilidade-mesmo-depois-de-condenado\/#breadcrumb","itemListElement":[{"@type":"ListItem","position":1,"name":"In\u00edcio","item":"https:\/\/comarcas.csm.org.pt\/leiria\/"},{"@type":"ListItem","position":2,"name":"Sem elevador nem plataforma: Tribunal de Leiria continua sem acessibilidade mesmo depois de condenado"}]},{"@type":"WebSite","@id":"https:\/\/comarcas.csm.org.pt\/leiria\/#website","url":"https:\/\/comarcas.csm.org.pt\/leiria\/","name":"Tribunal Judicial da Comarca de Leiria","description":"Tribunal Judicial da Comarca de Aveiro","publisher":{"@id":"https:\/\/comarcas.csm.org.pt\/leiria\/#organization"},"potentialAction":[{"@type":"SearchAction","target":{"@type":"EntryPoint","urlTemplate":"https:\/\/comarcas.csm.org.pt\/leiria\/?s={search_term_string}"},"query-input":{"@type":"PropertyValueSpecification","valueRequired":true,"valueName":"search_term_string"}}],"inLanguage":"pt-PT"},{"@type":"Organization","@id":"https:\/\/comarcas.csm.org.pt\/leiria\/#organization","name":"Tribunal Judicial da Comarca de Leiria","url":"https:\/\/comarcas.csm.org.pt\/leiria\/","logo":{"@type":"ImageObject","inLanguage":"pt-PT","@id":"https:\/\/comarcas.csm.org.pt\/leiria\/#\/schema\/logo\/image\/","url":"https:\/\/comarcas.csm.org.pt\/leiria\/wp-content\/uploads\/sites\/16\/2024\/11\/Leiria_positivo-horizontal.png","contentUrl":"https:\/\/comarcas.csm.org.pt\/leiria\/wp-content\/uploads\/sites\/16\/2024\/11\/Leiria_positivo-horizontal.png","width":5088,"height":890,"caption":"Tribunal Judicial da Comarca de Leiria"},"image":{"@id":"https:\/\/comarcas.csm.org.pt\/leiria\/#\/schema\/logo\/image\/"}},{"@type":"Person","@id":"https:\/\/comarcas.csm.org.pt\/leiria\/#\/schema\/person\/9057b6fbd670d5a2e931712cd357d806","name":"leiria","image":{"@type":"ImageObject","inLanguage":"pt-PT","@id":"https:\/\/comarcas.csm.org.pt\/leiria\/#\/schema\/person\/image\/","url":"https:\/\/secure.gravatar.com\/avatar\/399a72a2630b07d71a4e0167744303361d26ed8a993be2c5686bbe5ff44b469f?s=96&d=mm&r=g","contentUrl":"https:\/\/secure.gravatar.com\/avatar\/399a72a2630b07d71a4e0167744303361d26ed8a993be2c5686bbe5ff44b469f?s=96&d=mm&r=g","caption":"leiria"},"url":"https:\/\/comarcas.csm.org.pt\/leiria\/blog\/author\/leiria\/"}]}},"_links":{"self":[{"href":"https:\/\/comarcas.csm.org.pt\/leiria\/wp-json\/wp\/v2\/posts\/13522","targetHints":{"allow":["GET"]}}],"collection":[{"href":"https:\/\/comarcas.csm.org.pt\/leiria\/wp-json\/wp\/v2\/posts"}],"about":[{"href":"https:\/\/comarcas.csm.org.pt\/leiria\/wp-json\/wp\/v2\/types\/post"}],"author":[{"embeddable":true,"href":"https:\/\/comarcas.csm.org.pt\/leiria\/wp-json\/wp\/v2\/users\/16"}],"replies":[{"embeddable":true,"href":"https:\/\/comarcas.csm.org.pt\/leiria\/wp-json\/wp\/v2\/comments?post=13522"}],"version-history":[{"count":1,"href":"https:\/\/comarcas.csm.org.pt\/leiria\/wp-json\/wp\/v2\/posts\/13522\/revisions"}],"predecessor-version":[{"id":13523,"href":"https:\/\/comarcas.csm.org.pt\/leiria\/wp-json\/wp\/v2\/posts\/13522\/revisions\/13523"}],"wp:attachment":[{"href":"https:\/\/comarcas.csm.org.pt\/leiria\/wp-json\/wp\/v2\/media?parent=13522"}],"wp:term":[{"taxonomy":"category","embeddable":true,"href":"https:\/\/comarcas.csm.org.pt\/leiria\/wp-json\/wp\/v2\/categories?post=13522"},{"taxonomy":"post_tag","embeddable":true,"href":"https:\/\/comarcas.csm.org.pt\/leiria\/wp-json\/wp\/v2\/tags?post=13522"}],"curies":[{"name":"wp","href":"https:\/\/api.w.org\/{rel}","templated":true}]}}