{"id":13525,"date":"2026-02-03T16:18:36","date_gmt":"2026-02-03T16:18:36","guid":{"rendered":"https:\/\/comarcas.csm.org.pt\/leiria\/?p=13525"},"modified":"2026-02-03T16:18:37","modified_gmt":"2026-02-03T16:18:37","slug":"comarcas-de-leiria-santarem-setubal-e-coimbra-com-impactos-relevantes","status":"publish","type":"post","link":"https:\/\/comarcas.csm.org.pt\/leiria\/blog\/2026\/02\/03\/comarcas-de-leiria-santarem-setubal-e-coimbra-com-impactos-relevantes\/","title":{"rendered":"Comarcas de Leiria, Santar\u00e9m, Set\u00fabal e Coimbra com &#8220;impactos relevantes&#8221;"},"content":{"rendered":"\n<p><a href=\"https:\/\/www.noticiasaominuto.com\/pais\/2931101\/comarcas-de-leiria-santarem-setubal-e-coimbra-com-impactos-relevantes\">in &#8220;PA\u00cdSAOMINUTO.pt&#8221;, 02.02.2026<\/a><\/p>\n\n\n\n<p>O Conselho Superior da Magistratura (CSM) regista &#8220;impactos relevantes&#8221; da passagem da depress\u00e3o Kristin nas comarcas de Leiria, Set\u00fabal, Santar\u00e9m e Coimbra e admite equacionar localmente &#8220;solu\u00e7\u00f5es tempor\u00e1rias para garantir a continuidade do servi\u00e7o judicial&#8221;.<\/p>\n\n\n\n<p>Em resposta \u00e0 Lusa, o CSM adiantou que se encontra &#8220;a acompanhar, em articula\u00e7\u00e3o com os ju\u00edzes presidentes de comarca e com as entidades competentes, a situa\u00e7\u00e3o dos tribunais afetados&#8221; e que &#8220;o levantamento de danos ainda est\u00e1 em curso&#8221;, face a &#8220;constrangimentos significativos&#8221; no acesso aos edif\u00edcios, estando ainda a ser realizadas em alguns casos vistorias t\u00e9cnicas.<\/p>\n\n\n\n<p>Segundo o CSM, h\u00e1 quatro comarcas com &#8220;impactos relevantes&#8221; &#8211; Leiria, Set\u00fabal, Santar\u00e9m e Coimbra &#8211; mas com &#8220;diferentes n\u00edveis de gravidade&#8221;.<\/p>\n\n\n\n<p>&#8220;No caso da comarca de Leiria, existem edif\u00edcios com danos significativos que impediram o normal funcionamento de alguns tribunais, estando a situa\u00e7\u00e3o a ser avaliada por t\u00e9cnicos do Instituto de Gest\u00e3o Financeira e Equipamentos da Justi\u00e7a (IGFEJ), no sentido de apurar condi\u00e7\u00f5es de seguran\u00e7a e definir as medidas a adotar. Noutras comarcas, registaram-se sobretudo infiltra\u00e7\u00f5es, falhas de energia el\u00e9trica e de comunica\u00e7\u00f5es, assim como constrangimentos no funcionamento de alguns n\u00facleos&#8221;, adiantou<\/p>\n\n\n\n<p>O \u00f3rg\u00e3o de gest\u00e3o dos ju\u00edzes disse ainda estar dependente da conclus\u00e3o das vistorias t\u00e9cnicas para poder contabilizar com precis\u00e3o o total de edif\u00edcios e servi\u00e7os encerrados, o n\u00famero de dilig\u00eancias e julgamentos adiados ou fornecer uma previs\u00e3o de reabertura.<\/p>\n\n\n\n<p>&#8220;Sempre que se revele necess\u00e1rio, poder\u00e3o ser equacionadas solu\u00e7\u00f5es tempor\u00e1rias para garantir a continuidade do servi\u00e7o judicial, decis\u00f5es que s\u00e3o tomadas localmente pelos ju\u00edzes presidentes de comarca, em fun\u00e7\u00e3o das condi\u00e7\u00f5es existentes&#8221;, afirmou o CSM.<\/p>\n\n\n\n<p>Adiantou ainda estar &#8220;a articular com as entidades competentes&#8221; a garantia de &#8220;condi\u00e7\u00f5es de funcionamento adequadas dos tribunais&#8221; e prev\u00ea que o vice-presidente do Conselho, o conselheiro Lu\u00eds Azevedo Mendes, visite as \u00e1reas mais afetadas esta semana.<\/p>\n\n\n\n<p>A Lusa questionou o Minist\u00e9rio da Justi\u00e7a, que tutela o IGFEJ, sobre os impactos da tempestade e as a\u00e7\u00f5es tomadas e aguarda resposta.<\/p>\n\n\n\n<p>Nove pessoas morreram desde a semana passada na sequ\u00eancia do mau tempo. A Prote\u00e7\u00e3o Civil contabilizou cinco mortes diretamente associadas \u00e0 passagem da depress\u00e3o Kristin e a C\u00e2mara da Marinha Grande anunciou uma outra v\u00edtima mortal, a que se somaram depois tr\u00eas \u00f3bitos registados por quedas de telhados (durante repara\u00e7\u00f5es) ou intoxica\u00e7\u00e3o com origem num gerador.<\/p>\n\n\n\n<p>A destrui\u00e7\u00e3o total ou parcial de casas, empresas e equipamentos, quedas de \u00e1rvores e de estruturas, cortes ou condicionamentos de estradas e servi\u00e7os de transporte, em especial linhas ferrovi\u00e1rias, o fecho de escolas e cortes de energia, \u00e1gua e comunica\u00e7\u00f5es s\u00e3o as principais consequ\u00eancias materiais do temporal, que provocou algumas centenas de feridos e desalojados.<\/p>\n\n\n\n<p>Leiria, Coimbra e Santar\u00e9m s\u00e3o os distritos com mais estragos.<\/p>\n\n\n\n<p>O Governo decretou situa\u00e7\u00e3o de calamidade at\u00e9 ao pr\u00f3ximo domingo para 69 concelhos e anunciou um pacote de medidas de apoio at\u00e9 2,5 mil milh\u00f5es de euros.<\/p>\n\n\n\n<p><\/p>\n","protected":false},"excerpt":{"rendered":"<p>in &#8220;PA\u00cdSAOMINUTO.pt&#8221;, 02.02.2026 O Conselho Superior da Magistratura (CSM) regista &#8220;impactos relevantes&#8221; da passagem da depress\u00e3o Kristin nas comarcas de Leiria, Set\u00fabal, Santar\u00e9m e Coimbra e admite equacionar localmente &#8220;solu\u00e7\u00f5es tempor\u00e1rias para garantir a continuidade&#8230;<\/p>\n","protected":false},"author":16,"featured_media":0,"comment_status":"closed","ping_status":"open","sticky":false,"template":"","format":"standard","meta":{"_tbt_post_transparent":"","_tbt_post_title":"","_tbt_post_layout":"","_tbt_post_sidebar_id":"","_tbt_post_content_style":"","_tbt_post_vertical_padding":"","_tbt_post_feature":"","_tbt_post_feature_position":"","_tbt_post_header":false,"_tbt_post_footer":false},"categories":[1,5],"tags":[],"class_list":["post-13525","post","type-post","status-publish","format-standard","hentry","category-geral","category-noticias"],"yoast_head":"<!-- This site is optimized with the Yoast SEO plugin v25.6 - https:\/\/yoast.com\/wordpress\/plugins\/seo\/ -->\n<title>Comarcas de Leiria, Santar\u00e9m, Set\u00fabal e Coimbra com &quot;impactos relevantes&quot; - Tribunal Judicial da Comarca de Leiria<\/title>\n<meta name=\"robots\" content=\"index, follow, max-snippet:-1, max-image-preview:large, max-video-preview:-1\" \/>\n<link rel=\"canonical\" href=\"https:\/\/comarcas.csm.org.pt\/leiria\/blog\/2026\/02\/03\/comarcas-de-leiria-santarem-setubal-e-coimbra-com-impactos-relevantes\/\" \/>\n<meta property=\"og:locale\" content=\"pt_PT\" \/>\n<meta property=\"og:type\" content=\"article\" \/>\n<meta property=\"og:title\" content=\"Comarcas de Leiria, Santar\u00e9m, Set\u00fabal e Coimbra com &quot;impactos relevantes&quot; - Tribunal Judicial da Comarca de Leiria\" \/>\n<meta property=\"og:description\" content=\"in &#8220;PA\u00cdSAOMINUTO.pt&#8221;, 02.02.2026 O Conselho Superior da Magistratura (CSM) regista &#8220;impactos relevantes&#8221; da passagem da depress\u00e3o Kristin nas comarcas de Leiria, Set\u00fabal, Santar\u00e9m e Coimbra e admite equacionar localmente &#8220;solu\u00e7\u00f5es tempor\u00e1rias para garantir a continuidade...\" \/>\n<meta property=\"og:url\" content=\"https:\/\/comarcas.csm.org.pt\/leiria\/blog\/2026\/02\/03\/comarcas-de-leiria-santarem-setubal-e-coimbra-com-impactos-relevantes\/\" \/>\n<meta property=\"og:site_name\" content=\"Tribunal Judicial da Comarca de Leiria\" \/>\n<meta property=\"article:published_time\" content=\"2026-02-03T16:18:36+00:00\" \/>\n<meta property=\"article:modified_time\" content=\"2026-02-03T16:18:37+00:00\" \/>\n<meta name=\"author\" content=\"leiria\" \/>\n<meta name=\"twitter:card\" content=\"summary_large_image\" \/>\n<meta name=\"twitter:label1\" content=\"Escrito por\" \/>\n\t<meta name=\"twitter:data1\" content=\"leiria\" \/>\n\t<meta name=\"twitter:label2\" content=\"Tempo estimado de leitura\" \/>\n\t<meta name=\"twitter:data2\" content=\"3 minutos\" \/>\n<script type=\"application\/ld+json\" class=\"yoast-schema-graph\">{\"@context\":\"https:\/\/schema.org\",\"@graph\":[{\"@type\":\"Article\",\"@id\":\"https:\/\/comarcas.csm.org.pt\/leiria\/blog\/2026\/02\/03\/comarcas-de-leiria-santarem-setubal-e-coimbra-com-impactos-relevantes\/#article\",\"isPartOf\":{\"@id\":\"https:\/\/comarcas.csm.org.pt\/leiria\/blog\/2026\/02\/03\/comarcas-de-leiria-santarem-setubal-e-coimbra-com-impactos-relevantes\/\"},\"author\":{\"name\":\"leiria\",\"@id\":\"https:\/\/comarcas.csm.org.pt\/leiria\/#\/schema\/person\/9057b6fbd670d5a2e931712cd357d806\"},\"headline\":\"Comarcas de Leiria, Santar\u00e9m, Set\u00fabal e Coimbra com &#8220;impactos relevantes&#8221;\",\"datePublished\":\"2026-02-03T16:18:36+00:00\",\"dateModified\":\"2026-02-03T16:18:37+00:00\",\"mainEntityOfPage\":{\"@id\":\"https:\/\/comarcas.csm.org.pt\/leiria\/blog\/2026\/02\/03\/comarcas-de-leiria-santarem-setubal-e-coimbra-com-impactos-relevantes\/\"},\"wordCount\":551,\"publisher\":{\"@id\":\"https:\/\/comarcas.csm.org.pt\/leiria\/#organization\"},\"articleSection\":[\"Geral\",\"Not\u00edcias\"],\"inLanguage\":\"pt-PT\"},{\"@type\":\"WebPage\",\"@id\":\"https:\/\/comarcas.csm.org.pt\/leiria\/blog\/2026\/02\/03\/comarcas-de-leiria-santarem-setubal-e-coimbra-com-impactos-relevantes\/\",\"url\":\"https:\/\/comarcas.csm.org.pt\/leiria\/blog\/2026\/02\/03\/comarcas-de-leiria-santarem-setubal-e-coimbra-com-impactos-relevantes\/\",\"name\":\"Comarcas de Leiria, Santar\u00e9m, Set\u00fabal e Coimbra com \\\"impactos relevantes\\\" - Tribunal Judicial da Comarca de Leiria\",\"isPartOf\":{\"@id\":\"https:\/\/comarcas.csm.org.pt\/leiria\/#website\"},\"datePublished\":\"2026-02-03T16:18:36+00:00\",\"dateModified\":\"2026-02-03T16:18:37+00:00\",\"breadcrumb\":{\"@id\":\"https:\/\/comarcas.csm.org.pt\/leiria\/blog\/2026\/02\/03\/comarcas-de-leiria-santarem-setubal-e-coimbra-com-impactos-relevantes\/#breadcrumb\"},\"inLanguage\":\"pt-PT\",\"potentialAction\":[{\"@type\":\"ReadAction\",\"target\":[\"https:\/\/comarcas.csm.org.pt\/leiria\/blog\/2026\/02\/03\/comarcas-de-leiria-santarem-setubal-e-coimbra-com-impactos-relevantes\/\"]}]},{\"@type\":\"BreadcrumbList\",\"@id\":\"https:\/\/comarcas.csm.org.pt\/leiria\/blog\/2026\/02\/03\/comarcas-de-leiria-santarem-setubal-e-coimbra-com-impactos-relevantes\/#breadcrumb\",\"itemListElement\":[{\"@type\":\"ListItem\",\"position\":1,\"name\":\"In\u00edcio\",\"item\":\"https:\/\/comarcas.csm.org.pt\/leiria\/\"},{\"@type\":\"ListItem\",\"position\":2,\"name\":\"Comarcas de Leiria, Santar\u00e9m, Set\u00fabal e Coimbra com &#8220;impactos relevantes&#8221;\"}]},{\"@type\":\"WebSite\",\"@id\":\"https:\/\/comarcas.csm.org.pt\/leiria\/#website\",\"url\":\"https:\/\/comarcas.csm.org.pt\/leiria\/\",\"name\":\"Tribunal Judicial da Comarca de Leiria\",\"description\":\"Tribunal Judicial da Comarca de Aveiro\",\"publisher\":{\"@id\":\"https:\/\/comarcas.csm.org.pt\/leiria\/#organization\"},\"potentialAction\":[{\"@type\":\"SearchAction\",\"target\":{\"@type\":\"EntryPoint\",\"urlTemplate\":\"https:\/\/comarcas.csm.org.pt\/leiria\/?s={search_term_string}\"},\"query-input\":{\"@type\":\"PropertyValueSpecification\",\"valueRequired\":true,\"valueName\":\"search_term_string\"}}],\"inLanguage\":\"pt-PT\"},{\"@type\":\"Organization\",\"@id\":\"https:\/\/comarcas.csm.org.pt\/leiria\/#organization\",\"name\":\"Tribunal Judicial da Comarca de Leiria\",\"url\":\"https:\/\/comarcas.csm.org.pt\/leiria\/\",\"logo\":{\"@type\":\"ImageObject\",\"inLanguage\":\"pt-PT\",\"@id\":\"https:\/\/comarcas.csm.org.pt\/leiria\/#\/schema\/logo\/image\/\",\"url\":\"https:\/\/comarcas.csm.org.pt\/leiria\/wp-content\/uploads\/sites\/16\/2024\/11\/Leiria_positivo-horizontal.png\",\"contentUrl\":\"https:\/\/comarcas.csm.org.pt\/leiria\/wp-content\/uploads\/sites\/16\/2024\/11\/Leiria_positivo-horizontal.png\",\"width\":5088,\"height\":890,\"caption\":\"Tribunal Judicial da Comarca de Leiria\"},\"image\":{\"@id\":\"https:\/\/comarcas.csm.org.pt\/leiria\/#\/schema\/logo\/image\/\"}},{\"@type\":\"Person\",\"@id\":\"https:\/\/comarcas.csm.org.pt\/leiria\/#\/schema\/person\/9057b6fbd670d5a2e931712cd357d806\",\"name\":\"leiria\",\"image\":{\"@type\":\"ImageObject\",\"inLanguage\":\"pt-PT\",\"@id\":\"https:\/\/comarcas.csm.org.pt\/leiria\/#\/schema\/person\/image\/\",\"url\":\"https:\/\/secure.gravatar.com\/avatar\/399a72a2630b07d71a4e0167744303361d26ed8a993be2c5686bbe5ff44b469f?s=96&d=mm&r=g\",\"contentUrl\":\"https:\/\/secure.gravatar.com\/avatar\/399a72a2630b07d71a4e0167744303361d26ed8a993be2c5686bbe5ff44b469f?s=96&d=mm&r=g\",\"caption\":\"leiria\"},\"url\":\"https:\/\/comarcas.csm.org.pt\/leiria\/blog\/author\/leiria\/\"}]}<\/script>\n<!-- \/ Yoast SEO plugin. -->","yoast_head_json":{"title":"Comarcas de Leiria, Santar\u00e9m, Set\u00fabal e Coimbra com \"impactos relevantes\" - Tribunal Judicial da Comarca de Leiria","robots":{"index":"index","follow":"follow","max-snippet":"max-snippet:-1","max-image-preview":"max-image-preview:large","max-video-preview":"max-video-preview:-1"},"canonical":"https:\/\/comarcas.csm.org.pt\/leiria\/blog\/2026\/02\/03\/comarcas-de-leiria-santarem-setubal-e-coimbra-com-impactos-relevantes\/","og_locale":"pt_PT","og_type":"article","og_title":"Comarcas de Leiria, Santar\u00e9m, Set\u00fabal e Coimbra com \"impactos relevantes\" - Tribunal Judicial da Comarca de Leiria","og_description":"in &#8220;PA\u00cdSAOMINUTO.pt&#8221;, 02.02.2026 O Conselho Superior da Magistratura (CSM) regista &#8220;impactos relevantes&#8221; da passagem da depress\u00e3o Kristin nas comarcas de Leiria, Set\u00fabal, Santar\u00e9m e Coimbra e admite equacionar localmente &#8220;solu\u00e7\u00f5es tempor\u00e1rias para garantir a continuidade...","og_url":"https:\/\/comarcas.csm.org.pt\/leiria\/blog\/2026\/02\/03\/comarcas-de-leiria-santarem-setubal-e-coimbra-com-impactos-relevantes\/","og_site_name":"Tribunal Judicial da Comarca de Leiria","article_published_time":"2026-02-03T16:18:36+00:00","article_modified_time":"2026-02-03T16:18:37+00:00","author":"leiria","twitter_card":"summary_large_image","twitter_misc":{"Escrito por":"leiria","Tempo estimado de leitura":"3 minutos"},"schema":{"@context":"https:\/\/schema.org","@graph":[{"@type":"Article","@id":"https:\/\/comarcas.csm.org.pt\/leiria\/blog\/2026\/02\/03\/comarcas-de-leiria-santarem-setubal-e-coimbra-com-impactos-relevantes\/#article","isPartOf":{"@id":"https:\/\/comarcas.csm.org.pt\/leiria\/blog\/2026\/02\/03\/comarcas-de-leiria-santarem-setubal-e-coimbra-com-impactos-relevantes\/"},"author":{"name":"leiria","@id":"https:\/\/comarcas.csm.org.pt\/leiria\/#\/schema\/person\/9057b6fbd670d5a2e931712cd357d806"},"headline":"Comarcas de Leiria, Santar\u00e9m, Set\u00fabal e Coimbra com &#8220;impactos relevantes&#8221;","datePublished":"2026-02-03T16:18:36+00:00","dateModified":"2026-02-03T16:18:37+00:00","mainEntityOfPage":{"@id":"https:\/\/comarcas.csm.org.pt\/leiria\/blog\/2026\/02\/03\/comarcas-de-leiria-santarem-setubal-e-coimbra-com-impactos-relevantes\/"},"wordCount":551,"publisher":{"@id":"https:\/\/comarcas.csm.org.pt\/leiria\/#organization"},"articleSection":["Geral","Not\u00edcias"],"inLanguage":"pt-PT"},{"@type":"WebPage","@id":"https:\/\/comarcas.csm.org.pt\/leiria\/blog\/2026\/02\/03\/comarcas-de-leiria-santarem-setubal-e-coimbra-com-impactos-relevantes\/","url":"https:\/\/comarcas.csm.org.pt\/leiria\/blog\/2026\/02\/03\/comarcas-de-leiria-santarem-setubal-e-coimbra-com-impactos-relevantes\/","name":"Comarcas de Leiria, Santar\u00e9m, Set\u00fabal e Coimbra com \"impactos relevantes\" - Tribunal Judicial da Comarca de Leiria","isPartOf":{"@id":"https:\/\/comarcas.csm.org.pt\/leiria\/#website"},"datePublished":"2026-02-03T16:18:36+00:00","dateModified":"2026-02-03T16:18:37+00:00","breadcrumb":{"@id":"https:\/\/comarcas.csm.org.pt\/leiria\/blog\/2026\/02\/03\/comarcas-de-leiria-santarem-setubal-e-coimbra-com-impactos-relevantes\/#breadcrumb"},"inLanguage":"pt-PT","potentialAction":[{"@type":"ReadAction","target":["https:\/\/comarcas.csm.org.pt\/leiria\/blog\/2026\/02\/03\/comarcas-de-leiria-santarem-setubal-e-coimbra-com-impactos-relevantes\/"]}]},{"@type":"BreadcrumbList","@id":"https:\/\/comarcas.csm.org.pt\/leiria\/blog\/2026\/02\/03\/comarcas-de-leiria-santarem-setubal-e-coimbra-com-impactos-relevantes\/#breadcrumb","itemListElement":[{"@type":"ListItem","position":1,"name":"In\u00edcio","item":"https:\/\/comarcas.csm.org.pt\/leiria\/"},{"@type":"ListItem","position":2,"name":"Comarcas de Leiria, Santar\u00e9m, Set\u00fabal e Coimbra com &#8220;impactos relevantes&#8221;"}]},{"@type":"WebSite","@id":"https:\/\/comarcas.csm.org.pt\/leiria\/#website","url":"https:\/\/comarcas.csm.org.pt\/leiria\/","name":"Tribunal Judicial da Comarca de Leiria","description":"Tribunal Judicial da Comarca de Aveiro","publisher":{"@id":"https:\/\/comarcas.csm.org.pt\/leiria\/#organization"},"potentialAction":[{"@type":"SearchAction","target":{"@type":"EntryPoint","urlTemplate":"https:\/\/comarcas.csm.org.pt\/leiria\/?s={search_term_string}"},"query-input":{"@type":"PropertyValueSpecification","valueRequired":true,"valueName":"search_term_string"}}],"inLanguage":"pt-PT"},{"@type":"Organization","@id":"https:\/\/comarcas.csm.org.pt\/leiria\/#organization","name":"Tribunal Judicial da Comarca de Leiria","url":"https:\/\/comarcas.csm.org.pt\/leiria\/","logo":{"@type":"ImageObject","inLanguage":"pt-PT","@id":"https:\/\/comarcas.csm.org.pt\/leiria\/#\/schema\/logo\/image\/","url":"https:\/\/comarcas.csm.org.pt\/leiria\/wp-content\/uploads\/sites\/16\/2024\/11\/Leiria_positivo-horizontal.png","contentUrl":"https:\/\/comarcas.csm.org.pt\/leiria\/wp-content\/uploads\/sites\/16\/2024\/11\/Leiria_positivo-horizontal.png","width":5088,"height":890,"caption":"Tribunal Judicial da Comarca de Leiria"},"image":{"@id":"https:\/\/comarcas.csm.org.pt\/leiria\/#\/schema\/logo\/image\/"}},{"@type":"Person","@id":"https:\/\/comarcas.csm.org.pt\/leiria\/#\/schema\/person\/9057b6fbd670d5a2e931712cd357d806","name":"leiria","image":{"@type":"ImageObject","inLanguage":"pt-PT","@id":"https:\/\/comarcas.csm.org.pt\/leiria\/#\/schema\/person\/image\/","url":"https:\/\/secure.gravatar.com\/avatar\/399a72a2630b07d71a4e0167744303361d26ed8a993be2c5686bbe5ff44b469f?s=96&d=mm&r=g","contentUrl":"https:\/\/secure.gravatar.com\/avatar\/399a72a2630b07d71a4e0167744303361d26ed8a993be2c5686bbe5ff44b469f?s=96&d=mm&r=g","caption":"leiria"},"url":"https:\/\/comarcas.csm.org.pt\/leiria\/blog\/author\/leiria\/"}]}},"_links":{"self":[{"href":"https:\/\/comarcas.csm.org.pt\/leiria\/wp-json\/wp\/v2\/posts\/13525","targetHints":{"allow":["GET"]}}],"collection":[{"href":"https:\/\/comarcas.csm.org.pt\/leiria\/wp-json\/wp\/v2\/posts"}],"about":[{"href":"https:\/\/comarcas.csm.org.pt\/leiria\/wp-json\/wp\/v2\/types\/post"}],"author":[{"embeddable":true,"href":"https:\/\/comarcas.csm.org.pt\/leiria\/wp-json\/wp\/v2\/users\/16"}],"replies":[{"embeddable":true,"href":"https:\/\/comarcas.csm.org.pt\/leiria\/wp-json\/wp\/v2\/comments?post=13525"}],"version-history":[{"count":1,"href":"https:\/\/comarcas.csm.org.pt\/leiria\/wp-json\/wp\/v2\/posts\/13525\/revisions"}],"predecessor-version":[{"id":13526,"href":"https:\/\/comarcas.csm.org.pt\/leiria\/wp-json\/wp\/v2\/posts\/13525\/revisions\/13526"}],"wp:attachment":[{"href":"https:\/\/comarcas.csm.org.pt\/leiria\/wp-json\/wp\/v2\/media?parent=13525"}],"wp:term":[{"taxonomy":"category","embeddable":true,"href":"https:\/\/comarcas.csm.org.pt\/leiria\/wp-json\/wp\/v2\/categories?post=13525"},{"taxonomy":"post_tag","embeddable":true,"href":"https:\/\/comarcas.csm.org.pt\/leiria\/wp-json\/wp\/v2\/tags?post=13525"}],"curies":[{"name":"wp","href":"https:\/\/api.w.org\/{rel}","templated":true}]}}