{"id":13531,"date":"2026-02-05T16:42:26","date_gmt":"2026-02-05T16:42:26","guid":{"rendered":"https:\/\/comarcas.csm.org.pt\/leiria\/?p=13531"},"modified":"2026-02-05T16:42:27","modified_gmt":"2026-02-05T16:42:27","slug":"ordem-pede-a-justica-medidas-urgentes-que-acautelem-funcionamento-dos-tribunais-em-plena-situacao-de-calamidade","status":"publish","type":"post","link":"https:\/\/comarcas.csm.org.pt\/leiria\/blog\/2026\/02\/05\/ordem-pede-a-justica-medidas-urgentes-que-acautelem-funcionamento-dos-tribunais-em-plena-situacao-de-calamidade\/","title":{"rendered":"Ordem pede \u00e0 Justi\u00e7a medidas urgentes que acautelem funcionamento dos tribunais em plena situa\u00e7\u00e3o de calamidade"},"content":{"rendered":"\n<p><a href=\"https:\/\/jornaleconomico.sapo.pt\/noticias\/ordem-pede-a-justica-medidas-urgentes-que-acautelem-funcionamento-dos-tribunais-em-plena-situacao-de-calamidade\/#goog_rewarded\">in &#8220;O Jornal Econ\u00f3mico.pt&#8221;, 30.01.2026<\/a><\/p>\n\n\n\n<p>\u201c\u00c9 um fen\u00f3meno excecional que exige uma resposta proporcional no plano da justi\u00e7a\u201d, l\u00ea-se num comunicado emitido pela entidade presidida pelo Baston\u00e1rio Jo\u00e3o Massano, que sublinha a necessidade de adaptar a \u201catividade judici\u00e1ria \u00e0s restri\u00e7\u00f5es objetivas verificadas\u201d durante um \u201cper\u00edodo estritamente necess\u00e1rio\u201d nos cerca de 60 munic\u00edpios mais atingidos pela tempestade.\u00a0<\/p>\n\n\n\n<p>A Ordem dos Advogados (OA) solicitou ao Minist\u00e9rio da Justi\u00e7a que acautele o funcionamento do sistema judicial nas comarcas abrangidas pela situa\u00e7\u00e3o de calamidade decretada ap\u00f3s a depress\u00e3o Kristin, propondo a ado\u00e7\u00e3o tempor\u00e1ria de um conjunto de medidas normativas espec\u00edficas.<\/p>\n\n\n\n<p>\u201c\u00c9 um fen\u00f3meno excecional que exige uma resposta proporcional no plano da justi\u00e7a\u201d, l\u00ea-se num comunicado emitido pela entidade presidida pelo Baston\u00e1rio Jo\u00e3o Massano, que sublinha a necessidade de adaptar a \u201catividade judici\u00e1ria \u00e0s restri\u00e7\u00f5es objetivas verificadas\u201d durante um \u201cper\u00edodo estritamente necess\u00e1rio\u201d nos cerca de 60 munic\u00edpios mais atingidos pela tempestade.&nbsp;<\/p>\n\n\n\n<p>No of\u00edcio enviado \u00e0 tutela de Rita Alarc\u00e3o J\u00fadice, a OA pede que se promova a&nbsp;\u201csuspens\u00e3o e gest\u00e3o de prazos processuais, pelos constrangimentos ao acesso e utiliza\u00e7\u00e3o do sistema inform\u00e1tico de suporte \u00e0 atividade dos tribunais (CITIUS), bem como a impossibilidade pr\u00e1tica de atos processuais por efeitos diretos do temporal (vias intransit\u00e1veis, encerramento de edif\u00edcios judiciais, falhas de energia e telecomunica\u00e7\u00f5es)\u201d, as \u201cdilig\u00eancias presenciais e alternativas tecnol\u00f3gicas, por exemplo, convers\u00e3o preferencial de dilig\u00eancias para videoconfer\u00eancia, sempre que juridicamente admiss\u00edvel e tecnicamente vi\u00e1vel\u201d e a \u201ccontinuidade de servi\u00e7o e atendimento m\u00ednimo, com a defini\u00e7\u00e3o de regimes de funcionamento m\u00ednimo dos tribunais e servi\u00e7os do Minist\u00e9rio P\u00fablico nas zonas afetadas, com canais alternativos para entrega de pe\u00e7as urgentes e indica\u00e7\u00e3o de contactos de conting\u00eancia em caso de encerramento f\u00edsico\u201d.<\/p>\n\n\n\n<p>A associa\u00e7\u00e3o p\u00fablica dos profissionais da advocacia solicita, ainda, que o Minist\u00e9rio da Justi\u00e7a privilegie a \u201cresili\u00eancia tecnol\u00f3gica, com o refor\u00e7o das infraestruturas cr\u00edticas (Citius, SITAF, plataformas de videoconfer\u00eancia) e defini\u00e7\u00e3o de protocolos de conting\u00eancia para falhas de energia e comunica\u00e7\u00f5es\u201d e a \u201ccoordena\u00e7\u00e3o institucional e seguran\u00e7a jur\u00eddica, atrav\u00e9s de orienta\u00e7\u00f5es articuladas com o Conselho Superior da Magistratura, o Conselho Superior dos Tribunais Administrativos e Fiscais, a Procuradoria Geral da Rep\u00fablica, o IGFEJ e a DGAJ, garantindo uniformidade nacional e proporcionalidade local\u201d.<\/p>\n\n\n\n<p>Desta forma, justifica o Baston\u00e1rio, \u00e9 garantido o acesso ao direito e aos tribunais, conforme o artigo 20.\u00ba da Constitui\u00e7\u00e3o da Rep\u00fablica Portuguesa, a previsibilidade e confian\u00e7a leg\u00edtima na contagem de prazos, a prote\u00e7\u00e3o da seguran\u00e7a e sa\u00fade de magistrados, advogados, funcion\u00e1rios, demais profissionais forenses e utentes, bem como a a continuidade da fun\u00e7\u00e3o jurisdicional perante restri\u00e7\u00f5es objetivas decorrentes de fen\u00f3meno meteorol\u00f3gico de gravidade excecional.<\/p>\n\n\n\n<p><\/p>\n","protected":false},"excerpt":{"rendered":"<p>in &#8220;O Jornal Econ\u00f3mico.pt&#8221;, 30.01.2026 \u201c\u00c9 um fen\u00f3meno excecional que exige uma resposta proporcional no plano da justi\u00e7a\u201d, l\u00ea-se num comunicado emitido pela entidade presidida pelo Baston\u00e1rio Jo\u00e3o Massano, que sublinha a necessidade de adaptar&#8230;<\/p>\n","protected":false},"author":16,"featured_media":0,"comment_status":"closed","ping_status":"open","sticky":false,"template":"","format":"standard","meta":{"_tbt_post_transparent":"","_tbt_post_title":"","_tbt_post_layout":"","_tbt_post_sidebar_id":"","_tbt_post_content_style":"","_tbt_post_vertical_padding":"","_tbt_post_feature":"","_tbt_post_feature_position":"","_tbt_post_header":false,"_tbt_post_footer":false},"categories":[1,5],"tags":[],"class_list":["post-13531","post","type-post","status-publish","format-standard","hentry","category-geral","category-noticias"],"yoast_head":"<!-- This site is optimized with the Yoast SEO plugin v25.6 - https:\/\/yoast.com\/wordpress\/plugins\/seo\/ -->\n<title>Ordem pede \u00e0 Justi\u00e7a medidas urgentes que acautelem funcionamento dos tribunais em plena situa\u00e7\u00e3o de calamidade - Tribunal Judicial da Comarca de Leiria<\/title>\n<meta name=\"robots\" content=\"index, follow, max-snippet:-1, max-image-preview:large, max-video-preview:-1\" \/>\n<link rel=\"canonical\" href=\"https:\/\/comarcas.csm.org.pt\/leiria\/blog\/2026\/02\/05\/ordem-pede-a-justica-medidas-urgentes-que-acautelem-funcionamento-dos-tribunais-em-plena-situacao-de-calamidade\/\" \/>\n<meta property=\"og:locale\" content=\"pt_PT\" \/>\n<meta property=\"og:type\" content=\"article\" \/>\n<meta property=\"og:title\" content=\"Ordem pede \u00e0 Justi\u00e7a medidas urgentes que acautelem funcionamento dos tribunais em plena situa\u00e7\u00e3o de calamidade - Tribunal Judicial da Comarca de Leiria\" \/>\n<meta property=\"og:description\" content=\"in &#8220;O Jornal Econ\u00f3mico.pt&#8221;, 30.01.2026 \u201c\u00c9 um fen\u00f3meno excecional que exige uma resposta proporcional no plano da justi\u00e7a\u201d, l\u00ea-se num comunicado emitido pela entidade presidida pelo Baston\u00e1rio Jo\u00e3o Massano, que sublinha a necessidade de adaptar...\" \/>\n<meta property=\"og:url\" content=\"https:\/\/comarcas.csm.org.pt\/leiria\/blog\/2026\/02\/05\/ordem-pede-a-justica-medidas-urgentes-que-acautelem-funcionamento-dos-tribunais-em-plena-situacao-de-calamidade\/\" \/>\n<meta property=\"og:site_name\" content=\"Tribunal Judicial da Comarca de Leiria\" \/>\n<meta property=\"article:published_time\" content=\"2026-02-05T16:42:26+00:00\" \/>\n<meta property=\"article:modified_time\" content=\"2026-02-05T16:42:27+00:00\" \/>\n<meta name=\"author\" content=\"leiria\" \/>\n<meta name=\"twitter:card\" content=\"summary_large_image\" \/>\n<meta name=\"twitter:label1\" content=\"Escrito por\" \/>\n\t<meta name=\"twitter:data1\" content=\"leiria\" \/>\n\t<meta name=\"twitter:label2\" content=\"Tempo estimado de leitura\" \/>\n\t<meta name=\"twitter:data2\" content=\"3 minutos\" \/>\n<script type=\"application\/ld+json\" class=\"yoast-schema-graph\">{\"@context\":\"https:\/\/schema.org\",\"@graph\":[{\"@type\":\"Article\",\"@id\":\"https:\/\/comarcas.csm.org.pt\/leiria\/blog\/2026\/02\/05\/ordem-pede-a-justica-medidas-urgentes-que-acautelem-funcionamento-dos-tribunais-em-plena-situacao-de-calamidade\/#article\",\"isPartOf\":{\"@id\":\"https:\/\/comarcas.csm.org.pt\/leiria\/blog\/2026\/02\/05\/ordem-pede-a-justica-medidas-urgentes-que-acautelem-funcionamento-dos-tribunais-em-plena-situacao-de-calamidade\/\"},\"author\":{\"name\":\"leiria\",\"@id\":\"https:\/\/comarcas.csm.org.pt\/leiria\/#\/schema\/person\/9057b6fbd670d5a2e931712cd357d806\"},\"headline\":\"Ordem pede \u00e0 Justi\u00e7a medidas urgentes que acautelem funcionamento dos tribunais em plena situa\u00e7\u00e3o de calamidade\",\"datePublished\":\"2026-02-05T16:42:26+00:00\",\"dateModified\":\"2026-02-05T16:42:27+00:00\",\"mainEntityOfPage\":{\"@id\":\"https:\/\/comarcas.csm.org.pt\/leiria\/blog\/2026\/02\/05\/ordem-pede-a-justica-medidas-urgentes-que-acautelem-funcionamento-dos-tribunais-em-plena-situacao-de-calamidade\/\"},\"wordCount\":522,\"publisher\":{\"@id\":\"https:\/\/comarcas.csm.org.pt\/leiria\/#organization\"},\"articleSection\":[\"Geral\",\"Not\u00edcias\"],\"inLanguage\":\"pt-PT\"},{\"@type\":\"WebPage\",\"@id\":\"https:\/\/comarcas.csm.org.pt\/leiria\/blog\/2026\/02\/05\/ordem-pede-a-justica-medidas-urgentes-que-acautelem-funcionamento-dos-tribunais-em-plena-situacao-de-calamidade\/\",\"url\":\"https:\/\/comarcas.csm.org.pt\/leiria\/blog\/2026\/02\/05\/ordem-pede-a-justica-medidas-urgentes-que-acautelem-funcionamento-dos-tribunais-em-plena-situacao-de-calamidade\/\",\"name\":\"Ordem pede \u00e0 Justi\u00e7a medidas urgentes que acautelem funcionamento dos tribunais em plena situa\u00e7\u00e3o de calamidade - Tribunal Judicial da Comarca de Leiria\",\"isPartOf\":{\"@id\":\"https:\/\/comarcas.csm.org.pt\/leiria\/#website\"},\"datePublished\":\"2026-02-05T16:42:26+00:00\",\"dateModified\":\"2026-02-05T16:42:27+00:00\",\"breadcrumb\":{\"@id\":\"https:\/\/comarcas.csm.org.pt\/leiria\/blog\/2026\/02\/05\/ordem-pede-a-justica-medidas-urgentes-que-acautelem-funcionamento-dos-tribunais-em-plena-situacao-de-calamidade\/#breadcrumb\"},\"inLanguage\":\"pt-PT\",\"potentialAction\":[{\"@type\":\"ReadAction\",\"target\":[\"https:\/\/comarcas.csm.org.pt\/leiria\/blog\/2026\/02\/05\/ordem-pede-a-justica-medidas-urgentes-que-acautelem-funcionamento-dos-tribunais-em-plena-situacao-de-calamidade\/\"]}]},{\"@type\":\"BreadcrumbList\",\"@id\":\"https:\/\/comarcas.csm.org.pt\/leiria\/blog\/2026\/02\/05\/ordem-pede-a-justica-medidas-urgentes-que-acautelem-funcionamento-dos-tribunais-em-plena-situacao-de-calamidade\/#breadcrumb\",\"itemListElement\":[{\"@type\":\"ListItem\",\"position\":1,\"name\":\"In\u00edcio\",\"item\":\"https:\/\/comarcas.csm.org.pt\/leiria\/\"},{\"@type\":\"ListItem\",\"position\":2,\"name\":\"Ordem pede \u00e0 Justi\u00e7a medidas urgentes que acautelem funcionamento dos tribunais em plena situa\u00e7\u00e3o de calamidade\"}]},{\"@type\":\"WebSite\",\"@id\":\"https:\/\/comarcas.csm.org.pt\/leiria\/#website\",\"url\":\"https:\/\/comarcas.csm.org.pt\/leiria\/\",\"name\":\"Tribunal Judicial da Comarca de Leiria\",\"description\":\"Tribunal Judicial da Comarca de Aveiro\",\"publisher\":{\"@id\":\"https:\/\/comarcas.csm.org.pt\/leiria\/#organization\"},\"potentialAction\":[{\"@type\":\"SearchAction\",\"target\":{\"@type\":\"EntryPoint\",\"urlTemplate\":\"https:\/\/comarcas.csm.org.pt\/leiria\/?s={search_term_string}\"},\"query-input\":{\"@type\":\"PropertyValueSpecification\",\"valueRequired\":true,\"valueName\":\"search_term_string\"}}],\"inLanguage\":\"pt-PT\"},{\"@type\":\"Organization\",\"@id\":\"https:\/\/comarcas.csm.org.pt\/leiria\/#organization\",\"name\":\"Tribunal Judicial da Comarca de Leiria\",\"url\":\"https:\/\/comarcas.csm.org.pt\/leiria\/\",\"logo\":{\"@type\":\"ImageObject\",\"inLanguage\":\"pt-PT\",\"@id\":\"https:\/\/comarcas.csm.org.pt\/leiria\/#\/schema\/logo\/image\/\",\"url\":\"https:\/\/comarcas.csm.org.pt\/leiria\/wp-content\/uploads\/sites\/16\/2024\/11\/Leiria_positivo-horizontal.png\",\"contentUrl\":\"https:\/\/comarcas.csm.org.pt\/leiria\/wp-content\/uploads\/sites\/16\/2024\/11\/Leiria_positivo-horizontal.png\",\"width\":5088,\"height\":890,\"caption\":\"Tribunal Judicial da Comarca de Leiria\"},\"image\":{\"@id\":\"https:\/\/comarcas.csm.org.pt\/leiria\/#\/schema\/logo\/image\/\"}},{\"@type\":\"Person\",\"@id\":\"https:\/\/comarcas.csm.org.pt\/leiria\/#\/schema\/person\/9057b6fbd670d5a2e931712cd357d806\",\"name\":\"leiria\",\"image\":{\"@type\":\"ImageObject\",\"inLanguage\":\"pt-PT\",\"@id\":\"https:\/\/comarcas.csm.org.pt\/leiria\/#\/schema\/person\/image\/\",\"url\":\"https:\/\/secure.gravatar.com\/avatar\/399a72a2630b07d71a4e0167744303361d26ed8a993be2c5686bbe5ff44b469f?s=96&d=mm&r=g\",\"contentUrl\":\"https:\/\/secure.gravatar.com\/avatar\/399a72a2630b07d71a4e0167744303361d26ed8a993be2c5686bbe5ff44b469f?s=96&d=mm&r=g\",\"caption\":\"leiria\"},\"url\":\"https:\/\/comarcas.csm.org.pt\/leiria\/blog\/author\/leiria\/\"}]}<\/script>\n<!-- \/ Yoast SEO plugin. -->","yoast_head_json":{"title":"Ordem pede \u00e0 Justi\u00e7a medidas urgentes que acautelem funcionamento dos tribunais em plena situa\u00e7\u00e3o de calamidade - Tribunal Judicial da Comarca de Leiria","robots":{"index":"index","follow":"follow","max-snippet":"max-snippet:-1","max-image-preview":"max-image-preview:large","max-video-preview":"max-video-preview:-1"},"canonical":"https:\/\/comarcas.csm.org.pt\/leiria\/blog\/2026\/02\/05\/ordem-pede-a-justica-medidas-urgentes-que-acautelem-funcionamento-dos-tribunais-em-plena-situacao-de-calamidade\/","og_locale":"pt_PT","og_type":"article","og_title":"Ordem pede \u00e0 Justi\u00e7a medidas urgentes que acautelem funcionamento dos tribunais em plena situa\u00e7\u00e3o de calamidade - Tribunal Judicial da Comarca de Leiria","og_description":"in &#8220;O Jornal Econ\u00f3mico.pt&#8221;, 30.01.2026 \u201c\u00c9 um fen\u00f3meno excecional que exige uma resposta proporcional no plano da justi\u00e7a\u201d, l\u00ea-se num comunicado emitido pela entidade presidida pelo Baston\u00e1rio Jo\u00e3o Massano, que sublinha a necessidade de adaptar...","og_url":"https:\/\/comarcas.csm.org.pt\/leiria\/blog\/2026\/02\/05\/ordem-pede-a-justica-medidas-urgentes-que-acautelem-funcionamento-dos-tribunais-em-plena-situacao-de-calamidade\/","og_site_name":"Tribunal Judicial da Comarca de Leiria","article_published_time":"2026-02-05T16:42:26+00:00","article_modified_time":"2026-02-05T16:42:27+00:00","author":"leiria","twitter_card":"summary_large_image","twitter_misc":{"Escrito por":"leiria","Tempo estimado de leitura":"3 minutos"},"schema":{"@context":"https:\/\/schema.org","@graph":[{"@type":"Article","@id":"https:\/\/comarcas.csm.org.pt\/leiria\/blog\/2026\/02\/05\/ordem-pede-a-justica-medidas-urgentes-que-acautelem-funcionamento-dos-tribunais-em-plena-situacao-de-calamidade\/#article","isPartOf":{"@id":"https:\/\/comarcas.csm.org.pt\/leiria\/blog\/2026\/02\/05\/ordem-pede-a-justica-medidas-urgentes-que-acautelem-funcionamento-dos-tribunais-em-plena-situacao-de-calamidade\/"},"author":{"name":"leiria","@id":"https:\/\/comarcas.csm.org.pt\/leiria\/#\/schema\/person\/9057b6fbd670d5a2e931712cd357d806"},"headline":"Ordem pede \u00e0 Justi\u00e7a medidas urgentes que acautelem funcionamento dos tribunais em plena situa\u00e7\u00e3o de calamidade","datePublished":"2026-02-05T16:42:26+00:00","dateModified":"2026-02-05T16:42:27+00:00","mainEntityOfPage":{"@id":"https:\/\/comarcas.csm.org.pt\/leiria\/blog\/2026\/02\/05\/ordem-pede-a-justica-medidas-urgentes-que-acautelem-funcionamento-dos-tribunais-em-plena-situacao-de-calamidade\/"},"wordCount":522,"publisher":{"@id":"https:\/\/comarcas.csm.org.pt\/leiria\/#organization"},"articleSection":["Geral","Not\u00edcias"],"inLanguage":"pt-PT"},{"@type":"WebPage","@id":"https:\/\/comarcas.csm.org.pt\/leiria\/blog\/2026\/02\/05\/ordem-pede-a-justica-medidas-urgentes-que-acautelem-funcionamento-dos-tribunais-em-plena-situacao-de-calamidade\/","url":"https:\/\/comarcas.csm.org.pt\/leiria\/blog\/2026\/02\/05\/ordem-pede-a-justica-medidas-urgentes-que-acautelem-funcionamento-dos-tribunais-em-plena-situacao-de-calamidade\/","name":"Ordem pede \u00e0 Justi\u00e7a medidas urgentes que acautelem funcionamento dos tribunais em plena situa\u00e7\u00e3o de calamidade - Tribunal Judicial da Comarca de Leiria","isPartOf":{"@id":"https:\/\/comarcas.csm.org.pt\/leiria\/#website"},"datePublished":"2026-02-05T16:42:26+00:00","dateModified":"2026-02-05T16:42:27+00:00","breadcrumb":{"@id":"https:\/\/comarcas.csm.org.pt\/leiria\/blog\/2026\/02\/05\/ordem-pede-a-justica-medidas-urgentes-que-acautelem-funcionamento-dos-tribunais-em-plena-situacao-de-calamidade\/#breadcrumb"},"inLanguage":"pt-PT","potentialAction":[{"@type":"ReadAction","target":["https:\/\/comarcas.csm.org.pt\/leiria\/blog\/2026\/02\/05\/ordem-pede-a-justica-medidas-urgentes-que-acautelem-funcionamento-dos-tribunais-em-plena-situacao-de-calamidade\/"]}]},{"@type":"BreadcrumbList","@id":"https:\/\/comarcas.csm.org.pt\/leiria\/blog\/2026\/02\/05\/ordem-pede-a-justica-medidas-urgentes-que-acautelem-funcionamento-dos-tribunais-em-plena-situacao-de-calamidade\/#breadcrumb","itemListElement":[{"@type":"ListItem","position":1,"name":"In\u00edcio","item":"https:\/\/comarcas.csm.org.pt\/leiria\/"},{"@type":"ListItem","position":2,"name":"Ordem pede \u00e0 Justi\u00e7a medidas urgentes que acautelem funcionamento dos tribunais em plena situa\u00e7\u00e3o de calamidade"}]},{"@type":"WebSite","@id":"https:\/\/comarcas.csm.org.pt\/leiria\/#website","url":"https:\/\/comarcas.csm.org.pt\/leiria\/","name":"Tribunal Judicial da Comarca de Leiria","description":"Tribunal Judicial da Comarca de Aveiro","publisher":{"@id":"https:\/\/comarcas.csm.org.pt\/leiria\/#organization"},"potentialAction":[{"@type":"SearchAction","target":{"@type":"EntryPoint","urlTemplate":"https:\/\/comarcas.csm.org.pt\/leiria\/?s={search_term_string}"},"query-input":{"@type":"PropertyValueSpecification","valueRequired":true,"valueName":"search_term_string"}}],"inLanguage":"pt-PT"},{"@type":"Organization","@id":"https:\/\/comarcas.csm.org.pt\/leiria\/#organization","name":"Tribunal Judicial da Comarca de Leiria","url":"https:\/\/comarcas.csm.org.pt\/leiria\/","logo":{"@type":"ImageObject","inLanguage":"pt-PT","@id":"https:\/\/comarcas.csm.org.pt\/leiria\/#\/schema\/logo\/image\/","url":"https:\/\/comarcas.csm.org.pt\/leiria\/wp-content\/uploads\/sites\/16\/2024\/11\/Leiria_positivo-horizontal.png","contentUrl":"https:\/\/comarcas.csm.org.pt\/leiria\/wp-content\/uploads\/sites\/16\/2024\/11\/Leiria_positivo-horizontal.png","width":5088,"height":890,"caption":"Tribunal Judicial da Comarca de Leiria"},"image":{"@id":"https:\/\/comarcas.csm.org.pt\/leiria\/#\/schema\/logo\/image\/"}},{"@type":"Person","@id":"https:\/\/comarcas.csm.org.pt\/leiria\/#\/schema\/person\/9057b6fbd670d5a2e931712cd357d806","name":"leiria","image":{"@type":"ImageObject","inLanguage":"pt-PT","@id":"https:\/\/comarcas.csm.org.pt\/leiria\/#\/schema\/person\/image\/","url":"https:\/\/secure.gravatar.com\/avatar\/399a72a2630b07d71a4e0167744303361d26ed8a993be2c5686bbe5ff44b469f?s=96&d=mm&r=g","contentUrl":"https:\/\/secure.gravatar.com\/avatar\/399a72a2630b07d71a4e0167744303361d26ed8a993be2c5686bbe5ff44b469f?s=96&d=mm&r=g","caption":"leiria"},"url":"https:\/\/comarcas.csm.org.pt\/leiria\/blog\/author\/leiria\/"}]}},"_links":{"self":[{"href":"https:\/\/comarcas.csm.org.pt\/leiria\/wp-json\/wp\/v2\/posts\/13531","targetHints":{"allow":["GET"]}}],"collection":[{"href":"https:\/\/comarcas.csm.org.pt\/leiria\/wp-json\/wp\/v2\/posts"}],"about":[{"href":"https:\/\/comarcas.csm.org.pt\/leiria\/wp-json\/wp\/v2\/types\/post"}],"author":[{"embeddable":true,"href":"https:\/\/comarcas.csm.org.pt\/leiria\/wp-json\/wp\/v2\/users\/16"}],"replies":[{"embeddable":true,"href":"https:\/\/comarcas.csm.org.pt\/leiria\/wp-json\/wp\/v2\/comments?post=13531"}],"version-history":[{"count":1,"href":"https:\/\/comarcas.csm.org.pt\/leiria\/wp-json\/wp\/v2\/posts\/13531\/revisions"}],"predecessor-version":[{"id":13532,"href":"https:\/\/comarcas.csm.org.pt\/leiria\/wp-json\/wp\/v2\/posts\/13531\/revisions\/13532"}],"wp:attachment":[{"href":"https:\/\/comarcas.csm.org.pt\/leiria\/wp-json\/wp\/v2\/media?parent=13531"}],"wp:term":[{"taxonomy":"category","embeddable":true,"href":"https:\/\/comarcas.csm.org.pt\/leiria\/wp-json\/wp\/v2\/categories?post=13531"},{"taxonomy":"post_tag","embeddable":true,"href":"https:\/\/comarcas.csm.org.pt\/leiria\/wp-json\/wp\/v2\/tags?post=13531"}],"curies":[{"name":"wp","href":"https:\/\/api.w.org\/{rel}","templated":true}]}}