{"id":13537,"date":"2026-02-13T10:27:05","date_gmt":"2026-02-13T10:27:05","guid":{"rendered":"https:\/\/comarcas.csm.org.pt\/leiria\/?p=13537"},"modified":"2026-02-13T10:27:06","modified_gmt":"2026-02-13T10:27:06","slug":"equipamentos-da-justica-afetados-por-tempestades-obrigaram-a-reorganizacao","status":"publish","type":"post","link":"https:\/\/comarcas.csm.org.pt\/leiria\/blog\/2026\/02\/13\/equipamentos-da-justica-afetados-por-tempestades-obrigaram-a-reorganizacao\/","title":{"rendered":"Equipamentos da Justi\u00e7a afetados por tempestades obrigaram a reorganiza\u00e7\u00e3o"},"content":{"rendered":"\n<p><a href=\"https:\/\/www.jn.pt\/justica\/artigo\/equipamentos-da-justica-afetados-por-tempestades-obrigaram-a-reorganizacao\/18051115\">in &#8220;Jornal de Not\u00edcias.pt&#8221;, 11.02.2026<\/a><\/p>\n\n\n\n<p><strong>Os equipamentos da Justi\u00e7a na Comarca de Leiria que sofreram danos causados pelas tempestades obrigaram \u00e0 reorganiza\u00e7\u00e3o da atividade judicial, confirmou uma delega\u00e7\u00e3o composta pelo Procurador-Geral da Rep\u00fablica e o vice-presidente do Conselho Superior da Magistratura.<\/strong><\/p>\n\n\n\n<p>Numa nota divulgada esta quarta-feira pelo Conselho Superior da Magistratura (CSM) \u00e9 referido que a delega\u00e7\u00e3o visitou o antigo Liceu de Leiria, que acolhe sec\u00e7\u00f5es do tribunal judicial e o Pal\u00e1cio da Justi\u00e7a, edif\u00edcios que sofreram destelhamentos, infiltra\u00e7\u00f5es e outros danos que obrigaram a reorganizar a atividade judicial.<\/p>\n\n\n\n<p>Adianta ainda a mesma nota que ju\u00edzes, magistrados do Minist\u00e9rio P\u00fablico (MP), oficiais de justi\u00e7a e equipas administrativas garantiram a continuidade poss\u00edvel do servi\u00e7o, ficando o tribunal inoperacional apenas no per\u00edodo em que n\u00e3o houve eletricidade nem acesso ao sistema Citius.<\/p>\n\n\n\n<p>Segundo o CSM, &#8220;as decis\u00f5es de gest\u00e3o adotadas de imediato permitiram retomar o funcionamento logo que os meios tecnol\u00f3gicos foram restabelecidos&#8221;.<\/p>\n\n\n\n<p>A delega\u00e7\u00e3o que efetuou esta desloca\u00e7\u00e3o a Leiria integrou o Procurador-Geral da Rep\u00fablica, Amadeu Guerra, o vice-presidente do CSM, Lu\u00eds Azevedo Mendes, do baston\u00e1rio da Ordem dos Advogados (OA), Jo\u00e3o Massano, a diretora-geral da Administra\u00e7\u00e3o da Justi\u00e7a, Filipa Caldas, e o presidente da Associa\u00e7\u00e3o Sindical dos Ju\u00edzes Portugueses, Nuno Matos.<\/p>\n\n\n\n<p>Durante a visita, a ju\u00edza presidente da comarca, Teresa Oliveira, descreveu o impacto das tempestades, salientando que o Pal\u00e1cio da Justi\u00e7a, o Ju\u00edzo de Fam\u00edlia e Menores e o antigo Liceu foram os mais afetados, mas tamb\u00e9m o Ju\u00edzo do Trabalho registou entrada de \u00e1gua.<\/p>\n\n\n\n<p>Fora de Leiria, o edif\u00edcio de Alvai\u00e1zere sofreu &#8220;danos graves&#8221;, incluindo a destrui\u00e7\u00e3o do telhado, o que justificou o seu encerramento imediato. Houve igualmente infiltra\u00e7\u00f5es em equipamentos em Pombal, Figueir\u00f3 dos Vinhos, Alcoba\u00e7a, Caldas da Rainha e Marinha Grande.<\/p>\n\n\n\n<p>A 30 de janeiro foi poss\u00edvel restabelecer a energia el\u00e9trica no Pal\u00e1cio da Justi\u00e7a de Leiria, permitindo que v\u00e1rios servi\u00e7os retomassem progressivamente a normalidade, levando tamb\u00e9m a que Pombal, Caldas da Rainha, Peniche e Nazar\u00e9 retomassem o trabalho.<\/p>\n\n\n\n<p>O CSM afirma que, durante a semana seguinte, com as infraestruturas m\u00ednimas restabelecidas, foi executada a instala\u00e7\u00e3o provis\u00f3ria do Ju\u00edzo de Fam\u00edlia e Menores no edif\u00edcio do Liceu de Leiria.<\/p>\n\n\n\n<p>&#8220;Mantiveram-se, contudo, as dificuldades resultantes da situa\u00e7\u00e3o pessoal de todos os que ali desempenham fun\u00e7\u00f5es, tamb\u00e9m afetados pelo temporal. Ainda assim, foram assegurados sempre os servi\u00e7os urgentes, incluindo interrogat\u00f3rios, que decorreram em Pombal e nas Caldas da Rainha, e o expediente em papel sempre que o sistema inform\u00e1tico esteve indispon\u00edvel&#8221;, refere a nota.<\/p>\n\n\n\n<p>Durante a tarde de ter\u00e7a-feira, o vice-presidente do CSM deslocou-se ainda ao Tribunal de Torres Novas, que esteve encerrado na sexta-feira passada por indica\u00e7\u00e3o da Prote\u00e7\u00e3o Civil ap\u00f3s a queda de um muro nas traseiras, tendo-se reunido com o presidente da C\u00e2mara Municipal, Jos\u00e9 Trinc\u00e3o Marques, o administrador judici\u00e1rio, Manuel Louro, a coordenadora do Minist\u00e9rio P\u00fablico, Dulce Alves, e ju\u00edzes da comarca.<\/p>\n\n\n\n<p>Foi comunicado ao CSM que, ap\u00f3s parecer t\u00e9cnico do Laborat\u00f3rio Nacional de Engenharia Civil (LNEC), o tribunal foi reaberto parcialmente, com algumas limita\u00e7\u00f5es de utiliza\u00e7\u00e3o. No local, est\u00e3o equipas militares a proceder ao corte de vegeta\u00e7\u00e3o e a impermeabilizar o terreno.<\/p>\n","protected":false},"excerpt":{"rendered":"<p>in &#8220;Jornal de Not\u00edcias.pt&#8221;, 11.02.2026 Os equipamentos da Justi\u00e7a na Comarca de Leiria que sofreram danos causados pelas tempestades obrigaram \u00e0 reorganiza\u00e7\u00e3o da atividade judicial, confirmou uma delega\u00e7\u00e3o composta pelo Procurador-Geral da Rep\u00fablica e o&#8230;<\/p>\n","protected":false},"author":16,"featured_media":0,"comment_status":"closed","ping_status":"open","sticky":false,"template":"","format":"standard","meta":{"_tbt_post_transparent":"","_tbt_post_title":"","_tbt_post_layout":"","_tbt_post_sidebar_id":"","_tbt_post_content_style":"","_tbt_post_vertical_padding":"","_tbt_post_feature":"","_tbt_post_feature_position":"","_tbt_post_header":false,"_tbt_post_footer":false},"categories":[2,5],"tags":[],"class_list":["post-13537","post","type-post","status-publish","format-standard","hentry","category-eventos","category-noticias"],"yoast_head":"<!-- This site is optimized with the Yoast SEO plugin v25.6 - https:\/\/yoast.com\/wordpress\/plugins\/seo\/ -->\n<title>Equipamentos da Justi\u00e7a afetados por tempestades obrigaram a reorganiza\u00e7\u00e3o - Tribunal Judicial da Comarca de Leiria<\/title>\n<meta name=\"robots\" content=\"index, follow, max-snippet:-1, max-image-preview:large, max-video-preview:-1\" \/>\n<link rel=\"canonical\" href=\"https:\/\/comarcas.csm.org.pt\/leiria\/blog\/2026\/02\/13\/equipamentos-da-justica-afetados-por-tempestades-obrigaram-a-reorganizacao\/\" \/>\n<meta property=\"og:locale\" content=\"pt_PT\" \/>\n<meta property=\"og:type\" content=\"article\" \/>\n<meta property=\"og:title\" content=\"Equipamentos da Justi\u00e7a afetados por tempestades obrigaram a reorganiza\u00e7\u00e3o - Tribunal Judicial da Comarca de Leiria\" \/>\n<meta property=\"og:description\" content=\"in &#8220;Jornal de Not\u00edcias.pt&#8221;, 11.02.2026 Os equipamentos da Justi\u00e7a na Comarca de Leiria que sofreram danos causados pelas tempestades obrigaram \u00e0 reorganiza\u00e7\u00e3o da atividade judicial, confirmou uma delega\u00e7\u00e3o composta pelo Procurador-Geral da Rep\u00fablica e o...\" \/>\n<meta property=\"og:url\" content=\"https:\/\/comarcas.csm.org.pt\/leiria\/blog\/2026\/02\/13\/equipamentos-da-justica-afetados-por-tempestades-obrigaram-a-reorganizacao\/\" \/>\n<meta property=\"og:site_name\" content=\"Tribunal Judicial da Comarca de Leiria\" \/>\n<meta property=\"article:published_time\" content=\"2026-02-13T10:27:05+00:00\" \/>\n<meta property=\"article:modified_time\" content=\"2026-02-13T10:27:06+00:00\" \/>\n<meta name=\"author\" content=\"leiria\" \/>\n<meta name=\"twitter:card\" content=\"summary_large_image\" \/>\n<meta name=\"twitter:label1\" content=\"Escrito por\" \/>\n\t<meta name=\"twitter:data1\" content=\"leiria\" \/>\n\t<meta name=\"twitter:label2\" content=\"Tempo estimado de leitura\" \/>\n\t<meta name=\"twitter:data2\" content=\"3 minutos\" \/>\n<script type=\"application\/ld+json\" class=\"yoast-schema-graph\">{\"@context\":\"https:\/\/schema.org\",\"@graph\":[{\"@type\":\"Article\",\"@id\":\"https:\/\/comarcas.csm.org.pt\/leiria\/blog\/2026\/02\/13\/equipamentos-da-justica-afetados-por-tempestades-obrigaram-a-reorganizacao\/#article\",\"isPartOf\":{\"@id\":\"https:\/\/comarcas.csm.org.pt\/leiria\/blog\/2026\/02\/13\/equipamentos-da-justica-afetados-por-tempestades-obrigaram-a-reorganizacao\/\"},\"author\":{\"name\":\"leiria\",\"@id\":\"https:\/\/comarcas.csm.org.pt\/leiria\/#\/schema\/person\/9057b6fbd670d5a2e931712cd357d806\"},\"headline\":\"Equipamentos da Justi\u00e7a afetados por tempestades obrigaram a reorganiza\u00e7\u00e3o\",\"datePublished\":\"2026-02-13T10:27:05+00:00\",\"dateModified\":\"2026-02-13T10:27:06+00:00\",\"mainEntityOfPage\":{\"@id\":\"https:\/\/comarcas.csm.org.pt\/leiria\/blog\/2026\/02\/13\/equipamentos-da-justica-afetados-por-tempestades-obrigaram-a-reorganizacao\/\"},\"wordCount\":598,\"publisher\":{\"@id\":\"https:\/\/comarcas.csm.org.pt\/leiria\/#organization\"},\"articleSection\":[\"Eventos\",\"Not\u00edcias\"],\"inLanguage\":\"pt-PT\"},{\"@type\":\"WebPage\",\"@id\":\"https:\/\/comarcas.csm.org.pt\/leiria\/blog\/2026\/02\/13\/equipamentos-da-justica-afetados-por-tempestades-obrigaram-a-reorganizacao\/\",\"url\":\"https:\/\/comarcas.csm.org.pt\/leiria\/blog\/2026\/02\/13\/equipamentos-da-justica-afetados-por-tempestades-obrigaram-a-reorganizacao\/\",\"name\":\"Equipamentos da Justi\u00e7a afetados por tempestades obrigaram a reorganiza\u00e7\u00e3o - Tribunal Judicial da Comarca de Leiria\",\"isPartOf\":{\"@id\":\"https:\/\/comarcas.csm.org.pt\/leiria\/#website\"},\"datePublished\":\"2026-02-13T10:27:05+00:00\",\"dateModified\":\"2026-02-13T10:27:06+00:00\",\"breadcrumb\":{\"@id\":\"https:\/\/comarcas.csm.org.pt\/leiria\/blog\/2026\/02\/13\/equipamentos-da-justica-afetados-por-tempestades-obrigaram-a-reorganizacao\/#breadcrumb\"},\"inLanguage\":\"pt-PT\",\"potentialAction\":[{\"@type\":\"ReadAction\",\"target\":[\"https:\/\/comarcas.csm.org.pt\/leiria\/blog\/2026\/02\/13\/equipamentos-da-justica-afetados-por-tempestades-obrigaram-a-reorganizacao\/\"]}]},{\"@type\":\"BreadcrumbList\",\"@id\":\"https:\/\/comarcas.csm.org.pt\/leiria\/blog\/2026\/02\/13\/equipamentos-da-justica-afetados-por-tempestades-obrigaram-a-reorganizacao\/#breadcrumb\",\"itemListElement\":[{\"@type\":\"ListItem\",\"position\":1,\"name\":\"In\u00edcio\",\"item\":\"https:\/\/comarcas.csm.org.pt\/leiria\/\"},{\"@type\":\"ListItem\",\"position\":2,\"name\":\"Equipamentos da Justi\u00e7a afetados por tempestades obrigaram a reorganiza\u00e7\u00e3o\"}]},{\"@type\":\"WebSite\",\"@id\":\"https:\/\/comarcas.csm.org.pt\/leiria\/#website\",\"url\":\"https:\/\/comarcas.csm.org.pt\/leiria\/\",\"name\":\"Tribunal Judicial da Comarca de Leiria\",\"description\":\"Tribunal Judicial da Comarca de Aveiro\",\"publisher\":{\"@id\":\"https:\/\/comarcas.csm.org.pt\/leiria\/#organization\"},\"potentialAction\":[{\"@type\":\"SearchAction\",\"target\":{\"@type\":\"EntryPoint\",\"urlTemplate\":\"https:\/\/comarcas.csm.org.pt\/leiria\/?s={search_term_string}\"},\"query-input\":{\"@type\":\"PropertyValueSpecification\",\"valueRequired\":true,\"valueName\":\"search_term_string\"}}],\"inLanguage\":\"pt-PT\"},{\"@type\":\"Organization\",\"@id\":\"https:\/\/comarcas.csm.org.pt\/leiria\/#organization\",\"name\":\"Tribunal Judicial da Comarca de Leiria\",\"url\":\"https:\/\/comarcas.csm.org.pt\/leiria\/\",\"logo\":{\"@type\":\"ImageObject\",\"inLanguage\":\"pt-PT\",\"@id\":\"https:\/\/comarcas.csm.org.pt\/leiria\/#\/schema\/logo\/image\/\",\"url\":\"https:\/\/comarcas.csm.org.pt\/leiria\/wp-content\/uploads\/sites\/16\/2024\/11\/Leiria_positivo-horizontal.png\",\"contentUrl\":\"https:\/\/comarcas.csm.org.pt\/leiria\/wp-content\/uploads\/sites\/16\/2024\/11\/Leiria_positivo-horizontal.png\",\"width\":5088,\"height\":890,\"caption\":\"Tribunal Judicial da Comarca de Leiria\"},\"image\":{\"@id\":\"https:\/\/comarcas.csm.org.pt\/leiria\/#\/schema\/logo\/image\/\"}},{\"@type\":\"Person\",\"@id\":\"https:\/\/comarcas.csm.org.pt\/leiria\/#\/schema\/person\/9057b6fbd670d5a2e931712cd357d806\",\"name\":\"leiria\",\"image\":{\"@type\":\"ImageObject\",\"inLanguage\":\"pt-PT\",\"@id\":\"https:\/\/comarcas.csm.org.pt\/leiria\/#\/schema\/person\/image\/\",\"url\":\"https:\/\/secure.gravatar.com\/avatar\/399a72a2630b07d71a4e0167744303361d26ed8a993be2c5686bbe5ff44b469f?s=96&d=mm&r=g\",\"contentUrl\":\"https:\/\/secure.gravatar.com\/avatar\/399a72a2630b07d71a4e0167744303361d26ed8a993be2c5686bbe5ff44b469f?s=96&d=mm&r=g\",\"caption\":\"leiria\"},\"url\":\"https:\/\/comarcas.csm.org.pt\/leiria\/blog\/author\/leiria\/\"}]}<\/script>\n<!-- \/ Yoast SEO plugin. -->","yoast_head_json":{"title":"Equipamentos da Justi\u00e7a afetados por tempestades obrigaram a reorganiza\u00e7\u00e3o - Tribunal Judicial da Comarca de Leiria","robots":{"index":"index","follow":"follow","max-snippet":"max-snippet:-1","max-image-preview":"max-image-preview:large","max-video-preview":"max-video-preview:-1"},"canonical":"https:\/\/comarcas.csm.org.pt\/leiria\/blog\/2026\/02\/13\/equipamentos-da-justica-afetados-por-tempestades-obrigaram-a-reorganizacao\/","og_locale":"pt_PT","og_type":"article","og_title":"Equipamentos da Justi\u00e7a afetados por tempestades obrigaram a reorganiza\u00e7\u00e3o - Tribunal Judicial da Comarca de Leiria","og_description":"in &#8220;Jornal de Not\u00edcias.pt&#8221;, 11.02.2026 Os equipamentos da Justi\u00e7a na Comarca de Leiria que sofreram danos causados pelas tempestades obrigaram \u00e0 reorganiza\u00e7\u00e3o da atividade judicial, confirmou uma delega\u00e7\u00e3o composta pelo Procurador-Geral da Rep\u00fablica e o...","og_url":"https:\/\/comarcas.csm.org.pt\/leiria\/blog\/2026\/02\/13\/equipamentos-da-justica-afetados-por-tempestades-obrigaram-a-reorganizacao\/","og_site_name":"Tribunal Judicial da Comarca de Leiria","article_published_time":"2026-02-13T10:27:05+00:00","article_modified_time":"2026-02-13T10:27:06+00:00","author":"leiria","twitter_card":"summary_large_image","twitter_misc":{"Escrito por":"leiria","Tempo estimado de leitura":"3 minutos"},"schema":{"@context":"https:\/\/schema.org","@graph":[{"@type":"Article","@id":"https:\/\/comarcas.csm.org.pt\/leiria\/blog\/2026\/02\/13\/equipamentos-da-justica-afetados-por-tempestades-obrigaram-a-reorganizacao\/#article","isPartOf":{"@id":"https:\/\/comarcas.csm.org.pt\/leiria\/blog\/2026\/02\/13\/equipamentos-da-justica-afetados-por-tempestades-obrigaram-a-reorganizacao\/"},"author":{"name":"leiria","@id":"https:\/\/comarcas.csm.org.pt\/leiria\/#\/schema\/person\/9057b6fbd670d5a2e931712cd357d806"},"headline":"Equipamentos da Justi\u00e7a afetados por tempestades obrigaram a reorganiza\u00e7\u00e3o","datePublished":"2026-02-13T10:27:05+00:00","dateModified":"2026-02-13T10:27:06+00:00","mainEntityOfPage":{"@id":"https:\/\/comarcas.csm.org.pt\/leiria\/blog\/2026\/02\/13\/equipamentos-da-justica-afetados-por-tempestades-obrigaram-a-reorganizacao\/"},"wordCount":598,"publisher":{"@id":"https:\/\/comarcas.csm.org.pt\/leiria\/#organization"},"articleSection":["Eventos","Not\u00edcias"],"inLanguage":"pt-PT"},{"@type":"WebPage","@id":"https:\/\/comarcas.csm.org.pt\/leiria\/blog\/2026\/02\/13\/equipamentos-da-justica-afetados-por-tempestades-obrigaram-a-reorganizacao\/","url":"https:\/\/comarcas.csm.org.pt\/leiria\/blog\/2026\/02\/13\/equipamentos-da-justica-afetados-por-tempestades-obrigaram-a-reorganizacao\/","name":"Equipamentos da Justi\u00e7a afetados por tempestades obrigaram a reorganiza\u00e7\u00e3o - Tribunal Judicial da Comarca de Leiria","isPartOf":{"@id":"https:\/\/comarcas.csm.org.pt\/leiria\/#website"},"datePublished":"2026-02-13T10:27:05+00:00","dateModified":"2026-02-13T10:27:06+00:00","breadcrumb":{"@id":"https:\/\/comarcas.csm.org.pt\/leiria\/blog\/2026\/02\/13\/equipamentos-da-justica-afetados-por-tempestades-obrigaram-a-reorganizacao\/#breadcrumb"},"inLanguage":"pt-PT","potentialAction":[{"@type":"ReadAction","target":["https:\/\/comarcas.csm.org.pt\/leiria\/blog\/2026\/02\/13\/equipamentos-da-justica-afetados-por-tempestades-obrigaram-a-reorganizacao\/"]}]},{"@type":"BreadcrumbList","@id":"https:\/\/comarcas.csm.org.pt\/leiria\/blog\/2026\/02\/13\/equipamentos-da-justica-afetados-por-tempestades-obrigaram-a-reorganizacao\/#breadcrumb","itemListElement":[{"@type":"ListItem","position":1,"name":"In\u00edcio","item":"https:\/\/comarcas.csm.org.pt\/leiria\/"},{"@type":"ListItem","position":2,"name":"Equipamentos da Justi\u00e7a afetados por tempestades obrigaram a reorganiza\u00e7\u00e3o"}]},{"@type":"WebSite","@id":"https:\/\/comarcas.csm.org.pt\/leiria\/#website","url":"https:\/\/comarcas.csm.org.pt\/leiria\/","name":"Tribunal Judicial da Comarca de Leiria","description":"Tribunal Judicial da Comarca de Aveiro","publisher":{"@id":"https:\/\/comarcas.csm.org.pt\/leiria\/#organization"},"potentialAction":[{"@type":"SearchAction","target":{"@type":"EntryPoint","urlTemplate":"https:\/\/comarcas.csm.org.pt\/leiria\/?s={search_term_string}"},"query-input":{"@type":"PropertyValueSpecification","valueRequired":true,"valueName":"search_term_string"}}],"inLanguage":"pt-PT"},{"@type":"Organization","@id":"https:\/\/comarcas.csm.org.pt\/leiria\/#organization","name":"Tribunal Judicial da Comarca de Leiria","url":"https:\/\/comarcas.csm.org.pt\/leiria\/","logo":{"@type":"ImageObject","inLanguage":"pt-PT","@id":"https:\/\/comarcas.csm.org.pt\/leiria\/#\/schema\/logo\/image\/","url":"https:\/\/comarcas.csm.org.pt\/leiria\/wp-content\/uploads\/sites\/16\/2024\/11\/Leiria_positivo-horizontal.png","contentUrl":"https:\/\/comarcas.csm.org.pt\/leiria\/wp-content\/uploads\/sites\/16\/2024\/11\/Leiria_positivo-horizontal.png","width":5088,"height":890,"caption":"Tribunal Judicial da Comarca de Leiria"},"image":{"@id":"https:\/\/comarcas.csm.org.pt\/leiria\/#\/schema\/logo\/image\/"}},{"@type":"Person","@id":"https:\/\/comarcas.csm.org.pt\/leiria\/#\/schema\/person\/9057b6fbd670d5a2e931712cd357d806","name":"leiria","image":{"@type":"ImageObject","inLanguage":"pt-PT","@id":"https:\/\/comarcas.csm.org.pt\/leiria\/#\/schema\/person\/image\/","url":"https:\/\/secure.gravatar.com\/avatar\/399a72a2630b07d71a4e0167744303361d26ed8a993be2c5686bbe5ff44b469f?s=96&d=mm&r=g","contentUrl":"https:\/\/secure.gravatar.com\/avatar\/399a72a2630b07d71a4e0167744303361d26ed8a993be2c5686bbe5ff44b469f?s=96&d=mm&r=g","caption":"leiria"},"url":"https:\/\/comarcas.csm.org.pt\/leiria\/blog\/author\/leiria\/"}]}},"_links":{"self":[{"href":"https:\/\/comarcas.csm.org.pt\/leiria\/wp-json\/wp\/v2\/posts\/13537","targetHints":{"allow":["GET"]}}],"collection":[{"href":"https:\/\/comarcas.csm.org.pt\/leiria\/wp-json\/wp\/v2\/posts"}],"about":[{"href":"https:\/\/comarcas.csm.org.pt\/leiria\/wp-json\/wp\/v2\/types\/post"}],"author":[{"embeddable":true,"href":"https:\/\/comarcas.csm.org.pt\/leiria\/wp-json\/wp\/v2\/users\/16"}],"replies":[{"embeddable":true,"href":"https:\/\/comarcas.csm.org.pt\/leiria\/wp-json\/wp\/v2\/comments?post=13537"}],"version-history":[{"count":1,"href":"https:\/\/comarcas.csm.org.pt\/leiria\/wp-json\/wp\/v2\/posts\/13537\/revisions"}],"predecessor-version":[{"id":13538,"href":"https:\/\/comarcas.csm.org.pt\/leiria\/wp-json\/wp\/v2\/posts\/13537\/revisions\/13538"}],"wp:attachment":[{"href":"https:\/\/comarcas.csm.org.pt\/leiria\/wp-json\/wp\/v2\/media?parent=13537"}],"wp:term":[{"taxonomy":"category","embeddable":true,"href":"https:\/\/comarcas.csm.org.pt\/leiria\/wp-json\/wp\/v2\/categories?post=13537"},{"taxonomy":"post_tag","embeddable":true,"href":"https:\/\/comarcas.csm.org.pt\/leiria\/wp-json\/wp\/v2\/tags?post=13537"}],"curies":[{"name":"wp","href":"https:\/\/api.w.org\/{rel}","templated":true}]}}