{"id":13539,"date":"2026-02-16T10:51:32","date_gmt":"2026-02-16T10:51:32","guid":{"rendered":"https:\/\/comarcas.csm.org.pt\/leiria\/?p=13539"},"modified":"2026-02-16T10:51:33","modified_gmt":"2026-02-16T10:51:33","slug":"prisao-preventiva-para-suspeito-de-agredir-pai","status":"publish","type":"post","link":"https:\/\/comarcas.csm.org.pt\/leiria\/blog\/2026\/02\/16\/prisao-preventiva-para-suspeito-de-agredir-pai\/","title":{"rendered":"Pris\u00e3o preventiva para suspeito de agredir pai"},"content":{"rendered":"\n<p>In <a href=\"https:\/\/jornaldascaldas.pt\/2026\/02\/15\/prisao-preventiva-para-suspeito-de-agredir-pai\/\">Jornal das Caldas<\/a>, de 15.02.2026<\/p>\n\n\n\n<p>Um indiv\u00edduo de 28 anos ficou em pris\u00e3o preventiva depois de ter sido presente a primeiro interrogat\u00f3rio judicial pela pr\u00e1tica de um crime de viol\u00eancia dom\u00e9stica sobre o pai, de 61 anos, ocorrido no concelho de Peniche.<\/p>\n\n\n\n<p>O Minist\u00e9rio P\u00fablico apresentou o arguido no Tribunal de Leiria e o juiz de instru\u00e7\u00e3o considerou existir perigo de continua\u00e7\u00e3o da atividade criminosa e de perturba\u00e7\u00e3o da ordem e tranquilidade p\u00fablicas.<\/p>\n\n\n\n<p>De acordo com os ind\u00edcios recolhidos, adotou um comportamento reiterado de agress\u00f5es f\u00edsicas e psicol\u00f3gicas. Em diversas ocasi\u00f5es, amea\u00e7ou, intimidou e chegou mesmo a agredir a v\u00edtima com socos e pontap\u00e9s, colocando em causa a integridade f\u00edsica e emocional do pai.<\/p>\n\n\n\n<p>O arguido tem antecedentes criminais por crime id\u00eantico contra a mesma v\u00edtima.<\/p>\n\n\n\n<p>O inqu\u00e9rito prossegue sob a dire\u00e7\u00e3o do Minist\u00e9rio P\u00fablico do Departamento&nbsp; de Investiga\u00e7\u00e3o e A\u00e7\u00e3o Penal de Peniche, com a coadjuva\u00e7\u00e3o do N\u00facleo de Investiga\u00e7\u00e3o e Apoio a V\u00edtimas Espec\u00edficas da GNR.<\/p>\n\n\n\n<p><\/p>\n","protected":false},"excerpt":{"rendered":"<p>In Jornal das Caldas, de 15.02.2026 Um indiv\u00edduo de 28 anos ficou em pris\u00e3o preventiva depois de ter sido presente a primeiro interrogat\u00f3rio judicial pela pr\u00e1tica de um crime de viol\u00eancia dom\u00e9stica sobre o pai,&#8230;<\/p>\n","protected":false},"author":16,"featured_media":0,"comment_status":"closed","ping_status":"open","sticky":false,"template":"","format":"standard","meta":{"_tbt_post_transparent":"","_tbt_post_title":"","_tbt_post_layout":"","_tbt_post_sidebar_id":"","_tbt_post_content_style":"","_tbt_post_vertical_padding":"","_tbt_post_feature":"","_tbt_post_feature_position":"","_tbt_post_header":false,"_tbt_post_footer":false},"categories":[1,5],"tags":[],"class_list":["post-13539","post","type-post","status-publish","format-standard","hentry","category-geral","category-noticias"],"yoast_head":"<!-- This site is optimized with the Yoast SEO plugin v25.6 - https:\/\/yoast.com\/wordpress\/plugins\/seo\/ -->\n<title>Pris\u00e3o preventiva para suspeito de agredir pai - Tribunal Judicial da Comarca de Leiria<\/title>\n<meta name=\"robots\" content=\"index, follow, max-snippet:-1, max-image-preview:large, max-video-preview:-1\" \/>\n<link rel=\"canonical\" href=\"https:\/\/comarcas.csm.org.pt\/leiria\/blog\/2026\/02\/16\/prisao-preventiva-para-suspeito-de-agredir-pai\/\" \/>\n<meta property=\"og:locale\" content=\"pt_PT\" \/>\n<meta property=\"og:type\" content=\"article\" \/>\n<meta property=\"og:title\" content=\"Pris\u00e3o preventiva para suspeito de agredir pai - Tribunal Judicial da Comarca de Leiria\" \/>\n<meta property=\"og:description\" content=\"In Jornal das Caldas, de 15.02.2026 Um indiv\u00edduo de 28 anos ficou em pris\u00e3o preventiva depois de ter sido presente a primeiro interrogat\u00f3rio judicial pela pr\u00e1tica de um crime de viol\u00eancia dom\u00e9stica sobre o pai,...\" \/>\n<meta property=\"og:url\" content=\"https:\/\/comarcas.csm.org.pt\/leiria\/blog\/2026\/02\/16\/prisao-preventiva-para-suspeito-de-agredir-pai\/\" \/>\n<meta property=\"og:site_name\" content=\"Tribunal Judicial da Comarca de Leiria\" \/>\n<meta property=\"article:published_time\" content=\"2026-02-16T10:51:32+00:00\" \/>\n<meta property=\"article:modified_time\" content=\"2026-02-16T10:51:33+00:00\" \/>\n<meta name=\"author\" content=\"leiria\" \/>\n<meta name=\"twitter:card\" content=\"summary_large_image\" \/>\n<meta name=\"twitter:label1\" content=\"Escrito por\" \/>\n\t<meta name=\"twitter:data1\" content=\"leiria\" \/>\n\t<meta name=\"twitter:label2\" content=\"Tempo estimado de leitura\" \/>\n\t<meta name=\"twitter:data2\" content=\"1 minuto\" \/>\n<script type=\"application\/ld+json\" class=\"yoast-schema-graph\">{\"@context\":\"https:\/\/schema.org\",\"@graph\":[{\"@type\":\"Article\",\"@id\":\"https:\/\/comarcas.csm.org.pt\/leiria\/blog\/2026\/02\/16\/prisao-preventiva-para-suspeito-de-agredir-pai\/#article\",\"isPartOf\":{\"@id\":\"https:\/\/comarcas.csm.org.pt\/leiria\/blog\/2026\/02\/16\/prisao-preventiva-para-suspeito-de-agredir-pai\/\"},\"author\":{\"name\":\"leiria\",\"@id\":\"https:\/\/comarcas.csm.org.pt\/leiria\/#\/schema\/person\/9057b6fbd670d5a2e931712cd357d806\"},\"headline\":\"Pris\u00e3o preventiva para suspeito de agredir pai\",\"datePublished\":\"2026-02-16T10:51:32+00:00\",\"dateModified\":\"2026-02-16T10:51:33+00:00\",\"mainEntityOfPage\":{\"@id\":\"https:\/\/comarcas.csm.org.pt\/leiria\/blog\/2026\/02\/16\/prisao-preventiva-para-suspeito-de-agredir-pai\/\"},\"wordCount\":199,\"publisher\":{\"@id\":\"https:\/\/comarcas.csm.org.pt\/leiria\/#organization\"},\"articleSection\":[\"Geral\",\"Not\u00edcias\"],\"inLanguage\":\"pt-PT\"},{\"@type\":\"WebPage\",\"@id\":\"https:\/\/comarcas.csm.org.pt\/leiria\/blog\/2026\/02\/16\/prisao-preventiva-para-suspeito-de-agredir-pai\/\",\"url\":\"https:\/\/comarcas.csm.org.pt\/leiria\/blog\/2026\/02\/16\/prisao-preventiva-para-suspeito-de-agredir-pai\/\",\"name\":\"Pris\u00e3o preventiva para suspeito de agredir pai - Tribunal Judicial da Comarca de Leiria\",\"isPartOf\":{\"@id\":\"https:\/\/comarcas.csm.org.pt\/leiria\/#website\"},\"datePublished\":\"2026-02-16T10:51:32+00:00\",\"dateModified\":\"2026-02-16T10:51:33+00:00\",\"breadcrumb\":{\"@id\":\"https:\/\/comarcas.csm.org.pt\/leiria\/blog\/2026\/02\/16\/prisao-preventiva-para-suspeito-de-agredir-pai\/#breadcrumb\"},\"inLanguage\":\"pt-PT\",\"potentialAction\":[{\"@type\":\"ReadAction\",\"target\":[\"https:\/\/comarcas.csm.org.pt\/leiria\/blog\/2026\/02\/16\/prisao-preventiva-para-suspeito-de-agredir-pai\/\"]}]},{\"@type\":\"BreadcrumbList\",\"@id\":\"https:\/\/comarcas.csm.org.pt\/leiria\/blog\/2026\/02\/16\/prisao-preventiva-para-suspeito-de-agredir-pai\/#breadcrumb\",\"itemListElement\":[{\"@type\":\"ListItem\",\"position\":1,\"name\":\"In\u00edcio\",\"item\":\"https:\/\/comarcas.csm.org.pt\/leiria\/\"},{\"@type\":\"ListItem\",\"position\":2,\"name\":\"Pris\u00e3o preventiva para suspeito de agredir pai\"}]},{\"@type\":\"WebSite\",\"@id\":\"https:\/\/comarcas.csm.org.pt\/leiria\/#website\",\"url\":\"https:\/\/comarcas.csm.org.pt\/leiria\/\",\"name\":\"Tribunal Judicial da Comarca de Leiria\",\"description\":\"Tribunal Judicial da Comarca de Aveiro\",\"publisher\":{\"@id\":\"https:\/\/comarcas.csm.org.pt\/leiria\/#organization\"},\"potentialAction\":[{\"@type\":\"SearchAction\",\"target\":{\"@type\":\"EntryPoint\",\"urlTemplate\":\"https:\/\/comarcas.csm.org.pt\/leiria\/?s={search_term_string}\"},\"query-input\":{\"@type\":\"PropertyValueSpecification\",\"valueRequired\":true,\"valueName\":\"search_term_string\"}}],\"inLanguage\":\"pt-PT\"},{\"@type\":\"Organization\",\"@id\":\"https:\/\/comarcas.csm.org.pt\/leiria\/#organization\",\"name\":\"Tribunal Judicial da Comarca de Leiria\",\"url\":\"https:\/\/comarcas.csm.org.pt\/leiria\/\",\"logo\":{\"@type\":\"ImageObject\",\"inLanguage\":\"pt-PT\",\"@id\":\"https:\/\/comarcas.csm.org.pt\/leiria\/#\/schema\/logo\/image\/\",\"url\":\"https:\/\/comarcas.csm.org.pt\/leiria\/wp-content\/uploads\/sites\/16\/2024\/11\/Leiria_positivo-horizontal.png\",\"contentUrl\":\"https:\/\/comarcas.csm.org.pt\/leiria\/wp-content\/uploads\/sites\/16\/2024\/11\/Leiria_positivo-horizontal.png\",\"width\":5088,\"height\":890,\"caption\":\"Tribunal Judicial da Comarca de Leiria\"},\"image\":{\"@id\":\"https:\/\/comarcas.csm.org.pt\/leiria\/#\/schema\/logo\/image\/\"}},{\"@type\":\"Person\",\"@id\":\"https:\/\/comarcas.csm.org.pt\/leiria\/#\/schema\/person\/9057b6fbd670d5a2e931712cd357d806\",\"name\":\"leiria\",\"image\":{\"@type\":\"ImageObject\",\"inLanguage\":\"pt-PT\",\"@id\":\"https:\/\/comarcas.csm.org.pt\/leiria\/#\/schema\/person\/image\/\",\"url\":\"https:\/\/secure.gravatar.com\/avatar\/399a72a2630b07d71a4e0167744303361d26ed8a993be2c5686bbe5ff44b469f?s=96&d=mm&r=g\",\"contentUrl\":\"https:\/\/secure.gravatar.com\/avatar\/399a72a2630b07d71a4e0167744303361d26ed8a993be2c5686bbe5ff44b469f?s=96&d=mm&r=g\",\"caption\":\"leiria\"},\"url\":\"https:\/\/comarcas.csm.org.pt\/leiria\/blog\/author\/leiria\/\"}]}<\/script>\n<!-- \/ Yoast SEO plugin. -->","yoast_head_json":{"title":"Pris\u00e3o preventiva para suspeito de agredir pai - Tribunal Judicial da Comarca de Leiria","robots":{"index":"index","follow":"follow","max-snippet":"max-snippet:-1","max-image-preview":"max-image-preview:large","max-video-preview":"max-video-preview:-1"},"canonical":"https:\/\/comarcas.csm.org.pt\/leiria\/blog\/2026\/02\/16\/prisao-preventiva-para-suspeito-de-agredir-pai\/","og_locale":"pt_PT","og_type":"article","og_title":"Pris\u00e3o preventiva para suspeito de agredir pai - Tribunal Judicial da Comarca de Leiria","og_description":"In Jornal das Caldas, de 15.02.2026 Um indiv\u00edduo de 28 anos ficou em pris\u00e3o preventiva depois de ter sido presente a primeiro interrogat\u00f3rio judicial pela pr\u00e1tica de um crime de viol\u00eancia dom\u00e9stica sobre o pai,...","og_url":"https:\/\/comarcas.csm.org.pt\/leiria\/blog\/2026\/02\/16\/prisao-preventiva-para-suspeito-de-agredir-pai\/","og_site_name":"Tribunal Judicial da Comarca de Leiria","article_published_time":"2026-02-16T10:51:32+00:00","article_modified_time":"2026-02-16T10:51:33+00:00","author":"leiria","twitter_card":"summary_large_image","twitter_misc":{"Escrito por":"leiria","Tempo estimado de leitura":"1 minuto"},"schema":{"@context":"https:\/\/schema.org","@graph":[{"@type":"Article","@id":"https:\/\/comarcas.csm.org.pt\/leiria\/blog\/2026\/02\/16\/prisao-preventiva-para-suspeito-de-agredir-pai\/#article","isPartOf":{"@id":"https:\/\/comarcas.csm.org.pt\/leiria\/blog\/2026\/02\/16\/prisao-preventiva-para-suspeito-de-agredir-pai\/"},"author":{"name":"leiria","@id":"https:\/\/comarcas.csm.org.pt\/leiria\/#\/schema\/person\/9057b6fbd670d5a2e931712cd357d806"},"headline":"Pris\u00e3o preventiva para suspeito de agredir pai","datePublished":"2026-02-16T10:51:32+00:00","dateModified":"2026-02-16T10:51:33+00:00","mainEntityOfPage":{"@id":"https:\/\/comarcas.csm.org.pt\/leiria\/blog\/2026\/02\/16\/prisao-preventiva-para-suspeito-de-agredir-pai\/"},"wordCount":199,"publisher":{"@id":"https:\/\/comarcas.csm.org.pt\/leiria\/#organization"},"articleSection":["Geral","Not\u00edcias"],"inLanguage":"pt-PT"},{"@type":"WebPage","@id":"https:\/\/comarcas.csm.org.pt\/leiria\/blog\/2026\/02\/16\/prisao-preventiva-para-suspeito-de-agredir-pai\/","url":"https:\/\/comarcas.csm.org.pt\/leiria\/blog\/2026\/02\/16\/prisao-preventiva-para-suspeito-de-agredir-pai\/","name":"Pris\u00e3o preventiva para suspeito de agredir pai - Tribunal Judicial da Comarca de Leiria","isPartOf":{"@id":"https:\/\/comarcas.csm.org.pt\/leiria\/#website"},"datePublished":"2026-02-16T10:51:32+00:00","dateModified":"2026-02-16T10:51:33+00:00","breadcrumb":{"@id":"https:\/\/comarcas.csm.org.pt\/leiria\/blog\/2026\/02\/16\/prisao-preventiva-para-suspeito-de-agredir-pai\/#breadcrumb"},"inLanguage":"pt-PT","potentialAction":[{"@type":"ReadAction","target":["https:\/\/comarcas.csm.org.pt\/leiria\/blog\/2026\/02\/16\/prisao-preventiva-para-suspeito-de-agredir-pai\/"]}]},{"@type":"BreadcrumbList","@id":"https:\/\/comarcas.csm.org.pt\/leiria\/blog\/2026\/02\/16\/prisao-preventiva-para-suspeito-de-agredir-pai\/#breadcrumb","itemListElement":[{"@type":"ListItem","position":1,"name":"In\u00edcio","item":"https:\/\/comarcas.csm.org.pt\/leiria\/"},{"@type":"ListItem","position":2,"name":"Pris\u00e3o preventiva para suspeito de agredir pai"}]},{"@type":"WebSite","@id":"https:\/\/comarcas.csm.org.pt\/leiria\/#website","url":"https:\/\/comarcas.csm.org.pt\/leiria\/","name":"Tribunal Judicial da Comarca de Leiria","description":"Tribunal Judicial da Comarca de Aveiro","publisher":{"@id":"https:\/\/comarcas.csm.org.pt\/leiria\/#organization"},"potentialAction":[{"@type":"SearchAction","target":{"@type":"EntryPoint","urlTemplate":"https:\/\/comarcas.csm.org.pt\/leiria\/?s={search_term_string}"},"query-input":{"@type":"PropertyValueSpecification","valueRequired":true,"valueName":"search_term_string"}}],"inLanguage":"pt-PT"},{"@type":"Organization","@id":"https:\/\/comarcas.csm.org.pt\/leiria\/#organization","name":"Tribunal Judicial da Comarca de Leiria","url":"https:\/\/comarcas.csm.org.pt\/leiria\/","logo":{"@type":"ImageObject","inLanguage":"pt-PT","@id":"https:\/\/comarcas.csm.org.pt\/leiria\/#\/schema\/logo\/image\/","url":"https:\/\/comarcas.csm.org.pt\/leiria\/wp-content\/uploads\/sites\/16\/2024\/11\/Leiria_positivo-horizontal.png","contentUrl":"https:\/\/comarcas.csm.org.pt\/leiria\/wp-content\/uploads\/sites\/16\/2024\/11\/Leiria_positivo-horizontal.png","width":5088,"height":890,"caption":"Tribunal Judicial da Comarca de Leiria"},"image":{"@id":"https:\/\/comarcas.csm.org.pt\/leiria\/#\/schema\/logo\/image\/"}},{"@type":"Person","@id":"https:\/\/comarcas.csm.org.pt\/leiria\/#\/schema\/person\/9057b6fbd670d5a2e931712cd357d806","name":"leiria","image":{"@type":"ImageObject","inLanguage":"pt-PT","@id":"https:\/\/comarcas.csm.org.pt\/leiria\/#\/schema\/person\/image\/","url":"https:\/\/secure.gravatar.com\/avatar\/399a72a2630b07d71a4e0167744303361d26ed8a993be2c5686bbe5ff44b469f?s=96&d=mm&r=g","contentUrl":"https:\/\/secure.gravatar.com\/avatar\/399a72a2630b07d71a4e0167744303361d26ed8a993be2c5686bbe5ff44b469f?s=96&d=mm&r=g","caption":"leiria"},"url":"https:\/\/comarcas.csm.org.pt\/leiria\/blog\/author\/leiria\/"}]}},"_links":{"self":[{"href":"https:\/\/comarcas.csm.org.pt\/leiria\/wp-json\/wp\/v2\/posts\/13539","targetHints":{"allow":["GET"]}}],"collection":[{"href":"https:\/\/comarcas.csm.org.pt\/leiria\/wp-json\/wp\/v2\/posts"}],"about":[{"href":"https:\/\/comarcas.csm.org.pt\/leiria\/wp-json\/wp\/v2\/types\/post"}],"author":[{"embeddable":true,"href":"https:\/\/comarcas.csm.org.pt\/leiria\/wp-json\/wp\/v2\/users\/16"}],"replies":[{"embeddable":true,"href":"https:\/\/comarcas.csm.org.pt\/leiria\/wp-json\/wp\/v2\/comments?post=13539"}],"version-history":[{"count":1,"href":"https:\/\/comarcas.csm.org.pt\/leiria\/wp-json\/wp\/v2\/posts\/13539\/revisions"}],"predecessor-version":[{"id":13540,"href":"https:\/\/comarcas.csm.org.pt\/leiria\/wp-json\/wp\/v2\/posts\/13539\/revisions\/13540"}],"wp:attachment":[{"href":"https:\/\/comarcas.csm.org.pt\/leiria\/wp-json\/wp\/v2\/media?parent=13539"}],"wp:term":[{"taxonomy":"category","embeddable":true,"href":"https:\/\/comarcas.csm.org.pt\/leiria\/wp-json\/wp\/v2\/categories?post=13539"},{"taxonomy":"post_tag","embeddable":true,"href":"https:\/\/comarcas.csm.org.pt\/leiria\/wp-json\/wp\/v2\/tags?post=13539"}],"curies":[{"name":"wp","href":"https:\/\/api.w.org\/{rel}","templated":true}]}}