{"id":13541,"date":"2026-02-16T10:53:36","date_gmt":"2026-02-16T10:53:36","guid":{"rendered":"https:\/\/comarcas.csm.org.pt\/leiria\/?p=13541"},"modified":"2026-02-16T10:53:37","modified_gmt":"2026-02-16T10:53:37","slug":"detido-por-violencia-domestica-tinha-armas-em-casa","status":"publish","type":"post","link":"https:\/\/comarcas.csm.org.pt\/leiria\/blog\/2026\/02\/16\/detido-por-violencia-domestica-tinha-armas-em-casa\/","title":{"rendered":"Detido por viol\u00eancia dom\u00e9stica tinha armas em casa"},"content":{"rendered":"\n<p>In <a href=\"https:\/\/www.diarioleiria.pt\/2026\/02\/16\/detido-por-violencia-domestica-tinha-armas-em-casa\/\">Di\u00e1rio de Leiria<\/a>, de 16.02.2026<\/p>\n\n\n\n<p>O homem est\u00e1 \u201cfortemente indiciado pela pr\u00e1tica de viol\u00eancia dom\u00e9stica e amea\u00e7as de morte dirigidas \u00e0 v\u00edtima\u201d, de 34 anos.<\/p>\n\n\n\n<p>Um homem de 69 anos foi detido nas Caldas da Rainha por suspeita de viol\u00eancia dom\u00e9stica, tendo as autoridades descoberto, no \u00e2mbito do processo, apreendido v\u00e1rias armas.<br>A deten\u00e7\u00e3o ocorreu na passada quinta-feira. O homem est\u00e1 \u201cfortemente indiciado pela pr\u00e1tica de viol\u00eancia dom\u00e9stica e amea\u00e7as de morte dirigidas \u00e0 v\u00edtima\u201d, de 34 anos, tendo sido detido fora de flagrante delito, em cumprimento de um mandado emitido pelo Departamento de Investiga\u00e7\u00e3o e A\u00e7\u00e3o Penal das Caldas da Rainha.<br>No decurso das dilig\u00eancias desenvolvidas, foram efetuadas buscas a duas resid\u00eancias do homem, tendo sido apreendidas duas armas de ar comprimido, uma pistola de ornamenta\u00e7\u00e3o e v\u00e1rias muni\u00e7\u00f5es. Em comunicado, a PSP esclarece que \u201clogo no in\u00edcio da investiga\u00e7\u00e3o, no \u00e2mbito das medidas urgentes e cautelares de pol\u00edcia, j\u00e1 haviam sido apreendidas quatro espingardas de ca\u00e7a\u201d.<br>Considerando a prova recolhida e os ind\u00edcios existentes, foi determinada a medida de afastamento de locais frequentados pela v\u00edtima, bem como a proibi\u00e7\u00e3o de contactos. \u201cA investiga\u00e7\u00e3o prossegue com vista ao integral esclarecimento dos factos e \u00e0 salvaguarda da seguran\u00e7a e prote\u00e7\u00e3o da v\u00edtima envolvida, \u00e0 qual j\u00e1 havia sido atribu\u00eddo o estatuto de v\u00edtima especialmente vulner\u00e1vel no \u00e2mbito do crime de viol\u00eancia dom\u00e9stica, que confere um conjunto de direitos e medidas espec\u00edficas de prote\u00e7\u00e3o e apoio, destinados a salvaguardar pessoas em situa\u00e7\u00e3o de particular fragilidade\u201d, aponta a PSP.<\/p>\n\n\n\n<p><\/p>\n","protected":false},"excerpt":{"rendered":"<p>In Di\u00e1rio de Leiria, de 16.02.2026 O homem est\u00e1 \u201cfortemente indiciado pela pr\u00e1tica de viol\u00eancia dom\u00e9stica e amea\u00e7as de morte dirigidas \u00e0 v\u00edtima\u201d, de 34 anos. Um homem de 69 anos foi detido nas Caldas&#8230;<\/p>\n","protected":false},"author":16,"featured_media":0,"comment_status":"closed","ping_status":"open","sticky":false,"template":"","format":"standard","meta":{"_tbt_post_transparent":"","_tbt_post_title":"","_tbt_post_layout":"","_tbt_post_sidebar_id":"","_tbt_post_content_style":"","_tbt_post_vertical_padding":"","_tbt_post_feature":"","_tbt_post_feature_position":"","_tbt_post_header":false,"_tbt_post_footer":false},"categories":[1,5],"tags":[],"class_list":["post-13541","post","type-post","status-publish","format-standard","hentry","category-geral","category-noticias"],"yoast_head":"<!-- This site is optimized with the Yoast SEO plugin v25.6 - https:\/\/yoast.com\/wordpress\/plugins\/seo\/ -->\n<title>Detido por viol\u00eancia dom\u00e9stica tinha armas em casa - Tribunal Judicial da Comarca de Leiria<\/title>\n<meta name=\"robots\" content=\"index, follow, max-snippet:-1, max-image-preview:large, max-video-preview:-1\" \/>\n<link rel=\"canonical\" href=\"https:\/\/comarcas.csm.org.pt\/leiria\/blog\/2026\/02\/16\/detido-por-violencia-domestica-tinha-armas-em-casa\/\" \/>\n<meta property=\"og:locale\" content=\"pt_PT\" \/>\n<meta property=\"og:type\" content=\"article\" \/>\n<meta property=\"og:title\" content=\"Detido por viol\u00eancia dom\u00e9stica tinha armas em casa - Tribunal Judicial da Comarca de Leiria\" \/>\n<meta property=\"og:description\" content=\"In Di\u00e1rio de Leiria, de 16.02.2026 O homem est\u00e1 \u201cfortemente indiciado pela pr\u00e1tica de viol\u00eancia dom\u00e9stica e amea\u00e7as de morte dirigidas \u00e0 v\u00edtima\u201d, de 34 anos. Um homem de 69 anos foi detido nas Caldas...\" \/>\n<meta property=\"og:url\" content=\"https:\/\/comarcas.csm.org.pt\/leiria\/blog\/2026\/02\/16\/detido-por-violencia-domestica-tinha-armas-em-casa\/\" \/>\n<meta property=\"og:site_name\" content=\"Tribunal Judicial da Comarca de Leiria\" \/>\n<meta property=\"article:published_time\" content=\"2026-02-16T10:53:36+00:00\" \/>\n<meta property=\"article:modified_time\" content=\"2026-02-16T10:53:37+00:00\" \/>\n<meta name=\"author\" content=\"leiria\" \/>\n<meta name=\"twitter:card\" content=\"summary_large_image\" \/>\n<meta name=\"twitter:label1\" content=\"Escrito por\" \/>\n\t<meta name=\"twitter:data1\" content=\"leiria\" \/>\n\t<meta name=\"twitter:label2\" content=\"Tempo estimado de leitura\" \/>\n\t<meta name=\"twitter:data2\" content=\"2 minutos\" \/>\n<script type=\"application\/ld+json\" class=\"yoast-schema-graph\">{\"@context\":\"https:\/\/schema.org\",\"@graph\":[{\"@type\":\"Article\",\"@id\":\"https:\/\/comarcas.csm.org.pt\/leiria\/blog\/2026\/02\/16\/detido-por-violencia-domestica-tinha-armas-em-casa\/#article\",\"isPartOf\":{\"@id\":\"https:\/\/comarcas.csm.org.pt\/leiria\/blog\/2026\/02\/16\/detido-por-violencia-domestica-tinha-armas-em-casa\/\"},\"author\":{\"name\":\"leiria\",\"@id\":\"https:\/\/comarcas.csm.org.pt\/leiria\/#\/schema\/person\/9057b6fbd670d5a2e931712cd357d806\"},\"headline\":\"Detido por viol\u00eancia dom\u00e9stica tinha armas em casa\",\"datePublished\":\"2026-02-16T10:53:36+00:00\",\"dateModified\":\"2026-02-16T10:53:37+00:00\",\"mainEntityOfPage\":{\"@id\":\"https:\/\/comarcas.csm.org.pt\/leiria\/blog\/2026\/02\/16\/detido-por-violencia-domestica-tinha-armas-em-casa\/\"},\"wordCount\":291,\"publisher\":{\"@id\":\"https:\/\/comarcas.csm.org.pt\/leiria\/#organization\"},\"articleSection\":[\"Geral\",\"Not\u00edcias\"],\"inLanguage\":\"pt-PT\"},{\"@type\":\"WebPage\",\"@id\":\"https:\/\/comarcas.csm.org.pt\/leiria\/blog\/2026\/02\/16\/detido-por-violencia-domestica-tinha-armas-em-casa\/\",\"url\":\"https:\/\/comarcas.csm.org.pt\/leiria\/blog\/2026\/02\/16\/detido-por-violencia-domestica-tinha-armas-em-casa\/\",\"name\":\"Detido por viol\u00eancia dom\u00e9stica tinha armas em casa - Tribunal Judicial da Comarca de Leiria\",\"isPartOf\":{\"@id\":\"https:\/\/comarcas.csm.org.pt\/leiria\/#website\"},\"datePublished\":\"2026-02-16T10:53:36+00:00\",\"dateModified\":\"2026-02-16T10:53:37+00:00\",\"breadcrumb\":{\"@id\":\"https:\/\/comarcas.csm.org.pt\/leiria\/blog\/2026\/02\/16\/detido-por-violencia-domestica-tinha-armas-em-casa\/#breadcrumb\"},\"inLanguage\":\"pt-PT\",\"potentialAction\":[{\"@type\":\"ReadAction\",\"target\":[\"https:\/\/comarcas.csm.org.pt\/leiria\/blog\/2026\/02\/16\/detido-por-violencia-domestica-tinha-armas-em-casa\/\"]}]},{\"@type\":\"BreadcrumbList\",\"@id\":\"https:\/\/comarcas.csm.org.pt\/leiria\/blog\/2026\/02\/16\/detido-por-violencia-domestica-tinha-armas-em-casa\/#breadcrumb\",\"itemListElement\":[{\"@type\":\"ListItem\",\"position\":1,\"name\":\"In\u00edcio\",\"item\":\"https:\/\/comarcas.csm.org.pt\/leiria\/\"},{\"@type\":\"ListItem\",\"position\":2,\"name\":\"Detido por viol\u00eancia dom\u00e9stica tinha armas em casa\"}]},{\"@type\":\"WebSite\",\"@id\":\"https:\/\/comarcas.csm.org.pt\/leiria\/#website\",\"url\":\"https:\/\/comarcas.csm.org.pt\/leiria\/\",\"name\":\"Tribunal Judicial da Comarca de Leiria\",\"description\":\"Tribunal Judicial da Comarca de Aveiro\",\"publisher\":{\"@id\":\"https:\/\/comarcas.csm.org.pt\/leiria\/#organization\"},\"potentialAction\":[{\"@type\":\"SearchAction\",\"target\":{\"@type\":\"EntryPoint\",\"urlTemplate\":\"https:\/\/comarcas.csm.org.pt\/leiria\/?s={search_term_string}\"},\"query-input\":{\"@type\":\"PropertyValueSpecification\",\"valueRequired\":true,\"valueName\":\"search_term_string\"}}],\"inLanguage\":\"pt-PT\"},{\"@type\":\"Organization\",\"@id\":\"https:\/\/comarcas.csm.org.pt\/leiria\/#organization\",\"name\":\"Tribunal Judicial da Comarca de Leiria\",\"url\":\"https:\/\/comarcas.csm.org.pt\/leiria\/\",\"logo\":{\"@type\":\"ImageObject\",\"inLanguage\":\"pt-PT\",\"@id\":\"https:\/\/comarcas.csm.org.pt\/leiria\/#\/schema\/logo\/image\/\",\"url\":\"https:\/\/comarcas.csm.org.pt\/leiria\/wp-content\/uploads\/sites\/16\/2024\/11\/Leiria_positivo-horizontal.png\",\"contentUrl\":\"https:\/\/comarcas.csm.org.pt\/leiria\/wp-content\/uploads\/sites\/16\/2024\/11\/Leiria_positivo-horizontal.png\",\"width\":5088,\"height\":890,\"caption\":\"Tribunal Judicial da Comarca de Leiria\"},\"image\":{\"@id\":\"https:\/\/comarcas.csm.org.pt\/leiria\/#\/schema\/logo\/image\/\"}},{\"@type\":\"Person\",\"@id\":\"https:\/\/comarcas.csm.org.pt\/leiria\/#\/schema\/person\/9057b6fbd670d5a2e931712cd357d806\",\"name\":\"leiria\",\"image\":{\"@type\":\"ImageObject\",\"inLanguage\":\"pt-PT\",\"@id\":\"https:\/\/comarcas.csm.org.pt\/leiria\/#\/schema\/person\/image\/\",\"url\":\"https:\/\/secure.gravatar.com\/avatar\/399a72a2630b07d71a4e0167744303361d26ed8a993be2c5686bbe5ff44b469f?s=96&d=mm&r=g\",\"contentUrl\":\"https:\/\/secure.gravatar.com\/avatar\/399a72a2630b07d71a4e0167744303361d26ed8a993be2c5686bbe5ff44b469f?s=96&d=mm&r=g\",\"caption\":\"leiria\"},\"url\":\"https:\/\/comarcas.csm.org.pt\/leiria\/blog\/author\/leiria\/\"}]}<\/script>\n<!-- \/ Yoast SEO plugin. -->","yoast_head_json":{"title":"Detido por viol\u00eancia dom\u00e9stica tinha armas em casa - Tribunal Judicial da Comarca de Leiria","robots":{"index":"index","follow":"follow","max-snippet":"max-snippet:-1","max-image-preview":"max-image-preview:large","max-video-preview":"max-video-preview:-1"},"canonical":"https:\/\/comarcas.csm.org.pt\/leiria\/blog\/2026\/02\/16\/detido-por-violencia-domestica-tinha-armas-em-casa\/","og_locale":"pt_PT","og_type":"article","og_title":"Detido por viol\u00eancia dom\u00e9stica tinha armas em casa - Tribunal Judicial da Comarca de Leiria","og_description":"In Di\u00e1rio de Leiria, de 16.02.2026 O homem est\u00e1 \u201cfortemente indiciado pela pr\u00e1tica de viol\u00eancia dom\u00e9stica e amea\u00e7as de morte dirigidas \u00e0 v\u00edtima\u201d, de 34 anos. Um homem de 69 anos foi detido nas Caldas...","og_url":"https:\/\/comarcas.csm.org.pt\/leiria\/blog\/2026\/02\/16\/detido-por-violencia-domestica-tinha-armas-em-casa\/","og_site_name":"Tribunal Judicial da Comarca de Leiria","article_published_time":"2026-02-16T10:53:36+00:00","article_modified_time":"2026-02-16T10:53:37+00:00","author":"leiria","twitter_card":"summary_large_image","twitter_misc":{"Escrito por":"leiria","Tempo estimado de leitura":"2 minutos"},"schema":{"@context":"https:\/\/schema.org","@graph":[{"@type":"Article","@id":"https:\/\/comarcas.csm.org.pt\/leiria\/blog\/2026\/02\/16\/detido-por-violencia-domestica-tinha-armas-em-casa\/#article","isPartOf":{"@id":"https:\/\/comarcas.csm.org.pt\/leiria\/blog\/2026\/02\/16\/detido-por-violencia-domestica-tinha-armas-em-casa\/"},"author":{"name":"leiria","@id":"https:\/\/comarcas.csm.org.pt\/leiria\/#\/schema\/person\/9057b6fbd670d5a2e931712cd357d806"},"headline":"Detido por viol\u00eancia dom\u00e9stica tinha armas em casa","datePublished":"2026-02-16T10:53:36+00:00","dateModified":"2026-02-16T10:53:37+00:00","mainEntityOfPage":{"@id":"https:\/\/comarcas.csm.org.pt\/leiria\/blog\/2026\/02\/16\/detido-por-violencia-domestica-tinha-armas-em-casa\/"},"wordCount":291,"publisher":{"@id":"https:\/\/comarcas.csm.org.pt\/leiria\/#organization"},"articleSection":["Geral","Not\u00edcias"],"inLanguage":"pt-PT"},{"@type":"WebPage","@id":"https:\/\/comarcas.csm.org.pt\/leiria\/blog\/2026\/02\/16\/detido-por-violencia-domestica-tinha-armas-em-casa\/","url":"https:\/\/comarcas.csm.org.pt\/leiria\/blog\/2026\/02\/16\/detido-por-violencia-domestica-tinha-armas-em-casa\/","name":"Detido por viol\u00eancia dom\u00e9stica tinha armas em casa - Tribunal Judicial da Comarca de Leiria","isPartOf":{"@id":"https:\/\/comarcas.csm.org.pt\/leiria\/#website"},"datePublished":"2026-02-16T10:53:36+00:00","dateModified":"2026-02-16T10:53:37+00:00","breadcrumb":{"@id":"https:\/\/comarcas.csm.org.pt\/leiria\/blog\/2026\/02\/16\/detido-por-violencia-domestica-tinha-armas-em-casa\/#breadcrumb"},"inLanguage":"pt-PT","potentialAction":[{"@type":"ReadAction","target":["https:\/\/comarcas.csm.org.pt\/leiria\/blog\/2026\/02\/16\/detido-por-violencia-domestica-tinha-armas-em-casa\/"]}]},{"@type":"BreadcrumbList","@id":"https:\/\/comarcas.csm.org.pt\/leiria\/blog\/2026\/02\/16\/detido-por-violencia-domestica-tinha-armas-em-casa\/#breadcrumb","itemListElement":[{"@type":"ListItem","position":1,"name":"In\u00edcio","item":"https:\/\/comarcas.csm.org.pt\/leiria\/"},{"@type":"ListItem","position":2,"name":"Detido por viol\u00eancia dom\u00e9stica tinha armas em casa"}]},{"@type":"WebSite","@id":"https:\/\/comarcas.csm.org.pt\/leiria\/#website","url":"https:\/\/comarcas.csm.org.pt\/leiria\/","name":"Tribunal Judicial da Comarca de Leiria","description":"Tribunal Judicial da Comarca de Aveiro","publisher":{"@id":"https:\/\/comarcas.csm.org.pt\/leiria\/#organization"},"potentialAction":[{"@type":"SearchAction","target":{"@type":"EntryPoint","urlTemplate":"https:\/\/comarcas.csm.org.pt\/leiria\/?s={search_term_string}"},"query-input":{"@type":"PropertyValueSpecification","valueRequired":true,"valueName":"search_term_string"}}],"inLanguage":"pt-PT"},{"@type":"Organization","@id":"https:\/\/comarcas.csm.org.pt\/leiria\/#organization","name":"Tribunal Judicial da Comarca de Leiria","url":"https:\/\/comarcas.csm.org.pt\/leiria\/","logo":{"@type":"ImageObject","inLanguage":"pt-PT","@id":"https:\/\/comarcas.csm.org.pt\/leiria\/#\/schema\/logo\/image\/","url":"https:\/\/comarcas.csm.org.pt\/leiria\/wp-content\/uploads\/sites\/16\/2024\/11\/Leiria_positivo-horizontal.png","contentUrl":"https:\/\/comarcas.csm.org.pt\/leiria\/wp-content\/uploads\/sites\/16\/2024\/11\/Leiria_positivo-horizontal.png","width":5088,"height":890,"caption":"Tribunal Judicial da Comarca de Leiria"},"image":{"@id":"https:\/\/comarcas.csm.org.pt\/leiria\/#\/schema\/logo\/image\/"}},{"@type":"Person","@id":"https:\/\/comarcas.csm.org.pt\/leiria\/#\/schema\/person\/9057b6fbd670d5a2e931712cd357d806","name":"leiria","image":{"@type":"ImageObject","inLanguage":"pt-PT","@id":"https:\/\/comarcas.csm.org.pt\/leiria\/#\/schema\/person\/image\/","url":"https:\/\/secure.gravatar.com\/avatar\/399a72a2630b07d71a4e0167744303361d26ed8a993be2c5686bbe5ff44b469f?s=96&d=mm&r=g","contentUrl":"https:\/\/secure.gravatar.com\/avatar\/399a72a2630b07d71a4e0167744303361d26ed8a993be2c5686bbe5ff44b469f?s=96&d=mm&r=g","caption":"leiria"},"url":"https:\/\/comarcas.csm.org.pt\/leiria\/blog\/author\/leiria\/"}]}},"_links":{"self":[{"href":"https:\/\/comarcas.csm.org.pt\/leiria\/wp-json\/wp\/v2\/posts\/13541","targetHints":{"allow":["GET"]}}],"collection":[{"href":"https:\/\/comarcas.csm.org.pt\/leiria\/wp-json\/wp\/v2\/posts"}],"about":[{"href":"https:\/\/comarcas.csm.org.pt\/leiria\/wp-json\/wp\/v2\/types\/post"}],"author":[{"embeddable":true,"href":"https:\/\/comarcas.csm.org.pt\/leiria\/wp-json\/wp\/v2\/users\/16"}],"replies":[{"embeddable":true,"href":"https:\/\/comarcas.csm.org.pt\/leiria\/wp-json\/wp\/v2\/comments?post=13541"}],"version-history":[{"count":1,"href":"https:\/\/comarcas.csm.org.pt\/leiria\/wp-json\/wp\/v2\/posts\/13541\/revisions"}],"predecessor-version":[{"id":13542,"href":"https:\/\/comarcas.csm.org.pt\/leiria\/wp-json\/wp\/v2\/posts\/13541\/revisions\/13542"}],"wp:attachment":[{"href":"https:\/\/comarcas.csm.org.pt\/leiria\/wp-json\/wp\/v2\/media?parent=13541"}],"wp:term":[{"taxonomy":"category","embeddable":true,"href":"https:\/\/comarcas.csm.org.pt\/leiria\/wp-json\/wp\/v2\/categories?post=13541"},{"taxonomy":"post_tag","embeddable":true,"href":"https:\/\/comarcas.csm.org.pt\/leiria\/wp-json\/wp\/v2\/tags?post=13541"}],"curies":[{"name":"wp","href":"https:\/\/api.w.org\/{rel}","templated":true}]}}