{"id":13543,"date":"2026-02-18T12:23:54","date_gmt":"2026-02-18T12:23:54","guid":{"rendered":"https:\/\/comarcas.csm.org.pt\/leiria\/?p=13543"},"modified":"2026-02-18T12:23:56","modified_gmt":"2026-02-18T12:23:56","slug":"psp-detem-homicida-foragido-a-justica-em-leiria","status":"publish","type":"post","link":"https:\/\/comarcas.csm.org.pt\/leiria\/blog\/2026\/02\/18\/psp-detem-homicida-foragido-a-justica-em-leiria\/","title":{"rendered":"PSP det\u00e9m homicida foragido \u00e0 justi\u00e7a em Leiria"},"content":{"rendered":"\n<p><a href=\"https:\/\/www.jornaldeleiria.pt\/noticia\/psp-detem-homicida-foragido-a-justica-em-leiria\">in &#8220;Jornal de Leiria.pt&#8221;, 18.02.2026<\/a><\/p>\n\n\n\n<p>Homem condenado por homic\u00eddio por neglig\u00eancia, furto qualificado, furto de ve\u00edculo e condu\u00e7\u00e3o sem habilita\u00e7\u00e3o legal estava escondido em edif\u00edcio devoluto.<\/p>\n\n\n\n<p>Um homem de 42 anos foi detido pela Esquadra de Interven\u00e7\u00e3o e Fiscaliza\u00e7\u00e3o Policial de Leiria da Pol\u00edcia\u00a0de Seguran\u00e7a P\u00fablica sobre o qual pendia um mandado de deten\u00e7\u00e3o para cumprimento do remanescente de pena de pris\u00e3o, na sequ\u00eancia de condena\u00e7\u00f5es pelos crimes de homic\u00eddio por neglig\u00eancia, furto qualificado, furto de ve\u00edculo e condu\u00e7\u00e3o sem habilita\u00e7\u00e3o legal.<\/p>\n\n\n\n<p>O detido encontrava-se escondido num estabelecimento comercial devoluto, num parque existente na cidade da Marinha Grande, tentando assim furtar-se ao cumprimento das decis\u00f5es judiciais, refere uma nota de imprensa do Comando Distrital da PSP de Leiria.<\/p>\n\n\n\n<p>Natural de Maceira, no concelho de Leiria, e residente na Marinha Grande, o homem havia sido condenado a um total de 11 anos de pris\u00e3o efectiva, dos quais j\u00e1 cumprira sete anos.<\/p>\n\n\n\n<p>No entanto, encontrava-se em incumprimento da liberdade condicional de que beneficiava, motivo pelo qual foi localizado e detido para execu\u00e7\u00e3o da restante pena de pris\u00e3o.<\/p>\n\n\n\n<p>Segundo a PSP, desde 2017, o homem foi condenado em tr\u00eas penas de pris\u00e3o efectiva sucessivas: uma pena de tr\u00eas anos por dois crimes de furto qualificado, uma pena de cinco anos e seis meses pela pr\u00e1tica de homic\u00eddio por neglig\u00eancia, furto qualificado, furto de ve\u00edculo e dois crimes de condu\u00e7\u00e3o sem habilita\u00e7\u00e3o legal e ainda uma pena adicional de tr\u00eas anos por novo crime de furto qualificado.<\/p>\n\n\n\n<p>&#8220;O crime de homic\u00eddio por neglig\u00eancia ocorreu no contexto de fuga, quando o homem conduzia um ve\u00edculo furtado, tendo sofrido um despiste que resultou na morte do c\u00famplice que o acompanhava&#8221;, acrescenta o comunicado.<\/p>\n\n\n\n<p>Ap\u00f3s a sua localiza\u00e7\u00e3o e deten\u00e7\u00e3o, o homem foi conduzido ao Estabelecimento Prisional de Leiria, onde ir\u00e1 cumprir o remanescente da pena, correspondente a tr\u00eas anos de pris\u00e3o efectiva.<\/p>\n\n\n\n<p><\/p>\n","protected":false},"excerpt":{"rendered":"<p>in &#8220;Jornal de Leiria.pt&#8221;, 18.02.2026 Homem condenado por homic\u00eddio por neglig\u00eancia, furto qualificado, furto de ve\u00edculo e condu\u00e7\u00e3o sem habilita\u00e7\u00e3o legal estava escondido em edif\u00edcio devoluto. Um homem de 42 anos foi detido pela Esquadra&#8230;<\/p>\n","protected":false},"author":16,"featured_media":0,"comment_status":"closed","ping_status":"open","sticky":false,"template":"","format":"standard","meta":{"_tbt_post_transparent":"","_tbt_post_title":"","_tbt_post_layout":"","_tbt_post_sidebar_id":"","_tbt_post_content_style":"","_tbt_post_vertical_padding":"","_tbt_post_feature":"","_tbt_post_feature_position":"","_tbt_post_header":false,"_tbt_post_footer":false},"categories":[1,5],"tags":[],"class_list":["post-13543","post","type-post","status-publish","format-standard","hentry","category-geral","category-noticias"],"yoast_head":"<!-- This site is optimized with the Yoast SEO plugin v25.6 - https:\/\/yoast.com\/wordpress\/plugins\/seo\/ -->\n<title>PSP det\u00e9m homicida foragido \u00e0 justi\u00e7a em Leiria - Tribunal Judicial da Comarca de Leiria<\/title>\n<meta name=\"robots\" content=\"index, follow, max-snippet:-1, max-image-preview:large, max-video-preview:-1\" \/>\n<link rel=\"canonical\" href=\"https:\/\/comarcas.csm.org.pt\/leiria\/blog\/2026\/02\/18\/psp-detem-homicida-foragido-a-justica-em-leiria\/\" \/>\n<meta property=\"og:locale\" content=\"pt_PT\" \/>\n<meta property=\"og:type\" content=\"article\" \/>\n<meta property=\"og:title\" content=\"PSP det\u00e9m homicida foragido \u00e0 justi\u00e7a em Leiria - Tribunal Judicial da Comarca de Leiria\" \/>\n<meta property=\"og:description\" content=\"in &#8220;Jornal de Leiria.pt&#8221;, 18.02.2026 Homem condenado por homic\u00eddio por neglig\u00eancia, furto qualificado, furto de ve\u00edculo e condu\u00e7\u00e3o sem habilita\u00e7\u00e3o legal estava escondido em edif\u00edcio devoluto. Um homem de 42 anos foi detido pela Esquadra...\" \/>\n<meta property=\"og:url\" content=\"https:\/\/comarcas.csm.org.pt\/leiria\/blog\/2026\/02\/18\/psp-detem-homicida-foragido-a-justica-em-leiria\/\" \/>\n<meta property=\"og:site_name\" content=\"Tribunal Judicial da Comarca de Leiria\" \/>\n<meta property=\"article:published_time\" content=\"2026-02-18T12:23:54+00:00\" \/>\n<meta property=\"article:modified_time\" content=\"2026-02-18T12:23:56+00:00\" \/>\n<meta name=\"author\" content=\"leiria\" \/>\n<meta name=\"twitter:card\" content=\"summary_large_image\" \/>\n<meta name=\"twitter:label1\" content=\"Escrito por\" \/>\n\t<meta name=\"twitter:data1\" content=\"leiria\" \/>\n\t<meta name=\"twitter:label2\" content=\"Tempo estimado de leitura\" \/>\n\t<meta name=\"twitter:data2\" content=\"2 minutos\" \/>\n<script type=\"application\/ld+json\" class=\"yoast-schema-graph\">{\"@context\":\"https:\/\/schema.org\",\"@graph\":[{\"@type\":\"Article\",\"@id\":\"https:\/\/comarcas.csm.org.pt\/leiria\/blog\/2026\/02\/18\/psp-detem-homicida-foragido-a-justica-em-leiria\/#article\",\"isPartOf\":{\"@id\":\"https:\/\/comarcas.csm.org.pt\/leiria\/blog\/2026\/02\/18\/psp-detem-homicida-foragido-a-justica-em-leiria\/\"},\"author\":{\"name\":\"leiria\",\"@id\":\"https:\/\/comarcas.csm.org.pt\/leiria\/#\/schema\/person\/9057b6fbd670d5a2e931712cd357d806\"},\"headline\":\"PSP det\u00e9m homicida foragido \u00e0 justi\u00e7a em Leiria\",\"datePublished\":\"2026-02-18T12:23:54+00:00\",\"dateModified\":\"2026-02-18T12:23:56+00:00\",\"mainEntityOfPage\":{\"@id\":\"https:\/\/comarcas.csm.org.pt\/leiria\/blog\/2026\/02\/18\/psp-detem-homicida-foragido-a-justica-em-leiria\/\"},\"wordCount\":356,\"publisher\":{\"@id\":\"https:\/\/comarcas.csm.org.pt\/leiria\/#organization\"},\"articleSection\":[\"Geral\",\"Not\u00edcias\"],\"inLanguage\":\"pt-PT\"},{\"@type\":\"WebPage\",\"@id\":\"https:\/\/comarcas.csm.org.pt\/leiria\/blog\/2026\/02\/18\/psp-detem-homicida-foragido-a-justica-em-leiria\/\",\"url\":\"https:\/\/comarcas.csm.org.pt\/leiria\/blog\/2026\/02\/18\/psp-detem-homicida-foragido-a-justica-em-leiria\/\",\"name\":\"PSP det\u00e9m homicida foragido \u00e0 justi\u00e7a em Leiria - Tribunal Judicial da Comarca de Leiria\",\"isPartOf\":{\"@id\":\"https:\/\/comarcas.csm.org.pt\/leiria\/#website\"},\"datePublished\":\"2026-02-18T12:23:54+00:00\",\"dateModified\":\"2026-02-18T12:23:56+00:00\",\"breadcrumb\":{\"@id\":\"https:\/\/comarcas.csm.org.pt\/leiria\/blog\/2026\/02\/18\/psp-detem-homicida-foragido-a-justica-em-leiria\/#breadcrumb\"},\"inLanguage\":\"pt-PT\",\"potentialAction\":[{\"@type\":\"ReadAction\",\"target\":[\"https:\/\/comarcas.csm.org.pt\/leiria\/blog\/2026\/02\/18\/psp-detem-homicida-foragido-a-justica-em-leiria\/\"]}]},{\"@type\":\"BreadcrumbList\",\"@id\":\"https:\/\/comarcas.csm.org.pt\/leiria\/blog\/2026\/02\/18\/psp-detem-homicida-foragido-a-justica-em-leiria\/#breadcrumb\",\"itemListElement\":[{\"@type\":\"ListItem\",\"position\":1,\"name\":\"In\u00edcio\",\"item\":\"https:\/\/comarcas.csm.org.pt\/leiria\/\"},{\"@type\":\"ListItem\",\"position\":2,\"name\":\"PSP det\u00e9m homicida foragido \u00e0 justi\u00e7a em Leiria\"}]},{\"@type\":\"WebSite\",\"@id\":\"https:\/\/comarcas.csm.org.pt\/leiria\/#website\",\"url\":\"https:\/\/comarcas.csm.org.pt\/leiria\/\",\"name\":\"Tribunal Judicial da Comarca de Leiria\",\"description\":\"Tribunal Judicial da Comarca de Aveiro\",\"publisher\":{\"@id\":\"https:\/\/comarcas.csm.org.pt\/leiria\/#organization\"},\"potentialAction\":[{\"@type\":\"SearchAction\",\"target\":{\"@type\":\"EntryPoint\",\"urlTemplate\":\"https:\/\/comarcas.csm.org.pt\/leiria\/?s={search_term_string}\"},\"query-input\":{\"@type\":\"PropertyValueSpecification\",\"valueRequired\":true,\"valueName\":\"search_term_string\"}}],\"inLanguage\":\"pt-PT\"},{\"@type\":\"Organization\",\"@id\":\"https:\/\/comarcas.csm.org.pt\/leiria\/#organization\",\"name\":\"Tribunal Judicial da Comarca de Leiria\",\"url\":\"https:\/\/comarcas.csm.org.pt\/leiria\/\",\"logo\":{\"@type\":\"ImageObject\",\"inLanguage\":\"pt-PT\",\"@id\":\"https:\/\/comarcas.csm.org.pt\/leiria\/#\/schema\/logo\/image\/\",\"url\":\"https:\/\/comarcas.csm.org.pt\/leiria\/wp-content\/uploads\/sites\/16\/2024\/11\/Leiria_positivo-horizontal.png\",\"contentUrl\":\"https:\/\/comarcas.csm.org.pt\/leiria\/wp-content\/uploads\/sites\/16\/2024\/11\/Leiria_positivo-horizontal.png\",\"width\":5088,\"height\":890,\"caption\":\"Tribunal Judicial da Comarca de Leiria\"},\"image\":{\"@id\":\"https:\/\/comarcas.csm.org.pt\/leiria\/#\/schema\/logo\/image\/\"}},{\"@type\":\"Person\",\"@id\":\"https:\/\/comarcas.csm.org.pt\/leiria\/#\/schema\/person\/9057b6fbd670d5a2e931712cd357d806\",\"name\":\"leiria\",\"image\":{\"@type\":\"ImageObject\",\"inLanguage\":\"pt-PT\",\"@id\":\"https:\/\/comarcas.csm.org.pt\/leiria\/#\/schema\/person\/image\/\",\"url\":\"https:\/\/secure.gravatar.com\/avatar\/399a72a2630b07d71a4e0167744303361d26ed8a993be2c5686bbe5ff44b469f?s=96&d=mm&r=g\",\"contentUrl\":\"https:\/\/secure.gravatar.com\/avatar\/399a72a2630b07d71a4e0167744303361d26ed8a993be2c5686bbe5ff44b469f?s=96&d=mm&r=g\",\"caption\":\"leiria\"},\"url\":\"https:\/\/comarcas.csm.org.pt\/leiria\/blog\/author\/leiria\/\"}]}<\/script>\n<!-- \/ Yoast SEO plugin. -->","yoast_head_json":{"title":"PSP det\u00e9m homicida foragido \u00e0 justi\u00e7a em Leiria - Tribunal Judicial da Comarca de Leiria","robots":{"index":"index","follow":"follow","max-snippet":"max-snippet:-1","max-image-preview":"max-image-preview:large","max-video-preview":"max-video-preview:-1"},"canonical":"https:\/\/comarcas.csm.org.pt\/leiria\/blog\/2026\/02\/18\/psp-detem-homicida-foragido-a-justica-em-leiria\/","og_locale":"pt_PT","og_type":"article","og_title":"PSP det\u00e9m homicida foragido \u00e0 justi\u00e7a em Leiria - Tribunal Judicial da Comarca de Leiria","og_description":"in &#8220;Jornal de Leiria.pt&#8221;, 18.02.2026 Homem condenado por homic\u00eddio por neglig\u00eancia, furto qualificado, furto de ve\u00edculo e condu\u00e7\u00e3o sem habilita\u00e7\u00e3o legal estava escondido em edif\u00edcio devoluto. Um homem de 42 anos foi detido pela Esquadra...","og_url":"https:\/\/comarcas.csm.org.pt\/leiria\/blog\/2026\/02\/18\/psp-detem-homicida-foragido-a-justica-em-leiria\/","og_site_name":"Tribunal Judicial da Comarca de Leiria","article_published_time":"2026-02-18T12:23:54+00:00","article_modified_time":"2026-02-18T12:23:56+00:00","author":"leiria","twitter_card":"summary_large_image","twitter_misc":{"Escrito por":"leiria","Tempo estimado de leitura":"2 minutos"},"schema":{"@context":"https:\/\/schema.org","@graph":[{"@type":"Article","@id":"https:\/\/comarcas.csm.org.pt\/leiria\/blog\/2026\/02\/18\/psp-detem-homicida-foragido-a-justica-em-leiria\/#article","isPartOf":{"@id":"https:\/\/comarcas.csm.org.pt\/leiria\/blog\/2026\/02\/18\/psp-detem-homicida-foragido-a-justica-em-leiria\/"},"author":{"name":"leiria","@id":"https:\/\/comarcas.csm.org.pt\/leiria\/#\/schema\/person\/9057b6fbd670d5a2e931712cd357d806"},"headline":"PSP det\u00e9m homicida foragido \u00e0 justi\u00e7a em Leiria","datePublished":"2026-02-18T12:23:54+00:00","dateModified":"2026-02-18T12:23:56+00:00","mainEntityOfPage":{"@id":"https:\/\/comarcas.csm.org.pt\/leiria\/blog\/2026\/02\/18\/psp-detem-homicida-foragido-a-justica-em-leiria\/"},"wordCount":356,"publisher":{"@id":"https:\/\/comarcas.csm.org.pt\/leiria\/#organization"},"articleSection":["Geral","Not\u00edcias"],"inLanguage":"pt-PT"},{"@type":"WebPage","@id":"https:\/\/comarcas.csm.org.pt\/leiria\/blog\/2026\/02\/18\/psp-detem-homicida-foragido-a-justica-em-leiria\/","url":"https:\/\/comarcas.csm.org.pt\/leiria\/blog\/2026\/02\/18\/psp-detem-homicida-foragido-a-justica-em-leiria\/","name":"PSP det\u00e9m homicida foragido \u00e0 justi\u00e7a em Leiria - Tribunal Judicial da Comarca de Leiria","isPartOf":{"@id":"https:\/\/comarcas.csm.org.pt\/leiria\/#website"},"datePublished":"2026-02-18T12:23:54+00:00","dateModified":"2026-02-18T12:23:56+00:00","breadcrumb":{"@id":"https:\/\/comarcas.csm.org.pt\/leiria\/blog\/2026\/02\/18\/psp-detem-homicida-foragido-a-justica-em-leiria\/#breadcrumb"},"inLanguage":"pt-PT","potentialAction":[{"@type":"ReadAction","target":["https:\/\/comarcas.csm.org.pt\/leiria\/blog\/2026\/02\/18\/psp-detem-homicida-foragido-a-justica-em-leiria\/"]}]},{"@type":"BreadcrumbList","@id":"https:\/\/comarcas.csm.org.pt\/leiria\/blog\/2026\/02\/18\/psp-detem-homicida-foragido-a-justica-em-leiria\/#breadcrumb","itemListElement":[{"@type":"ListItem","position":1,"name":"In\u00edcio","item":"https:\/\/comarcas.csm.org.pt\/leiria\/"},{"@type":"ListItem","position":2,"name":"PSP det\u00e9m homicida foragido \u00e0 justi\u00e7a em Leiria"}]},{"@type":"WebSite","@id":"https:\/\/comarcas.csm.org.pt\/leiria\/#website","url":"https:\/\/comarcas.csm.org.pt\/leiria\/","name":"Tribunal Judicial da Comarca de Leiria","description":"Tribunal Judicial da Comarca de Aveiro","publisher":{"@id":"https:\/\/comarcas.csm.org.pt\/leiria\/#organization"},"potentialAction":[{"@type":"SearchAction","target":{"@type":"EntryPoint","urlTemplate":"https:\/\/comarcas.csm.org.pt\/leiria\/?s={search_term_string}"},"query-input":{"@type":"PropertyValueSpecification","valueRequired":true,"valueName":"search_term_string"}}],"inLanguage":"pt-PT"},{"@type":"Organization","@id":"https:\/\/comarcas.csm.org.pt\/leiria\/#organization","name":"Tribunal Judicial da Comarca de Leiria","url":"https:\/\/comarcas.csm.org.pt\/leiria\/","logo":{"@type":"ImageObject","inLanguage":"pt-PT","@id":"https:\/\/comarcas.csm.org.pt\/leiria\/#\/schema\/logo\/image\/","url":"https:\/\/comarcas.csm.org.pt\/leiria\/wp-content\/uploads\/sites\/16\/2024\/11\/Leiria_positivo-horizontal.png","contentUrl":"https:\/\/comarcas.csm.org.pt\/leiria\/wp-content\/uploads\/sites\/16\/2024\/11\/Leiria_positivo-horizontal.png","width":5088,"height":890,"caption":"Tribunal Judicial da Comarca de Leiria"},"image":{"@id":"https:\/\/comarcas.csm.org.pt\/leiria\/#\/schema\/logo\/image\/"}},{"@type":"Person","@id":"https:\/\/comarcas.csm.org.pt\/leiria\/#\/schema\/person\/9057b6fbd670d5a2e931712cd357d806","name":"leiria","image":{"@type":"ImageObject","inLanguage":"pt-PT","@id":"https:\/\/comarcas.csm.org.pt\/leiria\/#\/schema\/person\/image\/","url":"https:\/\/secure.gravatar.com\/avatar\/399a72a2630b07d71a4e0167744303361d26ed8a993be2c5686bbe5ff44b469f?s=96&d=mm&r=g","contentUrl":"https:\/\/secure.gravatar.com\/avatar\/399a72a2630b07d71a4e0167744303361d26ed8a993be2c5686bbe5ff44b469f?s=96&d=mm&r=g","caption":"leiria"},"url":"https:\/\/comarcas.csm.org.pt\/leiria\/blog\/author\/leiria\/"}]}},"_links":{"self":[{"href":"https:\/\/comarcas.csm.org.pt\/leiria\/wp-json\/wp\/v2\/posts\/13543","targetHints":{"allow":["GET"]}}],"collection":[{"href":"https:\/\/comarcas.csm.org.pt\/leiria\/wp-json\/wp\/v2\/posts"}],"about":[{"href":"https:\/\/comarcas.csm.org.pt\/leiria\/wp-json\/wp\/v2\/types\/post"}],"author":[{"embeddable":true,"href":"https:\/\/comarcas.csm.org.pt\/leiria\/wp-json\/wp\/v2\/users\/16"}],"replies":[{"embeddable":true,"href":"https:\/\/comarcas.csm.org.pt\/leiria\/wp-json\/wp\/v2\/comments?post=13543"}],"version-history":[{"count":1,"href":"https:\/\/comarcas.csm.org.pt\/leiria\/wp-json\/wp\/v2\/posts\/13543\/revisions"}],"predecessor-version":[{"id":13544,"href":"https:\/\/comarcas.csm.org.pt\/leiria\/wp-json\/wp\/v2\/posts\/13543\/revisions\/13544"}],"wp:attachment":[{"href":"https:\/\/comarcas.csm.org.pt\/leiria\/wp-json\/wp\/v2\/media?parent=13543"}],"wp:term":[{"taxonomy":"category","embeddable":true,"href":"https:\/\/comarcas.csm.org.pt\/leiria\/wp-json\/wp\/v2\/categories?post=13543"},{"taxonomy":"post_tag","embeddable":true,"href":"https:\/\/comarcas.csm.org.pt\/leiria\/wp-json\/wp\/v2\/tags?post=13543"}],"curies":[{"name":"wp","href":"https:\/\/api.w.org\/{rel}","templated":true}]}}