{"id":13554,"date":"2026-02-27T11:36:23","date_gmt":"2026-02-27T11:36:23","guid":{"rendered":"https:\/\/comarcas.csm.org.pt\/leiria\/?p=13554"},"modified":"2026-02-27T11:37:04","modified_gmt":"2026-02-27T11:37:04","slug":"homem-detido-por-20-crimes-de-furto-na-regiao-oeste","status":"publish","type":"post","link":"https:\/\/comarcas.csm.org.pt\/leiria\/blog\/2026\/02\/27\/homem-detido-por-20-crimes-de-furto-na-regiao-oeste\/","title":{"rendered":"Homem detido por 20 crimes de furto na regi\u00e3o Oeste"},"content":{"rendered":"\n<p>In <a href=\"https:\/\/www.regiaodeleiria.pt\/2026\/02\/homem-detido-por-20-crimes-de-furto-na-regiao-oeste\/\">Regi\u00e3o de Leiria<\/a>, de 27.02.2026<\/p>\n\n\n\n<p><strong>O detido tinha antecedentes criminais por crimes de furto e tr\u00e1fico de droga, e um mandado de deten\u00e7\u00e3o pendente.<\/strong><\/p>\n\n\n\n<p>Um homem de 41 anos foi detido na segunda-feira por 20 crimes de furto em estabelecimentos de ensino, centros sociais, casa mortu\u00e1ria e igrejas na regi\u00e3o Oeste, informou hoje a Guarda Nacional Republicana (GNR).<\/p>\n\n\n\n<p>Os crimes ocorreram nos concelhos de Bombarral, Caldas da Rainha, \u00d3bidos e Alcoba\u00e7a, indica a GNR em comunicado.<\/p>\n\n\n\n<p>No \u00e2mbito da investiga\u00e7\u00e3o, a guarda realizou uma busca domicili\u00e1ria na qual foram apreendidos um gorro passa-montanhas, um par de luvas, uma lanterna frontal de cabe\u00e7a, um aparelho \u201cpowerbank\u201d e tr\u00eas chaves de fendas.<\/p>\n\n\n\n<p>Foram ainda apreendidas uma chave estrela, um spray W.40, dois pares de sapatilhas e uma tesoura.<\/p>\n\n\n\n<p>O detido tinha antecedentes criminais por crimes de furto e tr\u00e1fico de droga, e um mandado de deten\u00e7\u00e3o e condu\u00e7\u00e3o a Estabelecimento Prisional pendente, para cumprimento de pena de pris\u00e3o efetiva, por outros furtos.<\/p>\n\n\n\n<p>O detido foi conduzido ao Estabelecimento Prisional de Caldas da Rainha, em cumprimento do mandado de deten\u00e7\u00e3o.<\/p>\n\n\n\n<p>De acordo com a GNR, o suspeito foi ainda constitu\u00eddo arguido pela pr\u00e1tica de dois crimes de furto em estabelecimentos escolares, ocorridos no concelho do Cadaval, no distrito de Lisboa, tendo os factos sido remetidos ao Tribunal Judicial de Alenquer.<\/p>\n\n\n\n<p><\/p>\n","protected":false},"excerpt":{"rendered":"<p>In Regi\u00e3o de Leiria, de 27.02.2026 O detido tinha antecedentes criminais por crimes de furto e tr\u00e1fico de droga, e um mandado de deten\u00e7\u00e3o pendente. Um homem de 41 anos foi detido na segunda-feira por&#8230;<\/p>\n","protected":false},"author":16,"featured_media":0,"comment_status":"closed","ping_status":"open","sticky":false,"template":"","format":"standard","meta":{"_tbt_post_transparent":"","_tbt_post_title":"","_tbt_post_layout":"","_tbt_post_sidebar_id":"","_tbt_post_content_style":"","_tbt_post_vertical_padding":"","_tbt_post_feature":"","_tbt_post_feature_position":"","_tbt_post_header":false,"_tbt_post_footer":false},"categories":[1,5],"tags":[],"class_list":["post-13554","post","type-post","status-publish","format-standard","hentry","category-geral","category-noticias"],"yoast_head":"<!-- This site is optimized with the Yoast SEO plugin v25.6 - https:\/\/yoast.com\/wordpress\/plugins\/seo\/ -->\n<title>Homem detido por 20 crimes de furto na regi\u00e3o Oeste - Tribunal Judicial da Comarca de Leiria<\/title>\n<meta name=\"robots\" content=\"index, follow, max-snippet:-1, max-image-preview:large, max-video-preview:-1\" \/>\n<link rel=\"canonical\" href=\"https:\/\/comarcas.csm.org.pt\/leiria\/blog\/2026\/02\/27\/homem-detido-por-20-crimes-de-furto-na-regiao-oeste\/\" \/>\n<meta property=\"og:locale\" content=\"pt_PT\" \/>\n<meta property=\"og:type\" content=\"article\" \/>\n<meta property=\"og:title\" content=\"Homem detido por 20 crimes de furto na regi\u00e3o Oeste - Tribunal Judicial da Comarca de Leiria\" \/>\n<meta property=\"og:description\" content=\"In Regi\u00e3o de Leiria, de 27.02.2026 O detido tinha antecedentes criminais por crimes de furto e tr\u00e1fico de droga, e um mandado de deten\u00e7\u00e3o pendente. Um homem de 41 anos foi detido na segunda-feira por...\" \/>\n<meta property=\"og:url\" content=\"https:\/\/comarcas.csm.org.pt\/leiria\/blog\/2026\/02\/27\/homem-detido-por-20-crimes-de-furto-na-regiao-oeste\/\" \/>\n<meta property=\"og:site_name\" content=\"Tribunal Judicial da Comarca de Leiria\" \/>\n<meta property=\"article:published_time\" content=\"2026-02-27T11:36:23+00:00\" \/>\n<meta property=\"article:modified_time\" content=\"2026-02-27T11:37:04+00:00\" \/>\n<meta name=\"author\" content=\"leiria\" \/>\n<meta name=\"twitter:card\" content=\"summary_large_image\" \/>\n<meta name=\"twitter:label1\" content=\"Escrito por\" \/>\n\t<meta name=\"twitter:data1\" content=\"leiria\" \/>\n\t<meta name=\"twitter:label2\" content=\"Tempo estimado de leitura\" \/>\n\t<meta name=\"twitter:data2\" content=\"2 minutos\" \/>\n<script type=\"application\/ld+json\" class=\"yoast-schema-graph\">{\"@context\":\"https:\/\/schema.org\",\"@graph\":[{\"@type\":\"Article\",\"@id\":\"https:\/\/comarcas.csm.org.pt\/leiria\/blog\/2026\/02\/27\/homem-detido-por-20-crimes-de-furto-na-regiao-oeste\/#article\",\"isPartOf\":{\"@id\":\"https:\/\/comarcas.csm.org.pt\/leiria\/blog\/2026\/02\/27\/homem-detido-por-20-crimes-de-furto-na-regiao-oeste\/\"},\"author\":{\"name\":\"leiria\",\"@id\":\"https:\/\/comarcas.csm.org.pt\/leiria\/#\/schema\/person\/9057b6fbd670d5a2e931712cd357d806\"},\"headline\":\"Homem detido por 20 crimes de furto na regi\u00e3o Oeste\",\"datePublished\":\"2026-02-27T11:36:23+00:00\",\"dateModified\":\"2026-02-27T11:37:04+00:00\",\"mainEntityOfPage\":{\"@id\":\"https:\/\/comarcas.csm.org.pt\/leiria\/blog\/2026\/02\/27\/homem-detido-por-20-crimes-de-furto-na-regiao-oeste\/\"},\"wordCount\":242,\"publisher\":{\"@id\":\"https:\/\/comarcas.csm.org.pt\/leiria\/#organization\"},\"articleSection\":[\"Geral\",\"Not\u00edcias\"],\"inLanguage\":\"pt-PT\"},{\"@type\":\"WebPage\",\"@id\":\"https:\/\/comarcas.csm.org.pt\/leiria\/blog\/2026\/02\/27\/homem-detido-por-20-crimes-de-furto-na-regiao-oeste\/\",\"url\":\"https:\/\/comarcas.csm.org.pt\/leiria\/blog\/2026\/02\/27\/homem-detido-por-20-crimes-de-furto-na-regiao-oeste\/\",\"name\":\"Homem detido por 20 crimes de furto na regi\u00e3o Oeste - Tribunal Judicial da Comarca de Leiria\",\"isPartOf\":{\"@id\":\"https:\/\/comarcas.csm.org.pt\/leiria\/#website\"},\"datePublished\":\"2026-02-27T11:36:23+00:00\",\"dateModified\":\"2026-02-27T11:37:04+00:00\",\"breadcrumb\":{\"@id\":\"https:\/\/comarcas.csm.org.pt\/leiria\/blog\/2026\/02\/27\/homem-detido-por-20-crimes-de-furto-na-regiao-oeste\/#breadcrumb\"},\"inLanguage\":\"pt-PT\",\"potentialAction\":[{\"@type\":\"ReadAction\",\"target\":[\"https:\/\/comarcas.csm.org.pt\/leiria\/blog\/2026\/02\/27\/homem-detido-por-20-crimes-de-furto-na-regiao-oeste\/\"]}]},{\"@type\":\"BreadcrumbList\",\"@id\":\"https:\/\/comarcas.csm.org.pt\/leiria\/blog\/2026\/02\/27\/homem-detido-por-20-crimes-de-furto-na-regiao-oeste\/#breadcrumb\",\"itemListElement\":[{\"@type\":\"ListItem\",\"position\":1,\"name\":\"In\u00edcio\",\"item\":\"https:\/\/comarcas.csm.org.pt\/leiria\/\"},{\"@type\":\"ListItem\",\"position\":2,\"name\":\"Homem detido por 20 crimes de furto na regi\u00e3o Oeste\"}]},{\"@type\":\"WebSite\",\"@id\":\"https:\/\/comarcas.csm.org.pt\/leiria\/#website\",\"url\":\"https:\/\/comarcas.csm.org.pt\/leiria\/\",\"name\":\"Tribunal Judicial da Comarca de Leiria\",\"description\":\"Tribunal Judicial da Comarca de Aveiro\",\"publisher\":{\"@id\":\"https:\/\/comarcas.csm.org.pt\/leiria\/#organization\"},\"potentialAction\":[{\"@type\":\"SearchAction\",\"target\":{\"@type\":\"EntryPoint\",\"urlTemplate\":\"https:\/\/comarcas.csm.org.pt\/leiria\/?s={search_term_string}\"},\"query-input\":{\"@type\":\"PropertyValueSpecification\",\"valueRequired\":true,\"valueName\":\"search_term_string\"}}],\"inLanguage\":\"pt-PT\"},{\"@type\":\"Organization\",\"@id\":\"https:\/\/comarcas.csm.org.pt\/leiria\/#organization\",\"name\":\"Tribunal Judicial da Comarca de Leiria\",\"url\":\"https:\/\/comarcas.csm.org.pt\/leiria\/\",\"logo\":{\"@type\":\"ImageObject\",\"inLanguage\":\"pt-PT\",\"@id\":\"https:\/\/comarcas.csm.org.pt\/leiria\/#\/schema\/logo\/image\/\",\"url\":\"https:\/\/comarcas.csm.org.pt\/leiria\/wp-content\/uploads\/sites\/16\/2024\/11\/Leiria_positivo-horizontal.png\",\"contentUrl\":\"https:\/\/comarcas.csm.org.pt\/leiria\/wp-content\/uploads\/sites\/16\/2024\/11\/Leiria_positivo-horizontal.png\",\"width\":5088,\"height\":890,\"caption\":\"Tribunal Judicial da Comarca de Leiria\"},\"image\":{\"@id\":\"https:\/\/comarcas.csm.org.pt\/leiria\/#\/schema\/logo\/image\/\"}},{\"@type\":\"Person\",\"@id\":\"https:\/\/comarcas.csm.org.pt\/leiria\/#\/schema\/person\/9057b6fbd670d5a2e931712cd357d806\",\"name\":\"leiria\",\"image\":{\"@type\":\"ImageObject\",\"inLanguage\":\"pt-PT\",\"@id\":\"https:\/\/comarcas.csm.org.pt\/leiria\/#\/schema\/person\/image\/\",\"url\":\"https:\/\/secure.gravatar.com\/avatar\/399a72a2630b07d71a4e0167744303361d26ed8a993be2c5686bbe5ff44b469f?s=96&d=mm&r=g\",\"contentUrl\":\"https:\/\/secure.gravatar.com\/avatar\/399a72a2630b07d71a4e0167744303361d26ed8a993be2c5686bbe5ff44b469f?s=96&d=mm&r=g\",\"caption\":\"leiria\"},\"url\":\"https:\/\/comarcas.csm.org.pt\/leiria\/blog\/author\/leiria\/\"}]}<\/script>\n<!-- \/ Yoast SEO plugin. -->","yoast_head_json":{"title":"Homem detido por 20 crimes de furto na regi\u00e3o Oeste - Tribunal Judicial da Comarca de Leiria","robots":{"index":"index","follow":"follow","max-snippet":"max-snippet:-1","max-image-preview":"max-image-preview:large","max-video-preview":"max-video-preview:-1"},"canonical":"https:\/\/comarcas.csm.org.pt\/leiria\/blog\/2026\/02\/27\/homem-detido-por-20-crimes-de-furto-na-regiao-oeste\/","og_locale":"pt_PT","og_type":"article","og_title":"Homem detido por 20 crimes de furto na regi\u00e3o Oeste - Tribunal Judicial da Comarca de Leiria","og_description":"In Regi\u00e3o de Leiria, de 27.02.2026 O detido tinha antecedentes criminais por crimes de furto e tr\u00e1fico de droga, e um mandado de deten\u00e7\u00e3o pendente. Um homem de 41 anos foi detido na segunda-feira por...","og_url":"https:\/\/comarcas.csm.org.pt\/leiria\/blog\/2026\/02\/27\/homem-detido-por-20-crimes-de-furto-na-regiao-oeste\/","og_site_name":"Tribunal Judicial da Comarca de Leiria","article_published_time":"2026-02-27T11:36:23+00:00","article_modified_time":"2026-02-27T11:37:04+00:00","author":"leiria","twitter_card":"summary_large_image","twitter_misc":{"Escrito por":"leiria","Tempo estimado de leitura":"2 minutos"},"schema":{"@context":"https:\/\/schema.org","@graph":[{"@type":"Article","@id":"https:\/\/comarcas.csm.org.pt\/leiria\/blog\/2026\/02\/27\/homem-detido-por-20-crimes-de-furto-na-regiao-oeste\/#article","isPartOf":{"@id":"https:\/\/comarcas.csm.org.pt\/leiria\/blog\/2026\/02\/27\/homem-detido-por-20-crimes-de-furto-na-regiao-oeste\/"},"author":{"name":"leiria","@id":"https:\/\/comarcas.csm.org.pt\/leiria\/#\/schema\/person\/9057b6fbd670d5a2e931712cd357d806"},"headline":"Homem detido por 20 crimes de furto na regi\u00e3o Oeste","datePublished":"2026-02-27T11:36:23+00:00","dateModified":"2026-02-27T11:37:04+00:00","mainEntityOfPage":{"@id":"https:\/\/comarcas.csm.org.pt\/leiria\/blog\/2026\/02\/27\/homem-detido-por-20-crimes-de-furto-na-regiao-oeste\/"},"wordCount":242,"publisher":{"@id":"https:\/\/comarcas.csm.org.pt\/leiria\/#organization"},"articleSection":["Geral","Not\u00edcias"],"inLanguage":"pt-PT"},{"@type":"WebPage","@id":"https:\/\/comarcas.csm.org.pt\/leiria\/blog\/2026\/02\/27\/homem-detido-por-20-crimes-de-furto-na-regiao-oeste\/","url":"https:\/\/comarcas.csm.org.pt\/leiria\/blog\/2026\/02\/27\/homem-detido-por-20-crimes-de-furto-na-regiao-oeste\/","name":"Homem detido por 20 crimes de furto na regi\u00e3o Oeste - Tribunal Judicial da Comarca de Leiria","isPartOf":{"@id":"https:\/\/comarcas.csm.org.pt\/leiria\/#website"},"datePublished":"2026-02-27T11:36:23+00:00","dateModified":"2026-02-27T11:37:04+00:00","breadcrumb":{"@id":"https:\/\/comarcas.csm.org.pt\/leiria\/blog\/2026\/02\/27\/homem-detido-por-20-crimes-de-furto-na-regiao-oeste\/#breadcrumb"},"inLanguage":"pt-PT","potentialAction":[{"@type":"ReadAction","target":["https:\/\/comarcas.csm.org.pt\/leiria\/blog\/2026\/02\/27\/homem-detido-por-20-crimes-de-furto-na-regiao-oeste\/"]}]},{"@type":"BreadcrumbList","@id":"https:\/\/comarcas.csm.org.pt\/leiria\/blog\/2026\/02\/27\/homem-detido-por-20-crimes-de-furto-na-regiao-oeste\/#breadcrumb","itemListElement":[{"@type":"ListItem","position":1,"name":"In\u00edcio","item":"https:\/\/comarcas.csm.org.pt\/leiria\/"},{"@type":"ListItem","position":2,"name":"Homem detido por 20 crimes de furto na regi\u00e3o Oeste"}]},{"@type":"WebSite","@id":"https:\/\/comarcas.csm.org.pt\/leiria\/#website","url":"https:\/\/comarcas.csm.org.pt\/leiria\/","name":"Tribunal Judicial da Comarca de Leiria","description":"Tribunal Judicial da Comarca de Aveiro","publisher":{"@id":"https:\/\/comarcas.csm.org.pt\/leiria\/#organization"},"potentialAction":[{"@type":"SearchAction","target":{"@type":"EntryPoint","urlTemplate":"https:\/\/comarcas.csm.org.pt\/leiria\/?s={search_term_string}"},"query-input":{"@type":"PropertyValueSpecification","valueRequired":true,"valueName":"search_term_string"}}],"inLanguage":"pt-PT"},{"@type":"Organization","@id":"https:\/\/comarcas.csm.org.pt\/leiria\/#organization","name":"Tribunal Judicial da Comarca de Leiria","url":"https:\/\/comarcas.csm.org.pt\/leiria\/","logo":{"@type":"ImageObject","inLanguage":"pt-PT","@id":"https:\/\/comarcas.csm.org.pt\/leiria\/#\/schema\/logo\/image\/","url":"https:\/\/comarcas.csm.org.pt\/leiria\/wp-content\/uploads\/sites\/16\/2024\/11\/Leiria_positivo-horizontal.png","contentUrl":"https:\/\/comarcas.csm.org.pt\/leiria\/wp-content\/uploads\/sites\/16\/2024\/11\/Leiria_positivo-horizontal.png","width":5088,"height":890,"caption":"Tribunal Judicial da Comarca de Leiria"},"image":{"@id":"https:\/\/comarcas.csm.org.pt\/leiria\/#\/schema\/logo\/image\/"}},{"@type":"Person","@id":"https:\/\/comarcas.csm.org.pt\/leiria\/#\/schema\/person\/9057b6fbd670d5a2e931712cd357d806","name":"leiria","image":{"@type":"ImageObject","inLanguage":"pt-PT","@id":"https:\/\/comarcas.csm.org.pt\/leiria\/#\/schema\/person\/image\/","url":"https:\/\/secure.gravatar.com\/avatar\/399a72a2630b07d71a4e0167744303361d26ed8a993be2c5686bbe5ff44b469f?s=96&d=mm&r=g","contentUrl":"https:\/\/secure.gravatar.com\/avatar\/399a72a2630b07d71a4e0167744303361d26ed8a993be2c5686bbe5ff44b469f?s=96&d=mm&r=g","caption":"leiria"},"url":"https:\/\/comarcas.csm.org.pt\/leiria\/blog\/author\/leiria\/"}]}},"_links":{"self":[{"href":"https:\/\/comarcas.csm.org.pt\/leiria\/wp-json\/wp\/v2\/posts\/13554","targetHints":{"allow":["GET"]}}],"collection":[{"href":"https:\/\/comarcas.csm.org.pt\/leiria\/wp-json\/wp\/v2\/posts"}],"about":[{"href":"https:\/\/comarcas.csm.org.pt\/leiria\/wp-json\/wp\/v2\/types\/post"}],"author":[{"embeddable":true,"href":"https:\/\/comarcas.csm.org.pt\/leiria\/wp-json\/wp\/v2\/users\/16"}],"replies":[{"embeddable":true,"href":"https:\/\/comarcas.csm.org.pt\/leiria\/wp-json\/wp\/v2\/comments?post=13554"}],"version-history":[{"count":2,"href":"https:\/\/comarcas.csm.org.pt\/leiria\/wp-json\/wp\/v2\/posts\/13554\/revisions"}],"predecessor-version":[{"id":13556,"href":"https:\/\/comarcas.csm.org.pt\/leiria\/wp-json\/wp\/v2\/posts\/13554\/revisions\/13556"}],"wp:attachment":[{"href":"https:\/\/comarcas.csm.org.pt\/leiria\/wp-json\/wp\/v2\/media?parent=13554"}],"wp:term":[{"taxonomy":"category","embeddable":true,"href":"https:\/\/comarcas.csm.org.pt\/leiria\/wp-json\/wp\/v2\/categories?post=13554"},{"taxonomy":"post_tag","embeddable":true,"href":"https:\/\/comarcas.csm.org.pt\/leiria\/wp-json\/wp\/v2\/tags?post=13554"}],"curies":[{"name":"wp","href":"https:\/\/api.w.org\/{rel}","templated":true}]}}