{"id":13566,"date":"2026-03-06T10:13:25","date_gmt":"2026-03-06T10:13:25","guid":{"rendered":"https:\/\/comarcas.csm.org.pt\/leiria\/?p=13566"},"modified":"2026-03-06T10:13:27","modified_gmt":"2026-03-06T10:13:27","slug":"mau-tempo-comarca-de-leiria-antecipa-significativo-aumento-de-processos","status":"publish","type":"post","link":"https:\/\/comarcas.csm.org.pt\/leiria\/blog\/2026\/03\/06\/mau-tempo-comarca-de-leiria-antecipa-significativo-aumento-de-processos\/","title":{"rendered":"Mau tempo: Comarca de Leiria antecipa &#8220;significativo aumento&#8221; de processos"},"content":{"rendered":"\n<p>In <a href=\"https:\/\/rr.pt\/noticia\/amp\/pais\/2026\/03\/02\/mau-tempo-comarca-de-leiria-antecipa-significativo-aumento-de-processos\/461440\/\">&#8220;Renascen\u00e7a&#8221;<\/a>, de 2.03.2026<\/p>\n\n\n\n<p>O relat\u00f3rio do Tribunal Judicial da Comarca de Leiria refere-se, sobretudo, &#8220;lit\u00edgios com as seguradoras ou com empreiteiros, processos de insolv\u00eancia e de recupera\u00e7\u00e3o de empresas, execu\u00e7\u00f5es, processos resultantes de acidentes de trabalho e de despedimentos&#8221;.<\/p>\n\n\n\n<p>A Comarca de Leiria&nbsp;<strong>antecipa um &#8220;significativo aumento&#8221;<\/strong>&nbsp;dos processos devido ao mau tempo que atingiu o distrito na sequ\u00eancia da depress\u00e3o Kristin e das tempestades que lhe sucederam, segundo o relat\u00f3rio anual de 2025.<\/p>\n\n\n\n<p>O relat\u00f3rio do Tribunal Judicial da Comarca de Leiria, assinado pela sua presidente, ju\u00edza desembargadora Teresa Oliveira,&nbsp;<strong>defende ser &#8220;necess\u00e1rio monitorizar, ao longo dos pr\u00f3ximos meses, a situa\u00e7\u00e3o de parte dos ju\u00edzos centrais&#8221;<\/strong>, dado perspetivar-se como &#8220;altamente prov\u00e1vel que, na sequ\u00eancia da devasta\u00e7\u00e3o de uma extensa \u00e1rea do distrito de Leiria&#8221; devido ao mau tempo possa ocorrer, este ano, &#8220;um significativo aumento dos processos entrados em ju\u00edzo&#8221;.<\/p>\n\n\n\n<p>Neste \u00e2mbito,<strong>&nbsp;refere-se, sobretudo, &#8220;lit\u00edgios com as seguradoras ou com empreiteiros, processos de insolv\u00eancia e de recupera\u00e7\u00e3o de empresas, execu\u00e7\u00f5es, processos resultantes de acidentes de trabalho e de despedimentos&#8221;<\/strong>.<\/p>\n\n\n\n<p>&#8220;Caso se venha a confirmar essa hip\u00f3tese, a Comarca de Leiria necessitar\u00e1 de refor\u00e7o dos seus recursos humanos, quer ao n\u00edvel de magistrados judiciais, quer ao n\u00edvel de oficiais de justi\u00e7a, sem o que ser\u00e1, manifestamente, imposs\u00edvel assegurar o regular andamento do seu servi\u00e7o e a resposta atempada aos seus utentes&#8221;, alerta-se no documento, com a data de 27 de fevereiro e ao qual a Lusa teve hoje acesso.<\/p>\n\n\n\n<p>O documento, embora relativo ao ano passado, tem uma parte dedicada aos efeitos da depress\u00e3o Kristin nos edif\u00edcios da Comarca, dado que &#8220;acarretam profundas mudan\u00e7as quanto \u00e0s atuais necessidades de interven\u00e7\u00e3o por parte das competentes entidades&#8221;.<\/p>\n\n\n\n<p>O relat\u00f3rio adianta que em Leiria&nbsp;<strong>&#8220;as instala\u00e7\u00f5es do Ju\u00edzo de Fam\u00edlia e Menores ficaram inutiliz\u00e1veis&#8221;<\/strong>, pelo que aquele foi reinstalado no edif\u00edcio do antigo Liceu Rodrigues Lobo.<\/p>\n\n\n\n<p>Neste \u00faltimo edif\u00edcio, &#8220;voaram partes das telhas do telhado, algumas das quais se projetaram contra a claraboia do \u00e1trio interior, onde passou a chover a c\u00e9u aberto&#8221;.<\/p>\n\n\n\n<p>&#8220;Essa \u00e1rea foi interditada, dado que a parte restante dos vidros da claraboia ficou em risco de ruir&#8221;, e &#8220;surgiram novas infiltra\u00e7\u00f5es de \u00e1gua em diversas zonas do edif\u00edcio&#8221;.<\/p>\n\n\n\n<p><strong>J\u00e1 no Pal\u00e1cio da Justi\u00e7a de Leiria, &#8220;descolou-se e voou grande parte do revestimento do telhado&nbsp;<\/strong>(tela asf\u00e1ltica), tendo entrado \u00e1gua em abund\u00e2ncia no arquivo e ainda nas secretarias situadas no piso imediatamente inferior&#8221;.<\/p>\n\n\n\n<p>Por sua vez,&nbsp;<strong>o Pal\u00e1cio da Justi\u00e7a da Marinha Grande ficou, em parte, destelhado e a cave inundou<\/strong>, e&nbsp;<strong>quanto ao Ju\u00edzo de Proximidade de Alvai\u00e1zere, o telhado do edif\u00edcio onde est\u00e1 instalado &#8220;voou<\/strong>, [e] foram danificados alguns vidros e caixilharias&#8221;.<\/p>\n\n\n\n<p>&#8220;Deixou de haver o m\u00ednimo de condi\u00e7\u00f5es de salubridade e seguran\u00e7a para fazer uso do edif\u00edcio (onde passou a chover copiosamente, n\u00e3o se podendo sequer ligar a energia el\u00e9trica), o que levou a que, em conselho de gest\u00e3o [da Comarca] de 02 de fevereiro tenha sido deliberado o encerramento tempor\u00e1rio&#8221;.<\/p>\n\n\n\n<p>J\u00e1&nbsp;<strong>nos pal\u00e1cios da Justi\u00e7a de Pombal e de Figueir\u00f3 dos Vinhos surgiram novas infiltra\u00e7\u00f5es de \u00e1gua a partir do telhado<\/strong>, sendo que neste \u00faltimo caiu &#8220;parte do estuque da parede das escadas da entrada do edif\u00edcio, junto ao teto&#8221;.<\/p>\n\n\n\n<p><strong>No Pal\u00e1cio da Justi\u00e7a de Alcoba\u00e7a, &#8220;agravaram-se as infiltra\u00e7\u00f5es&#8221;<\/strong>, assim como no de Caldas da Rainha e nas instala\u00e7\u00f5es do Ju\u00edzo de Proximidade do Bombarral.<\/p>\n\n\n\n<p>&#8220;Conclui-se, assim, que todos os referidos edif\u00edcios carecem, presentemente, de obras urgentes e mais profundas, nomeadamente, ao n\u00edvel dos respetivos telhados&#8221;, sustenta a Comarca de Leiria.<\/p>\n\n\n\n<p>O documento lembra, contudo, que na maioria dos edif\u00edcios elencados &#8220;estava j\u00e1 sinalizada a necessidade de obras de manuten\u00e7\u00e3o dos seus telhados&#8221;.<\/p>\n\n\n\n<p>E, se aquelas tivessem sido feitas &#8220;atempadamente, certamente que teriam levado a que os danos decorrentes do temporal fossem menos sentidos&#8221;, sobretudo nos pal\u00e1cios da Justi\u00e7a, &#8220;cujas coberturas s\u00e3o de tela asf\u00e1ltica e que, notoriamente, estavam j\u00e1 bastante degradadas&#8221;.<\/p>\n","protected":false},"excerpt":{"rendered":"<p>In &#8220;Renascen\u00e7a&#8221;, de 2.03.2026 O relat\u00f3rio do Tribunal Judicial da Comarca de Leiria refere-se, sobretudo, &#8220;lit\u00edgios com as seguradoras ou com empreiteiros, processos de insolv\u00eancia e de recupera\u00e7\u00e3o de empresas, execu\u00e7\u00f5es, processos resultantes de acidentes&#8230;<\/p>\n","protected":false},"author":16,"featured_media":0,"comment_status":"closed","ping_status":"open","sticky":false,"template":"","format":"standard","meta":{"_tbt_post_transparent":"","_tbt_post_title":"","_tbt_post_layout":"","_tbt_post_sidebar_id":"","_tbt_post_content_style":"","_tbt_post_vertical_padding":"","_tbt_post_feature":"","_tbt_post_feature_position":"","_tbt_post_header":false,"_tbt_post_footer":false},"categories":[1,5],"tags":[],"class_list":["post-13566","post","type-post","status-publish","format-standard","hentry","category-geral","category-noticias"],"yoast_head":"<!-- This site is optimized with the Yoast SEO plugin v25.6 - https:\/\/yoast.com\/wordpress\/plugins\/seo\/ -->\n<title>Mau tempo: Comarca de Leiria antecipa &quot;significativo aumento&quot; de processos - Tribunal Judicial da Comarca de Leiria<\/title>\n<meta name=\"robots\" content=\"index, follow, max-snippet:-1, max-image-preview:large, max-video-preview:-1\" \/>\n<link rel=\"canonical\" href=\"https:\/\/comarcas.csm.org.pt\/leiria\/blog\/2026\/03\/06\/mau-tempo-comarca-de-leiria-antecipa-significativo-aumento-de-processos\/\" \/>\n<meta property=\"og:locale\" content=\"pt_PT\" \/>\n<meta property=\"og:type\" content=\"article\" \/>\n<meta property=\"og:title\" content=\"Mau tempo: Comarca de Leiria antecipa &quot;significativo aumento&quot; de processos - Tribunal Judicial da Comarca de Leiria\" \/>\n<meta property=\"og:description\" content=\"In &#8220;Renascen\u00e7a&#8221;, de 2.03.2026 O relat\u00f3rio do Tribunal Judicial da Comarca de Leiria refere-se, sobretudo, &#8220;lit\u00edgios com as seguradoras ou com empreiteiros, processos de insolv\u00eancia e de recupera\u00e7\u00e3o de empresas, execu\u00e7\u00f5es, processos resultantes de acidentes...\" \/>\n<meta property=\"og:url\" content=\"https:\/\/comarcas.csm.org.pt\/leiria\/blog\/2026\/03\/06\/mau-tempo-comarca-de-leiria-antecipa-significativo-aumento-de-processos\/\" \/>\n<meta property=\"og:site_name\" content=\"Tribunal Judicial da Comarca de Leiria\" \/>\n<meta property=\"article:published_time\" content=\"2026-03-06T10:13:25+00:00\" \/>\n<meta property=\"article:modified_time\" content=\"2026-03-06T10:13:27+00:00\" \/>\n<meta name=\"author\" content=\"leiria\" \/>\n<meta name=\"twitter:card\" content=\"summary_large_image\" \/>\n<meta name=\"twitter:label1\" content=\"Escrito por\" \/>\n\t<meta name=\"twitter:data1\" content=\"leiria\" \/>\n\t<meta name=\"twitter:label2\" content=\"Tempo estimado de leitura\" \/>\n\t<meta name=\"twitter:data2\" content=\"4 minutos\" \/>\n<script type=\"application\/ld+json\" class=\"yoast-schema-graph\">{\"@context\":\"https:\/\/schema.org\",\"@graph\":[{\"@type\":\"Article\",\"@id\":\"https:\/\/comarcas.csm.org.pt\/leiria\/blog\/2026\/03\/06\/mau-tempo-comarca-de-leiria-antecipa-significativo-aumento-de-processos\/#article\",\"isPartOf\":{\"@id\":\"https:\/\/comarcas.csm.org.pt\/leiria\/blog\/2026\/03\/06\/mau-tempo-comarca-de-leiria-antecipa-significativo-aumento-de-processos\/\"},\"author\":{\"name\":\"leiria\",\"@id\":\"https:\/\/comarcas.csm.org.pt\/leiria\/#\/schema\/person\/9057b6fbd670d5a2e931712cd357d806\"},\"headline\":\"Mau tempo: Comarca de Leiria antecipa &#8220;significativo aumento&#8221; de processos\",\"datePublished\":\"2026-03-06T10:13:25+00:00\",\"dateModified\":\"2026-03-06T10:13:27+00:00\",\"mainEntityOfPage\":{\"@id\":\"https:\/\/comarcas.csm.org.pt\/leiria\/blog\/2026\/03\/06\/mau-tempo-comarca-de-leiria-antecipa-significativo-aumento-de-processos\/\"},\"wordCount\":731,\"publisher\":{\"@id\":\"https:\/\/comarcas.csm.org.pt\/leiria\/#organization\"},\"articleSection\":[\"Geral\",\"Not\u00edcias\"],\"inLanguage\":\"pt-PT\"},{\"@type\":\"WebPage\",\"@id\":\"https:\/\/comarcas.csm.org.pt\/leiria\/blog\/2026\/03\/06\/mau-tempo-comarca-de-leiria-antecipa-significativo-aumento-de-processos\/\",\"url\":\"https:\/\/comarcas.csm.org.pt\/leiria\/blog\/2026\/03\/06\/mau-tempo-comarca-de-leiria-antecipa-significativo-aumento-de-processos\/\",\"name\":\"Mau tempo: Comarca de Leiria antecipa \\\"significativo aumento\\\" de processos - Tribunal Judicial da Comarca de Leiria\",\"isPartOf\":{\"@id\":\"https:\/\/comarcas.csm.org.pt\/leiria\/#website\"},\"datePublished\":\"2026-03-06T10:13:25+00:00\",\"dateModified\":\"2026-03-06T10:13:27+00:00\",\"breadcrumb\":{\"@id\":\"https:\/\/comarcas.csm.org.pt\/leiria\/blog\/2026\/03\/06\/mau-tempo-comarca-de-leiria-antecipa-significativo-aumento-de-processos\/#breadcrumb\"},\"inLanguage\":\"pt-PT\",\"potentialAction\":[{\"@type\":\"ReadAction\",\"target\":[\"https:\/\/comarcas.csm.org.pt\/leiria\/blog\/2026\/03\/06\/mau-tempo-comarca-de-leiria-antecipa-significativo-aumento-de-processos\/\"]}]},{\"@type\":\"BreadcrumbList\",\"@id\":\"https:\/\/comarcas.csm.org.pt\/leiria\/blog\/2026\/03\/06\/mau-tempo-comarca-de-leiria-antecipa-significativo-aumento-de-processos\/#breadcrumb\",\"itemListElement\":[{\"@type\":\"ListItem\",\"position\":1,\"name\":\"In\u00edcio\",\"item\":\"https:\/\/comarcas.csm.org.pt\/leiria\/\"},{\"@type\":\"ListItem\",\"position\":2,\"name\":\"Mau tempo: Comarca de Leiria antecipa &#8220;significativo aumento&#8221; de processos\"}]},{\"@type\":\"WebSite\",\"@id\":\"https:\/\/comarcas.csm.org.pt\/leiria\/#website\",\"url\":\"https:\/\/comarcas.csm.org.pt\/leiria\/\",\"name\":\"Tribunal Judicial da Comarca de Leiria\",\"description\":\"Tribunal Judicial da Comarca de Aveiro\",\"publisher\":{\"@id\":\"https:\/\/comarcas.csm.org.pt\/leiria\/#organization\"},\"potentialAction\":[{\"@type\":\"SearchAction\",\"target\":{\"@type\":\"EntryPoint\",\"urlTemplate\":\"https:\/\/comarcas.csm.org.pt\/leiria\/?s={search_term_string}\"},\"query-input\":{\"@type\":\"PropertyValueSpecification\",\"valueRequired\":true,\"valueName\":\"search_term_string\"}}],\"inLanguage\":\"pt-PT\"},{\"@type\":\"Organization\",\"@id\":\"https:\/\/comarcas.csm.org.pt\/leiria\/#organization\",\"name\":\"Tribunal Judicial da Comarca de Leiria\",\"url\":\"https:\/\/comarcas.csm.org.pt\/leiria\/\",\"logo\":{\"@type\":\"ImageObject\",\"inLanguage\":\"pt-PT\",\"@id\":\"https:\/\/comarcas.csm.org.pt\/leiria\/#\/schema\/logo\/image\/\",\"url\":\"https:\/\/comarcas.csm.org.pt\/leiria\/wp-content\/uploads\/sites\/16\/2024\/11\/Leiria_positivo-horizontal.png\",\"contentUrl\":\"https:\/\/comarcas.csm.org.pt\/leiria\/wp-content\/uploads\/sites\/16\/2024\/11\/Leiria_positivo-horizontal.png\",\"width\":5088,\"height\":890,\"caption\":\"Tribunal Judicial da Comarca de Leiria\"},\"image\":{\"@id\":\"https:\/\/comarcas.csm.org.pt\/leiria\/#\/schema\/logo\/image\/\"}},{\"@type\":\"Person\",\"@id\":\"https:\/\/comarcas.csm.org.pt\/leiria\/#\/schema\/person\/9057b6fbd670d5a2e931712cd357d806\",\"name\":\"leiria\",\"image\":{\"@type\":\"ImageObject\",\"inLanguage\":\"pt-PT\",\"@id\":\"https:\/\/comarcas.csm.org.pt\/leiria\/#\/schema\/person\/image\/\",\"url\":\"https:\/\/secure.gravatar.com\/avatar\/399a72a2630b07d71a4e0167744303361d26ed8a993be2c5686bbe5ff44b469f?s=96&d=mm&r=g\",\"contentUrl\":\"https:\/\/secure.gravatar.com\/avatar\/399a72a2630b07d71a4e0167744303361d26ed8a993be2c5686bbe5ff44b469f?s=96&d=mm&r=g\",\"caption\":\"leiria\"},\"url\":\"https:\/\/comarcas.csm.org.pt\/leiria\/blog\/author\/leiria\/\"}]}<\/script>\n<!-- \/ Yoast SEO plugin. -->","yoast_head_json":{"title":"Mau tempo: Comarca de Leiria antecipa \"significativo aumento\" de processos - Tribunal Judicial da Comarca de Leiria","robots":{"index":"index","follow":"follow","max-snippet":"max-snippet:-1","max-image-preview":"max-image-preview:large","max-video-preview":"max-video-preview:-1"},"canonical":"https:\/\/comarcas.csm.org.pt\/leiria\/blog\/2026\/03\/06\/mau-tempo-comarca-de-leiria-antecipa-significativo-aumento-de-processos\/","og_locale":"pt_PT","og_type":"article","og_title":"Mau tempo: Comarca de Leiria antecipa \"significativo aumento\" de processos - Tribunal Judicial da Comarca de Leiria","og_description":"In &#8220;Renascen\u00e7a&#8221;, de 2.03.2026 O relat\u00f3rio do Tribunal Judicial da Comarca de Leiria refere-se, sobretudo, &#8220;lit\u00edgios com as seguradoras ou com empreiteiros, processos de insolv\u00eancia e de recupera\u00e7\u00e3o de empresas, execu\u00e7\u00f5es, processos resultantes de acidentes...","og_url":"https:\/\/comarcas.csm.org.pt\/leiria\/blog\/2026\/03\/06\/mau-tempo-comarca-de-leiria-antecipa-significativo-aumento-de-processos\/","og_site_name":"Tribunal Judicial da Comarca de Leiria","article_published_time":"2026-03-06T10:13:25+00:00","article_modified_time":"2026-03-06T10:13:27+00:00","author":"leiria","twitter_card":"summary_large_image","twitter_misc":{"Escrito por":"leiria","Tempo estimado de leitura":"4 minutos"},"schema":{"@context":"https:\/\/schema.org","@graph":[{"@type":"Article","@id":"https:\/\/comarcas.csm.org.pt\/leiria\/blog\/2026\/03\/06\/mau-tempo-comarca-de-leiria-antecipa-significativo-aumento-de-processos\/#article","isPartOf":{"@id":"https:\/\/comarcas.csm.org.pt\/leiria\/blog\/2026\/03\/06\/mau-tempo-comarca-de-leiria-antecipa-significativo-aumento-de-processos\/"},"author":{"name":"leiria","@id":"https:\/\/comarcas.csm.org.pt\/leiria\/#\/schema\/person\/9057b6fbd670d5a2e931712cd357d806"},"headline":"Mau tempo: Comarca de Leiria antecipa &#8220;significativo aumento&#8221; de processos","datePublished":"2026-03-06T10:13:25+00:00","dateModified":"2026-03-06T10:13:27+00:00","mainEntityOfPage":{"@id":"https:\/\/comarcas.csm.org.pt\/leiria\/blog\/2026\/03\/06\/mau-tempo-comarca-de-leiria-antecipa-significativo-aumento-de-processos\/"},"wordCount":731,"publisher":{"@id":"https:\/\/comarcas.csm.org.pt\/leiria\/#organization"},"articleSection":["Geral","Not\u00edcias"],"inLanguage":"pt-PT"},{"@type":"WebPage","@id":"https:\/\/comarcas.csm.org.pt\/leiria\/blog\/2026\/03\/06\/mau-tempo-comarca-de-leiria-antecipa-significativo-aumento-de-processos\/","url":"https:\/\/comarcas.csm.org.pt\/leiria\/blog\/2026\/03\/06\/mau-tempo-comarca-de-leiria-antecipa-significativo-aumento-de-processos\/","name":"Mau tempo: Comarca de Leiria antecipa \"significativo aumento\" de processos - Tribunal Judicial da Comarca de Leiria","isPartOf":{"@id":"https:\/\/comarcas.csm.org.pt\/leiria\/#website"},"datePublished":"2026-03-06T10:13:25+00:00","dateModified":"2026-03-06T10:13:27+00:00","breadcrumb":{"@id":"https:\/\/comarcas.csm.org.pt\/leiria\/blog\/2026\/03\/06\/mau-tempo-comarca-de-leiria-antecipa-significativo-aumento-de-processos\/#breadcrumb"},"inLanguage":"pt-PT","potentialAction":[{"@type":"ReadAction","target":["https:\/\/comarcas.csm.org.pt\/leiria\/blog\/2026\/03\/06\/mau-tempo-comarca-de-leiria-antecipa-significativo-aumento-de-processos\/"]}]},{"@type":"BreadcrumbList","@id":"https:\/\/comarcas.csm.org.pt\/leiria\/blog\/2026\/03\/06\/mau-tempo-comarca-de-leiria-antecipa-significativo-aumento-de-processos\/#breadcrumb","itemListElement":[{"@type":"ListItem","position":1,"name":"In\u00edcio","item":"https:\/\/comarcas.csm.org.pt\/leiria\/"},{"@type":"ListItem","position":2,"name":"Mau tempo: Comarca de Leiria antecipa &#8220;significativo aumento&#8221; de processos"}]},{"@type":"WebSite","@id":"https:\/\/comarcas.csm.org.pt\/leiria\/#website","url":"https:\/\/comarcas.csm.org.pt\/leiria\/","name":"Tribunal Judicial da Comarca de Leiria","description":"Tribunal Judicial da Comarca de Aveiro","publisher":{"@id":"https:\/\/comarcas.csm.org.pt\/leiria\/#organization"},"potentialAction":[{"@type":"SearchAction","target":{"@type":"EntryPoint","urlTemplate":"https:\/\/comarcas.csm.org.pt\/leiria\/?s={search_term_string}"},"query-input":{"@type":"PropertyValueSpecification","valueRequired":true,"valueName":"search_term_string"}}],"inLanguage":"pt-PT"},{"@type":"Organization","@id":"https:\/\/comarcas.csm.org.pt\/leiria\/#organization","name":"Tribunal Judicial da Comarca de Leiria","url":"https:\/\/comarcas.csm.org.pt\/leiria\/","logo":{"@type":"ImageObject","inLanguage":"pt-PT","@id":"https:\/\/comarcas.csm.org.pt\/leiria\/#\/schema\/logo\/image\/","url":"https:\/\/comarcas.csm.org.pt\/leiria\/wp-content\/uploads\/sites\/16\/2024\/11\/Leiria_positivo-horizontal.png","contentUrl":"https:\/\/comarcas.csm.org.pt\/leiria\/wp-content\/uploads\/sites\/16\/2024\/11\/Leiria_positivo-horizontal.png","width":5088,"height":890,"caption":"Tribunal Judicial da Comarca de Leiria"},"image":{"@id":"https:\/\/comarcas.csm.org.pt\/leiria\/#\/schema\/logo\/image\/"}},{"@type":"Person","@id":"https:\/\/comarcas.csm.org.pt\/leiria\/#\/schema\/person\/9057b6fbd670d5a2e931712cd357d806","name":"leiria","image":{"@type":"ImageObject","inLanguage":"pt-PT","@id":"https:\/\/comarcas.csm.org.pt\/leiria\/#\/schema\/person\/image\/","url":"https:\/\/secure.gravatar.com\/avatar\/399a72a2630b07d71a4e0167744303361d26ed8a993be2c5686bbe5ff44b469f?s=96&d=mm&r=g","contentUrl":"https:\/\/secure.gravatar.com\/avatar\/399a72a2630b07d71a4e0167744303361d26ed8a993be2c5686bbe5ff44b469f?s=96&d=mm&r=g","caption":"leiria"},"url":"https:\/\/comarcas.csm.org.pt\/leiria\/blog\/author\/leiria\/"}]}},"_links":{"self":[{"href":"https:\/\/comarcas.csm.org.pt\/leiria\/wp-json\/wp\/v2\/posts\/13566","targetHints":{"allow":["GET"]}}],"collection":[{"href":"https:\/\/comarcas.csm.org.pt\/leiria\/wp-json\/wp\/v2\/posts"}],"about":[{"href":"https:\/\/comarcas.csm.org.pt\/leiria\/wp-json\/wp\/v2\/types\/post"}],"author":[{"embeddable":true,"href":"https:\/\/comarcas.csm.org.pt\/leiria\/wp-json\/wp\/v2\/users\/16"}],"replies":[{"embeddable":true,"href":"https:\/\/comarcas.csm.org.pt\/leiria\/wp-json\/wp\/v2\/comments?post=13566"}],"version-history":[{"count":1,"href":"https:\/\/comarcas.csm.org.pt\/leiria\/wp-json\/wp\/v2\/posts\/13566\/revisions"}],"predecessor-version":[{"id":13567,"href":"https:\/\/comarcas.csm.org.pt\/leiria\/wp-json\/wp\/v2\/posts\/13566\/revisions\/13567"}],"wp:attachment":[{"href":"https:\/\/comarcas.csm.org.pt\/leiria\/wp-json\/wp\/v2\/media?parent=13566"}],"wp:term":[{"taxonomy":"category","embeddable":true,"href":"https:\/\/comarcas.csm.org.pt\/leiria\/wp-json\/wp\/v2\/categories?post=13566"},{"taxonomy":"post_tag","embeddable":true,"href":"https:\/\/comarcas.csm.org.pt\/leiria\/wp-json\/wp\/v2\/tags?post=13566"}],"curies":[{"name":"wp","href":"https:\/\/api.w.org\/{rel}","templated":true}]}}