{"id":13568,"date":"2026-03-06T10:15:26","date_gmt":"2026-03-06T10:15:26","guid":{"rendered":"https:\/\/comarcas.csm.org.pt\/leiria\/?p=13568"},"modified":"2026-03-06T10:15:28","modified_gmt":"2026-03-06T10:15:28","slug":"indiciado-por-varios-crimes-fica-em-liberdade-a-aguardar-julgamento","status":"publish","type":"post","link":"https:\/\/comarcas.csm.org.pt\/leiria\/blog\/2026\/03\/06\/indiciado-por-varios-crimes-fica-em-liberdade-a-aguardar-julgamento\/","title":{"rendered":"Indiciado por v\u00e1rios crimes fica em liberdade a aguardar julgamento"},"content":{"rendered":"\n<p>In <a href=\"https:\/\/jornaldascaldas.pt\/2026\/03\/02\/indiciado-por-varios-crimes-fica-em-liberdade-a-aguardar-julgamento\/\">Jornal das Caldas<\/a>, de 2.03.2026<\/p>\n\n\n\n<p>O Minist\u00e9rio P\u00fablico de Leiria apresentou a primeiro interrogat\u00f3rio judicial um arguido fortemente indiciado pela pr\u00e1tica de um crime de roubo, dois crimes de ofensas \u00e0 integridade f\u00edsica qualificada, um crime de deten\u00e7\u00e3o de arma proibida, um crime de amea\u00e7a agravada, um crime de condu\u00e7\u00e3o sem habilita\u00e7\u00e3o legal, um crime de dano e um crime de invas\u00e3o de domic\u00edlio, cometidos em Peniche em v\u00e1rios per\u00edodos.<\/p>\n\n\n\n<p>De acordo com os ind\u00edcios recolhidos, numa ocasi\u00e3o, o arguido, atuando em conjuga\u00e7\u00e3o de esfor\u00e7os com outros indiv\u00edduos, agrediu um homem, desferindo murros e pontap\u00e9s. Apropriou-se de bens, tendo ainda empunhado uma arma e efetuado um disparo, al\u00e9m de ter conduzido um ve\u00edculo autom\u00f3vel sem habilita\u00e7\u00e3o legal.<\/p>\n\n\n\n<p>Numa outra situa\u00e7\u00e3o, envolveu-se em desacatos numa festa, tendo, de seguida, perseguido uma mulher at\u00e9 casa. Com a ajuda de outros indiv\u00edduos, introduziu-se na resid\u00eancia das v\u00edtimas, onde agrediu fisicamente a mulher e a sua filha menor, provocando-lhes les\u00f5es.<\/p>\n\n\n\n<p>Realizado o interrogat\u00f3rio, o juiz do Tribunal de Instru\u00e7\u00e3o Criminal considerou existir perigo de continua\u00e7\u00e3o da atividade criminosa, mas n\u00e3o determinou a sua pris\u00e3o preventiva. Ficou em liberdade, com termo de identidade e resid\u00eancia, apresenta\u00e7\u00f5es semanais perante entidade policial e proibi\u00e7\u00e3o de contactos com os ofendidos, enquanto decorre o processo judicial.<\/p>\n\n\n\n<p>O inqu\u00e9rito prossegue sob a dire\u00e7\u00e3o do Minist\u00e9rio P\u00fablico do Departamenteo de Investiga\u00e7\u00e3o e A\u00e7\u00e3o Penal de Peniche, com a coadjuva\u00e7\u00e3o da PSP.<\/p>\n","protected":false},"excerpt":{"rendered":"<p>In Jornal das Caldas, de 2.03.2026 O Minist\u00e9rio P\u00fablico de Leiria apresentou a primeiro interrogat\u00f3rio judicial um arguido fortemente indiciado pela pr\u00e1tica de um crime de roubo, dois crimes de ofensas \u00e0 integridade f\u00edsica qualificada,&#8230;<\/p>\n","protected":false},"author":16,"featured_media":0,"comment_status":"closed","ping_status":"open","sticky":false,"template":"","format":"standard","meta":{"_tbt_post_transparent":"","_tbt_post_title":"","_tbt_post_layout":"","_tbt_post_sidebar_id":"","_tbt_post_content_style":"","_tbt_post_vertical_padding":"","_tbt_post_feature":"","_tbt_post_feature_position":"","_tbt_post_header":false,"_tbt_post_footer":false},"categories":[1,5],"tags":[],"class_list":["post-13568","post","type-post","status-publish","format-standard","hentry","category-geral","category-noticias"],"yoast_head":"<!-- This site is optimized with the Yoast SEO plugin v25.6 - https:\/\/yoast.com\/wordpress\/plugins\/seo\/ -->\n<title>Indiciado por v\u00e1rios crimes fica em liberdade a aguardar julgamento - Tribunal Judicial da Comarca de Leiria<\/title>\n<meta name=\"robots\" content=\"index, follow, max-snippet:-1, max-image-preview:large, max-video-preview:-1\" \/>\n<link rel=\"canonical\" href=\"https:\/\/comarcas.csm.org.pt\/leiria\/blog\/2026\/03\/06\/indiciado-por-varios-crimes-fica-em-liberdade-a-aguardar-julgamento\/\" \/>\n<meta property=\"og:locale\" content=\"pt_PT\" \/>\n<meta property=\"og:type\" content=\"article\" \/>\n<meta property=\"og:title\" content=\"Indiciado por v\u00e1rios crimes fica em liberdade a aguardar julgamento - Tribunal Judicial da Comarca de Leiria\" \/>\n<meta property=\"og:description\" content=\"In Jornal das Caldas, de 2.03.2026 O Minist\u00e9rio P\u00fablico de Leiria apresentou a primeiro interrogat\u00f3rio judicial um arguido fortemente indiciado pela pr\u00e1tica de um crime de roubo, dois crimes de ofensas \u00e0 integridade f\u00edsica qualificada,...\" \/>\n<meta property=\"og:url\" content=\"https:\/\/comarcas.csm.org.pt\/leiria\/blog\/2026\/03\/06\/indiciado-por-varios-crimes-fica-em-liberdade-a-aguardar-julgamento\/\" \/>\n<meta property=\"og:site_name\" content=\"Tribunal Judicial da Comarca de Leiria\" \/>\n<meta property=\"article:published_time\" content=\"2026-03-06T10:15:26+00:00\" \/>\n<meta property=\"article:modified_time\" content=\"2026-03-06T10:15:28+00:00\" \/>\n<meta name=\"author\" content=\"leiria\" \/>\n<meta name=\"twitter:card\" content=\"summary_large_image\" \/>\n<meta name=\"twitter:label1\" content=\"Escrito por\" \/>\n\t<meta name=\"twitter:data1\" content=\"leiria\" \/>\n\t<meta name=\"twitter:label2\" content=\"Tempo estimado de leitura\" \/>\n\t<meta name=\"twitter:data2\" content=\"2 minutos\" \/>\n<script type=\"application\/ld+json\" class=\"yoast-schema-graph\">{\"@context\":\"https:\/\/schema.org\",\"@graph\":[{\"@type\":\"Article\",\"@id\":\"https:\/\/comarcas.csm.org.pt\/leiria\/blog\/2026\/03\/06\/indiciado-por-varios-crimes-fica-em-liberdade-a-aguardar-julgamento\/#article\",\"isPartOf\":{\"@id\":\"https:\/\/comarcas.csm.org.pt\/leiria\/blog\/2026\/03\/06\/indiciado-por-varios-crimes-fica-em-liberdade-a-aguardar-julgamento\/\"},\"author\":{\"name\":\"leiria\",\"@id\":\"https:\/\/comarcas.csm.org.pt\/leiria\/#\/schema\/person\/9057b6fbd670d5a2e931712cd357d806\"},\"headline\":\"Indiciado por v\u00e1rios crimes fica em liberdade a aguardar julgamento\",\"datePublished\":\"2026-03-06T10:15:26+00:00\",\"dateModified\":\"2026-03-06T10:15:28+00:00\",\"mainEntityOfPage\":{\"@id\":\"https:\/\/comarcas.csm.org.pt\/leiria\/blog\/2026\/03\/06\/indiciado-por-varios-crimes-fica-em-liberdade-a-aguardar-julgamento\/\"},\"wordCount\":283,\"publisher\":{\"@id\":\"https:\/\/comarcas.csm.org.pt\/leiria\/#organization\"},\"articleSection\":[\"Geral\",\"Not\u00edcias\"],\"inLanguage\":\"pt-PT\"},{\"@type\":\"WebPage\",\"@id\":\"https:\/\/comarcas.csm.org.pt\/leiria\/blog\/2026\/03\/06\/indiciado-por-varios-crimes-fica-em-liberdade-a-aguardar-julgamento\/\",\"url\":\"https:\/\/comarcas.csm.org.pt\/leiria\/blog\/2026\/03\/06\/indiciado-por-varios-crimes-fica-em-liberdade-a-aguardar-julgamento\/\",\"name\":\"Indiciado por v\u00e1rios crimes fica em liberdade a aguardar julgamento - Tribunal Judicial da Comarca de Leiria\",\"isPartOf\":{\"@id\":\"https:\/\/comarcas.csm.org.pt\/leiria\/#website\"},\"datePublished\":\"2026-03-06T10:15:26+00:00\",\"dateModified\":\"2026-03-06T10:15:28+00:00\",\"breadcrumb\":{\"@id\":\"https:\/\/comarcas.csm.org.pt\/leiria\/blog\/2026\/03\/06\/indiciado-por-varios-crimes-fica-em-liberdade-a-aguardar-julgamento\/#breadcrumb\"},\"inLanguage\":\"pt-PT\",\"potentialAction\":[{\"@type\":\"ReadAction\",\"target\":[\"https:\/\/comarcas.csm.org.pt\/leiria\/blog\/2026\/03\/06\/indiciado-por-varios-crimes-fica-em-liberdade-a-aguardar-julgamento\/\"]}]},{\"@type\":\"BreadcrumbList\",\"@id\":\"https:\/\/comarcas.csm.org.pt\/leiria\/blog\/2026\/03\/06\/indiciado-por-varios-crimes-fica-em-liberdade-a-aguardar-julgamento\/#breadcrumb\",\"itemListElement\":[{\"@type\":\"ListItem\",\"position\":1,\"name\":\"In\u00edcio\",\"item\":\"https:\/\/comarcas.csm.org.pt\/leiria\/\"},{\"@type\":\"ListItem\",\"position\":2,\"name\":\"Indiciado por v\u00e1rios crimes fica em liberdade a aguardar julgamento\"}]},{\"@type\":\"WebSite\",\"@id\":\"https:\/\/comarcas.csm.org.pt\/leiria\/#website\",\"url\":\"https:\/\/comarcas.csm.org.pt\/leiria\/\",\"name\":\"Tribunal Judicial da Comarca de Leiria\",\"description\":\"Tribunal Judicial da Comarca de Aveiro\",\"publisher\":{\"@id\":\"https:\/\/comarcas.csm.org.pt\/leiria\/#organization\"},\"potentialAction\":[{\"@type\":\"SearchAction\",\"target\":{\"@type\":\"EntryPoint\",\"urlTemplate\":\"https:\/\/comarcas.csm.org.pt\/leiria\/?s={search_term_string}\"},\"query-input\":{\"@type\":\"PropertyValueSpecification\",\"valueRequired\":true,\"valueName\":\"search_term_string\"}}],\"inLanguage\":\"pt-PT\"},{\"@type\":\"Organization\",\"@id\":\"https:\/\/comarcas.csm.org.pt\/leiria\/#organization\",\"name\":\"Tribunal Judicial da Comarca de Leiria\",\"url\":\"https:\/\/comarcas.csm.org.pt\/leiria\/\",\"logo\":{\"@type\":\"ImageObject\",\"inLanguage\":\"pt-PT\",\"@id\":\"https:\/\/comarcas.csm.org.pt\/leiria\/#\/schema\/logo\/image\/\",\"url\":\"https:\/\/comarcas.csm.org.pt\/leiria\/wp-content\/uploads\/sites\/16\/2024\/11\/Leiria_positivo-horizontal.png\",\"contentUrl\":\"https:\/\/comarcas.csm.org.pt\/leiria\/wp-content\/uploads\/sites\/16\/2024\/11\/Leiria_positivo-horizontal.png\",\"width\":5088,\"height\":890,\"caption\":\"Tribunal Judicial da Comarca de Leiria\"},\"image\":{\"@id\":\"https:\/\/comarcas.csm.org.pt\/leiria\/#\/schema\/logo\/image\/\"}},{\"@type\":\"Person\",\"@id\":\"https:\/\/comarcas.csm.org.pt\/leiria\/#\/schema\/person\/9057b6fbd670d5a2e931712cd357d806\",\"name\":\"leiria\",\"image\":{\"@type\":\"ImageObject\",\"inLanguage\":\"pt-PT\",\"@id\":\"https:\/\/comarcas.csm.org.pt\/leiria\/#\/schema\/person\/image\/\",\"url\":\"https:\/\/secure.gravatar.com\/avatar\/399a72a2630b07d71a4e0167744303361d26ed8a993be2c5686bbe5ff44b469f?s=96&d=mm&r=g\",\"contentUrl\":\"https:\/\/secure.gravatar.com\/avatar\/399a72a2630b07d71a4e0167744303361d26ed8a993be2c5686bbe5ff44b469f?s=96&d=mm&r=g\",\"caption\":\"leiria\"},\"url\":\"https:\/\/comarcas.csm.org.pt\/leiria\/blog\/author\/leiria\/\"}]}<\/script>\n<!-- \/ Yoast SEO plugin. -->","yoast_head_json":{"title":"Indiciado por v\u00e1rios crimes fica em liberdade a aguardar julgamento - Tribunal Judicial da Comarca de Leiria","robots":{"index":"index","follow":"follow","max-snippet":"max-snippet:-1","max-image-preview":"max-image-preview:large","max-video-preview":"max-video-preview:-1"},"canonical":"https:\/\/comarcas.csm.org.pt\/leiria\/blog\/2026\/03\/06\/indiciado-por-varios-crimes-fica-em-liberdade-a-aguardar-julgamento\/","og_locale":"pt_PT","og_type":"article","og_title":"Indiciado por v\u00e1rios crimes fica em liberdade a aguardar julgamento - Tribunal Judicial da Comarca de Leiria","og_description":"In Jornal das Caldas, de 2.03.2026 O Minist\u00e9rio P\u00fablico de Leiria apresentou a primeiro interrogat\u00f3rio judicial um arguido fortemente indiciado pela pr\u00e1tica de um crime de roubo, dois crimes de ofensas \u00e0 integridade f\u00edsica qualificada,...","og_url":"https:\/\/comarcas.csm.org.pt\/leiria\/blog\/2026\/03\/06\/indiciado-por-varios-crimes-fica-em-liberdade-a-aguardar-julgamento\/","og_site_name":"Tribunal Judicial da Comarca de Leiria","article_published_time":"2026-03-06T10:15:26+00:00","article_modified_time":"2026-03-06T10:15:28+00:00","author":"leiria","twitter_card":"summary_large_image","twitter_misc":{"Escrito por":"leiria","Tempo estimado de leitura":"2 minutos"},"schema":{"@context":"https:\/\/schema.org","@graph":[{"@type":"Article","@id":"https:\/\/comarcas.csm.org.pt\/leiria\/blog\/2026\/03\/06\/indiciado-por-varios-crimes-fica-em-liberdade-a-aguardar-julgamento\/#article","isPartOf":{"@id":"https:\/\/comarcas.csm.org.pt\/leiria\/blog\/2026\/03\/06\/indiciado-por-varios-crimes-fica-em-liberdade-a-aguardar-julgamento\/"},"author":{"name":"leiria","@id":"https:\/\/comarcas.csm.org.pt\/leiria\/#\/schema\/person\/9057b6fbd670d5a2e931712cd357d806"},"headline":"Indiciado por v\u00e1rios crimes fica em liberdade a aguardar julgamento","datePublished":"2026-03-06T10:15:26+00:00","dateModified":"2026-03-06T10:15:28+00:00","mainEntityOfPage":{"@id":"https:\/\/comarcas.csm.org.pt\/leiria\/blog\/2026\/03\/06\/indiciado-por-varios-crimes-fica-em-liberdade-a-aguardar-julgamento\/"},"wordCount":283,"publisher":{"@id":"https:\/\/comarcas.csm.org.pt\/leiria\/#organization"},"articleSection":["Geral","Not\u00edcias"],"inLanguage":"pt-PT"},{"@type":"WebPage","@id":"https:\/\/comarcas.csm.org.pt\/leiria\/blog\/2026\/03\/06\/indiciado-por-varios-crimes-fica-em-liberdade-a-aguardar-julgamento\/","url":"https:\/\/comarcas.csm.org.pt\/leiria\/blog\/2026\/03\/06\/indiciado-por-varios-crimes-fica-em-liberdade-a-aguardar-julgamento\/","name":"Indiciado por v\u00e1rios crimes fica em liberdade a aguardar julgamento - Tribunal Judicial da Comarca de Leiria","isPartOf":{"@id":"https:\/\/comarcas.csm.org.pt\/leiria\/#website"},"datePublished":"2026-03-06T10:15:26+00:00","dateModified":"2026-03-06T10:15:28+00:00","breadcrumb":{"@id":"https:\/\/comarcas.csm.org.pt\/leiria\/blog\/2026\/03\/06\/indiciado-por-varios-crimes-fica-em-liberdade-a-aguardar-julgamento\/#breadcrumb"},"inLanguage":"pt-PT","potentialAction":[{"@type":"ReadAction","target":["https:\/\/comarcas.csm.org.pt\/leiria\/blog\/2026\/03\/06\/indiciado-por-varios-crimes-fica-em-liberdade-a-aguardar-julgamento\/"]}]},{"@type":"BreadcrumbList","@id":"https:\/\/comarcas.csm.org.pt\/leiria\/blog\/2026\/03\/06\/indiciado-por-varios-crimes-fica-em-liberdade-a-aguardar-julgamento\/#breadcrumb","itemListElement":[{"@type":"ListItem","position":1,"name":"In\u00edcio","item":"https:\/\/comarcas.csm.org.pt\/leiria\/"},{"@type":"ListItem","position":2,"name":"Indiciado por v\u00e1rios crimes fica em liberdade a aguardar julgamento"}]},{"@type":"WebSite","@id":"https:\/\/comarcas.csm.org.pt\/leiria\/#website","url":"https:\/\/comarcas.csm.org.pt\/leiria\/","name":"Tribunal Judicial da Comarca de Leiria","description":"Tribunal Judicial da Comarca de Aveiro","publisher":{"@id":"https:\/\/comarcas.csm.org.pt\/leiria\/#organization"},"potentialAction":[{"@type":"SearchAction","target":{"@type":"EntryPoint","urlTemplate":"https:\/\/comarcas.csm.org.pt\/leiria\/?s={search_term_string}"},"query-input":{"@type":"PropertyValueSpecification","valueRequired":true,"valueName":"search_term_string"}}],"inLanguage":"pt-PT"},{"@type":"Organization","@id":"https:\/\/comarcas.csm.org.pt\/leiria\/#organization","name":"Tribunal Judicial da Comarca de Leiria","url":"https:\/\/comarcas.csm.org.pt\/leiria\/","logo":{"@type":"ImageObject","inLanguage":"pt-PT","@id":"https:\/\/comarcas.csm.org.pt\/leiria\/#\/schema\/logo\/image\/","url":"https:\/\/comarcas.csm.org.pt\/leiria\/wp-content\/uploads\/sites\/16\/2024\/11\/Leiria_positivo-horizontal.png","contentUrl":"https:\/\/comarcas.csm.org.pt\/leiria\/wp-content\/uploads\/sites\/16\/2024\/11\/Leiria_positivo-horizontal.png","width":5088,"height":890,"caption":"Tribunal Judicial da Comarca de Leiria"},"image":{"@id":"https:\/\/comarcas.csm.org.pt\/leiria\/#\/schema\/logo\/image\/"}},{"@type":"Person","@id":"https:\/\/comarcas.csm.org.pt\/leiria\/#\/schema\/person\/9057b6fbd670d5a2e931712cd357d806","name":"leiria","image":{"@type":"ImageObject","inLanguage":"pt-PT","@id":"https:\/\/comarcas.csm.org.pt\/leiria\/#\/schema\/person\/image\/","url":"https:\/\/secure.gravatar.com\/avatar\/399a72a2630b07d71a4e0167744303361d26ed8a993be2c5686bbe5ff44b469f?s=96&d=mm&r=g","contentUrl":"https:\/\/secure.gravatar.com\/avatar\/399a72a2630b07d71a4e0167744303361d26ed8a993be2c5686bbe5ff44b469f?s=96&d=mm&r=g","caption":"leiria"},"url":"https:\/\/comarcas.csm.org.pt\/leiria\/blog\/author\/leiria\/"}]}},"_links":{"self":[{"href":"https:\/\/comarcas.csm.org.pt\/leiria\/wp-json\/wp\/v2\/posts\/13568","targetHints":{"allow":["GET"]}}],"collection":[{"href":"https:\/\/comarcas.csm.org.pt\/leiria\/wp-json\/wp\/v2\/posts"}],"about":[{"href":"https:\/\/comarcas.csm.org.pt\/leiria\/wp-json\/wp\/v2\/types\/post"}],"author":[{"embeddable":true,"href":"https:\/\/comarcas.csm.org.pt\/leiria\/wp-json\/wp\/v2\/users\/16"}],"replies":[{"embeddable":true,"href":"https:\/\/comarcas.csm.org.pt\/leiria\/wp-json\/wp\/v2\/comments?post=13568"}],"version-history":[{"count":1,"href":"https:\/\/comarcas.csm.org.pt\/leiria\/wp-json\/wp\/v2\/posts\/13568\/revisions"}],"predecessor-version":[{"id":13569,"href":"https:\/\/comarcas.csm.org.pt\/leiria\/wp-json\/wp\/v2\/posts\/13568\/revisions\/13569"}],"wp:attachment":[{"href":"https:\/\/comarcas.csm.org.pt\/leiria\/wp-json\/wp\/v2\/media?parent=13568"}],"wp:term":[{"taxonomy":"category","embeddable":true,"href":"https:\/\/comarcas.csm.org.pt\/leiria\/wp-json\/wp\/v2\/categories?post=13568"},{"taxonomy":"post_tag","embeddable":true,"href":"https:\/\/comarcas.csm.org.pt\/leiria\/wp-json\/wp\/v2\/tags?post=13568"}],"curies":[{"name":"wp","href":"https:\/\/api.w.org\/{rel}","templated":true}]}}