{"id":13570,"date":"2026-03-06T10:19:08","date_gmt":"2026-03-06T10:19:08","guid":{"rendered":"https:\/\/comarcas.csm.org.pt\/leiria\/?p=13570"},"modified":"2026-03-06T10:19:10","modified_gmt":"2026-03-06T10:19:10","slug":"ministra-da-justica-afasta-construcao-de-novo-palacio-da-justica-em-leiria","status":"publish","type":"post","link":"https:\/\/comarcas.csm.org.pt\/leiria\/blog\/2026\/03\/06\/ministra-da-justica-afasta-construcao-de-novo-palacio-da-justica-em-leiria\/","title":{"rendered":"Ministra da Justi\u00e7a afasta constru\u00e7\u00e3o de novo Pal\u00e1cio da Justi\u00e7a em Leiria"},"content":{"rendered":"\n<p>In <a href=\"https:\/\/www.cmjornal.pt\/sociedade\/detalhe\/ministra-da-justica-afasta-construcao-de-novo-palacio-da-justica-em-leiria\">Correio da Manh\u00e3<\/a>, de 03.03.2026<\/p>\n\n\n\n<p>Governante admitiu que a solu\u00e7\u00e3o possa ser as instala\u00e7\u00f5es da Caixa Geral de Dep\u00f3sitos (CGD) na cidade de Leiria.<\/p>\n\n\n\n<p>A ministra da Justi\u00e7a, Rita Alarc\u00e3o J\u00fadice, afastou hoje a constru\u00e7\u00e3o de um novo Pal\u00e1cio da Justi\u00e7a em Leiria.<\/p>\n\n\n\n<p>&#8220;Eu se puder evitar construir um novo, evitaria, n\u00e3o s\u00f3 porque construir obrigaria a utilizar recursos que se calhar s\u00e3o mais necess\u00e1rios nesta fase para outras edifica\u00e7\u00f5es. Se n\u00f3s conseguirmos, e \u00e9 nisso que vamos trabalhar, procurar uma solu\u00e7\u00e3o que seja adequada, que permita uma instala\u00e7\u00e3o com obras e aproveitar o patrim\u00f3nio j\u00e1 existente, \u00e9 essa a solu\u00e7\u00e3o que iremos privilegiar&#8221;, afirmou Rita Alarc\u00e3o J\u00fadice.<\/p>\n\n\n\n<p>A ministra falava numa confer\u00eancia de imprensa na sequ\u00eancia de uma visita a instala\u00e7\u00f5es da Justi\u00e7a em Leiria afetadas pelo mau tempo, que hoje est\u00e1 a realizar.<\/p>\n\n\n\n<p>A governante admitiu que a solu\u00e7\u00e3o possa ser as instala\u00e7\u00f5es da Caixa Geral de Dep\u00f3sitos (CGD) na cidade de Leiria.<\/p>\n\n\n\n<p>\u201c\u00c9 essa solu\u00e7\u00e3o que estamos a analisar. Estamos a fazer uma an\u00e1lise j\u00e1 bastante avan\u00e7ada, j\u00e1 est\u00e1vamos, era um trabalho que j\u00e1 estava a ser desenvolvido e que (\u2026) torna-se mais urgente\u201d, declarou, numa alus\u00e3o ao impacto do mau tempo em v\u00e1rios tribunais da cidade.<\/p>\n\n\n\n<p>Rita Alarc\u00e3o J\u00fadice acrescentou que o edif\u00edcio da CGD tem de ser adquirido e, \u201ch\u00e1 obras ainda substanciais, apesar de tudo, a fazer\u201d, pelo que este \u00e9 um caminho que tem de ser feito.<\/p>\n\n\n\n<p>\u201cSer\u00e1 feito, ser\u00e1 uma das prioridades\u201d, assegurou.<\/p>\n\n\n\n<p>Questionada sobre os preju\u00edzos decorrentes do mau tempo nos espa\u00e7os da Justi\u00e7a, incluindo no Estabelecimento Prisional de Leiria \u2013 Jovens, conhecido como pris\u00e3o-escola, a governante esclareceu que decorre o levantamento dos preju\u00edzos, mas \u201cser\u00e1 na ordem de alguns milh\u00f5es para reparar e evitar danos maiores\u201d.<\/p>\n\n\n\n<p>\u201cMas n\u00f3s n\u00e3o queremos apenas isso, ou seja, n\u00f3s queremos que este momento possa servir n\u00e3o s\u00f3 para reparar o que est\u00e1 danificado, mas para que possamos tamb\u00e9m projetar o futuro. E mais, possamos melhorar o servi\u00e7o que \u00e9 prestado ao cidad\u00e3o e, nessa medida, o investimento ser\u00e1 maior\u201d, afian\u00e7ou.<\/p>\n\n\n\n<p>O relat\u00f3rio de 2025 da Comarca de Leiria insiste na necessidade de um novo Pal\u00e1cio da Justi\u00e7a em Leiria e alerta para a degrada\u00e7\u00e3o do atual, no qual n\u00e3o se cumprem as normas de acessibilidade e seguran\u00e7a.<\/p>\n\n\n\n<p>No Pal\u00e1cio da Justi\u00e7a de Leiria funcionam os ju\u00edzos Central Criminal, Instru\u00e7\u00e3o Criminal, Local Criminal, os servi\u00e7os do Minist\u00e9rio P\u00fablico e a Unidade Central e do Servi\u00e7o Externo.<\/p>\n\n\n\n<p>J\u00e1 no ex-BNU est\u00e1 o Ju\u00edzo Local C\u00edvel, funcionando o Tribunal de Fam\u00edlia e Menores noutro edif\u00edcio, o mesmo sucedendo com o Tribunal do Trabalho, num outro espa\u00e7o.<\/p>\n\n\n\n<p>No antigo liceu Rodrigues Lobo est\u00e3o os ju\u00edzos de Com\u00e9rcio e Central C\u00edvel, e os \u00f3rg\u00e3os de gest\u00e3o da Comarca.<\/p>\n\n\n\n<p>O relat\u00f3rio aponta danos devido ao mau tempo nas instala\u00e7\u00f5es do Ju\u00edzo de Fam\u00edlia e Menores, no antigo Liceu Rodrigues Lobo e no Pal\u00e1cio da Justi\u00e7a, todos em Leiria.<\/p>\n\n\n\n<p>Refere ainda estragos nos pal\u00e1cios da Justi\u00e7a da Marinha Grande, Pombal e Figueir\u00f3 dos Vinhos, assim como no Ju\u00edzo de Proximidade de Alvai\u00e1zere. O mesmo sucedeu em Alcoba\u00e7a, Caldas da Rainha e Bombarral.<\/p>\n\n\n\n<p>De acordo com o documento, na maioria dos edif\u00edcios elencados \u201cestava j\u00e1 sinalizada a necessidade de obras de manuten\u00e7\u00e3o dos seus telhados\u201d e, se aquelas tivessem sido feitas \u201catempadamente, certamente que teriam levado a que os danos decorrentes do temporal fossem menos sentidos\u201d.<\/p>\n\n\n\n<p>Questionada sobre esta situa\u00e7\u00e3o, a governante declarou que no programa do Governo consta \u201ca necessidade de preparar um plano de manuten\u00e7\u00e3o para o edificado da justi\u00e7a\u201d.<\/p>\n\n\n\n<p>\u201cEstamos a desenhar um plano de manuten\u00e7\u00e3o que tem custos, mas poupa-se. \u00c9 um custo que se gasta agora, que se poupa depois\u201d, adiantou, reconhecendo que o minist\u00e9rio \u00e9 confrontado diariamente \u201ccom situa\u00e7\u00f5es nos tribunais, e n\u00e3o s\u00f3\u201d, que \u201ca falta de investimento cr\u00f3nico, de manuten\u00e7\u00e3o, tem trazido e tem agravado os custos que n\u00f3s herd\u00e1mos e o edificado que herd\u00e1mos\u201d.<\/p>\n","protected":false},"excerpt":{"rendered":"<p>In Correio da Manh\u00e3, de 03.03.2026 Governante admitiu que a solu\u00e7\u00e3o possa ser as instala\u00e7\u00f5es da Caixa Geral de Dep\u00f3sitos (CGD) na cidade de Leiria. A ministra da Justi\u00e7a, Rita Alarc\u00e3o J\u00fadice, afastou hoje a&#8230;<\/p>\n","protected":false},"author":16,"featured_media":0,"comment_status":"closed","ping_status":"open","sticky":false,"template":"","format":"standard","meta":{"_tbt_post_transparent":"","_tbt_post_title":"","_tbt_post_layout":"","_tbt_post_sidebar_id":"","_tbt_post_content_style":"","_tbt_post_vertical_padding":"","_tbt_post_feature":"","_tbt_post_feature_position":"","_tbt_post_header":false,"_tbt_post_footer":false},"categories":[1,5],"tags":[],"class_list":["post-13570","post","type-post","status-publish","format-standard","hentry","category-geral","category-noticias"],"yoast_head":"<!-- This site is optimized with the Yoast SEO plugin v25.6 - https:\/\/yoast.com\/wordpress\/plugins\/seo\/ -->\n<title>Ministra da Justi\u00e7a afasta constru\u00e7\u00e3o de novo Pal\u00e1cio da Justi\u00e7a em Leiria - Tribunal Judicial da Comarca de Leiria<\/title>\n<meta name=\"robots\" content=\"index, follow, max-snippet:-1, max-image-preview:large, max-video-preview:-1\" \/>\n<link rel=\"canonical\" href=\"https:\/\/comarcas.csm.org.pt\/leiria\/blog\/2026\/03\/06\/ministra-da-justica-afasta-construcao-de-novo-palacio-da-justica-em-leiria\/\" \/>\n<meta property=\"og:locale\" content=\"pt_PT\" \/>\n<meta property=\"og:type\" content=\"article\" \/>\n<meta property=\"og:title\" content=\"Ministra da Justi\u00e7a afasta constru\u00e7\u00e3o de novo Pal\u00e1cio da Justi\u00e7a em Leiria - Tribunal Judicial da Comarca de Leiria\" \/>\n<meta property=\"og:description\" content=\"In Correio da Manh\u00e3, de 03.03.2026 Governante admitiu que a solu\u00e7\u00e3o possa ser as instala\u00e7\u00f5es da Caixa Geral de Dep\u00f3sitos (CGD) na cidade de Leiria. A ministra da Justi\u00e7a, Rita Alarc\u00e3o J\u00fadice, afastou hoje a...\" \/>\n<meta property=\"og:url\" content=\"https:\/\/comarcas.csm.org.pt\/leiria\/blog\/2026\/03\/06\/ministra-da-justica-afasta-construcao-de-novo-palacio-da-justica-em-leiria\/\" \/>\n<meta property=\"og:site_name\" content=\"Tribunal Judicial da Comarca de Leiria\" \/>\n<meta property=\"article:published_time\" content=\"2026-03-06T10:19:08+00:00\" \/>\n<meta property=\"article:modified_time\" content=\"2026-03-06T10:19:10+00:00\" \/>\n<meta name=\"author\" content=\"leiria\" \/>\n<meta name=\"twitter:card\" content=\"summary_large_image\" \/>\n<meta name=\"twitter:label1\" content=\"Escrito por\" \/>\n\t<meta name=\"twitter:data1\" content=\"leiria\" \/>\n\t<meta name=\"twitter:label2\" content=\"Tempo estimado de leitura\" \/>\n\t<meta name=\"twitter:data2\" content=\"4 minutos\" \/>\n<script type=\"application\/ld+json\" class=\"yoast-schema-graph\">{\"@context\":\"https:\/\/schema.org\",\"@graph\":[{\"@type\":\"Article\",\"@id\":\"https:\/\/comarcas.csm.org.pt\/leiria\/blog\/2026\/03\/06\/ministra-da-justica-afasta-construcao-de-novo-palacio-da-justica-em-leiria\/#article\",\"isPartOf\":{\"@id\":\"https:\/\/comarcas.csm.org.pt\/leiria\/blog\/2026\/03\/06\/ministra-da-justica-afasta-construcao-de-novo-palacio-da-justica-em-leiria\/\"},\"author\":{\"name\":\"leiria\",\"@id\":\"https:\/\/comarcas.csm.org.pt\/leiria\/#\/schema\/person\/9057b6fbd670d5a2e931712cd357d806\"},\"headline\":\"Ministra da Justi\u00e7a afasta constru\u00e7\u00e3o de novo Pal\u00e1cio da Justi\u00e7a em Leiria\",\"datePublished\":\"2026-03-06T10:19:08+00:00\",\"dateModified\":\"2026-03-06T10:19:10+00:00\",\"mainEntityOfPage\":{\"@id\":\"https:\/\/comarcas.csm.org.pt\/leiria\/blog\/2026\/03\/06\/ministra-da-justica-afasta-construcao-de-novo-palacio-da-justica-em-leiria\/\"},\"wordCount\":747,\"publisher\":{\"@id\":\"https:\/\/comarcas.csm.org.pt\/leiria\/#organization\"},\"articleSection\":[\"Geral\",\"Not\u00edcias\"],\"inLanguage\":\"pt-PT\"},{\"@type\":\"WebPage\",\"@id\":\"https:\/\/comarcas.csm.org.pt\/leiria\/blog\/2026\/03\/06\/ministra-da-justica-afasta-construcao-de-novo-palacio-da-justica-em-leiria\/\",\"url\":\"https:\/\/comarcas.csm.org.pt\/leiria\/blog\/2026\/03\/06\/ministra-da-justica-afasta-construcao-de-novo-palacio-da-justica-em-leiria\/\",\"name\":\"Ministra da Justi\u00e7a afasta constru\u00e7\u00e3o de novo Pal\u00e1cio da Justi\u00e7a em Leiria - Tribunal Judicial da Comarca de Leiria\",\"isPartOf\":{\"@id\":\"https:\/\/comarcas.csm.org.pt\/leiria\/#website\"},\"datePublished\":\"2026-03-06T10:19:08+00:00\",\"dateModified\":\"2026-03-06T10:19:10+00:00\",\"breadcrumb\":{\"@id\":\"https:\/\/comarcas.csm.org.pt\/leiria\/blog\/2026\/03\/06\/ministra-da-justica-afasta-construcao-de-novo-palacio-da-justica-em-leiria\/#breadcrumb\"},\"inLanguage\":\"pt-PT\",\"potentialAction\":[{\"@type\":\"ReadAction\",\"target\":[\"https:\/\/comarcas.csm.org.pt\/leiria\/blog\/2026\/03\/06\/ministra-da-justica-afasta-construcao-de-novo-palacio-da-justica-em-leiria\/\"]}]},{\"@type\":\"BreadcrumbList\",\"@id\":\"https:\/\/comarcas.csm.org.pt\/leiria\/blog\/2026\/03\/06\/ministra-da-justica-afasta-construcao-de-novo-palacio-da-justica-em-leiria\/#breadcrumb\",\"itemListElement\":[{\"@type\":\"ListItem\",\"position\":1,\"name\":\"In\u00edcio\",\"item\":\"https:\/\/comarcas.csm.org.pt\/leiria\/\"},{\"@type\":\"ListItem\",\"position\":2,\"name\":\"Ministra da Justi\u00e7a afasta constru\u00e7\u00e3o de novo Pal\u00e1cio da Justi\u00e7a em Leiria\"}]},{\"@type\":\"WebSite\",\"@id\":\"https:\/\/comarcas.csm.org.pt\/leiria\/#website\",\"url\":\"https:\/\/comarcas.csm.org.pt\/leiria\/\",\"name\":\"Tribunal Judicial da Comarca de Leiria\",\"description\":\"Tribunal Judicial da Comarca de Aveiro\",\"publisher\":{\"@id\":\"https:\/\/comarcas.csm.org.pt\/leiria\/#organization\"},\"potentialAction\":[{\"@type\":\"SearchAction\",\"target\":{\"@type\":\"EntryPoint\",\"urlTemplate\":\"https:\/\/comarcas.csm.org.pt\/leiria\/?s={search_term_string}\"},\"query-input\":{\"@type\":\"PropertyValueSpecification\",\"valueRequired\":true,\"valueName\":\"search_term_string\"}}],\"inLanguage\":\"pt-PT\"},{\"@type\":\"Organization\",\"@id\":\"https:\/\/comarcas.csm.org.pt\/leiria\/#organization\",\"name\":\"Tribunal Judicial da Comarca de Leiria\",\"url\":\"https:\/\/comarcas.csm.org.pt\/leiria\/\",\"logo\":{\"@type\":\"ImageObject\",\"inLanguage\":\"pt-PT\",\"@id\":\"https:\/\/comarcas.csm.org.pt\/leiria\/#\/schema\/logo\/image\/\",\"url\":\"https:\/\/comarcas.csm.org.pt\/leiria\/wp-content\/uploads\/sites\/16\/2024\/11\/Leiria_positivo-horizontal.png\",\"contentUrl\":\"https:\/\/comarcas.csm.org.pt\/leiria\/wp-content\/uploads\/sites\/16\/2024\/11\/Leiria_positivo-horizontal.png\",\"width\":5088,\"height\":890,\"caption\":\"Tribunal Judicial da Comarca de Leiria\"},\"image\":{\"@id\":\"https:\/\/comarcas.csm.org.pt\/leiria\/#\/schema\/logo\/image\/\"}},{\"@type\":\"Person\",\"@id\":\"https:\/\/comarcas.csm.org.pt\/leiria\/#\/schema\/person\/9057b6fbd670d5a2e931712cd357d806\",\"name\":\"leiria\",\"image\":{\"@type\":\"ImageObject\",\"inLanguage\":\"pt-PT\",\"@id\":\"https:\/\/comarcas.csm.org.pt\/leiria\/#\/schema\/person\/image\/\",\"url\":\"https:\/\/secure.gravatar.com\/avatar\/399a72a2630b07d71a4e0167744303361d26ed8a993be2c5686bbe5ff44b469f?s=96&d=mm&r=g\",\"contentUrl\":\"https:\/\/secure.gravatar.com\/avatar\/399a72a2630b07d71a4e0167744303361d26ed8a993be2c5686bbe5ff44b469f?s=96&d=mm&r=g\",\"caption\":\"leiria\"},\"url\":\"https:\/\/comarcas.csm.org.pt\/leiria\/blog\/author\/leiria\/\"}]}<\/script>\n<!-- \/ Yoast SEO plugin. -->","yoast_head_json":{"title":"Ministra da Justi\u00e7a afasta constru\u00e7\u00e3o de novo Pal\u00e1cio da Justi\u00e7a em Leiria - Tribunal Judicial da Comarca de Leiria","robots":{"index":"index","follow":"follow","max-snippet":"max-snippet:-1","max-image-preview":"max-image-preview:large","max-video-preview":"max-video-preview:-1"},"canonical":"https:\/\/comarcas.csm.org.pt\/leiria\/blog\/2026\/03\/06\/ministra-da-justica-afasta-construcao-de-novo-palacio-da-justica-em-leiria\/","og_locale":"pt_PT","og_type":"article","og_title":"Ministra da Justi\u00e7a afasta constru\u00e7\u00e3o de novo Pal\u00e1cio da Justi\u00e7a em Leiria - Tribunal Judicial da Comarca de Leiria","og_description":"In Correio da Manh\u00e3, de 03.03.2026 Governante admitiu que a solu\u00e7\u00e3o possa ser as instala\u00e7\u00f5es da Caixa Geral de Dep\u00f3sitos (CGD) na cidade de Leiria. A ministra da Justi\u00e7a, Rita Alarc\u00e3o J\u00fadice, afastou hoje a...","og_url":"https:\/\/comarcas.csm.org.pt\/leiria\/blog\/2026\/03\/06\/ministra-da-justica-afasta-construcao-de-novo-palacio-da-justica-em-leiria\/","og_site_name":"Tribunal Judicial da Comarca de Leiria","article_published_time":"2026-03-06T10:19:08+00:00","article_modified_time":"2026-03-06T10:19:10+00:00","author":"leiria","twitter_card":"summary_large_image","twitter_misc":{"Escrito por":"leiria","Tempo estimado de leitura":"4 minutos"},"schema":{"@context":"https:\/\/schema.org","@graph":[{"@type":"Article","@id":"https:\/\/comarcas.csm.org.pt\/leiria\/blog\/2026\/03\/06\/ministra-da-justica-afasta-construcao-de-novo-palacio-da-justica-em-leiria\/#article","isPartOf":{"@id":"https:\/\/comarcas.csm.org.pt\/leiria\/blog\/2026\/03\/06\/ministra-da-justica-afasta-construcao-de-novo-palacio-da-justica-em-leiria\/"},"author":{"name":"leiria","@id":"https:\/\/comarcas.csm.org.pt\/leiria\/#\/schema\/person\/9057b6fbd670d5a2e931712cd357d806"},"headline":"Ministra da Justi\u00e7a afasta constru\u00e7\u00e3o de novo Pal\u00e1cio da Justi\u00e7a em Leiria","datePublished":"2026-03-06T10:19:08+00:00","dateModified":"2026-03-06T10:19:10+00:00","mainEntityOfPage":{"@id":"https:\/\/comarcas.csm.org.pt\/leiria\/blog\/2026\/03\/06\/ministra-da-justica-afasta-construcao-de-novo-palacio-da-justica-em-leiria\/"},"wordCount":747,"publisher":{"@id":"https:\/\/comarcas.csm.org.pt\/leiria\/#organization"},"articleSection":["Geral","Not\u00edcias"],"inLanguage":"pt-PT"},{"@type":"WebPage","@id":"https:\/\/comarcas.csm.org.pt\/leiria\/blog\/2026\/03\/06\/ministra-da-justica-afasta-construcao-de-novo-palacio-da-justica-em-leiria\/","url":"https:\/\/comarcas.csm.org.pt\/leiria\/blog\/2026\/03\/06\/ministra-da-justica-afasta-construcao-de-novo-palacio-da-justica-em-leiria\/","name":"Ministra da Justi\u00e7a afasta constru\u00e7\u00e3o de novo Pal\u00e1cio da Justi\u00e7a em Leiria - Tribunal Judicial da Comarca de Leiria","isPartOf":{"@id":"https:\/\/comarcas.csm.org.pt\/leiria\/#website"},"datePublished":"2026-03-06T10:19:08+00:00","dateModified":"2026-03-06T10:19:10+00:00","breadcrumb":{"@id":"https:\/\/comarcas.csm.org.pt\/leiria\/blog\/2026\/03\/06\/ministra-da-justica-afasta-construcao-de-novo-palacio-da-justica-em-leiria\/#breadcrumb"},"inLanguage":"pt-PT","potentialAction":[{"@type":"ReadAction","target":["https:\/\/comarcas.csm.org.pt\/leiria\/blog\/2026\/03\/06\/ministra-da-justica-afasta-construcao-de-novo-palacio-da-justica-em-leiria\/"]}]},{"@type":"BreadcrumbList","@id":"https:\/\/comarcas.csm.org.pt\/leiria\/blog\/2026\/03\/06\/ministra-da-justica-afasta-construcao-de-novo-palacio-da-justica-em-leiria\/#breadcrumb","itemListElement":[{"@type":"ListItem","position":1,"name":"In\u00edcio","item":"https:\/\/comarcas.csm.org.pt\/leiria\/"},{"@type":"ListItem","position":2,"name":"Ministra da Justi\u00e7a afasta constru\u00e7\u00e3o de novo Pal\u00e1cio da Justi\u00e7a em Leiria"}]},{"@type":"WebSite","@id":"https:\/\/comarcas.csm.org.pt\/leiria\/#website","url":"https:\/\/comarcas.csm.org.pt\/leiria\/","name":"Tribunal Judicial da Comarca de Leiria","description":"Tribunal Judicial da Comarca de Aveiro","publisher":{"@id":"https:\/\/comarcas.csm.org.pt\/leiria\/#organization"},"potentialAction":[{"@type":"SearchAction","target":{"@type":"EntryPoint","urlTemplate":"https:\/\/comarcas.csm.org.pt\/leiria\/?s={search_term_string}"},"query-input":{"@type":"PropertyValueSpecification","valueRequired":true,"valueName":"search_term_string"}}],"inLanguage":"pt-PT"},{"@type":"Organization","@id":"https:\/\/comarcas.csm.org.pt\/leiria\/#organization","name":"Tribunal Judicial da Comarca de Leiria","url":"https:\/\/comarcas.csm.org.pt\/leiria\/","logo":{"@type":"ImageObject","inLanguage":"pt-PT","@id":"https:\/\/comarcas.csm.org.pt\/leiria\/#\/schema\/logo\/image\/","url":"https:\/\/comarcas.csm.org.pt\/leiria\/wp-content\/uploads\/sites\/16\/2024\/11\/Leiria_positivo-horizontal.png","contentUrl":"https:\/\/comarcas.csm.org.pt\/leiria\/wp-content\/uploads\/sites\/16\/2024\/11\/Leiria_positivo-horizontal.png","width":5088,"height":890,"caption":"Tribunal Judicial da Comarca de Leiria"},"image":{"@id":"https:\/\/comarcas.csm.org.pt\/leiria\/#\/schema\/logo\/image\/"}},{"@type":"Person","@id":"https:\/\/comarcas.csm.org.pt\/leiria\/#\/schema\/person\/9057b6fbd670d5a2e931712cd357d806","name":"leiria","image":{"@type":"ImageObject","inLanguage":"pt-PT","@id":"https:\/\/comarcas.csm.org.pt\/leiria\/#\/schema\/person\/image\/","url":"https:\/\/secure.gravatar.com\/avatar\/399a72a2630b07d71a4e0167744303361d26ed8a993be2c5686bbe5ff44b469f?s=96&d=mm&r=g","contentUrl":"https:\/\/secure.gravatar.com\/avatar\/399a72a2630b07d71a4e0167744303361d26ed8a993be2c5686bbe5ff44b469f?s=96&d=mm&r=g","caption":"leiria"},"url":"https:\/\/comarcas.csm.org.pt\/leiria\/blog\/author\/leiria\/"}]}},"_links":{"self":[{"href":"https:\/\/comarcas.csm.org.pt\/leiria\/wp-json\/wp\/v2\/posts\/13570","targetHints":{"allow":["GET"]}}],"collection":[{"href":"https:\/\/comarcas.csm.org.pt\/leiria\/wp-json\/wp\/v2\/posts"}],"about":[{"href":"https:\/\/comarcas.csm.org.pt\/leiria\/wp-json\/wp\/v2\/types\/post"}],"author":[{"embeddable":true,"href":"https:\/\/comarcas.csm.org.pt\/leiria\/wp-json\/wp\/v2\/users\/16"}],"replies":[{"embeddable":true,"href":"https:\/\/comarcas.csm.org.pt\/leiria\/wp-json\/wp\/v2\/comments?post=13570"}],"version-history":[{"count":1,"href":"https:\/\/comarcas.csm.org.pt\/leiria\/wp-json\/wp\/v2\/posts\/13570\/revisions"}],"predecessor-version":[{"id":13571,"href":"https:\/\/comarcas.csm.org.pt\/leiria\/wp-json\/wp\/v2\/posts\/13570\/revisions\/13571"}],"wp:attachment":[{"href":"https:\/\/comarcas.csm.org.pt\/leiria\/wp-json\/wp\/v2\/media?parent=13570"}],"wp:term":[{"taxonomy":"category","embeddable":true,"href":"https:\/\/comarcas.csm.org.pt\/leiria\/wp-json\/wp\/v2\/categories?post=13570"},{"taxonomy":"post_tag","embeddable":true,"href":"https:\/\/comarcas.csm.org.pt\/leiria\/wp-json\/wp\/v2\/tags?post=13570"}],"curies":[{"name":"wp","href":"https:\/\/api.w.org\/{rel}","templated":true}]}}