{"id":13572,"date":"2026-03-06T10:24:02","date_gmt":"2026-03-06T10:24:02","guid":{"rendered":"https:\/\/comarcas.csm.org.pt\/leiria\/?p=13572"},"modified":"2026-03-06T10:24:03","modified_gmt":"2026-03-06T10:24:03","slug":"professor-de-leiria-condenado-a-tres-anos-de-prisao-com-pena-suspensa-por-abuso-sexual-de-criancas","status":"publish","type":"post","link":"https:\/\/comarcas.csm.org.pt\/leiria\/blog\/2026\/03\/06\/professor-de-leiria-condenado-a-tres-anos-de-prisao-com-pena-suspensa-por-abuso-sexual-de-criancas\/","title":{"rendered":"Professor de Leiria condenado a tr\u00eas anos de pris\u00e3o com pena suspensa por abuso sexual de crian\u00e7as"},"content":{"rendered":"\n<p>In <a href=\"https:\/\/cnnportugal.iol.pt\/contexto-escolar\/tribunal\/professor-de-leiria-condenado-a-tres-anos-de-prisao-com-pena-suspensa-por-abuso-sexual-de-criancas\/20260305\/69a96e66d34edcee7c618367\">CNN Portugal<\/a>, de 05.03.2026<\/p>\n\n\n\n<p><strong>Tribunal n\u00e3o deu como provado 18 destes alegados crimes<\/strong><\/p>\n\n\n\n<p>Um professor de 65 anos foi condenado pelo Tribunal Judicial de Leiria a tr\u00eas anos de pris\u00e3o, pena suspensa por igual per\u00edodo, pela pr\u00e1tica de sete crimes de abuso sexual de crian\u00e7as.<\/p>\n\n\n\n<p>O arguido estava acusado de 25 crimes de abuso sexual de crian\u00e7as sobre tr\u00eas v\u00edtimas menores que ocorreram fora do contexto escolar.<\/p>\n\n\n\n<p>O tribunal n\u00e3o deu como provado 18 destes alegados crimes.<\/p>\n\n\n\n<p>O homem foi condenado a nove meses por cada um dos seis crimes, num total de 54 meses, a que acresceu um ano de pris\u00e3o por outro dos crimes, revelou a ju\u00edza durante a leitura do ac\u00f3rd\u00e3o.<\/p>\n\n\n\n<p>Em c\u00famulo jur\u00eddico, o professor foi condenado \u00e0 pena \u00fanica de tr\u00eas anos de pris\u00e3o, que o tribunal suspendeu por igual per\u00edodo, sujeito a regime de prova.<\/p>\n\n\n\n<p>O acusado ter\u00e1 ainda de pagar um total de 11 mil euros \u00e0s v\u00edtimas.<\/p>\n\n\n\n<p>A ju\u00edza explicou que ao professor n\u00e3o lhe foi aplicada nenhuma pena acess\u00f3ria, uma vez que tal \u201ccaiu em sede de pron\u00fancia\u201d.<\/p>\n\n\n\n<p>\u201cO tribunal n\u00e3o aceitou a sua vers\u00e3o, nem a sua estrat\u00e9gia de defesa\u201d, que passou por afirmar que naqueles dias estava noutros locais, \u201ccomo se fosse impedimento para os factos terem acontecido\u201d, adiantou a ju\u00edza.<\/p>\n\n\n\n<p>Dirigindo-se ao arguido, a magistrada acrescentou que, \u201csegundo a sua estrat\u00e9gia, as crian\u00e7as teriam efabulado\u201d.<\/p>\n\n\n\n<p>\u201c\u00c9 estranho serem tr\u00eas crian\u00e7as a queixarem-se da mesma conduta. Sendo o senhor professor e pai, deixo \u00e0 sua consci\u00eancia\u201d o que se passou.<\/p>\n\n\n\n<p>Segundo o despacho de pron\u00fancia consultado pela ag\u00eancia Lusa, uma das v\u00edtimas \u00e9 uma menina, ent\u00e3o com 10 anos, que residia no mesmo pr\u00e9dio do arguido, em Leiria.<\/p>\n\n\n\n<p>\u201cFruto da vizinhan\u00e7a (&#8230;) a menina ia brincar para casa do suspeito, professor numa escola da cidade de Leiria\u201d.<\/p>\n\n\n\n<p>Os factos ter\u00e3o ocorrido no dia 20 de agosto de 2024, depois de o suspeito questionar \u00e0 m\u00e3e da v\u00edtima \u201cse autorizava que a filha fosse a sua casa brincar com os c\u00e3es\u201d, o que aquela autorizou.<\/p>\n\n\n\n<p>\u201cEm consequ\u00eancia direta da atua\u00e7\u00e3o do arguido (&#8230;), sentiu-se triste, desconfort\u00e1vel, perturbada e envergonhada, bem como com receio de ser alvo de atos de natureza sexual mais graves por parte deste, passando a evitar estar na sua presen\u00e7a\u201d, l\u00ea-se no documento.<\/p>\n\n\n\n<p>Outra das v\u00edtimas, atualmente com 22 anos, foi colega da filha do arguido, tendo frequentado a mesma creche.<\/p>\n\n\n\n<p>\u201cEm diversas ocasi\u00f5es, em datas n\u00e3o concretamente apuradas, mas entre outubro de 2010 e junho de 2013\u201d, a v\u00edtima, que tinha entre 07 e 10 anos de idade, encontrava-se em casa do arguido e este teve, com aquela, contactos de natureza sexual\u201d.<\/p>\n\n\n\n<p>Por uma situa\u00e7\u00e3o id\u00eantica passou outra menor, hoje com 20 anos, que era tamb\u00e9m amiga da filha do arguido, pelo que ia a casa daquele.<\/p>\n\n\n\n<p>\u201cEm pelo menos 20 ocasi\u00f5es, em datas n\u00e3o concretamente apuradas, mas compreendidas entre outubro de 2010 e mar\u00e7o de 2015, quando tinha menos de 10 anos de idade, sempre em casa do arguido\u201d, este praticou contactos de natureza sexual.<\/p>\n\n\n\n<p>Segundo o despacho, o arguido sujeitou esta v\u00edtima \u201ca tais atos, mesmo quando se encontravam outras pessoas em casa. No entanto fazia-o quando ningu\u00e9m estava a ver\u201d.<\/p>\n\n\n\n<p>Por for\u00e7a da sua idade, as v\u00edtimas n\u00e3o compreendiam o que o arguido lhes fazia, mas sentiam \u201cdesconforto e inc\u00f3modo com tal atua\u00e7\u00e3o\u201d, adiantou a decis\u00e3o instrut\u00f3ria.<\/p>\n\n\n\n<p>O juiz de instru\u00e7\u00e3o criminal considerou que \u201co arguido atuou sempre sabendo as idades\u201d das v\u00edtimas e \u201cagiu com o prop\u00f3sito concretizado de compelir (\u2026) \u00e0 pr\u00e1tica dos atos sexuais\u201d, nomeadamente ro\u00e7ando-se nas v\u00edtimas.<\/p>\n\n\n\n<p>Para o juiz de instru\u00e7\u00e3o, o suspeito, que negou os factos, agiu \u201ccom a vontade (&#8230;) de satisfazer os seus instintos libidinosos, sabendo que atentava contra (&#8230;) a liberdade ao n\u00edvel da sexualidade das crian\u00e7as\u201d.<\/p>\n\n\n\n<p>Segundo o juiz de instru\u00e7\u00e3o, os alegados crimes \u201cn\u00e3o integram o conceito de ato sexual de relevo\u201d, como constava inicialmente na acusa\u00e7\u00e3o, mas sim \u201calgo enquadr\u00e1vel como &#8216;frotteurismo&#8217; [excita\u00e7\u00e3o sexual regular e intensa decorrente de tocar e\/ou esfregar-se em pessoa que n\u00e3o permitiu], indubitavelmente traduzindo contacto de natureza sexual\u201d.<\/p>\n","protected":false},"excerpt":{"rendered":"<p>In CNN Portugal, de 05.03.2026 Tribunal n\u00e3o deu como provado 18 destes alegados crimes Um professor de 65 anos foi condenado pelo Tribunal Judicial de Leiria a tr\u00eas anos de pris\u00e3o, pena suspensa por igual&#8230;<\/p>\n","protected":false},"author":16,"featured_media":0,"comment_status":"closed","ping_status":"open","sticky":false,"template":"","format":"standard","meta":{"_tbt_post_transparent":"","_tbt_post_title":"","_tbt_post_layout":"","_tbt_post_sidebar_id":"","_tbt_post_content_style":"","_tbt_post_vertical_padding":"","_tbt_post_feature":"","_tbt_post_feature_position":"","_tbt_post_header":false,"_tbt_post_footer":false},"categories":[1,5],"tags":[],"class_list":["post-13572","post","type-post","status-publish","format-standard","hentry","category-geral","category-noticias"],"yoast_head":"<!-- This site is optimized with the Yoast SEO plugin v25.6 - https:\/\/yoast.com\/wordpress\/plugins\/seo\/ -->\n<title>Professor de Leiria condenado a tr\u00eas anos de pris\u00e3o com pena suspensa por abuso sexual de crian\u00e7as - Tribunal Judicial da Comarca de Leiria<\/title>\n<meta name=\"robots\" content=\"index, follow, max-snippet:-1, max-image-preview:large, max-video-preview:-1\" \/>\n<link rel=\"canonical\" href=\"https:\/\/comarcas.csm.org.pt\/leiria\/blog\/2026\/03\/06\/professor-de-leiria-condenado-a-tres-anos-de-prisao-com-pena-suspensa-por-abuso-sexual-de-criancas\/\" \/>\n<meta property=\"og:locale\" content=\"pt_PT\" \/>\n<meta property=\"og:type\" content=\"article\" \/>\n<meta property=\"og:title\" content=\"Professor de Leiria condenado a tr\u00eas anos de pris\u00e3o com pena suspensa por abuso sexual de crian\u00e7as - Tribunal Judicial da Comarca de Leiria\" \/>\n<meta property=\"og:description\" content=\"In CNN Portugal, de 05.03.2026 Tribunal n\u00e3o deu como provado 18 destes alegados crimes Um professor de 65 anos foi condenado pelo Tribunal Judicial de Leiria a tr\u00eas anos de pris\u00e3o, pena suspensa por igual...\" \/>\n<meta property=\"og:url\" content=\"https:\/\/comarcas.csm.org.pt\/leiria\/blog\/2026\/03\/06\/professor-de-leiria-condenado-a-tres-anos-de-prisao-com-pena-suspensa-por-abuso-sexual-de-criancas\/\" \/>\n<meta property=\"og:site_name\" content=\"Tribunal Judicial da Comarca de Leiria\" \/>\n<meta property=\"article:published_time\" content=\"2026-03-06T10:24:02+00:00\" \/>\n<meta property=\"article:modified_time\" content=\"2026-03-06T10:24:03+00:00\" \/>\n<meta name=\"author\" content=\"leiria\" \/>\n<meta name=\"twitter:card\" content=\"summary_large_image\" \/>\n<meta name=\"twitter:label1\" content=\"Escrito por\" \/>\n\t<meta name=\"twitter:data1\" content=\"leiria\" \/>\n\t<meta name=\"twitter:label2\" content=\"Tempo estimado de leitura\" \/>\n\t<meta name=\"twitter:data2\" content=\"4 minutos\" \/>\n<script type=\"application\/ld+json\" class=\"yoast-schema-graph\">{\"@context\":\"https:\/\/schema.org\",\"@graph\":[{\"@type\":\"Article\",\"@id\":\"https:\/\/comarcas.csm.org.pt\/leiria\/blog\/2026\/03\/06\/professor-de-leiria-condenado-a-tres-anos-de-prisao-com-pena-suspensa-por-abuso-sexual-de-criancas\/#article\",\"isPartOf\":{\"@id\":\"https:\/\/comarcas.csm.org.pt\/leiria\/blog\/2026\/03\/06\/professor-de-leiria-condenado-a-tres-anos-de-prisao-com-pena-suspensa-por-abuso-sexual-de-criancas\/\"},\"author\":{\"name\":\"leiria\",\"@id\":\"https:\/\/comarcas.csm.org.pt\/leiria\/#\/schema\/person\/9057b6fbd670d5a2e931712cd357d806\"},\"headline\":\"Professor de Leiria condenado a tr\u00eas anos de pris\u00e3o com pena suspensa por abuso sexual de crian\u00e7as\",\"datePublished\":\"2026-03-06T10:24:02+00:00\",\"dateModified\":\"2026-03-06T10:24:03+00:00\",\"mainEntityOfPage\":{\"@id\":\"https:\/\/comarcas.csm.org.pt\/leiria\/blog\/2026\/03\/06\/professor-de-leiria-condenado-a-tres-anos-de-prisao-com-pena-suspensa-por-abuso-sexual-de-criancas\/\"},\"wordCount\":745,\"publisher\":{\"@id\":\"https:\/\/comarcas.csm.org.pt\/leiria\/#organization\"},\"articleSection\":[\"Geral\",\"Not\u00edcias\"],\"inLanguage\":\"pt-PT\"},{\"@type\":\"WebPage\",\"@id\":\"https:\/\/comarcas.csm.org.pt\/leiria\/blog\/2026\/03\/06\/professor-de-leiria-condenado-a-tres-anos-de-prisao-com-pena-suspensa-por-abuso-sexual-de-criancas\/\",\"url\":\"https:\/\/comarcas.csm.org.pt\/leiria\/blog\/2026\/03\/06\/professor-de-leiria-condenado-a-tres-anos-de-prisao-com-pena-suspensa-por-abuso-sexual-de-criancas\/\",\"name\":\"Professor de Leiria condenado a tr\u00eas anos de pris\u00e3o com pena suspensa por abuso sexual de crian\u00e7as - Tribunal Judicial da Comarca de Leiria\",\"isPartOf\":{\"@id\":\"https:\/\/comarcas.csm.org.pt\/leiria\/#website\"},\"datePublished\":\"2026-03-06T10:24:02+00:00\",\"dateModified\":\"2026-03-06T10:24:03+00:00\",\"breadcrumb\":{\"@id\":\"https:\/\/comarcas.csm.org.pt\/leiria\/blog\/2026\/03\/06\/professor-de-leiria-condenado-a-tres-anos-de-prisao-com-pena-suspensa-por-abuso-sexual-de-criancas\/#breadcrumb\"},\"inLanguage\":\"pt-PT\",\"potentialAction\":[{\"@type\":\"ReadAction\",\"target\":[\"https:\/\/comarcas.csm.org.pt\/leiria\/blog\/2026\/03\/06\/professor-de-leiria-condenado-a-tres-anos-de-prisao-com-pena-suspensa-por-abuso-sexual-de-criancas\/\"]}]},{\"@type\":\"BreadcrumbList\",\"@id\":\"https:\/\/comarcas.csm.org.pt\/leiria\/blog\/2026\/03\/06\/professor-de-leiria-condenado-a-tres-anos-de-prisao-com-pena-suspensa-por-abuso-sexual-de-criancas\/#breadcrumb\",\"itemListElement\":[{\"@type\":\"ListItem\",\"position\":1,\"name\":\"In\u00edcio\",\"item\":\"https:\/\/comarcas.csm.org.pt\/leiria\/\"},{\"@type\":\"ListItem\",\"position\":2,\"name\":\"Professor de Leiria condenado a tr\u00eas anos de pris\u00e3o com pena suspensa por abuso sexual de crian\u00e7as\"}]},{\"@type\":\"WebSite\",\"@id\":\"https:\/\/comarcas.csm.org.pt\/leiria\/#website\",\"url\":\"https:\/\/comarcas.csm.org.pt\/leiria\/\",\"name\":\"Tribunal Judicial da Comarca de Leiria\",\"description\":\"Tribunal Judicial da Comarca de Aveiro\",\"publisher\":{\"@id\":\"https:\/\/comarcas.csm.org.pt\/leiria\/#organization\"},\"potentialAction\":[{\"@type\":\"SearchAction\",\"target\":{\"@type\":\"EntryPoint\",\"urlTemplate\":\"https:\/\/comarcas.csm.org.pt\/leiria\/?s={search_term_string}\"},\"query-input\":{\"@type\":\"PropertyValueSpecification\",\"valueRequired\":true,\"valueName\":\"search_term_string\"}}],\"inLanguage\":\"pt-PT\"},{\"@type\":\"Organization\",\"@id\":\"https:\/\/comarcas.csm.org.pt\/leiria\/#organization\",\"name\":\"Tribunal Judicial da Comarca de Leiria\",\"url\":\"https:\/\/comarcas.csm.org.pt\/leiria\/\",\"logo\":{\"@type\":\"ImageObject\",\"inLanguage\":\"pt-PT\",\"@id\":\"https:\/\/comarcas.csm.org.pt\/leiria\/#\/schema\/logo\/image\/\",\"url\":\"https:\/\/comarcas.csm.org.pt\/leiria\/wp-content\/uploads\/sites\/16\/2024\/11\/Leiria_positivo-horizontal.png\",\"contentUrl\":\"https:\/\/comarcas.csm.org.pt\/leiria\/wp-content\/uploads\/sites\/16\/2024\/11\/Leiria_positivo-horizontal.png\",\"width\":5088,\"height\":890,\"caption\":\"Tribunal Judicial da Comarca de Leiria\"},\"image\":{\"@id\":\"https:\/\/comarcas.csm.org.pt\/leiria\/#\/schema\/logo\/image\/\"}},{\"@type\":\"Person\",\"@id\":\"https:\/\/comarcas.csm.org.pt\/leiria\/#\/schema\/person\/9057b6fbd670d5a2e931712cd357d806\",\"name\":\"leiria\",\"image\":{\"@type\":\"ImageObject\",\"inLanguage\":\"pt-PT\",\"@id\":\"https:\/\/comarcas.csm.org.pt\/leiria\/#\/schema\/person\/image\/\",\"url\":\"https:\/\/secure.gravatar.com\/avatar\/399a72a2630b07d71a4e0167744303361d26ed8a993be2c5686bbe5ff44b469f?s=96&d=mm&r=g\",\"contentUrl\":\"https:\/\/secure.gravatar.com\/avatar\/399a72a2630b07d71a4e0167744303361d26ed8a993be2c5686bbe5ff44b469f?s=96&d=mm&r=g\",\"caption\":\"leiria\"},\"url\":\"https:\/\/comarcas.csm.org.pt\/leiria\/blog\/author\/leiria\/\"}]}<\/script>\n<!-- \/ Yoast SEO plugin. -->","yoast_head_json":{"title":"Professor de Leiria condenado a tr\u00eas anos de pris\u00e3o com pena suspensa por abuso sexual de crian\u00e7as - Tribunal Judicial da Comarca de Leiria","robots":{"index":"index","follow":"follow","max-snippet":"max-snippet:-1","max-image-preview":"max-image-preview:large","max-video-preview":"max-video-preview:-1"},"canonical":"https:\/\/comarcas.csm.org.pt\/leiria\/blog\/2026\/03\/06\/professor-de-leiria-condenado-a-tres-anos-de-prisao-com-pena-suspensa-por-abuso-sexual-de-criancas\/","og_locale":"pt_PT","og_type":"article","og_title":"Professor de Leiria condenado a tr\u00eas anos de pris\u00e3o com pena suspensa por abuso sexual de crian\u00e7as - Tribunal Judicial da Comarca de Leiria","og_description":"In CNN Portugal, de 05.03.2026 Tribunal n\u00e3o deu como provado 18 destes alegados crimes Um professor de 65 anos foi condenado pelo Tribunal Judicial de Leiria a tr\u00eas anos de pris\u00e3o, pena suspensa por igual...","og_url":"https:\/\/comarcas.csm.org.pt\/leiria\/blog\/2026\/03\/06\/professor-de-leiria-condenado-a-tres-anos-de-prisao-com-pena-suspensa-por-abuso-sexual-de-criancas\/","og_site_name":"Tribunal Judicial da Comarca de Leiria","article_published_time":"2026-03-06T10:24:02+00:00","article_modified_time":"2026-03-06T10:24:03+00:00","author":"leiria","twitter_card":"summary_large_image","twitter_misc":{"Escrito por":"leiria","Tempo estimado de leitura":"4 minutos"},"schema":{"@context":"https:\/\/schema.org","@graph":[{"@type":"Article","@id":"https:\/\/comarcas.csm.org.pt\/leiria\/blog\/2026\/03\/06\/professor-de-leiria-condenado-a-tres-anos-de-prisao-com-pena-suspensa-por-abuso-sexual-de-criancas\/#article","isPartOf":{"@id":"https:\/\/comarcas.csm.org.pt\/leiria\/blog\/2026\/03\/06\/professor-de-leiria-condenado-a-tres-anos-de-prisao-com-pena-suspensa-por-abuso-sexual-de-criancas\/"},"author":{"name":"leiria","@id":"https:\/\/comarcas.csm.org.pt\/leiria\/#\/schema\/person\/9057b6fbd670d5a2e931712cd357d806"},"headline":"Professor de Leiria condenado a tr\u00eas anos de pris\u00e3o com pena suspensa por abuso sexual de crian\u00e7as","datePublished":"2026-03-06T10:24:02+00:00","dateModified":"2026-03-06T10:24:03+00:00","mainEntityOfPage":{"@id":"https:\/\/comarcas.csm.org.pt\/leiria\/blog\/2026\/03\/06\/professor-de-leiria-condenado-a-tres-anos-de-prisao-com-pena-suspensa-por-abuso-sexual-de-criancas\/"},"wordCount":745,"publisher":{"@id":"https:\/\/comarcas.csm.org.pt\/leiria\/#organization"},"articleSection":["Geral","Not\u00edcias"],"inLanguage":"pt-PT"},{"@type":"WebPage","@id":"https:\/\/comarcas.csm.org.pt\/leiria\/blog\/2026\/03\/06\/professor-de-leiria-condenado-a-tres-anos-de-prisao-com-pena-suspensa-por-abuso-sexual-de-criancas\/","url":"https:\/\/comarcas.csm.org.pt\/leiria\/blog\/2026\/03\/06\/professor-de-leiria-condenado-a-tres-anos-de-prisao-com-pena-suspensa-por-abuso-sexual-de-criancas\/","name":"Professor de Leiria condenado a tr\u00eas anos de pris\u00e3o com pena suspensa por abuso sexual de crian\u00e7as - Tribunal Judicial da Comarca de Leiria","isPartOf":{"@id":"https:\/\/comarcas.csm.org.pt\/leiria\/#website"},"datePublished":"2026-03-06T10:24:02+00:00","dateModified":"2026-03-06T10:24:03+00:00","breadcrumb":{"@id":"https:\/\/comarcas.csm.org.pt\/leiria\/blog\/2026\/03\/06\/professor-de-leiria-condenado-a-tres-anos-de-prisao-com-pena-suspensa-por-abuso-sexual-de-criancas\/#breadcrumb"},"inLanguage":"pt-PT","potentialAction":[{"@type":"ReadAction","target":["https:\/\/comarcas.csm.org.pt\/leiria\/blog\/2026\/03\/06\/professor-de-leiria-condenado-a-tres-anos-de-prisao-com-pena-suspensa-por-abuso-sexual-de-criancas\/"]}]},{"@type":"BreadcrumbList","@id":"https:\/\/comarcas.csm.org.pt\/leiria\/blog\/2026\/03\/06\/professor-de-leiria-condenado-a-tres-anos-de-prisao-com-pena-suspensa-por-abuso-sexual-de-criancas\/#breadcrumb","itemListElement":[{"@type":"ListItem","position":1,"name":"In\u00edcio","item":"https:\/\/comarcas.csm.org.pt\/leiria\/"},{"@type":"ListItem","position":2,"name":"Professor de Leiria condenado a tr\u00eas anos de pris\u00e3o com pena suspensa por abuso sexual de crian\u00e7as"}]},{"@type":"WebSite","@id":"https:\/\/comarcas.csm.org.pt\/leiria\/#website","url":"https:\/\/comarcas.csm.org.pt\/leiria\/","name":"Tribunal Judicial da Comarca de Leiria","description":"Tribunal Judicial da Comarca de Aveiro","publisher":{"@id":"https:\/\/comarcas.csm.org.pt\/leiria\/#organization"},"potentialAction":[{"@type":"SearchAction","target":{"@type":"EntryPoint","urlTemplate":"https:\/\/comarcas.csm.org.pt\/leiria\/?s={search_term_string}"},"query-input":{"@type":"PropertyValueSpecification","valueRequired":true,"valueName":"search_term_string"}}],"inLanguage":"pt-PT"},{"@type":"Organization","@id":"https:\/\/comarcas.csm.org.pt\/leiria\/#organization","name":"Tribunal Judicial da Comarca de Leiria","url":"https:\/\/comarcas.csm.org.pt\/leiria\/","logo":{"@type":"ImageObject","inLanguage":"pt-PT","@id":"https:\/\/comarcas.csm.org.pt\/leiria\/#\/schema\/logo\/image\/","url":"https:\/\/comarcas.csm.org.pt\/leiria\/wp-content\/uploads\/sites\/16\/2024\/11\/Leiria_positivo-horizontal.png","contentUrl":"https:\/\/comarcas.csm.org.pt\/leiria\/wp-content\/uploads\/sites\/16\/2024\/11\/Leiria_positivo-horizontal.png","width":5088,"height":890,"caption":"Tribunal Judicial da Comarca de Leiria"},"image":{"@id":"https:\/\/comarcas.csm.org.pt\/leiria\/#\/schema\/logo\/image\/"}},{"@type":"Person","@id":"https:\/\/comarcas.csm.org.pt\/leiria\/#\/schema\/person\/9057b6fbd670d5a2e931712cd357d806","name":"leiria","image":{"@type":"ImageObject","inLanguage":"pt-PT","@id":"https:\/\/comarcas.csm.org.pt\/leiria\/#\/schema\/person\/image\/","url":"https:\/\/secure.gravatar.com\/avatar\/399a72a2630b07d71a4e0167744303361d26ed8a993be2c5686bbe5ff44b469f?s=96&d=mm&r=g","contentUrl":"https:\/\/secure.gravatar.com\/avatar\/399a72a2630b07d71a4e0167744303361d26ed8a993be2c5686bbe5ff44b469f?s=96&d=mm&r=g","caption":"leiria"},"url":"https:\/\/comarcas.csm.org.pt\/leiria\/blog\/author\/leiria\/"}]}},"_links":{"self":[{"href":"https:\/\/comarcas.csm.org.pt\/leiria\/wp-json\/wp\/v2\/posts\/13572","targetHints":{"allow":["GET"]}}],"collection":[{"href":"https:\/\/comarcas.csm.org.pt\/leiria\/wp-json\/wp\/v2\/posts"}],"about":[{"href":"https:\/\/comarcas.csm.org.pt\/leiria\/wp-json\/wp\/v2\/types\/post"}],"author":[{"embeddable":true,"href":"https:\/\/comarcas.csm.org.pt\/leiria\/wp-json\/wp\/v2\/users\/16"}],"replies":[{"embeddable":true,"href":"https:\/\/comarcas.csm.org.pt\/leiria\/wp-json\/wp\/v2\/comments?post=13572"}],"version-history":[{"count":1,"href":"https:\/\/comarcas.csm.org.pt\/leiria\/wp-json\/wp\/v2\/posts\/13572\/revisions"}],"predecessor-version":[{"id":13573,"href":"https:\/\/comarcas.csm.org.pt\/leiria\/wp-json\/wp\/v2\/posts\/13572\/revisions\/13573"}],"wp:attachment":[{"href":"https:\/\/comarcas.csm.org.pt\/leiria\/wp-json\/wp\/v2\/media?parent=13572"}],"wp:term":[{"taxonomy":"category","embeddable":true,"href":"https:\/\/comarcas.csm.org.pt\/leiria\/wp-json\/wp\/v2\/categories?post=13572"},{"taxonomy":"post_tag","embeddable":true,"href":"https:\/\/comarcas.csm.org.pt\/leiria\/wp-json\/wp\/v2\/tags?post=13572"}],"curies":[{"name":"wp","href":"https:\/\/api.w.org\/{rel}","templated":true}]}}