{"id":13584,"date":"2026-03-12T16:15:50","date_gmt":"2026-03-12T16:15:50","guid":{"rendered":"https:\/\/comarcas.csm.org.pt\/leiria\/?p=13584"},"modified":"2026-03-12T16:15:51","modified_gmt":"2026-03-12T16:15:51","slug":"jovem-de-22-anos-detido-em-leiria-por-trafico-de-droga","status":"publish","type":"post","link":"https:\/\/comarcas.csm.org.pt\/leiria\/blog\/2026\/03\/12\/jovem-de-22-anos-detido-em-leiria-por-trafico-de-droga\/","title":{"rendered":"Jovem de 22 anos detido em Leiria por tr\u00e1fico de droga"},"content":{"rendered":"\n<p>In <a href=\"https:\/\/www.regiaodeleiria.pt\/2026\/03\/jovem-de-22-anos-detido-em-leiria-por-trafico-de-droga\/\">Regi\u00e3o de Leiria<\/a>, de 11.03.2026<\/p>\n\n\n\n<p><strong>Suspeito preparava-se para vender droga a um outro jovem de 18 anos, junto a uma escola secund\u00e1ria.<\/strong><\/p>\n\n\n\n<p>Um homem de 22 anos foi detido no passado dia 26 de fevereiro pelo crime de tr\u00e1fico de droga.<\/p>\n\n\n\n<p>A deten\u00e7\u00e3o aconteceu no \u00e2mbito de uma a\u00e7\u00e3o de preven\u00e7\u00e3o criminal na cidade de Leiria, junto a uma escola secund\u00e1ria.<\/p>\n\n\n\n<p>Segundo comunicado da PSP, foi primeiro abordado um jovem de 18 anos, que tinha na sua posse 230 euros e disse estar \u00e0 espera de um indiv\u00edduo para comprar droga.<\/p>\n\n\n\n<p>Apareceu depois o jovem de 22 anos, na posse de uma faca com 11 cm de l\u00e2mina e 99 gramas de produto estupefaciente.<\/p>\n\n\n\n<p>De acordo com a mesma fonte, o jovem ainda tentou fugir para casa e adotou comportamentos violentos, mas acabou por ser detido.<\/p>\n\n\n\n<p>Presente a tribunal no dia 28 de fevereiro, foi-lhe aplicada a medida de Termo de Identidade e Resid\u00eancia. Tem agora julgamento agendado para 17 de mar\u00e7o.<\/p>\n","protected":false},"excerpt":{"rendered":"<p>In Regi\u00e3o de Leiria, de 11.03.2026 Suspeito preparava-se para vender droga a um outro jovem de 18 anos, junto a uma escola secund\u00e1ria. Um homem de 22 anos foi detido no passado dia 26 de&#8230;<\/p>\n","protected":false},"author":16,"featured_media":0,"comment_status":"closed","ping_status":"open","sticky":false,"template":"","format":"standard","meta":{"_tbt_post_transparent":"","_tbt_post_title":"","_tbt_post_layout":"","_tbt_post_sidebar_id":"","_tbt_post_content_style":"","_tbt_post_vertical_padding":"","_tbt_post_feature":"","_tbt_post_feature_position":"","_tbt_post_header":false,"_tbt_post_footer":false},"categories":[1,5],"tags":[],"class_list":["post-13584","post","type-post","status-publish","format-standard","hentry","category-geral","category-noticias"],"yoast_head":"<!-- This site is optimized with the Yoast SEO plugin v25.6 - https:\/\/yoast.com\/wordpress\/plugins\/seo\/ -->\n<title>Jovem de 22 anos detido em Leiria por tr\u00e1fico de droga - Tribunal Judicial da Comarca de Leiria<\/title>\n<meta name=\"robots\" content=\"index, follow, max-snippet:-1, max-image-preview:large, max-video-preview:-1\" \/>\n<link rel=\"canonical\" href=\"https:\/\/comarcas.csm.org.pt\/leiria\/blog\/2026\/03\/12\/jovem-de-22-anos-detido-em-leiria-por-trafico-de-droga\/\" \/>\n<meta property=\"og:locale\" content=\"pt_PT\" \/>\n<meta property=\"og:type\" content=\"article\" \/>\n<meta property=\"og:title\" content=\"Jovem de 22 anos detido em Leiria por tr\u00e1fico de droga - Tribunal Judicial da Comarca de Leiria\" \/>\n<meta property=\"og:description\" content=\"In Regi\u00e3o de Leiria, de 11.03.2026 Suspeito preparava-se para vender droga a um outro jovem de 18 anos, junto a uma escola secund\u00e1ria. Um homem de 22 anos foi detido no passado dia 26 de...\" \/>\n<meta property=\"og:url\" content=\"https:\/\/comarcas.csm.org.pt\/leiria\/blog\/2026\/03\/12\/jovem-de-22-anos-detido-em-leiria-por-trafico-de-droga\/\" \/>\n<meta property=\"og:site_name\" content=\"Tribunal Judicial da Comarca de Leiria\" \/>\n<meta property=\"article:published_time\" content=\"2026-03-12T16:15:50+00:00\" \/>\n<meta property=\"article:modified_time\" content=\"2026-03-12T16:15:51+00:00\" \/>\n<meta name=\"author\" content=\"leiria\" \/>\n<meta name=\"twitter:card\" content=\"summary_large_image\" \/>\n<meta name=\"twitter:label1\" content=\"Escrito por\" \/>\n\t<meta name=\"twitter:data1\" content=\"leiria\" \/>\n\t<meta name=\"twitter:label2\" content=\"Tempo estimado de leitura\" \/>\n\t<meta name=\"twitter:data2\" content=\"1 minuto\" \/>\n<script type=\"application\/ld+json\" class=\"yoast-schema-graph\">{\"@context\":\"https:\/\/schema.org\",\"@graph\":[{\"@type\":\"Article\",\"@id\":\"https:\/\/comarcas.csm.org.pt\/leiria\/blog\/2026\/03\/12\/jovem-de-22-anos-detido-em-leiria-por-trafico-de-droga\/#article\",\"isPartOf\":{\"@id\":\"https:\/\/comarcas.csm.org.pt\/leiria\/blog\/2026\/03\/12\/jovem-de-22-anos-detido-em-leiria-por-trafico-de-droga\/\"},\"author\":{\"name\":\"leiria\",\"@id\":\"https:\/\/comarcas.csm.org.pt\/leiria\/#\/schema\/person\/9057b6fbd670d5a2e931712cd357d806\"},\"headline\":\"Jovem de 22 anos detido em Leiria por tr\u00e1fico de droga\",\"datePublished\":\"2026-03-12T16:15:50+00:00\",\"dateModified\":\"2026-03-12T16:15:51+00:00\",\"mainEntityOfPage\":{\"@id\":\"https:\/\/comarcas.csm.org.pt\/leiria\/blog\/2026\/03\/12\/jovem-de-22-anos-detido-em-leiria-por-trafico-de-droga\/\"},\"wordCount\":173,\"publisher\":{\"@id\":\"https:\/\/comarcas.csm.org.pt\/leiria\/#organization\"},\"articleSection\":[\"Geral\",\"Not\u00edcias\"],\"inLanguage\":\"pt-PT\"},{\"@type\":\"WebPage\",\"@id\":\"https:\/\/comarcas.csm.org.pt\/leiria\/blog\/2026\/03\/12\/jovem-de-22-anos-detido-em-leiria-por-trafico-de-droga\/\",\"url\":\"https:\/\/comarcas.csm.org.pt\/leiria\/blog\/2026\/03\/12\/jovem-de-22-anos-detido-em-leiria-por-trafico-de-droga\/\",\"name\":\"Jovem de 22 anos detido em Leiria por tr\u00e1fico de droga - Tribunal Judicial da Comarca de Leiria\",\"isPartOf\":{\"@id\":\"https:\/\/comarcas.csm.org.pt\/leiria\/#website\"},\"datePublished\":\"2026-03-12T16:15:50+00:00\",\"dateModified\":\"2026-03-12T16:15:51+00:00\",\"breadcrumb\":{\"@id\":\"https:\/\/comarcas.csm.org.pt\/leiria\/blog\/2026\/03\/12\/jovem-de-22-anos-detido-em-leiria-por-trafico-de-droga\/#breadcrumb\"},\"inLanguage\":\"pt-PT\",\"potentialAction\":[{\"@type\":\"ReadAction\",\"target\":[\"https:\/\/comarcas.csm.org.pt\/leiria\/blog\/2026\/03\/12\/jovem-de-22-anos-detido-em-leiria-por-trafico-de-droga\/\"]}]},{\"@type\":\"BreadcrumbList\",\"@id\":\"https:\/\/comarcas.csm.org.pt\/leiria\/blog\/2026\/03\/12\/jovem-de-22-anos-detido-em-leiria-por-trafico-de-droga\/#breadcrumb\",\"itemListElement\":[{\"@type\":\"ListItem\",\"position\":1,\"name\":\"In\u00edcio\",\"item\":\"https:\/\/comarcas.csm.org.pt\/leiria\/\"},{\"@type\":\"ListItem\",\"position\":2,\"name\":\"Jovem de 22 anos detido em Leiria por tr\u00e1fico de droga\"}]},{\"@type\":\"WebSite\",\"@id\":\"https:\/\/comarcas.csm.org.pt\/leiria\/#website\",\"url\":\"https:\/\/comarcas.csm.org.pt\/leiria\/\",\"name\":\"Tribunal Judicial da Comarca de Leiria\",\"description\":\"Tribunal Judicial da Comarca de Aveiro\",\"publisher\":{\"@id\":\"https:\/\/comarcas.csm.org.pt\/leiria\/#organization\"},\"potentialAction\":[{\"@type\":\"SearchAction\",\"target\":{\"@type\":\"EntryPoint\",\"urlTemplate\":\"https:\/\/comarcas.csm.org.pt\/leiria\/?s={search_term_string}\"},\"query-input\":{\"@type\":\"PropertyValueSpecification\",\"valueRequired\":true,\"valueName\":\"search_term_string\"}}],\"inLanguage\":\"pt-PT\"},{\"@type\":\"Organization\",\"@id\":\"https:\/\/comarcas.csm.org.pt\/leiria\/#organization\",\"name\":\"Tribunal Judicial da Comarca de Leiria\",\"url\":\"https:\/\/comarcas.csm.org.pt\/leiria\/\",\"logo\":{\"@type\":\"ImageObject\",\"inLanguage\":\"pt-PT\",\"@id\":\"https:\/\/comarcas.csm.org.pt\/leiria\/#\/schema\/logo\/image\/\",\"url\":\"https:\/\/comarcas.csm.org.pt\/leiria\/wp-content\/uploads\/sites\/16\/2024\/11\/Leiria_positivo-horizontal.png\",\"contentUrl\":\"https:\/\/comarcas.csm.org.pt\/leiria\/wp-content\/uploads\/sites\/16\/2024\/11\/Leiria_positivo-horizontal.png\",\"width\":5088,\"height\":890,\"caption\":\"Tribunal Judicial da Comarca de Leiria\"},\"image\":{\"@id\":\"https:\/\/comarcas.csm.org.pt\/leiria\/#\/schema\/logo\/image\/\"}},{\"@type\":\"Person\",\"@id\":\"https:\/\/comarcas.csm.org.pt\/leiria\/#\/schema\/person\/9057b6fbd670d5a2e931712cd357d806\",\"name\":\"leiria\",\"image\":{\"@type\":\"ImageObject\",\"inLanguage\":\"pt-PT\",\"@id\":\"https:\/\/comarcas.csm.org.pt\/leiria\/#\/schema\/person\/image\/\",\"url\":\"https:\/\/secure.gravatar.com\/avatar\/399a72a2630b07d71a4e0167744303361d26ed8a993be2c5686bbe5ff44b469f?s=96&d=mm&r=g\",\"contentUrl\":\"https:\/\/secure.gravatar.com\/avatar\/399a72a2630b07d71a4e0167744303361d26ed8a993be2c5686bbe5ff44b469f?s=96&d=mm&r=g\",\"caption\":\"leiria\"},\"url\":\"https:\/\/comarcas.csm.org.pt\/leiria\/blog\/author\/leiria\/\"}]}<\/script>\n<!-- \/ Yoast SEO plugin. -->","yoast_head_json":{"title":"Jovem de 22 anos detido em Leiria por tr\u00e1fico de droga - Tribunal Judicial da Comarca de Leiria","robots":{"index":"index","follow":"follow","max-snippet":"max-snippet:-1","max-image-preview":"max-image-preview:large","max-video-preview":"max-video-preview:-1"},"canonical":"https:\/\/comarcas.csm.org.pt\/leiria\/blog\/2026\/03\/12\/jovem-de-22-anos-detido-em-leiria-por-trafico-de-droga\/","og_locale":"pt_PT","og_type":"article","og_title":"Jovem de 22 anos detido em Leiria por tr\u00e1fico de droga - Tribunal Judicial da Comarca de Leiria","og_description":"In Regi\u00e3o de Leiria, de 11.03.2026 Suspeito preparava-se para vender droga a um outro jovem de 18 anos, junto a uma escola secund\u00e1ria. Um homem de 22 anos foi detido no passado dia 26 de...","og_url":"https:\/\/comarcas.csm.org.pt\/leiria\/blog\/2026\/03\/12\/jovem-de-22-anos-detido-em-leiria-por-trafico-de-droga\/","og_site_name":"Tribunal Judicial da Comarca de Leiria","article_published_time":"2026-03-12T16:15:50+00:00","article_modified_time":"2026-03-12T16:15:51+00:00","author":"leiria","twitter_card":"summary_large_image","twitter_misc":{"Escrito por":"leiria","Tempo estimado de leitura":"1 minuto"},"schema":{"@context":"https:\/\/schema.org","@graph":[{"@type":"Article","@id":"https:\/\/comarcas.csm.org.pt\/leiria\/blog\/2026\/03\/12\/jovem-de-22-anos-detido-em-leiria-por-trafico-de-droga\/#article","isPartOf":{"@id":"https:\/\/comarcas.csm.org.pt\/leiria\/blog\/2026\/03\/12\/jovem-de-22-anos-detido-em-leiria-por-trafico-de-droga\/"},"author":{"name":"leiria","@id":"https:\/\/comarcas.csm.org.pt\/leiria\/#\/schema\/person\/9057b6fbd670d5a2e931712cd357d806"},"headline":"Jovem de 22 anos detido em Leiria por tr\u00e1fico de droga","datePublished":"2026-03-12T16:15:50+00:00","dateModified":"2026-03-12T16:15:51+00:00","mainEntityOfPage":{"@id":"https:\/\/comarcas.csm.org.pt\/leiria\/blog\/2026\/03\/12\/jovem-de-22-anos-detido-em-leiria-por-trafico-de-droga\/"},"wordCount":173,"publisher":{"@id":"https:\/\/comarcas.csm.org.pt\/leiria\/#organization"},"articleSection":["Geral","Not\u00edcias"],"inLanguage":"pt-PT"},{"@type":"WebPage","@id":"https:\/\/comarcas.csm.org.pt\/leiria\/blog\/2026\/03\/12\/jovem-de-22-anos-detido-em-leiria-por-trafico-de-droga\/","url":"https:\/\/comarcas.csm.org.pt\/leiria\/blog\/2026\/03\/12\/jovem-de-22-anos-detido-em-leiria-por-trafico-de-droga\/","name":"Jovem de 22 anos detido em Leiria por tr\u00e1fico de droga - Tribunal Judicial da Comarca de Leiria","isPartOf":{"@id":"https:\/\/comarcas.csm.org.pt\/leiria\/#website"},"datePublished":"2026-03-12T16:15:50+00:00","dateModified":"2026-03-12T16:15:51+00:00","breadcrumb":{"@id":"https:\/\/comarcas.csm.org.pt\/leiria\/blog\/2026\/03\/12\/jovem-de-22-anos-detido-em-leiria-por-trafico-de-droga\/#breadcrumb"},"inLanguage":"pt-PT","potentialAction":[{"@type":"ReadAction","target":["https:\/\/comarcas.csm.org.pt\/leiria\/blog\/2026\/03\/12\/jovem-de-22-anos-detido-em-leiria-por-trafico-de-droga\/"]}]},{"@type":"BreadcrumbList","@id":"https:\/\/comarcas.csm.org.pt\/leiria\/blog\/2026\/03\/12\/jovem-de-22-anos-detido-em-leiria-por-trafico-de-droga\/#breadcrumb","itemListElement":[{"@type":"ListItem","position":1,"name":"In\u00edcio","item":"https:\/\/comarcas.csm.org.pt\/leiria\/"},{"@type":"ListItem","position":2,"name":"Jovem de 22 anos detido em Leiria por tr\u00e1fico de droga"}]},{"@type":"WebSite","@id":"https:\/\/comarcas.csm.org.pt\/leiria\/#website","url":"https:\/\/comarcas.csm.org.pt\/leiria\/","name":"Tribunal Judicial da Comarca de Leiria","description":"Tribunal Judicial da Comarca de Aveiro","publisher":{"@id":"https:\/\/comarcas.csm.org.pt\/leiria\/#organization"},"potentialAction":[{"@type":"SearchAction","target":{"@type":"EntryPoint","urlTemplate":"https:\/\/comarcas.csm.org.pt\/leiria\/?s={search_term_string}"},"query-input":{"@type":"PropertyValueSpecification","valueRequired":true,"valueName":"search_term_string"}}],"inLanguage":"pt-PT"},{"@type":"Organization","@id":"https:\/\/comarcas.csm.org.pt\/leiria\/#organization","name":"Tribunal Judicial da Comarca de Leiria","url":"https:\/\/comarcas.csm.org.pt\/leiria\/","logo":{"@type":"ImageObject","inLanguage":"pt-PT","@id":"https:\/\/comarcas.csm.org.pt\/leiria\/#\/schema\/logo\/image\/","url":"https:\/\/comarcas.csm.org.pt\/leiria\/wp-content\/uploads\/sites\/16\/2024\/11\/Leiria_positivo-horizontal.png","contentUrl":"https:\/\/comarcas.csm.org.pt\/leiria\/wp-content\/uploads\/sites\/16\/2024\/11\/Leiria_positivo-horizontal.png","width":5088,"height":890,"caption":"Tribunal Judicial da Comarca de Leiria"},"image":{"@id":"https:\/\/comarcas.csm.org.pt\/leiria\/#\/schema\/logo\/image\/"}},{"@type":"Person","@id":"https:\/\/comarcas.csm.org.pt\/leiria\/#\/schema\/person\/9057b6fbd670d5a2e931712cd357d806","name":"leiria","image":{"@type":"ImageObject","inLanguage":"pt-PT","@id":"https:\/\/comarcas.csm.org.pt\/leiria\/#\/schema\/person\/image\/","url":"https:\/\/secure.gravatar.com\/avatar\/399a72a2630b07d71a4e0167744303361d26ed8a993be2c5686bbe5ff44b469f?s=96&d=mm&r=g","contentUrl":"https:\/\/secure.gravatar.com\/avatar\/399a72a2630b07d71a4e0167744303361d26ed8a993be2c5686bbe5ff44b469f?s=96&d=mm&r=g","caption":"leiria"},"url":"https:\/\/comarcas.csm.org.pt\/leiria\/blog\/author\/leiria\/"}]}},"_links":{"self":[{"href":"https:\/\/comarcas.csm.org.pt\/leiria\/wp-json\/wp\/v2\/posts\/13584","targetHints":{"allow":["GET"]}}],"collection":[{"href":"https:\/\/comarcas.csm.org.pt\/leiria\/wp-json\/wp\/v2\/posts"}],"about":[{"href":"https:\/\/comarcas.csm.org.pt\/leiria\/wp-json\/wp\/v2\/types\/post"}],"author":[{"embeddable":true,"href":"https:\/\/comarcas.csm.org.pt\/leiria\/wp-json\/wp\/v2\/users\/16"}],"replies":[{"embeddable":true,"href":"https:\/\/comarcas.csm.org.pt\/leiria\/wp-json\/wp\/v2\/comments?post=13584"}],"version-history":[{"count":1,"href":"https:\/\/comarcas.csm.org.pt\/leiria\/wp-json\/wp\/v2\/posts\/13584\/revisions"}],"predecessor-version":[{"id":13585,"href":"https:\/\/comarcas.csm.org.pt\/leiria\/wp-json\/wp\/v2\/posts\/13584\/revisions\/13585"}],"wp:attachment":[{"href":"https:\/\/comarcas.csm.org.pt\/leiria\/wp-json\/wp\/v2\/media?parent=13584"}],"wp:term":[{"taxonomy":"category","embeddable":true,"href":"https:\/\/comarcas.csm.org.pt\/leiria\/wp-json\/wp\/v2\/categories?post=13584"},{"taxonomy":"post_tag","embeddable":true,"href":"https:\/\/comarcas.csm.org.pt\/leiria\/wp-json\/wp\/v2\/tags?post=13584"}],"curies":[{"name":"wp","href":"https:\/\/api.w.org\/{rel}","templated":true}]}}