{"id":13601,"date":"2026-03-16T16:21:05","date_gmt":"2026-03-16T16:21:05","guid":{"rendered":"https:\/\/comarcas.csm.org.pt\/leiria\/?p=13601"},"modified":"2026-03-16T16:21:06","modified_gmt":"2026-03-16T16:21:06","slug":"tribunal-das-caldas-da-rainha-afasta-homem-da-avo-por-agressoes-e-ameacas-em-contexto-de-violencia-domestica","status":"publish","type":"post","link":"https:\/\/comarcas.csm.org.pt\/leiria\/blog\/2026\/03\/16\/tribunal-das-caldas-da-rainha-afasta-homem-da-avo-por-agressoes-e-ameacas-em-contexto-de-violencia-domestica\/","title":{"rendered":"Tribunal das Caldas da Rainha afasta homem da av\u00f3 por agress\u00f5es e amea\u00e7as em contexto de viol\u00eancia dom\u00e9stica"},"content":{"rendered":"\n<p>Um homem de 20 anos est\u00e1 proibido de contactar a sua av\u00f3 de 64 anos, depois de ter sido detido pelo crime de viol\u00eancia dom\u00e9stica. Entre outros epis\u00f3dios, diz a PSP, \u201cter\u00e1 empurrado a v\u00edtima contra uma parede da habita\u00e7\u00e3o, proferido diversos improp\u00e9rios e amea\u00e7as \u00e0 sua integridade f\u00edsica, incluindo amea\u00e7as de morte\u201d<\/p>\n\n\n\n<p>Um homem de 20 anos est\u00e1 proibido de contactar a sua av\u00f3 de 64 anos, depois de ter sido detido pelo crime de viol\u00eancia dom\u00e9stica, anunciou hoje a Pol\u00edcia de Seguran\u00e7a P\u00fablica (PSP) de Leiria.<\/p>\n\n\n\n<p>Numa nota de imprensa, o Comando Distrital de Leiria da PSP informa que deteve no domingo, 08 de mar\u00e7o, &#8220;um homem, de 20 anos de idade, pela pr\u00e1tica do crime de viol\u00eancia dom\u00e9stica&#8221;, atrav\u00e9s da Esquadra de Investiga\u00e7\u00e3o Criminal da Divis\u00e3o Policial de Caldas da Rainha.<\/p>\n\n\n\n<p>&#8220;O homem foi presente a primeiro interrogat\u00f3rio judicial, tendo-lhe sido aplicada a medida de coa\u00e7\u00e3o de afastamento e proibi\u00e7\u00e3o de contactos com a v\u00edtima, bem como a instala\u00e7\u00e3o de dispositivo de alerta&#8221;, anuncia.<\/p>\n\n\n\n<p>No documento a PSP indica que a deten\u00e7\u00e3o ocorreu fora de flagrante delito e em cumprimento de mandado de deten\u00e7\u00e3o, no \u00e2mbito de &#8220;uma investiga\u00e7\u00e3o que indicia o homem pela pr\u00e1tica reiterada de atos de viol\u00eancia contra a sua av\u00f3, de 64 anos de idade, com quem residia h\u00e1 cerca de tr\u00eas meses&#8221;.<\/p>\n\n\n\n<p>&#8220;De acordo com os factos apurados, o jovem adotava um comportamento agressivo e intimidat\u00f3rio, recorrendo a agress\u00f5es f\u00edsicas, verbais e amea\u00e7as dirigidas \u00e0 v\u00edtima&#8221;, l\u00ea-se.<\/p>\n\n\n\n<p>Entre outros epis\u00f3dios, diz a PSP, &#8220;ter\u00e1 empurrado a v\u00edtima contra uma parede da habita\u00e7\u00e3o, proferido diversos improp\u00e9rios e amea\u00e7as \u00e0 sua integridade f\u00edsica, incluindo amea\u00e7as de morte&#8221;.<\/p>\n\n\n\n<p>&#8220;Para al\u00e9m da viol\u00eancia f\u00edsica e psicol\u00f3gica, o suspeito provocava ainda danos no interior da resid\u00eancia, destruindo mobili\u00e1rio e outros bens, exercendo igualmente press\u00e3o de natureza econ\u00f3mica e patrimonial sobre a v\u00edtima&#8221;, relata.<\/p>\n\n\n\n<p>A PSP refere que &#8220;muitos destes comportamentos ocorriam tamb\u00e9m em espa\u00e7os p\u00fablicos, onde a v\u00edtima era alvo de humilha\u00e7\u00e3o e intimida\u00e7\u00e3o por parte do homem&#8221;.<\/p>\n\n\n\n<p>Segundo o comunicado, o neto vivia com a sua av\u00f3, de quem depende economicamente, desde o final de 2025, depois de ter residido com outro familiar em Lisboa, onde era acompanhado em consultas de natureza psicol\u00f3gica.<\/p>\n\n\n\n<p>&#8220;Apesar de sofrer de uma patologia do foro mental e de ter sido seguido por especialistas, o homem ter\u00e1 abandonado o acompanhamento cl\u00ednico, n\u00e3o se encontrando atualmente em tratamento&#8221;, indica.<\/p>\n\n\n\n<p>No documento a PSP refere que &#8220;a v\u00edtima j\u00e1 havia solicitado ajuda no final de 2025, procurando que o neto recebesse acompanhamento psicol\u00f3gico adequado, de forma a melhorar o seu comportamento&#8221;.<\/p>\n\n\n\n<p>\u00c0 av\u00f3 foi atribu\u00eddo o &#8220;estatuto de v\u00edtima especialmente vulner\u00e1vel no \u00e2mbito do crime de viol\u00eancia dom\u00e9stica, o qual confere um conjunto de direitos e medidas espec\u00edficas de prote\u00e7\u00e3o e apoio&#8221;, acrescenta a PSP.<\/p>\n","protected":false},"excerpt":{"rendered":"<p>Um homem de 20 anos est\u00e1 proibido de contactar a sua av\u00f3 de 64 anos, depois de ter sido detido pelo crime de viol\u00eancia dom\u00e9stica. Entre outros epis\u00f3dios, diz a PSP, \u201cter\u00e1 empurrado a v\u00edtima&#8230;<\/p>\n","protected":false},"author":16,"featured_media":0,"comment_status":"closed","ping_status":"open","sticky":false,"template":"","format":"standard","meta":{"_tbt_post_transparent":"","_tbt_post_title":"","_tbt_post_layout":"","_tbt_post_sidebar_id":"","_tbt_post_content_style":"","_tbt_post_vertical_padding":"","_tbt_post_feature":"","_tbt_post_feature_position":"","_tbt_post_header":false,"_tbt_post_footer":false},"categories":[1,5],"tags":[],"class_list":["post-13601","post","type-post","status-publish","format-standard","hentry","category-geral","category-noticias"],"yoast_head":"<!-- This site is optimized with the Yoast SEO plugin v25.6 - https:\/\/yoast.com\/wordpress\/plugins\/seo\/ -->\n<title>Tribunal das Caldas da Rainha afasta homem da av\u00f3 por agress\u00f5es e amea\u00e7as em contexto de viol\u00eancia dom\u00e9stica - Tribunal Judicial da Comarca de Leiria<\/title>\n<meta name=\"robots\" content=\"index, follow, max-snippet:-1, max-image-preview:large, max-video-preview:-1\" \/>\n<link rel=\"canonical\" href=\"https:\/\/comarcas.csm.org.pt\/leiria\/blog\/2026\/03\/16\/tribunal-das-caldas-da-rainha-afasta-homem-da-avo-por-agressoes-e-ameacas-em-contexto-de-violencia-domestica\/\" \/>\n<meta property=\"og:locale\" content=\"pt_PT\" \/>\n<meta property=\"og:type\" content=\"article\" \/>\n<meta property=\"og:title\" content=\"Tribunal das Caldas da Rainha afasta homem da av\u00f3 por agress\u00f5es e amea\u00e7as em contexto de viol\u00eancia dom\u00e9stica - Tribunal Judicial da Comarca de Leiria\" \/>\n<meta property=\"og:description\" content=\"Um homem de 20 anos est\u00e1 proibido de contactar a sua av\u00f3 de 64 anos, depois de ter sido detido pelo crime de viol\u00eancia dom\u00e9stica. Entre outros epis\u00f3dios, diz a PSP, \u201cter\u00e1 empurrado a v\u00edtima...\" \/>\n<meta property=\"og:url\" content=\"https:\/\/comarcas.csm.org.pt\/leiria\/blog\/2026\/03\/16\/tribunal-das-caldas-da-rainha-afasta-homem-da-avo-por-agressoes-e-ameacas-em-contexto-de-violencia-domestica\/\" \/>\n<meta property=\"og:site_name\" content=\"Tribunal Judicial da Comarca de Leiria\" \/>\n<meta property=\"article:published_time\" content=\"2026-03-16T16:21:05+00:00\" \/>\n<meta property=\"article:modified_time\" content=\"2026-03-16T16:21:06+00:00\" \/>\n<meta name=\"author\" content=\"leiria\" \/>\n<meta name=\"twitter:card\" content=\"summary_large_image\" \/>\n<meta name=\"twitter:label1\" content=\"Escrito por\" \/>\n\t<meta name=\"twitter:data1\" content=\"leiria\" \/>\n\t<meta name=\"twitter:label2\" content=\"Tempo estimado de leitura\" \/>\n\t<meta name=\"twitter:data2\" content=\"3 minutos\" \/>\n<script type=\"application\/ld+json\" class=\"yoast-schema-graph\">{\"@context\":\"https:\/\/schema.org\",\"@graph\":[{\"@type\":\"Article\",\"@id\":\"https:\/\/comarcas.csm.org.pt\/leiria\/blog\/2026\/03\/16\/tribunal-das-caldas-da-rainha-afasta-homem-da-avo-por-agressoes-e-ameacas-em-contexto-de-violencia-domestica\/#article\",\"isPartOf\":{\"@id\":\"https:\/\/comarcas.csm.org.pt\/leiria\/blog\/2026\/03\/16\/tribunal-das-caldas-da-rainha-afasta-homem-da-avo-por-agressoes-e-ameacas-em-contexto-de-violencia-domestica\/\"},\"author\":{\"name\":\"leiria\",\"@id\":\"https:\/\/comarcas.csm.org.pt\/leiria\/#\/schema\/person\/9057b6fbd670d5a2e931712cd357d806\"},\"headline\":\"Tribunal das Caldas da Rainha afasta homem da av\u00f3 por agress\u00f5es e amea\u00e7as em contexto de viol\u00eancia dom\u00e9stica\",\"datePublished\":\"2026-03-16T16:21:05+00:00\",\"dateModified\":\"2026-03-16T16:21:06+00:00\",\"mainEntityOfPage\":{\"@id\":\"https:\/\/comarcas.csm.org.pt\/leiria\/blog\/2026\/03\/16\/tribunal-das-caldas-da-rainha-afasta-homem-da-avo-por-agressoes-e-ameacas-em-contexto-de-violencia-domestica\/\"},\"wordCount\":543,\"publisher\":{\"@id\":\"https:\/\/comarcas.csm.org.pt\/leiria\/#organization\"},\"articleSection\":[\"Geral\",\"Not\u00edcias\"],\"inLanguage\":\"pt-PT\"},{\"@type\":\"WebPage\",\"@id\":\"https:\/\/comarcas.csm.org.pt\/leiria\/blog\/2026\/03\/16\/tribunal-das-caldas-da-rainha-afasta-homem-da-avo-por-agressoes-e-ameacas-em-contexto-de-violencia-domestica\/\",\"url\":\"https:\/\/comarcas.csm.org.pt\/leiria\/blog\/2026\/03\/16\/tribunal-das-caldas-da-rainha-afasta-homem-da-avo-por-agressoes-e-ameacas-em-contexto-de-violencia-domestica\/\",\"name\":\"Tribunal das Caldas da Rainha afasta homem da av\u00f3 por agress\u00f5es e amea\u00e7as em contexto de viol\u00eancia dom\u00e9stica - Tribunal Judicial da Comarca de Leiria\",\"isPartOf\":{\"@id\":\"https:\/\/comarcas.csm.org.pt\/leiria\/#website\"},\"datePublished\":\"2026-03-16T16:21:05+00:00\",\"dateModified\":\"2026-03-16T16:21:06+00:00\",\"breadcrumb\":{\"@id\":\"https:\/\/comarcas.csm.org.pt\/leiria\/blog\/2026\/03\/16\/tribunal-das-caldas-da-rainha-afasta-homem-da-avo-por-agressoes-e-ameacas-em-contexto-de-violencia-domestica\/#breadcrumb\"},\"inLanguage\":\"pt-PT\",\"potentialAction\":[{\"@type\":\"ReadAction\",\"target\":[\"https:\/\/comarcas.csm.org.pt\/leiria\/blog\/2026\/03\/16\/tribunal-das-caldas-da-rainha-afasta-homem-da-avo-por-agressoes-e-ameacas-em-contexto-de-violencia-domestica\/\"]}]},{\"@type\":\"BreadcrumbList\",\"@id\":\"https:\/\/comarcas.csm.org.pt\/leiria\/blog\/2026\/03\/16\/tribunal-das-caldas-da-rainha-afasta-homem-da-avo-por-agressoes-e-ameacas-em-contexto-de-violencia-domestica\/#breadcrumb\",\"itemListElement\":[{\"@type\":\"ListItem\",\"position\":1,\"name\":\"In\u00edcio\",\"item\":\"https:\/\/comarcas.csm.org.pt\/leiria\/\"},{\"@type\":\"ListItem\",\"position\":2,\"name\":\"Tribunal das Caldas da Rainha afasta homem da av\u00f3 por agress\u00f5es e amea\u00e7as em contexto de viol\u00eancia dom\u00e9stica\"}]},{\"@type\":\"WebSite\",\"@id\":\"https:\/\/comarcas.csm.org.pt\/leiria\/#website\",\"url\":\"https:\/\/comarcas.csm.org.pt\/leiria\/\",\"name\":\"Tribunal Judicial da Comarca de Leiria\",\"description\":\"Tribunal Judicial da Comarca de Aveiro\",\"publisher\":{\"@id\":\"https:\/\/comarcas.csm.org.pt\/leiria\/#organization\"},\"potentialAction\":[{\"@type\":\"SearchAction\",\"target\":{\"@type\":\"EntryPoint\",\"urlTemplate\":\"https:\/\/comarcas.csm.org.pt\/leiria\/?s={search_term_string}\"},\"query-input\":{\"@type\":\"PropertyValueSpecification\",\"valueRequired\":true,\"valueName\":\"search_term_string\"}}],\"inLanguage\":\"pt-PT\"},{\"@type\":\"Organization\",\"@id\":\"https:\/\/comarcas.csm.org.pt\/leiria\/#organization\",\"name\":\"Tribunal Judicial da Comarca de Leiria\",\"url\":\"https:\/\/comarcas.csm.org.pt\/leiria\/\",\"logo\":{\"@type\":\"ImageObject\",\"inLanguage\":\"pt-PT\",\"@id\":\"https:\/\/comarcas.csm.org.pt\/leiria\/#\/schema\/logo\/image\/\",\"url\":\"https:\/\/comarcas.csm.org.pt\/leiria\/wp-content\/uploads\/sites\/16\/2024\/11\/Leiria_positivo-horizontal.png\",\"contentUrl\":\"https:\/\/comarcas.csm.org.pt\/leiria\/wp-content\/uploads\/sites\/16\/2024\/11\/Leiria_positivo-horizontal.png\",\"width\":5088,\"height\":890,\"caption\":\"Tribunal Judicial da Comarca de Leiria\"},\"image\":{\"@id\":\"https:\/\/comarcas.csm.org.pt\/leiria\/#\/schema\/logo\/image\/\"}},{\"@type\":\"Person\",\"@id\":\"https:\/\/comarcas.csm.org.pt\/leiria\/#\/schema\/person\/9057b6fbd670d5a2e931712cd357d806\",\"name\":\"leiria\",\"image\":{\"@type\":\"ImageObject\",\"inLanguage\":\"pt-PT\",\"@id\":\"https:\/\/comarcas.csm.org.pt\/leiria\/#\/schema\/person\/image\/\",\"url\":\"https:\/\/secure.gravatar.com\/avatar\/399a72a2630b07d71a4e0167744303361d26ed8a993be2c5686bbe5ff44b469f?s=96&d=mm&r=g\",\"contentUrl\":\"https:\/\/secure.gravatar.com\/avatar\/399a72a2630b07d71a4e0167744303361d26ed8a993be2c5686bbe5ff44b469f?s=96&d=mm&r=g\",\"caption\":\"leiria\"},\"url\":\"https:\/\/comarcas.csm.org.pt\/leiria\/blog\/author\/leiria\/\"}]}<\/script>\n<!-- \/ Yoast SEO plugin. -->","yoast_head_json":{"title":"Tribunal das Caldas da Rainha afasta homem da av\u00f3 por agress\u00f5es e amea\u00e7as em contexto de viol\u00eancia dom\u00e9stica - Tribunal Judicial da Comarca de Leiria","robots":{"index":"index","follow":"follow","max-snippet":"max-snippet:-1","max-image-preview":"max-image-preview:large","max-video-preview":"max-video-preview:-1"},"canonical":"https:\/\/comarcas.csm.org.pt\/leiria\/blog\/2026\/03\/16\/tribunal-das-caldas-da-rainha-afasta-homem-da-avo-por-agressoes-e-ameacas-em-contexto-de-violencia-domestica\/","og_locale":"pt_PT","og_type":"article","og_title":"Tribunal das Caldas da Rainha afasta homem da av\u00f3 por agress\u00f5es e amea\u00e7as em contexto de viol\u00eancia dom\u00e9stica - Tribunal Judicial da Comarca de Leiria","og_description":"Um homem de 20 anos est\u00e1 proibido de contactar a sua av\u00f3 de 64 anos, depois de ter sido detido pelo crime de viol\u00eancia dom\u00e9stica. Entre outros epis\u00f3dios, diz a PSP, \u201cter\u00e1 empurrado a v\u00edtima...","og_url":"https:\/\/comarcas.csm.org.pt\/leiria\/blog\/2026\/03\/16\/tribunal-das-caldas-da-rainha-afasta-homem-da-avo-por-agressoes-e-ameacas-em-contexto-de-violencia-domestica\/","og_site_name":"Tribunal Judicial da Comarca de Leiria","article_published_time":"2026-03-16T16:21:05+00:00","article_modified_time":"2026-03-16T16:21:06+00:00","author":"leiria","twitter_card":"summary_large_image","twitter_misc":{"Escrito por":"leiria","Tempo estimado de leitura":"3 minutos"},"schema":{"@context":"https:\/\/schema.org","@graph":[{"@type":"Article","@id":"https:\/\/comarcas.csm.org.pt\/leiria\/blog\/2026\/03\/16\/tribunal-das-caldas-da-rainha-afasta-homem-da-avo-por-agressoes-e-ameacas-em-contexto-de-violencia-domestica\/#article","isPartOf":{"@id":"https:\/\/comarcas.csm.org.pt\/leiria\/blog\/2026\/03\/16\/tribunal-das-caldas-da-rainha-afasta-homem-da-avo-por-agressoes-e-ameacas-em-contexto-de-violencia-domestica\/"},"author":{"name":"leiria","@id":"https:\/\/comarcas.csm.org.pt\/leiria\/#\/schema\/person\/9057b6fbd670d5a2e931712cd357d806"},"headline":"Tribunal das Caldas da Rainha afasta homem da av\u00f3 por agress\u00f5es e amea\u00e7as em contexto de viol\u00eancia dom\u00e9stica","datePublished":"2026-03-16T16:21:05+00:00","dateModified":"2026-03-16T16:21:06+00:00","mainEntityOfPage":{"@id":"https:\/\/comarcas.csm.org.pt\/leiria\/blog\/2026\/03\/16\/tribunal-das-caldas-da-rainha-afasta-homem-da-avo-por-agressoes-e-ameacas-em-contexto-de-violencia-domestica\/"},"wordCount":543,"publisher":{"@id":"https:\/\/comarcas.csm.org.pt\/leiria\/#organization"},"articleSection":["Geral","Not\u00edcias"],"inLanguage":"pt-PT"},{"@type":"WebPage","@id":"https:\/\/comarcas.csm.org.pt\/leiria\/blog\/2026\/03\/16\/tribunal-das-caldas-da-rainha-afasta-homem-da-avo-por-agressoes-e-ameacas-em-contexto-de-violencia-domestica\/","url":"https:\/\/comarcas.csm.org.pt\/leiria\/blog\/2026\/03\/16\/tribunal-das-caldas-da-rainha-afasta-homem-da-avo-por-agressoes-e-ameacas-em-contexto-de-violencia-domestica\/","name":"Tribunal das Caldas da Rainha afasta homem da av\u00f3 por agress\u00f5es e amea\u00e7as em contexto de viol\u00eancia dom\u00e9stica - Tribunal Judicial da Comarca de Leiria","isPartOf":{"@id":"https:\/\/comarcas.csm.org.pt\/leiria\/#website"},"datePublished":"2026-03-16T16:21:05+00:00","dateModified":"2026-03-16T16:21:06+00:00","breadcrumb":{"@id":"https:\/\/comarcas.csm.org.pt\/leiria\/blog\/2026\/03\/16\/tribunal-das-caldas-da-rainha-afasta-homem-da-avo-por-agressoes-e-ameacas-em-contexto-de-violencia-domestica\/#breadcrumb"},"inLanguage":"pt-PT","potentialAction":[{"@type":"ReadAction","target":["https:\/\/comarcas.csm.org.pt\/leiria\/blog\/2026\/03\/16\/tribunal-das-caldas-da-rainha-afasta-homem-da-avo-por-agressoes-e-ameacas-em-contexto-de-violencia-domestica\/"]}]},{"@type":"BreadcrumbList","@id":"https:\/\/comarcas.csm.org.pt\/leiria\/blog\/2026\/03\/16\/tribunal-das-caldas-da-rainha-afasta-homem-da-avo-por-agressoes-e-ameacas-em-contexto-de-violencia-domestica\/#breadcrumb","itemListElement":[{"@type":"ListItem","position":1,"name":"In\u00edcio","item":"https:\/\/comarcas.csm.org.pt\/leiria\/"},{"@type":"ListItem","position":2,"name":"Tribunal das Caldas da Rainha afasta homem da av\u00f3 por agress\u00f5es e amea\u00e7as em contexto de viol\u00eancia dom\u00e9stica"}]},{"@type":"WebSite","@id":"https:\/\/comarcas.csm.org.pt\/leiria\/#website","url":"https:\/\/comarcas.csm.org.pt\/leiria\/","name":"Tribunal Judicial da Comarca de Leiria","description":"Tribunal Judicial da Comarca de Aveiro","publisher":{"@id":"https:\/\/comarcas.csm.org.pt\/leiria\/#organization"},"potentialAction":[{"@type":"SearchAction","target":{"@type":"EntryPoint","urlTemplate":"https:\/\/comarcas.csm.org.pt\/leiria\/?s={search_term_string}"},"query-input":{"@type":"PropertyValueSpecification","valueRequired":true,"valueName":"search_term_string"}}],"inLanguage":"pt-PT"},{"@type":"Organization","@id":"https:\/\/comarcas.csm.org.pt\/leiria\/#organization","name":"Tribunal Judicial da Comarca de Leiria","url":"https:\/\/comarcas.csm.org.pt\/leiria\/","logo":{"@type":"ImageObject","inLanguage":"pt-PT","@id":"https:\/\/comarcas.csm.org.pt\/leiria\/#\/schema\/logo\/image\/","url":"https:\/\/comarcas.csm.org.pt\/leiria\/wp-content\/uploads\/sites\/16\/2024\/11\/Leiria_positivo-horizontal.png","contentUrl":"https:\/\/comarcas.csm.org.pt\/leiria\/wp-content\/uploads\/sites\/16\/2024\/11\/Leiria_positivo-horizontal.png","width":5088,"height":890,"caption":"Tribunal Judicial da Comarca de Leiria"},"image":{"@id":"https:\/\/comarcas.csm.org.pt\/leiria\/#\/schema\/logo\/image\/"}},{"@type":"Person","@id":"https:\/\/comarcas.csm.org.pt\/leiria\/#\/schema\/person\/9057b6fbd670d5a2e931712cd357d806","name":"leiria","image":{"@type":"ImageObject","inLanguage":"pt-PT","@id":"https:\/\/comarcas.csm.org.pt\/leiria\/#\/schema\/person\/image\/","url":"https:\/\/secure.gravatar.com\/avatar\/399a72a2630b07d71a4e0167744303361d26ed8a993be2c5686bbe5ff44b469f?s=96&d=mm&r=g","contentUrl":"https:\/\/secure.gravatar.com\/avatar\/399a72a2630b07d71a4e0167744303361d26ed8a993be2c5686bbe5ff44b469f?s=96&d=mm&r=g","caption":"leiria"},"url":"https:\/\/comarcas.csm.org.pt\/leiria\/blog\/author\/leiria\/"}]}},"_links":{"self":[{"href":"https:\/\/comarcas.csm.org.pt\/leiria\/wp-json\/wp\/v2\/posts\/13601","targetHints":{"allow":["GET"]}}],"collection":[{"href":"https:\/\/comarcas.csm.org.pt\/leiria\/wp-json\/wp\/v2\/posts"}],"about":[{"href":"https:\/\/comarcas.csm.org.pt\/leiria\/wp-json\/wp\/v2\/types\/post"}],"author":[{"embeddable":true,"href":"https:\/\/comarcas.csm.org.pt\/leiria\/wp-json\/wp\/v2\/users\/16"}],"replies":[{"embeddable":true,"href":"https:\/\/comarcas.csm.org.pt\/leiria\/wp-json\/wp\/v2\/comments?post=13601"}],"version-history":[{"count":1,"href":"https:\/\/comarcas.csm.org.pt\/leiria\/wp-json\/wp\/v2\/posts\/13601\/revisions"}],"predecessor-version":[{"id":13602,"href":"https:\/\/comarcas.csm.org.pt\/leiria\/wp-json\/wp\/v2\/posts\/13601\/revisions\/13602"}],"wp:attachment":[{"href":"https:\/\/comarcas.csm.org.pt\/leiria\/wp-json\/wp\/v2\/media?parent=13601"}],"wp:term":[{"taxonomy":"category","embeddable":true,"href":"https:\/\/comarcas.csm.org.pt\/leiria\/wp-json\/wp\/v2\/categories?post=13601"},{"taxonomy":"post_tag","embeddable":true,"href":"https:\/\/comarcas.csm.org.pt\/leiria\/wp-json\/wp\/v2\/tags?post=13601"}],"curies":[{"name":"wp","href":"https:\/\/api.w.org\/{rel}","templated":true}]}}